{"id":1867,"date":"2008-06-03T13:19:04","date_gmt":"2008-06-03T18:19:04","guid":{"rendered":"http:\/\/www.visit-ulcinj.com\/blog\/?p=1867"},"modified":"2008-06-06T10:13:04","modified_gmt":"2008-06-06T15:13:04","slug":"interviste-me-nenkryetarin-e-komunes-se-ulqinit-mehmet-zenka","status":"publish","type":"post","link":"https:\/\/www.visit-ulcinj.com\/blog\/2008\/06\/03\/interviste-me-nenkryetarin-e-komunes-se-ulqinit-mehmet-zenka\/","title":{"rendered":"Intervist\u00eb me n\u00ebnkryetarin e komun\u00ebs s\u00eb ulqinit, Mehmet Zenka"},"content":{"rendered":"<p><a href=\"http:\/\/www.visit-ulcinj.com\/blog\/wp-content\/uploads\/2008\/03\/meto-zenka.jpg\"><img loading=\"lazy\" class=\"alignleft attachment wp-att-857\" style=\"float: left;\" src=\"http:\/\/www.visit-ulcinj.com\/blog\/wp-content\/uploads\/2008\/03\/meto-zenka.jpg\" alt=\"Meto Zenka\" width=\"177\" height=\"145\" \/><\/a><strong>Jam i k\u00ebnaqur me qeverisjen, por nuk ka vend p\u00ebr vet\u00ebk\u00ebnaq\u00ebsi<\/strong><\/p>\n<p><strong> Koha javore:<\/strong> Z. Zenka, u b\u00ebn\u00eb gati dy vjet q\u00eb pushtetin n\u00eb Komun\u00ebn e Ulqinit e ushtron koalicioni &#8220;P\u00ebr Ulqinin Evropian&#8221;. Sa jeni t\u00eb k\u00ebnaqur me qeverisjen e deritashme t\u00eb k\u00ebtij koalicioni?<\/p>\n<p><strong> M. Zenka:<\/strong> Mund t\u00eb them q\u00eb jemi t\u00eb k\u00ebnaqur me pun\u00ebn e deritashme gjat\u00eb nj\u00eb viti e gjysm\u00eb q\u00eb nga ardhja e opcionit ton\u00eb politik n\u00eb pushtet n\u00eb Komun\u00ebn e Ulqinit, mir\u00ebpo vend p\u00ebr vet\u00ebk\u00ebnaq\u00ebsi nuk ka. Shum\u00eb prej premtimeve tona zgjedhore nuk jan\u00eb realizuar ende, mir\u00ebpo jemi shum\u00eb optimist\u00eb q\u00eb gjer n\u00eb fund t\u00eb mandatit t\u00eb k\u00ebtij opcioni edhe premtimet e dh\u00ebna, e kam fjal\u00ebn p\u00ebr realizimin e disa investimeve kapitale, do t\u00eb plot\u00ebsohen pasi q\u00eb jemi n\u00eb p\u00ebrfundim t\u00eb parap\u00ebrgatitjeve p\u00ebr realizimin e k\u00ebtyre investimeve.<img loading=\"lazy\" class=\"alignright\" style=\"float: right;\" src=\"http:\/\/www.kohajavore.cg.yu\/slike\/1212392795.jpg\" alt=\"METO ZENKA\" width=\"280\" height=\"219\" \/><\/p>\n<p><strong> Koha javore<\/strong>: Cilat jan\u00eb arsyet p\u00ebr mosrealizimin e investimeve q\u00eb p\u00ebrmendni?<\/p>\n<p><strong> M. Zenka:<\/strong> Arsyet jan\u00eb t\u00eb natyr\u00ebs s\u00eb ndryshme. Mir\u00ebpo mund t\u00eb theksoj lirisht se disa nga k\u00ebto premtime edhe ishin realizuar, por nuk kemi hasur n\u00eb mir\u00ebkuptimin e disa qytetar\u00ebve. K\u00ebtu dua t\u00eb p\u00ebrmend rrug\u00ebn q\u00eb t\u00eb \u00e7on nga Bashbylyku deri n\u00eb Liman, p\u00ebr t\u00eb cil\u00ebn jan\u00eb ndar\u00eb mjetet p\u00ebr realizimin e k\u00ebtij investimi, mir\u00ebpo p\u00ebrkund\u00ebr mir\u00ebkuptimit t\u00eb t\u00eb gjith\u00eb qytetar\u00ebve kemi hasur n\u00eb nj\u00eb pronar q\u00eb nuk d\u00ebshiron ta l\u00ebshoj\u00eb nj\u00eb pjes\u00eb t\u00eb truallit t\u00eb vet edhe duke qen\u00eb i vet\u00ebdijsh\u00ebm se me nd\u00ebrtimin e k\u00ebsaj rruge, \u00e7mimi i trojeve p\u00ebrreth do t\u00eb shum\u00ebfishohej. Kjo rrug\u00eb sh\u00ebrben si parahyrje p\u00ebr nd\u00ebrtimin e marin\u00ebs.<\/p>\n<p><a title=\"velika plaza ulcinj,ulqin,ulqini,montenegro\" href=\"http:\/\/www.visit-ulcinj.com\/gallery\/main.php?g2_itemId=8433&amp;g2_imageViewsIndex=1\" target=\"_blank\"><img loading=\"lazy\" class=\"alignleft\" style=\"float: left;\" src=\"http:\/\/www.visit-ulcinj.com\/gallery\/main.php?g2_view=core.DownloadItem&amp;g2_itemId=8434&amp;g2_serialNumber=3\" alt=\"PLAZHA E MADHE\" width=\"199\" height=\"118\" \/><\/a> Gjithashtu edhe p\u00ebr nd\u00ebrtimin e Ur\u00ebs s\u00eb Port Milen\u00ebs kemi hasur n\u00eb probleme t\u00eb ndryshme t\u00eb karakterit pron\u00ebsor. D.m.th. p\u00ebr t\u00eb par\u00ebn her\u00eb qyteti i Ulqinit i ka mjetet financiare, mir\u00ebpo p\u00ebr shkak t\u00eb pengesave t\u00eb natyrave t\u00eb ndryshme nuk mund t\u00eb realizohen k\u00ebto projekte, t\u00eb cilat me t\u00eb v\u00ebrtet\u00eb jan\u00eb me r\u00ebnd\u00ebsi shum\u00eb t\u00eb madhe p\u00ebr zhvillimin e Ulqinit.<\/p>\n<p>Fjal\u00ebn e kam p\u00ebr ata qytetar\u00eb q\u00eb nuk d\u00ebshirojn\u00eb t\u00eb bashk\u00ebpunojn\u00eb. Ne u kemi ofruar d\u00ebmshp\u00ebrblim me \u00e7mim t\u00eb tregut, mir\u00ebpo nuk jemi duke hasur n\u00eb mir\u00ebkuptimin e tyre. Edhe ata q\u00eb pranojn\u00eb t\u00eb kompensohen, k\u00ebrkojn\u00eb nj\u00eb \u00e7mim marramend\u00ebs edhe p\u00ebr koh\u00ebn ton\u00eb, edhe p\u00ebr mund\u00ebsit\u00eb e Komun\u00ebs s\u00eb Ulqinit. Shuma q\u00eb ata k\u00ebrkojn\u00eb \u00ebsht\u00eb e papranueshme edhe p\u00ebr mund\u00ebsit\u00eb e nj\u00eb komune shum\u00eb m\u00eb t\u00eb pasur sesa ajo e Ulqinit. Ne jemi duke shfryt\u00ebzuar edhe fuqin\u00eb e ligjit n\u00eb k\u00ebt\u00eb moment sepse jemi t\u00eb detyruar me q\u00ebllim t\u00eb realizimit t\u00eb k\u00ebtyre projekteve.<a href=\"http:\/\/membres.lycos.fr\/ulcinj\/ulq6.jpg\" target=\"_blank\"><img loading=\"lazy\" class=\"alignright\" style=\"float: right;\" src=\"http:\/\/membres.lycos.fr\/ulcinj\/ul6.jpg\" alt=\"\" width=\"200\" height=\"135\" \/><\/a><\/p>\n<p>Shum\u00eb shpejt, m\u00eb s\u00eb voni p\u00ebr nj\u00eb muaj, presim q\u00eb t\u00eb fillojn\u00eb pun\u00ebt n\u00eb faz\u00ebn e par\u00eb t\u00eb nd\u00ebrtimit t\u00eb Ur\u00ebs s\u00eb Port Milen\u00ebs. Gjithashtu jemi duke punuar me hapa t\u00eb p\u00ebrshpejtuar n\u00eb mbarimin e projektit p\u00ebr vazhdimin e bulevardit prej qendr\u00ebs s\u00eb qytetit, i cili do t\u00eb lidhet me bulevardin &#8220;Teuta&#8221;. Edhe aty jemi n\u00eb p\u00ebrfundim e sip\u00ebr t\u00eb t\u00eb gjitha fazave p\u00ebrgatitore, k\u00ebshtu q\u00eb shum\u00eb shpejt, menj\u00ebher\u00eb pas sezonit turistik, pritet q\u00eb t\u00eb filloj\u00eb realizimi i k\u00ebtyre projekteve.<\/p>\n<p><a href=\"http:\/\/membres.lycos.fr\/ulcinj\/ulq13.jpg\" target=\"_blank\"><img loading=\"lazy\" class=\"alignleft\" style=\"float: left;\" src=\"http:\/\/membres.lycos.fr\/ulcinj\/ul13.jpg\" alt=\"\" width=\"200\" height=\"138\" \/><\/a><strong> Koha javore:<\/strong> Nj\u00eb nga problemet e Komun\u00ebs s\u00eb Ulqinit \u00ebsht\u00eb edhe nd\u00ebrtimi pa leje. P\u00ebrkund\u00ebr premtimeve parazgjedhore p\u00ebr ndalimin e tij, jemi d\u00ebshmitar\u00eb t\u00eb rritjes apo intensifikimit t\u00eb ritmit t\u00eb nd\u00ebrtimit. Pse nuk ka arritur ta pengoj\u00eb nd\u00ebrtimin pa leje Komuna e Ulqinit?<\/p>\n<p><strong> M. Zenka:<\/strong> Nd\u00ebrtimi pa leje \u00ebsht\u00eb nj\u00eb problem i trash\u00ebguar dhe nuk \u00ebsht\u00eb problem q\u00eb ka filluar nj\u00eb vit e gjysm\u00eb m\u00eb heret. Ne jemi duke u marr\u00eb me pasojat e nj\u00eb fenomeni i cili tash 15 vjet \u00ebsht\u00eb m\u00eb se aktual n\u00eb komun\u00ebn ton\u00eb dhe n\u00eb komunat e tjera t\u00eb bregdetit t\u00eb Malit t\u00eb Zi. Por vlen t\u00eb theksohet se Ulqini n\u00eb krahasim me komunat e tjera t\u00eb Malit t\u00eb Zi \u00ebsht\u00eb jasht\u00ebzakonisht n\u00eb pozit\u00eb m\u00eb t\u00eb volitshme dhe nd\u00ebrtimi pa leje \u00ebsht\u00eb n\u00eb nivel m\u00eb t\u00eb ul\u00ebt.<a href=\"http:\/\/membres.lycos.fr\/ulcinj\/ulq4.jpg\" target=\"_blank\"><img loading=\"lazy\" class=\"alignright\" style=\"float: right;\" src=\"http:\/\/membres.lycos.fr\/ulcinj\/ul4.jpg\" alt=\"\" width=\"200\" height=\"135\" \/><\/a><\/p>\n<p>Disa njer\u00ebz jan\u00eb gjithmon\u00eb dezhurn\u00eb p\u00ebr t\u00eb v\u00ebn\u00eb theksin te problemet dhe jan\u00eb n\u00eb gjendje t\u00eb kritikojn\u00eb \u00e7do gj\u00eb duke e paraqitur Ulqinin si nj\u00eb qytet i cili ka vet\u00ebm probleme. Mir\u00ebpo, \u00e7dokush q\u00eb ka qen\u00eb koh\u00ebt e fundit deri n\u00eb Budv\u00eb, e sheh se edhe pse kjo komun\u00eb ka shum\u00eb m\u00eb tep\u00ebr plane detaje t\u00eb hartuara, e ka m\u00eb t\u00eb theksuar nd\u00ebrtimin pa leje sesa komuna e Ulqinit.<\/p>\n<p><strong> Koha javore:<\/strong> Si e vler\u00ebsoni procesin e privatizimit i cili \u00ebsht\u00eb kryer apo \u00ebsht\u00eb duke u kryer n\u00eb komun\u00ebn e Ulqinit?<\/p>\n<p><strong> M. Zenka: <\/strong>Si t\u00eb gjith\u00eb qytetar\u00ebt e tjer\u00eb, un\u00eb nuk jam aspak i k\u00ebnaqur me procesin e privatizimit i cili \u00ebsht\u00eb kryer n\u00eb Komun\u00ebn e Ulqinit. Un\u00eb mbroj q\u00ebndrimin q\u00eb pushteti lokal t\u00eb pyetet m\u00eb shum\u00eb.<\/p>\n<p><a href=\"http:\/\/www.visit-ulcinj.com\/blog\/wp-content\/uploads\/2008\/02\/copakabana.jpg\"><img loading=\"lazy\" class=\"alignleft attachment wp-att-670\" style=\"float: left;\" src=\"http:\/\/www.visit-ulcinj.com\/blog\/wp-content\/uploads\/2008\/02\/copakabana.thumbnail.jpg\" alt=\"copakabana beach\" width=\"200\" height=\"150\" \/><\/a> Si\u00e7 e dini, edhe p\u00ebr shkak t\u00eb disa gabimeve q\u00eb jan\u00eb b\u00ebr\u00eb n\u00eb fillim t\u00eb viteve z90, tani jemi duke p\u00ebsuar nga ato gabime p\u00ebr shkak t\u00eb mosregjistrimit t\u00eb pronave dhe jemi n\u00eb pozit\u00eb pak m\u00eb t\u00eb disfavorshme se\u00e7 jan\u00eb komunat e tjera ndaj k\u00ebtij fenomeni.<\/p>\n<p>Gati t\u00eb gjitha privatizimet jan\u00eb kryer para ardhjes son\u00eb n\u00eb pushtet, k\u00ebshtu q\u00eb edhe sa i p\u00ebrket privatizimit ne kemi t\u00eb b\u00ebjm\u00eb me pasoja q\u00eb ka shkaktuar ky privatizim.<\/p>\n<p>Synimi yn\u00eb \u00ebsht\u00eb q\u00eb n\u00eb privatizimet e ardhshme, komuna dhe pushteti lokal t\u00eb pyetet sa m\u00eb shum\u00eb. P\u00ebr k\u00ebt\u00eb arsye edhe jemi t\u00eb interesuar q\u00eb t\u00eb aktivizohet komisioni i formuar me vendim t\u00eb Kuvendit p\u00ebr ridefinimin e kufirit t\u00eb t\u00eb mirave detare, sepse me ridefinimin e tij qyteti i Ulqinit do t\u00eb jet\u00eb n\u00eb nj\u00eb pozit\u00eb shum\u00eb m\u00eb t\u00eb favorshme, nd\u00ebrsa pozita jon\u00eb si pushtet lokal do t\u00eb jet\u00eb shum\u00eb m\u00eb e fort\u00eb dhe m\u00eb vendimmarr\u00ebse sesa n\u00eb k\u00ebt\u00eb moment.<a href=\"http:\/\/www.visit-ulcinj.com\/blog\/wp-content\/uploads\/2008\/03\/turist-montenegro.jpg\"><img loading=\"lazy\" class=\"alignright attachment wp-att-899\" style=\"float: right;\" src=\"http:\/\/www.visit-ulcinj.com\/blog\/wp-content\/uploads\/2008\/03\/turist-montenegro.thumbnail.jpg\" alt=\"Panairi  turistik Malazias\" width=\"200\" height=\"149\" \/><\/a><\/p>\n<p>Dua t\u00eb potencoj se nuk ka vend q\u00eb t\u00eb pranojm\u00eb privatizime t\u00eb natyrave si\u00e7 jan\u00eb b\u00ebr\u00eb deri tani. Pushteti lokal, qoft\u00eb ai ekzekutiv, por edhe subjekti politik t\u00eb cilit i takoi, me t\u00eb gjitha mund\u00ebsit\u00eb dhe potencialin e vet politik dhe njer\u00ebzor do tzi kund\u00ebrvihet privatizimeve t\u00eb natyrave t\u00eb tilla.<\/p>\n<p><strong> Koha javore: <\/strong>Duke qen\u00eb se ndodhemi n\u00eb prag t\u00eb sezonit turistik, sa i p\u00ebrgatitur e pret Ulqini k\u00ebt\u00eb sezon turistik?<\/p>\n<p><strong> M. Zenka:<\/strong> P\u00ebrgatitjet jan\u00eb intensive. Pik\u00ebsynim par\u00ebsor \u00ebsht\u00eb q\u00eb Ulqini t\u00eb jet\u00eb m\u00eb i past\u00ebr. Komuna e Ulqinit ka marr\u00eb pjes\u00eb n\u00eb nj\u00eb s\u00ebr\u00eb panairesh, si n\u00eb Kosov\u00eb, Shqip\u00ebri, Beograd, Austri, etj. Dua t\u00eb them q\u00eb k\u00ebto dy tri vitet e fundit, Ulqini ka pasur nj\u00eb paraqitje dinjitoze, duke u krahasuar me mund\u00ebsit\u00eb q\u00eb kemi ne n\u00eb krahasim me komunat e tjera. Edhe pse komunat e tjera kan\u00eb pasur mund\u00ebsi m\u00eb t\u00eb m\u00ebdha financiare se ne, ne kemi pasur p\u00ebrgatitje apo paraqitje shum\u00eb m\u00eb kualitative, sidomos n\u00eb Vjen\u00eb, n\u00eb Gjermani gjithashtu, ku edhe interesimi ka qen\u00eb shum\u00eb m\u00eb i madh p\u00ebr Ulqinin si qytet.<\/p>\n<p><a href=\"http:\/\/www.visit-ulcinj.com\/blog\/wp-content\/uploads\/2008\/02\/logo_turizam_b.jpg\"><img loading=\"lazy\" class=\"alignleft attachment wp-att-521\" style=\"float: left;\" src=\"http:\/\/www.visit-ulcinj.com\/blog\/wp-content\/uploads\/2008\/02\/logo_turizam_b.thumbnail.jpg\" alt=\"TURISTICKI SAJAM \" width=\"128\" height=\"108\" \/><\/a> Problem akut n\u00eb k\u00ebt\u00eb drejtim \u00ebsht\u00eb zgjerimi i sezonit turistik dhe t\u00eb gjitha pun\u00ebt apo angazhimet tona jan\u00eb duke u b\u00ebr\u00eb q\u00eb sezoni turistik n\u00eb Ulqin t\u00eb mos jet\u00eb vet\u00ebm tre muaj. Vitin e kaluar sezoni ka filluar shum\u00eb m\u00eb heret, nja nj\u00ebzet dit\u00eb m\u00eb heret, dhe ka mbaruar nja dhjet\u00eb dit\u00eb m\u00eb von\u00eb sesa vitet e tjera. Dometh\u00ebn\u00eb \u00ebsht\u00eb nj\u00eb shenj\u00eb e bukur se shqiptari apo turisti kosovar ka filluar t\u00eb arrij\u00eb nj\u00eb emancipim, q\u00eb t\u00eb jet\u00eb nj\u00eb turist i cili nuk do t\u00eb shkoj\u00eb nj\u00eb muaj apo dyzet dit\u00eb p\u00ebr pushim, por t\u00eb arrij\u00eb t\u00eb krahasohet me nivelin e turistit t\u00eb Evrop\u00ebs Per\u00ebndimore.<\/p>\n<p><strong>Bisedoi: I. Kallaba<\/strong><\/p>\n<p><strong>KOHA JAVORE<\/strong><\/p>\n<!-- vimeo error: not a vimeo video -->\n<p><a title=\"Holiday accommodation in Ulcinj, Montenegro\" href=\"http:\/\/www.visit-ulcinj.com\/tourism\/\" target=\"_blank\"><img loading=\"lazy\" style=\"vertical-align: middle;\" src=\"http:\/\/www.visit-ulcinj.com\/blog\/wp-content\/uploads\/2008\/05\/holiday-rental-ulcinj_ulqin_montenegro2.jpg\" alt=\"Holiday accommodation in Ulcinj, Montenegro\" width=\"424\" height=\"110\" \/><\/a><\/p>\n","protected":false},"excerpt":{"rendered":"<p><img loading=\"lazy\" class=\"attachment wp-att-857 alignleft\" src=\"http:\/\/www.visit-ulcinj.com\/blog\/wp-content\/uploads\/2008\/03\/meto-zenka.jpg\" alt=\"Meto Zenka\" width=\"140\" height=\"140\" \/><\/p>\n","protected":false},"author":1,"featured_media":0,"comment_status":"open","ping_status":"closed","sticky":false,"template":"","format":"standard","meta":{"spay_email":"","jetpack_publicize_message":"","jetpack_is_tweetstorm":false,"jetpack_publicize_feature_enabled":true},"categories":[4,11,12],"tags":[95,3371,1341,200,18],"jetpack_publicize_connections":[],"yoast_head":"<!-- This site is optimized with the Yoast SEO plugin v19.1 - https:\/\/yoast.com\/wordpress\/plugins\/seo\/ -->\n<title>Intervist\u00eb me n\u00ebnkryetarin e komun\u00ebs s\u00eb ulqinit, Mehmet Zenka - Lajme nga Ulqini<\/title>\n<meta name=\"robots\" content=\"index, follow, max-snippet:-1, max-image-preview:large, max-video-preview:-1\" \/>\n<link rel=\"canonical\" href=\"https:\/\/www.visit-ulcinj.com\/blog\/2008\/06\/03\/interviste-me-nenkryetarin-e-komunes-se-ulqinit-mehmet-zenka\/\" \/>\n<meta property=\"og:locale\" content=\"en_US\" \/>\n<meta property=\"og:type\" content=\"article\" \/>\n<meta property=\"og:title\" content=\"Intervist\u00eb me n\u00ebnkryetarin e komun\u00ebs s\u00eb ulqinit, Mehmet Zenka - Lajme nga Ulqini\" \/>\n<meta property=\"og:url\" content=\"https:\/\/www.visit-ulcinj.com\/blog\/2008\/06\/03\/interviste-me-nenkryetarin-e-komunes-se-ulqinit-mehmet-zenka\/\" \/>\n<meta property=\"og:site_name\" content=\"Lajme nga Ulqini\" \/>\n<meta property=\"article:published_time\" content=\"2008-06-03T18:19:04+00:00\" \/>\n<meta property=\"article:modified_time\" content=\"2008-06-06T15:13:04+00:00\" \/>\n<meta property=\"og:image\" content=\"http:\/\/www.visit-ulcinj.com\/blog\/wp-content\/uploads\/2008\/03\/meto-zenka.jpg\" \/>\n<meta name=\"twitter:label1\" content=\"Written by\" \/>\n\t<meta name=\"twitter:data1\" content=\"ulqini\" \/>\n\t<meta name=\"twitter:label2\" content=\"Est. reading time\" \/>\n\t<meta name=\"twitter:data2\" content=\"7 minutes\" \/>\n<script type=\"application\/ld+json\" class=\"yoast-schema-graph\">{\"@context\":\"https:\/\/schema.org\",\"@graph\":[{\"@type\":\"WebSite\",\"@id\":\"https:\/\/www.visit-ulcinj.com\/blog\/#website\",\"url\":\"https:\/\/www.visit-ulcinj.com\/blog\/\",\"name\":\"Lajme nga Ulqini\",\"description\":\"Lajme,Vijesti,Ulqini,Ulqin,Crna Gora,Mali i Zi\",\"potentialAction\":[{\"@type\":\"SearchAction\",\"target\":{\"@type\":\"EntryPoint\",\"urlTemplate\":\"https:\/\/www.visit-ulcinj.com\/blog\/?s={search_term_string}\"},\"query-input\":\"required name=search_term_string\"}],\"inLanguage\":\"en-US\"},{\"@type\":\"ImageObject\",\"inLanguage\":\"en-US\",\"@id\":\"https:\/\/www.visit-ulcinj.com\/blog\/2008\/06\/03\/interviste-me-nenkryetarin-e-komunes-se-ulqinit-mehmet-zenka\/#primaryimage\",\"url\":\"http:\/\/www.visit-ulcinj.com\/blog\/wp-content\/uploads\/2008\/03\/meto-zenka.jpg\",\"contentUrl\":\"http:\/\/www.visit-ulcinj.com\/blog\/wp-content\/uploads\/2008\/03\/meto-zenka.jpg\"},{\"@type\":\"WebPage\",\"@id\":\"https:\/\/www.visit-ulcinj.com\/blog\/2008\/06\/03\/interviste-me-nenkryetarin-e-komunes-se-ulqinit-mehmet-zenka\/#webpage\",\"url\":\"https:\/\/www.visit-ulcinj.com\/blog\/2008\/06\/03\/interviste-me-nenkryetarin-e-komunes-se-ulqinit-mehmet-zenka\/\",\"name\":\"Intervist\u00eb me n\u00ebnkryetarin e komun\u00ebs s\u00eb ulqinit, Mehmet Zenka - Lajme nga Ulqini\",\"isPartOf\":{\"@id\":\"https:\/\/www.visit-ulcinj.com\/blog\/#website\"},\"primaryImageOfPage\":{\"@id\":\"https:\/\/www.visit-ulcinj.com\/blog\/2008\/06\/03\/interviste-me-nenkryetarin-e-komunes-se-ulqinit-mehmet-zenka\/#primaryimage\"},\"datePublished\":\"2008-06-03T18:19:04+00:00\",\"dateModified\":\"2008-06-06T15:13:04+00:00\",\"author\":{\"@id\":\"https:\/\/www.visit-ulcinj.com\/blog\/#\/schema\/person\/dcab619c614d3038751c63bc2aadc06d\"},\"breadcrumb\":{\"@id\":\"https:\/\/www.visit-ulcinj.com\/blog\/2008\/06\/03\/interviste-me-nenkryetarin-e-komunes-se-ulqinit-mehmet-zenka\/#breadcrumb\"},\"inLanguage\":\"en-US\",\"potentialAction\":[{\"@type\":\"ReadAction\",\"target\":[\"https:\/\/www.visit-ulcinj.com\/blog\/2008\/06\/03\/interviste-me-nenkryetarin-e-komunes-se-ulqinit-mehmet-zenka\/\"]}]},{\"@type\":\"BreadcrumbList\",\"@id\":\"https:\/\/www.visit-ulcinj.com\/blog\/2008\/06\/03\/interviste-me-nenkryetarin-e-komunes-se-ulqinit-mehmet-zenka\/#breadcrumb\",\"itemListElement\":[{\"@type\":\"ListItem\",\"position\":1,\"name\":\"Intervist\u00eb me n\u00ebnkryetarin e komun\u00ebs s\u00eb ulqinit, Mehmet Zenka\"}]},{\"@type\":\"Person\",\"@id\":\"https:\/\/www.visit-ulcinj.com\/blog\/#\/schema\/person\/dcab619c614d3038751c63bc2aadc06d\",\"name\":\"ulqini\",\"sameAs\":[\"http:\/\/www.visit-ulcinj.com\"],\"url\":\"https:\/\/www.visit-ulcinj.com\/blog\/author\/admin\/\"}]}<\/script>\n<!-- \/ Yoast SEO plugin. -->","yoast_head_json":{"title":"Intervist\u00eb me n\u00ebnkryetarin e komun\u00ebs s\u00eb ulqinit, Mehmet Zenka - Lajme nga Ulqini","robots":{"index":"index","follow":"follow","max-snippet":"max-snippet:-1","max-image-preview":"max-image-preview:large","max-video-preview":"max-video-preview:-1"},"canonical":"https:\/\/www.visit-ulcinj.com\/blog\/2008\/06\/03\/interviste-me-nenkryetarin-e-komunes-se-ulqinit-mehmet-zenka\/","og_locale":"en_US","og_type":"article","og_title":"Intervist\u00eb me n\u00ebnkryetarin e komun\u00ebs s\u00eb ulqinit, Mehmet Zenka - Lajme nga Ulqini","og_url":"https:\/\/www.visit-ulcinj.com\/blog\/2008\/06\/03\/interviste-me-nenkryetarin-e-komunes-se-ulqinit-mehmet-zenka\/","og_site_name":"Lajme nga Ulqini","article_published_time":"2008-06-03T18:19:04+00:00","article_modified_time":"2008-06-06T15:13:04+00:00","og_image":[{"url":"http:\/\/www.visit-ulcinj.com\/blog\/wp-content\/uploads\/2008\/03\/meto-zenka.jpg"}],"twitter_misc":{"Written by":"ulqini","Est. reading time":"7 minutes"},"schema":{"@context":"https:\/\/schema.org","@graph":[{"@type":"WebSite","@id":"https:\/\/www.visit-ulcinj.com\/blog\/#website","url":"https:\/\/www.visit-ulcinj.com\/blog\/","name":"Lajme nga Ulqini","description":"Lajme,Vijesti,Ulqini,Ulqin,Crna Gora,Mali i Zi","potentialAction":[{"@type":"SearchAction","target":{"@type":"EntryPoint","urlTemplate":"https:\/\/www.visit-ulcinj.com\/blog\/?s={search_term_string}"},"query-input":"required name=search_term_string"}],"inLanguage":"en-US"},{"@type":"ImageObject","inLanguage":"en-US","@id":"https:\/\/www.visit-ulcinj.com\/blog\/2008\/06\/03\/interviste-me-nenkryetarin-e-komunes-se-ulqinit-mehmet-zenka\/#primaryimage","url":"http:\/\/www.visit-ulcinj.com\/blog\/wp-content\/uploads\/2008\/03\/meto-zenka.jpg","contentUrl":"http:\/\/www.visit-ulcinj.com\/blog\/wp-content\/uploads\/2008\/03\/meto-zenka.jpg"},{"@type":"WebPage","@id":"https:\/\/www.visit-ulcinj.com\/blog\/2008\/06\/03\/interviste-me-nenkryetarin-e-komunes-se-ulqinit-mehmet-zenka\/#webpage","url":"https:\/\/www.visit-ulcinj.com\/blog\/2008\/06\/03\/interviste-me-nenkryetarin-e-komunes-se-ulqinit-mehmet-zenka\/","name":"Intervist\u00eb me n\u00ebnkryetarin e komun\u00ebs s\u00eb ulqinit, Mehmet Zenka - Lajme nga Ulqini","isPartOf":{"@id":"https:\/\/www.visit-ulcinj.com\/blog\/#website"},"primaryImageOfPage":{"@id":"https:\/\/www.visit-ulcinj.com\/blog\/2008\/06\/03\/interviste-me-nenkryetarin-e-komunes-se-ulqinit-mehmet-zenka\/#primaryimage"},"datePublished":"2008-06-03T18:19:04+00:00","dateModified":"2008-06-06T15:13:04+00:00","author":{"@id":"https:\/\/www.visit-ulcinj.com\/blog\/#\/schema\/person\/dcab619c614d3038751c63bc2aadc06d"},"breadcrumb":{"@id":"https:\/\/www.visit-ulcinj.com\/blog\/2008\/06\/03\/interviste-me-nenkryetarin-e-komunes-se-ulqinit-mehmet-zenka\/#breadcrumb"},"inLanguage":"en-US","potentialAction":[{"@type":"ReadAction","target":["https:\/\/www.visit-ulcinj.com\/blog\/2008\/06\/03\/interviste-me-nenkryetarin-e-komunes-se-ulqinit-mehmet-zenka\/"]}]},{"@type":"BreadcrumbList","@id":"https:\/\/www.visit-ulcinj.com\/blog\/2008\/06\/03\/interviste-me-nenkryetarin-e-komunes-se-ulqinit-mehmet-zenka\/#breadcrumb","itemListElement":[{"@type":"ListItem","position":1,"name":"Intervist\u00eb me n\u00ebnkryetarin e komun\u00ebs s\u00eb ulqinit, Mehmet Zenka"}]},{"@type":"Person","@id":"https:\/\/www.visit-ulcinj.com\/blog\/#\/schema\/person\/dcab619c614d3038751c63bc2aadc06d","name":"ulqini","sameAs":["http:\/\/www.visit-ulcinj.com"],"url":"https:\/\/www.visit-ulcinj.com\/blog\/author\/admin\/"}]}},"jetpack_featured_media_url":"","jetpack_sharing_enabled":true,"jetpack_shortlink":"https:\/\/wp.me\/pe6lTn-u7","_links":{"self":[{"href":"https:\/\/www.visit-ulcinj.com\/blog\/wp-json\/wp\/v2\/posts\/1867"}],"collection":[{"href":"https:\/\/www.visit-ulcinj.com\/blog\/wp-json\/wp\/v2\/posts"}],"about":[{"href":"https:\/\/www.visit-ulcinj.com\/blog\/wp-json\/wp\/v2\/types\/post"}],"author":[{"embeddable":true,"href":"https:\/\/www.visit-ulcinj.com\/blog\/wp-json\/wp\/v2\/users\/1"}],"replies":[{"embeddable":true,"href":"https:\/\/www.visit-ulcinj.com\/blog\/wp-json\/wp\/v2\/comments?post=1867"}],"version-history":[{"count":0,"href":"https:\/\/www.visit-ulcinj.com\/blog\/wp-json\/wp\/v2\/posts\/1867\/revisions"}],"wp:attachment":[{"href":"https:\/\/www.visit-ulcinj.com\/blog\/wp-json\/wp\/v2\/media?parent=1867"}],"wp:term":[{"taxonomy":"category","embeddable":true,"href":"https:\/\/www.visit-ulcinj.com\/blog\/wp-json\/wp\/v2\/categories?post=1867"},{"taxonomy":"post_tag","embeddable":true,"href":"https:\/\/www.visit-ulcinj.com\/blog\/wp-json\/wp\/v2\/tags?post=1867"}],"curies":[{"name":"wp","href":"https:\/\/api.w.org\/{rel}","templated":true}]}}