{"id":1868,"date":"2008-06-03T13:51:13","date_gmt":"2008-06-03T18:51:13","guid":{"rendered":"http:\/\/www.visit-ulcinj.com\/blog\/?p=1868"},"modified":"2008-06-03T13:51:13","modified_gmt":"2008-06-03T18:51:13","slug":"crna-gora-najavljeno-povecanje-cijena-smjestaja-od-25-do-50-odsto","status":"publish","type":"post","link":"https:\/\/www.visit-ulcinj.com\/blog\/2008\/06\/03\/crna-gora-najavljeno-povecanje-cijena-smjestaja-od-25-do-50-odsto\/","title":{"rendered":"Crna Gora: Najavljeno pove?anje cijena smje\u0161taja od 25 do 50 odsto"},"content":{"rendered":"<p><img loading=\"lazy\" class=\"alignleft\" style=\"float: left;\" src=\"http:\/\/www.voanews.com\/serbian\/images\/euri.jpg\" alt=\"\" width=\"210\" height=\"142\" \/>Nakon dono\u0161enja mjera kojima ?e se turistima zabraniti uno\u0161enje hrane u Crnu Goru i uvesti obaveza pla?anja eko-takse, za turisti?ku sezonu, koja je ve? po?ela, najavljeno je pove?anje cijena smje\u0161taja od 25 do 50 odsto.<br \/>\nIako eksplicitno ne navode razlog, crnogorsko ministarstvo turizma i turisti?ki poslenici preduzimaju brojne mjere u cilju afirmacije elitnog turizma i izbjegavanja nesnosnih gu\u017evi tokom sezone.<br \/>\nAgencijske cijene smje\u0161taja na Budvanskoj rivijeri ve?e su 25 do 50 odsto u odnosu na pro\u0161logodi\u0161nje, \u0161to je uticalo na neke turoperatore da odustanu od bukinga.<br \/>\n\u2019\u2019Cijene ?e sigurno prorijediti gu\u017eve, jer su one jedna vrsta filtera za goste, kojima su ve? uvedene posebne takse za ulazak u Crnu Goru i zabranjeno uno\u0161enje hrane\u201d, rekao je predstavnik jedne budvanke turisti?ke agencije.<br \/>\nOn je podsjetio da su cijene za no? u momentu uvo?enja eura kao zvani?ne valute, iznosile oko 20 EUR u privatnom smje\u0161taju, odnosno 40 do 60 EUR u hotelima.<a href=\"http:\/\/www.visit-ulcinj.com\/blog\/wp-content\/uploads\/2008\/03\/g_2006_08_006774.jpg\"><img loading=\"lazy\" class=\"alignright attachment wp-att-844\" style=\"float: right;\" src=\"http:\/\/www.visit-ulcinj.com\/blog\/wp-content\/uploads\/2008\/03\/g_2006_08_006774.thumbnail.jpg\" alt=\"Copakabana beach ulcinj(2)\" width=\"200\" height=\"133\" \/><\/a><br \/>\nTe cijene su sada skoro duplo ve?e, a u nekim segmentima i vi\u0161e od toga. Tako, sada smje\u0161taj u hotelima ko\u0161ta od 50 do 120 EUR, odnosno 150 EUR u hotelskim objektima sa ?etiri ili pet zvjezdica.<br \/>\nPrivatni smje\u0161taj u glavnoj sezoni mo\u017ee se na?i po cijenama od 15 do 25 EUR, odnosno 30 EUR na ekskluzivnijim lokacijama.<br \/>\nPove?anje cijena uticalo je na odre?eni broj turoperatora iz Rusije da odustanu od planiranih bukinga na crnogorskom primorju.<br \/>\nPrema zvani?nim podacima Nacionalne turisti?ke organizacije, u Crnoj Gori ovih dana boravi 19 hiljada gostiju, od kojih se svaki drugi odmara u Budvi.<br \/>\n<strong>Izvor \/ <a href=\"http:\/\/www.voanews.com\/serbian\/2008-05-31-voa3.cfm\" target=\"_blank\">VOICE OF AMERICA<\/a><\/strong><br \/>\n<a title=\"Holiday accommodation in Ulcinj, Montenegro\" href=\"http:\/\/www.visit-ulcinj.com\/tourism\/\" target=\"_blank\"><img loading=\"lazy\" style=\"vertical-align: middle;\" src=\"http:\/\/www.visit-ulcinj.com\/blog\/wp-content\/uploads\/2008\/05\/holiday-rental-ulcinj_ulqin_montenegro2.jpg\" alt=\"Holiday accommodation in Ulcinj, Montenegro\" width=\"424\" height=\"110\" \/><\/a><\/p>\n<!-- vimeo error: not a vimeo video -->\n","protected":false},"excerpt":{"rendered":"<p><img loading=\"lazy\" class=\"alignleft\" style=\"float: left;\" src=\"http:\/\/www.voanews.com\/serbian\/images\/euri.jpg\" alt=\"\" width=\"140\" height=\"140\" \/><\/p>\n","protected":false},"author":1,"featured_media":0,"comment_status":"open","ping_status":"closed","sticky":false,"template":"","format":"standard","meta":{"spay_email":"","jetpack_publicize_message":"","jetpack_is_tweetstorm":false,"jetpack_publicize_feature_enabled":true},"categories":[15],"tags":[21,20,3698,3697,3696],"jetpack_publicize_connections":[],"yoast_head":"<!-- This site is optimized with the Yoast SEO plugin v19.1 - https:\/\/yoast.com\/wordpress\/plugins\/seo\/ -->\n<title>Crna Gora: Najavljeno pove?anje cijena smje\u0161taja od 25 do 50 odsto - Lajme nga Ulqini<\/title>\n<meta name=\"robots\" content=\"index, follow, max-snippet:-1, max-image-preview:large, max-video-preview:-1\" \/>\n<link rel=\"canonical\" href=\"https:\/\/www.visit-ulcinj.com\/blog\/2008\/06\/03\/crna-gora-najavljeno-povecanje-cijena-smjestaja-od-25-do-50-odsto\/\" \/>\n<meta property=\"og:locale\" content=\"en_US\" \/>\n<meta property=\"og:type\" content=\"article\" \/>\n<meta property=\"og:title\" content=\"Crna Gora: Najavljeno pove?anje cijena smje\u0161taja od 25 do 50 odsto - Lajme nga Ulqini\" \/>\n<meta property=\"og:url\" content=\"https:\/\/www.visit-ulcinj.com\/blog\/2008\/06\/03\/crna-gora-najavljeno-povecanje-cijena-smjestaja-od-25-do-50-odsto\/\" \/>\n<meta property=\"og:site_name\" content=\"Lajme nga Ulqini\" \/>\n<meta property=\"article:published_time\" content=\"2008-06-03T18:51:13+00:00\" \/>\n<meta property=\"og:image\" content=\"http:\/\/www.voanews.com\/serbian\/images\/euri.jpg\" \/>\n<meta name=\"twitter:label1\" content=\"Written by\" \/>\n\t<meta name=\"twitter:data1\" content=\"ulqini\" \/>\n\t<meta name=\"twitter:label2\" content=\"Est. reading time\" \/>\n\t<meta name=\"twitter:data2\" content=\"1 minute\" \/>\n<script type=\"application\/ld+json\" class=\"yoast-schema-graph\">{\"@context\":\"https:\/\/schema.org\",\"@graph\":[{\"@type\":\"WebSite\",\"@id\":\"https:\/\/www.visit-ulcinj.com\/blog\/#website\",\"url\":\"https:\/\/www.visit-ulcinj.com\/blog\/\",\"name\":\"Lajme nga Ulqini\",\"description\":\"Lajme,Vijesti,Ulqini,Ulqin,Crna Gora,Mali i Zi\",\"potentialAction\":[{\"@type\":\"SearchAction\",\"target\":{\"@type\":\"EntryPoint\",\"urlTemplate\":\"https:\/\/www.visit-ulcinj.com\/blog\/?s={search_term_string}\"},\"query-input\":\"required name=search_term_string\"}],\"inLanguage\":\"en-US\"},{\"@type\":\"ImageObject\",\"inLanguage\":\"en-US\",\"@id\":\"https:\/\/www.visit-ulcinj.com\/blog\/2008\/06\/03\/crna-gora-najavljeno-povecanje-cijena-smjestaja-od-25-do-50-odsto\/#primaryimage\",\"url\":\"http:\/\/www.voanews.com\/serbian\/images\/euri.jpg\",\"contentUrl\":\"http:\/\/www.voanews.com\/serbian\/images\/euri.jpg\"},{\"@type\":\"WebPage\",\"@id\":\"https:\/\/www.visit-ulcinj.com\/blog\/2008\/06\/03\/crna-gora-najavljeno-povecanje-cijena-smjestaja-od-25-do-50-odsto\/#webpage\",\"url\":\"https:\/\/www.visit-ulcinj.com\/blog\/2008\/06\/03\/crna-gora-najavljeno-povecanje-cijena-smjestaja-od-25-do-50-odsto\/\",\"name\":\"Crna Gora: Najavljeno pove?anje cijena smje\u0161taja od 25 do 50 odsto - Lajme nga Ulqini\",\"isPartOf\":{\"@id\":\"https:\/\/www.visit-ulcinj.com\/blog\/#website\"},\"primaryImageOfPage\":{\"@id\":\"https:\/\/www.visit-ulcinj.com\/blog\/2008\/06\/03\/crna-gora-najavljeno-povecanje-cijena-smjestaja-od-25-do-50-odsto\/#primaryimage\"},\"datePublished\":\"2008-06-03T18:51:13+00:00\",\"dateModified\":\"2008-06-03T18:51:13+00:00\",\"author\":{\"@id\":\"https:\/\/www.visit-ulcinj.com\/blog\/#\/schema\/person\/dcab619c614d3038751c63bc2aadc06d\"},\"breadcrumb\":{\"@id\":\"https:\/\/www.visit-ulcinj.com\/blog\/2008\/06\/03\/crna-gora-najavljeno-povecanje-cijena-smjestaja-od-25-do-50-odsto\/#breadcrumb\"},\"inLanguage\":\"en-US\",\"potentialAction\":[{\"@type\":\"ReadAction\",\"target\":[\"https:\/\/www.visit-ulcinj.com\/blog\/2008\/06\/03\/crna-gora-najavljeno-povecanje-cijena-smjestaja-od-25-do-50-odsto\/\"]}]},{\"@type\":\"BreadcrumbList\",\"@id\":\"https:\/\/www.visit-ulcinj.com\/blog\/2008\/06\/03\/crna-gora-najavljeno-povecanje-cijena-smjestaja-od-25-do-50-odsto\/#breadcrumb\",\"itemListElement\":[{\"@type\":\"ListItem\",\"position\":1,\"name\":\"Crna Gora: Najavljeno pove?anje cijena smje\u0161taja od 25 do 50 odsto\"}]},{\"@type\":\"Person\",\"@id\":\"https:\/\/www.visit-ulcinj.com\/blog\/#\/schema\/person\/dcab619c614d3038751c63bc2aadc06d\",\"name\":\"ulqini\",\"sameAs\":[\"http:\/\/www.visit-ulcinj.com\"],\"url\":\"https:\/\/www.visit-ulcinj.com\/blog\/author\/admin\/\"}]}<\/script>\n<!-- \/ Yoast SEO plugin. -->","yoast_head_json":{"title":"Crna Gora: Najavljeno pove?anje cijena smje\u0161taja od 25 do 50 odsto - Lajme nga Ulqini","robots":{"index":"index","follow":"follow","max-snippet":"max-snippet:-1","max-image-preview":"max-image-preview:large","max-video-preview":"max-video-preview:-1"},"canonical":"https:\/\/www.visit-ulcinj.com\/blog\/2008\/06\/03\/crna-gora-najavljeno-povecanje-cijena-smjestaja-od-25-do-50-odsto\/","og_locale":"en_US","og_type":"article","og_title":"Crna Gora: Najavljeno pove?anje cijena smje\u0161taja od 25 do 50 odsto - Lajme nga Ulqini","og_url":"https:\/\/www.visit-ulcinj.com\/blog\/2008\/06\/03\/crna-gora-najavljeno-povecanje-cijena-smjestaja-od-25-do-50-odsto\/","og_site_name":"Lajme nga Ulqini","article_published_time":"2008-06-03T18:51:13+00:00","og_image":[{"url":"http:\/\/www.voanews.com\/serbian\/images\/euri.jpg"}],"twitter_misc":{"Written by":"ulqini","Est. reading time":"1 minute"},"schema":{"@context":"https:\/\/schema.org","@graph":[{"@type":"WebSite","@id":"https:\/\/www.visit-ulcinj.com\/blog\/#website","url":"https:\/\/www.visit-ulcinj.com\/blog\/","name":"Lajme nga Ulqini","description":"Lajme,Vijesti,Ulqini,Ulqin,Crna Gora,Mali i Zi","potentialAction":[{"@type":"SearchAction","target":{"@type":"EntryPoint","urlTemplate":"https:\/\/www.visit-ulcinj.com\/blog\/?s={search_term_string}"},"query-input":"required name=search_term_string"}],"inLanguage":"en-US"},{"@type":"ImageObject","inLanguage":"en-US","@id":"https:\/\/www.visit-ulcinj.com\/blog\/2008\/06\/03\/crna-gora-najavljeno-povecanje-cijena-smjestaja-od-25-do-50-odsto\/#primaryimage","url":"http:\/\/www.voanews.com\/serbian\/images\/euri.jpg","contentUrl":"http:\/\/www.voanews.com\/serbian\/images\/euri.jpg"},{"@type":"WebPage","@id":"https:\/\/www.visit-ulcinj.com\/blog\/2008\/06\/03\/crna-gora-najavljeno-povecanje-cijena-smjestaja-od-25-do-50-odsto\/#webpage","url":"https:\/\/www.visit-ulcinj.com\/blog\/2008\/06\/03\/crna-gora-najavljeno-povecanje-cijena-smjestaja-od-25-do-50-odsto\/","name":"Crna Gora: Najavljeno pove?anje cijena smje\u0161taja od 25 do 50 odsto - Lajme nga Ulqini","isPartOf":{"@id":"https:\/\/www.visit-ulcinj.com\/blog\/#website"},"primaryImageOfPage":{"@id":"https:\/\/www.visit-ulcinj.com\/blog\/2008\/06\/03\/crna-gora-najavljeno-povecanje-cijena-smjestaja-od-25-do-50-odsto\/#primaryimage"},"datePublished":"2008-06-03T18:51:13+00:00","dateModified":"2008-06-03T18:51:13+00:00","author":{"@id":"https:\/\/www.visit-ulcinj.com\/blog\/#\/schema\/person\/dcab619c614d3038751c63bc2aadc06d"},"breadcrumb":{"@id":"https:\/\/www.visit-ulcinj.com\/blog\/2008\/06\/03\/crna-gora-najavljeno-povecanje-cijena-smjestaja-od-25-do-50-odsto\/#breadcrumb"},"inLanguage":"en-US","potentialAction":[{"@type":"ReadAction","target":["https:\/\/www.visit-ulcinj.com\/blog\/2008\/06\/03\/crna-gora-najavljeno-povecanje-cijena-smjestaja-od-25-do-50-odsto\/"]}]},{"@type":"BreadcrumbList","@id":"https:\/\/www.visit-ulcinj.com\/blog\/2008\/06\/03\/crna-gora-najavljeno-povecanje-cijena-smjestaja-od-25-do-50-odsto\/#breadcrumb","itemListElement":[{"@type":"ListItem","position":1,"name":"Crna Gora: Najavljeno pove?anje cijena smje\u0161taja od 25 do 50 odsto"}]},{"@type":"Person","@id":"https:\/\/www.visit-ulcinj.com\/blog\/#\/schema\/person\/dcab619c614d3038751c63bc2aadc06d","name":"ulqini","sameAs":["http:\/\/www.visit-ulcinj.com"],"url":"https:\/\/www.visit-ulcinj.com\/blog\/author\/admin\/"}]}},"jetpack_featured_media_url":"","jetpack_sharing_enabled":true,"jetpack_shortlink":"https:\/\/wp.me\/pe6lTn-u8","_links":{"self":[{"href":"https:\/\/www.visit-ulcinj.com\/blog\/wp-json\/wp\/v2\/posts\/1868"}],"collection":[{"href":"https:\/\/www.visit-ulcinj.com\/blog\/wp-json\/wp\/v2\/posts"}],"about":[{"href":"https:\/\/www.visit-ulcinj.com\/blog\/wp-json\/wp\/v2\/types\/post"}],"author":[{"embeddable":true,"href":"https:\/\/www.visit-ulcinj.com\/blog\/wp-json\/wp\/v2\/users\/1"}],"replies":[{"embeddable":true,"href":"https:\/\/www.visit-ulcinj.com\/blog\/wp-json\/wp\/v2\/comments?post=1868"}],"version-history":[{"count":0,"href":"https:\/\/www.visit-ulcinj.com\/blog\/wp-json\/wp\/v2\/posts\/1868\/revisions"}],"wp:attachment":[{"href":"https:\/\/www.visit-ulcinj.com\/blog\/wp-json\/wp\/v2\/media?parent=1868"}],"wp:term":[{"taxonomy":"category","embeddable":true,"href":"https:\/\/www.visit-ulcinj.com\/blog\/wp-json\/wp\/v2\/categories?post=1868"},{"taxonomy":"post_tag","embeddable":true,"href":"https:\/\/www.visit-ulcinj.com\/blog\/wp-json\/wp\/v2\/tags?post=1868"}],"curies":[{"name":"wp","href":"https:\/\/api.w.org\/{rel}","templated":true}]}}