{"id":1869,"date":"2008-06-04T07:33:23","date_gmt":"2008-06-04T12:33:23","guid":{"rendered":"http:\/\/www.visit-ulcinj.com\/blog\/?p=1869"},"modified":"2008-06-06T10:13:43","modified_gmt":"2008-06-06T15:13:43","slug":"kumtese-per-opinion-e-lidhjes-demokratike-ne-mal-te-zi","status":"publish","type":"post","link":"https:\/\/www.visit-ulcinj.com\/blog\/2008\/06\/04\/kumtese-per-opinion-e-lidhjes-demokratike-ne-mal-te-zi\/","title":{"rendered":"Kumtes\u00eb p\u00ebr opinion e Lidhjes Demokratike n\u00eb Mal t\u00eb Zi"},"content":{"rendered":"<p><img loading=\"lazy\" class=\"alignleft\" style=\"float: left;\" src=\"http:\/\/photobucket.com\/albums\/y148\/Ulqini\/th_bardhi.jpg\" alt=\"MAHMET BARDHI\" width=\"145\" height=\"160\" \/><strong>Sllovakia t\u00eb pranoj\u00eb Kosov\u00ebn<\/strong><br \/>\nMehmet Bardhi, kryetar i LD n\u00eb MZ, me bashk\u00ebpun\u00ebtor\u00ebt Kadri Sinani, Hajrullah Hajdari e Tahir Tahiri, t\u00eb m\u00ebrkur\u00ebn m\u00eb 21 maj 2008, n\u00eb Ulqin, prit\u00ebn ambasadorin e Sllovakis\u00eb n\u00eb Podgoric\u00eb, z. Igor Furdik me sekretarin Pavol Krutosik.<br \/>\nKy takim paraqet nj\u00eb vazhdim\u00ebsi t\u00eb marr\u00ebdh\u00ebnieve t\u00eb mira q\u00eb nga koha kur z. Furdik ishte ambasador n\u00eb Beograd.<br \/>\nP\u00ebrfaq\u00ebsuesit e Lidhjes Demokratike, bazuar n\u00eb interesimin e tij, e informuan p\u00ebr situat\u00ebn aktuale politike, shoq\u00ebrore e ekonomike n\u00eb Malin e Zi, me theks t\u00eb ve\u00e7ant\u00eb p\u00ebr pozit\u00ebn aktuale t\u00eb shqiptar\u00ebve.<a title=\"Igor Furdik\" href=\"http:\/\/www.danas.co.yu\/20050627\/img\/evropa1_1.jpg\" target=\"_blank\"><img loading=\"lazy\" class=\"alignright\" style=\"float: right;\" src=\"http:\/\/www.danas.co.yu\/20050627\/img\/evropa1_1.jpg\" alt=\"Igor Furdik\" width=\"154\" height=\"219\" \/><\/a><br \/>\nP\u00ebr zgjedhjet presidenciale u tha se ishin zgjedhje t\u00eb radh\u00ebs me mang\u00ebsi t\u00eb theksuara e karakteristika korrupsioni, etj., tashm\u00eb skenare e praktika t\u00eb njohura e prezente edhe n\u00eb zgjedhjet e tjera shum\u00ebpartiake t\u00eb m\u00ebparshme. Pastaj u tha se po vazhdon avazi i vjet\u00ebr i privatizimit, q\u00eb i ka t\u00eb gjitha karakteristikat, jo vet\u00ebm t\u00eb pla\u00e7kitjes, por edhe t\u00eb nj\u00eb kolonizimi e okupimi, p\u00ebr t\u00eb ndryshuar edhe struktur\u00ebn demografike, gjegj\u00ebsisht i planeve p\u00ebr menaxhim nga lart t\u00eb hap\u00ebsirave m\u00eb t\u00eb bukura dhe m\u00eb t\u00eb vlefshme, si\u00e7 jan\u00eb ishulli Ada, Plazhi i Shtojit (plazh flori, i gjat\u00eb 12 km) dhe Valdanosi.<br \/>\nLidhja, si t\u00eb vetmen zgjidhje t\u00eb drejt\u00eb p\u00ebr Valdanosin e sheh q\u00eb t`u kthehet ish pronar\u00ebve, ashtu si\u00e7 b\u00ebri Qeveria edhe n\u00eb raste t\u00eb tjera n\u00eb MZ. E informuan edhe p\u00ebr dokumentet e reja personale, q\u00eb filluan t\u00eb l\u00ebshohen k\u00ebto dit\u00eb, si let\u00ebrnjoftimi, pasaporta etj. t\u00eb cilat nuk p\u00ebrmbushin t\u00eb drejt\u00ebn e barazis\u00eb kur \u00ebsht\u00eb fjala p\u00ebr shkrimin n\u00eb gjuh\u00ebn shqipe.<br \/>\n<img loading=\"lazy\" class=\"alignleft\" style=\"float: left;\" src=\"http:\/\/www.shkembi.com\/files.php?file=ldmz1_640039857.jpg\" alt=\"Lidhjes Demokraktoke n\u00eb Mal t\u00eb Zi,\" width=\"169\" height=\"169\" \/> P\u00ebr qeverisjen aktuale n\u00eb Komun\u00ebn e Ulqinit u tha se fatkeq\u00ebsisht, po d\u00ebshmon me shum\u00eb veprime se \u00ebsht\u00eb nj\u00eb qeverisje marionet\u00eb e q\u00eb pasojat e saj n\u00eb t\u00eb ardhmen do t\u00eb jen\u00eb t\u00eb pallogaritshme.<br \/>\nK\u00ebto dit\u00eb u themelua edhe K\u00ebshilli Nacional i Shqiptar\u00ebve, p\u00ebr t\u00eb cilin p\u00ebrfaq\u00ebsuesit e LD-s\u00eb than\u00eb se do t\u00eb duhej t\u00eb ishte nj\u00eb organ vendimmarr\u00ebs e jo k\u00ebshillues.<br \/>\nZ. Bardhi ambasadorin e Sllovakis\u00eb e pyeti se kur Sllovakia do ta njoh\u00eb pavar\u00ebsin\u00eb e Kosov\u00ebs, gj\u00eb q\u00eb do t\u00eb forconte stabilitetin n\u00eb rajon. \u00cbsht\u00eb kjo k\u00ebrkes\u00eb jo vet\u00ebm e jona, tha Bardhi.<br \/>\nAmbasadori Igor Furdik fal\u00ebnderoi kryetarin e Lidhjes dhe bashk\u00ebpun\u00ebtor\u00ebt e tij p\u00ebr pritje dhe informim. Ai tha se Sllovakia, si nj\u00eb shtet q\u00eb i ka kaluar k\u00ebto faza t\u00eb tranzicionit, mund t`i kuptoj\u00eb shum\u00eb gj\u00ebra, por ai theksoi se kur \u00ebsht\u00eb fjala p\u00ebr kriminalitetin dhe korrupsionin lypset patjet\u00ebr t\u00eb krijohen kushtet dhe atmosfera e duhur p\u00ebr t`i luftuar me vendosm\u00ebri. Integrimet evropiane duhet t\u00eb jen\u00eb synim, por q\u00eb k\u00ebrkojn\u00eb p\u00ebrmbushje t\u00eb standardeve demokratike n\u00eb marr\u00ebdh\u00ebniet shoq\u00ebrore, n\u00eb administrat\u00eb, n\u00eb ekonomi dhe n\u00eb respektimin e t\u00eb drejtave t\u00eb njeriut dhe t\u00eb pakicave.<br \/>\nAmbasadori Furdik tha se Sllovakia edhe p\u00ebr nga p\u00ebrvoja dhe nga kapacitetet ka grupacione t\u00eb m\u00ebdha investitor\u00ebsh t\u00eb interesuar t\u00eb ndihmojn\u00eb dhe t\u00eb investojn\u00eb k\u00ebtu, si n\u00eb nd\u00ebrtimin e komplekseve hoteliere dhe n\u00eb nd\u00ebrtimin e infrastruktur\u00ebs n\u00eb sfer\u00ebn e pastrimit t\u00eb uj\u00ebrave t\u00eb zeza, mbeturinave, etj.<br \/>\nSa i p\u00ebrket pranimit t\u00eb Kosov\u00ebs, nga ana e Sllovakis\u00eb, e q\u00eb ishte nj\u00ebra nga k\u00ebrkesat tona, z. Furdik tha se Sllovakia ishte p\u00ebrkrah\u00ebse e arritjes s\u00eb nj\u00eb marr\u00ebveshjeje n\u00eb mes Kosov\u00ebs dhe Serbis\u00eb. Sidoqoft\u00eb Sllovakia, si nj\u00ebra nga an\u00ebtaret e reja t\u00eb BE-s\u00eb, po ndjek me kujdes zhvillimet demokratike n\u00eb Kosov\u00eb. N\u00eb k\u00ebt\u00eb drejtim edhe n\u00eb t\u00eb ardhmen do t\u00eb p\u00ebrkrah\u00eb e ndihmoj\u00eb paqen e stabilitetin n\u00eb Kosov\u00eb dhe rajon, theksoi, n\u00eb mes t\u00eb tjerash, z. Igor Furdik, ambasador i Sllovakis\u00eb, tashm\u00eb i akredituar n\u00eb Podgoric\u00eb.<br \/>\n<strong> KOHA JAVORE<\/strong><br \/>\n<a title=\"Holiday accommodation in Ulcinj, Montenegro\" href=\"http:\/\/www.visit-ulcinj.com\/tourism\/\" target=\"_blank\"><img loading=\"lazy\" style=\"vertical-align: middle;\" src=\"http:\/\/www.visit-ulcinj.com\/blog\/wp-content\/uploads\/2008\/05\/holiday-rental-ulcinj_ulqin_montenegro2.jpg\" alt=\"Holiday accommodation in Ulcinj, Montenegro\" width=\"424\" height=\"110\" \/><\/a><\/p>\n","protected":false},"excerpt":{"rendered":"<p><img loading=\"lazy\" class=\"alignleft\" style=\"float: left;\" src=\"http:\/\/photobucket.com\/albums\/y148\/Ulqini\/th_bardhi.jpg\" alt=\"MAHMET BARDHI\" width=\"140\" height=\"140\" \/><\/p>\n","protected":false},"author":1,"featured_media":0,"comment_status":"open","ping_status":"closed","sticky":false,"template":"","format":"standard","meta":{"spay_email":"","jetpack_publicize_message":"","jetpack_is_tweetstorm":false,"jetpack_publicize_feature_enabled":true},"categories":[1,12],"tags":[900,3700,3699,3701,347],"jetpack_publicize_connections":[],"yoast_head":"<!-- This site is optimized with the Yoast SEO plugin v19.1 - https:\/\/yoast.com\/wordpress\/plugins\/seo\/ -->\n<title>Kumtes\u00eb p\u00ebr opinion e Lidhjes Demokratike n\u00eb Mal t\u00eb Zi - Lajme nga Ulqini<\/title>\n<meta name=\"robots\" content=\"index, follow, max-snippet:-1, max-image-preview:large, max-video-preview:-1\" \/>\n<link rel=\"canonical\" href=\"https:\/\/www.visit-ulcinj.com\/blog\/2008\/06\/04\/kumtese-per-opinion-e-lidhjes-demokratike-ne-mal-te-zi\/\" \/>\n<meta property=\"og:locale\" content=\"en_US\" \/>\n<meta property=\"og:type\" content=\"article\" \/>\n<meta property=\"og:title\" content=\"Kumtes\u00eb p\u00ebr opinion e Lidhjes Demokratike n\u00eb Mal t\u00eb Zi - Lajme nga Ulqini\" \/>\n<meta property=\"og:url\" content=\"https:\/\/www.visit-ulcinj.com\/blog\/2008\/06\/04\/kumtese-per-opinion-e-lidhjes-demokratike-ne-mal-te-zi\/\" \/>\n<meta property=\"og:site_name\" content=\"Lajme nga Ulqini\" \/>\n<meta property=\"article:published_time\" content=\"2008-06-04T12:33:23+00:00\" \/>\n<meta property=\"article:modified_time\" content=\"2008-06-06T15:13:43+00:00\" \/>\n<meta property=\"og:image\" content=\"http:\/\/photobucket.com\/albums\/y148\/Ulqini\/th_bardhi.jpg\" \/>\n<meta name=\"twitter:label1\" content=\"Written by\" \/>\n\t<meta name=\"twitter:data1\" content=\"ulqini\" \/>\n\t<meta name=\"twitter:label2\" content=\"Est. reading time\" \/>\n\t<meta name=\"twitter:data2\" content=\"3 minutes\" \/>\n<script type=\"application\/ld+json\" class=\"yoast-schema-graph\">{\"@context\":\"https:\/\/schema.org\",\"@graph\":[{\"@type\":\"WebSite\",\"@id\":\"https:\/\/www.visit-ulcinj.com\/blog\/#website\",\"url\":\"https:\/\/www.visit-ulcinj.com\/blog\/\",\"name\":\"Lajme nga Ulqini\",\"description\":\"Lajme,Vijesti,Ulqini,Ulqin,Crna Gora,Mali i Zi\",\"potentialAction\":[{\"@type\":\"SearchAction\",\"target\":{\"@type\":\"EntryPoint\",\"urlTemplate\":\"https:\/\/www.visit-ulcinj.com\/blog\/?s={search_term_string}\"},\"query-input\":\"required name=search_term_string\"}],\"inLanguage\":\"en-US\"},{\"@type\":\"ImageObject\",\"inLanguage\":\"en-US\",\"@id\":\"https:\/\/www.visit-ulcinj.com\/blog\/2008\/06\/04\/kumtese-per-opinion-e-lidhjes-demokratike-ne-mal-te-zi\/#primaryimage\",\"url\":\"http:\/\/photobucket.com\/albums\/y148\/Ulqini\/th_bardhi.jpg\",\"contentUrl\":\"http:\/\/photobucket.com\/albums\/y148\/Ulqini\/th_bardhi.jpg\"},{\"@type\":\"WebPage\",\"@id\":\"https:\/\/www.visit-ulcinj.com\/blog\/2008\/06\/04\/kumtese-per-opinion-e-lidhjes-demokratike-ne-mal-te-zi\/#webpage\",\"url\":\"https:\/\/www.visit-ulcinj.com\/blog\/2008\/06\/04\/kumtese-per-opinion-e-lidhjes-demokratike-ne-mal-te-zi\/\",\"name\":\"Kumtes\u00eb p\u00ebr opinion e Lidhjes Demokratike n\u00eb Mal t\u00eb Zi - Lajme nga Ulqini\",\"isPartOf\":{\"@id\":\"https:\/\/www.visit-ulcinj.com\/blog\/#website\"},\"primaryImageOfPage\":{\"@id\":\"https:\/\/www.visit-ulcinj.com\/blog\/2008\/06\/04\/kumtese-per-opinion-e-lidhjes-demokratike-ne-mal-te-zi\/#primaryimage\"},\"datePublished\":\"2008-06-04T12:33:23+00:00\",\"dateModified\":\"2008-06-06T15:13:43+00:00\",\"author\":{\"@id\":\"https:\/\/www.visit-ulcinj.com\/blog\/#\/schema\/person\/dcab619c614d3038751c63bc2aadc06d\"},\"breadcrumb\":{\"@id\":\"https:\/\/www.visit-ulcinj.com\/blog\/2008\/06\/04\/kumtese-per-opinion-e-lidhjes-demokratike-ne-mal-te-zi\/#breadcrumb\"},\"inLanguage\":\"en-US\",\"potentialAction\":[{\"@type\":\"ReadAction\",\"target\":[\"https:\/\/www.visit-ulcinj.com\/blog\/2008\/06\/04\/kumtese-per-opinion-e-lidhjes-demokratike-ne-mal-te-zi\/\"]}]},{\"@type\":\"BreadcrumbList\",\"@id\":\"https:\/\/www.visit-ulcinj.com\/blog\/2008\/06\/04\/kumtese-per-opinion-e-lidhjes-demokratike-ne-mal-te-zi\/#breadcrumb\",\"itemListElement\":[{\"@type\":\"ListItem\",\"position\":1,\"name\":\"Kumtes\u00eb p\u00ebr opinion e Lidhjes Demokratike n\u00eb Mal t\u00eb Zi\"}]},{\"@type\":\"Person\",\"@id\":\"https:\/\/www.visit-ulcinj.com\/blog\/#\/schema\/person\/dcab619c614d3038751c63bc2aadc06d\",\"name\":\"ulqini\",\"sameAs\":[\"http:\/\/www.visit-ulcinj.com\"],\"url\":\"https:\/\/www.visit-ulcinj.com\/blog\/author\/admin\/\"}]}<\/script>\n<!-- \/ Yoast SEO plugin. -->","yoast_head_json":{"title":"Kumtes\u00eb p\u00ebr opinion e Lidhjes Demokratike n\u00eb Mal t\u00eb Zi - Lajme nga Ulqini","robots":{"index":"index","follow":"follow","max-snippet":"max-snippet:-1","max-image-preview":"max-image-preview:large","max-video-preview":"max-video-preview:-1"},"canonical":"https:\/\/www.visit-ulcinj.com\/blog\/2008\/06\/04\/kumtese-per-opinion-e-lidhjes-demokratike-ne-mal-te-zi\/","og_locale":"en_US","og_type":"article","og_title":"Kumtes\u00eb p\u00ebr opinion e Lidhjes Demokratike n\u00eb Mal t\u00eb Zi - Lajme nga Ulqini","og_url":"https:\/\/www.visit-ulcinj.com\/blog\/2008\/06\/04\/kumtese-per-opinion-e-lidhjes-demokratike-ne-mal-te-zi\/","og_site_name":"Lajme nga Ulqini","article_published_time":"2008-06-04T12:33:23+00:00","article_modified_time":"2008-06-06T15:13:43+00:00","og_image":[{"url":"http:\/\/photobucket.com\/albums\/y148\/Ulqini\/th_bardhi.jpg"}],"twitter_misc":{"Written by":"ulqini","Est. reading time":"3 minutes"},"schema":{"@context":"https:\/\/schema.org","@graph":[{"@type":"WebSite","@id":"https:\/\/www.visit-ulcinj.com\/blog\/#website","url":"https:\/\/www.visit-ulcinj.com\/blog\/","name":"Lajme nga Ulqini","description":"Lajme,Vijesti,Ulqini,Ulqin,Crna Gora,Mali i Zi","potentialAction":[{"@type":"SearchAction","target":{"@type":"EntryPoint","urlTemplate":"https:\/\/www.visit-ulcinj.com\/blog\/?s={search_term_string}"},"query-input":"required name=search_term_string"}],"inLanguage":"en-US"},{"@type":"ImageObject","inLanguage":"en-US","@id":"https:\/\/www.visit-ulcinj.com\/blog\/2008\/06\/04\/kumtese-per-opinion-e-lidhjes-demokratike-ne-mal-te-zi\/#primaryimage","url":"http:\/\/photobucket.com\/albums\/y148\/Ulqini\/th_bardhi.jpg","contentUrl":"http:\/\/photobucket.com\/albums\/y148\/Ulqini\/th_bardhi.jpg"},{"@type":"WebPage","@id":"https:\/\/www.visit-ulcinj.com\/blog\/2008\/06\/04\/kumtese-per-opinion-e-lidhjes-demokratike-ne-mal-te-zi\/#webpage","url":"https:\/\/www.visit-ulcinj.com\/blog\/2008\/06\/04\/kumtese-per-opinion-e-lidhjes-demokratike-ne-mal-te-zi\/","name":"Kumtes\u00eb p\u00ebr opinion e Lidhjes Demokratike n\u00eb Mal t\u00eb Zi - Lajme nga Ulqini","isPartOf":{"@id":"https:\/\/www.visit-ulcinj.com\/blog\/#website"},"primaryImageOfPage":{"@id":"https:\/\/www.visit-ulcinj.com\/blog\/2008\/06\/04\/kumtese-per-opinion-e-lidhjes-demokratike-ne-mal-te-zi\/#primaryimage"},"datePublished":"2008-06-04T12:33:23+00:00","dateModified":"2008-06-06T15:13:43+00:00","author":{"@id":"https:\/\/www.visit-ulcinj.com\/blog\/#\/schema\/person\/dcab619c614d3038751c63bc2aadc06d"},"breadcrumb":{"@id":"https:\/\/www.visit-ulcinj.com\/blog\/2008\/06\/04\/kumtese-per-opinion-e-lidhjes-demokratike-ne-mal-te-zi\/#breadcrumb"},"inLanguage":"en-US","potentialAction":[{"@type":"ReadAction","target":["https:\/\/www.visit-ulcinj.com\/blog\/2008\/06\/04\/kumtese-per-opinion-e-lidhjes-demokratike-ne-mal-te-zi\/"]}]},{"@type":"BreadcrumbList","@id":"https:\/\/www.visit-ulcinj.com\/blog\/2008\/06\/04\/kumtese-per-opinion-e-lidhjes-demokratike-ne-mal-te-zi\/#breadcrumb","itemListElement":[{"@type":"ListItem","position":1,"name":"Kumtes\u00eb p\u00ebr opinion e Lidhjes Demokratike n\u00eb Mal t\u00eb Zi"}]},{"@type":"Person","@id":"https:\/\/www.visit-ulcinj.com\/blog\/#\/schema\/person\/dcab619c614d3038751c63bc2aadc06d","name":"ulqini","sameAs":["http:\/\/www.visit-ulcinj.com"],"url":"https:\/\/www.visit-ulcinj.com\/blog\/author\/admin\/"}]}},"jetpack_featured_media_url":"","jetpack_sharing_enabled":true,"jetpack_shortlink":"https:\/\/wp.me\/pe6lTn-u9","_links":{"self":[{"href":"https:\/\/www.visit-ulcinj.com\/blog\/wp-json\/wp\/v2\/posts\/1869"}],"collection":[{"href":"https:\/\/www.visit-ulcinj.com\/blog\/wp-json\/wp\/v2\/posts"}],"about":[{"href":"https:\/\/www.visit-ulcinj.com\/blog\/wp-json\/wp\/v2\/types\/post"}],"author":[{"embeddable":true,"href":"https:\/\/www.visit-ulcinj.com\/blog\/wp-json\/wp\/v2\/users\/1"}],"replies":[{"embeddable":true,"href":"https:\/\/www.visit-ulcinj.com\/blog\/wp-json\/wp\/v2\/comments?post=1869"}],"version-history":[{"count":0,"href":"https:\/\/www.visit-ulcinj.com\/blog\/wp-json\/wp\/v2\/posts\/1869\/revisions"}],"wp:attachment":[{"href":"https:\/\/www.visit-ulcinj.com\/blog\/wp-json\/wp\/v2\/media?parent=1869"}],"wp:term":[{"taxonomy":"category","embeddable":true,"href":"https:\/\/www.visit-ulcinj.com\/blog\/wp-json\/wp\/v2\/categories?post=1869"},{"taxonomy":"post_tag","embeddable":true,"href":"https:\/\/www.visit-ulcinj.com\/blog\/wp-json\/wp\/v2\/tags?post=1869"}],"curies":[{"name":"wp","href":"https:\/\/api.w.org\/{rel}","templated":true}]}}