{"id":18695,"date":"2009-04-22T17:12:04","date_gmt":"2009-04-22T15:12:04","guid":{"rendered":"http:\/\/www.visit-ulcinj.com\/blog\/?p=18695"},"modified":"2009-04-22T17:12:04","modified_gmt":"2009-04-22T15:12:04","slug":"ulcinjanin-kabilj-kashodza-usmrtio-vepru","status":"publish","type":"post","link":"https:\/\/www.visit-ulcinj.com\/blog\/2009\/04\/22\/ulcinjanin-kabilj-kashodza-usmrtio-vepru\/","title":{"rendered":"Ulcinjanin Kabilj Kashod\u017ea usmrtio Vepru"},"content":{"rendered":"<p><strong><a href=\"http:\/\/www.visit-ulcinj.com\/blog\/wp-content\/uploads\/2009\/04\/kabilj-kashodza-iz-ulcinja-usmrtio-vepru.jpg\"><img loading=\"lazy\" class=\"alignleft size-full wp-image-18696\" title=\"kabilj-kashodza-iz-ulcinja-usmrtio-vepru\" src=\"http:\/\/www.visit-ulcinj.com\/blog\/wp-content\/uploads\/2009\/04\/kabilj-kashodza-iz-ulcinja-usmrtio-vepru.jpg\" alt=\"kabilj-kashodza-iz-ulcinja-usmrtio-vepru\" width=\"570\" height=\"350\" \/><\/a>Ni Koperfild ne bi bolje<br \/>\nUlcinjanin Kabilj Kashod\u017ea hitnuo no\u017e ka pobje\u0161njelom vepru i usmrtio ga na licu mjesta<\/strong><br \/>\nUlcinj &#8211; Ulcinjanin Kabilj Kashod\u017ea nije lovac ali je ipak do\u0161ao glave vepru te\u0161kom vi\u0161e od 100 kilograma. Nije ni vje\u0161t u bacanju no\u017eeva kao Dejvid Koperfild, ali bi slavni ma?ion?ar, da je kojim slu?ajem bio ju?e ujutro u Kolomzi nedaleko od Ulcinja, Kabilja pitao da mu poka\u017ee kako to radi. Imaju?i u vidu godine i kila\u017eu, Kabilj nije ni brz ni okretan ali eventulani snimak njegovog spektakularnog bjekstva na smokvu, otkrio bi svijetu kakav je rasko\u0161ni talenat u njemu ?u?ao cijelo vrijeme.Kada je ju?e rano ujutro krenuo na svoje imanje u Kolomzi ispod Mo\u017eure, Kabilj nije ni slutio da ?e imati bliski susret sa pobje\u0161njelim veprom. Dok je ispod velike smokve ?istio trsku za paradajz, na 10 metara od sebe ugledao je zvijer, ne ba\u0161 prijateljski raspolo\u017eenu.\u201cKada je krenula prema meni, instiktivno sam bacio no\u017e u njenom pravcu i za tili ?as se popeo na smokvu. Kako sam to izveo, ne znam ni sam\u201d, pri?ao je ju?e Kabilj za \u201cVijesti\u201d i okupljenim mje\u0161tanima koji su sa strahopo\u0161tovanjem gledali u mo?ne kljove mrtve zvijeri.\u201cDa se umire od straha, tu bih skon?ao\u201d, nastavio je pri?u Kabilj. \u201cPo?ela je da ispu\u0161ta jezive krike, jo\u0161 vi\u0161e sam se upla\u0161io. Kad je udarila gavom u smokvu, sjetio sam se mojih prijatelja lovaca koji su mi pri?ali da vepar mo\u017ee da udara u drvo sve dok ga ne sru\u0161i. Onda je uz nesno\u0161ljivu riku, neobja\u0161njivo produ\u017eila i sru\u0161ila se pored niskog kamenog zida\u201d, sje?a se Kabilj kako je sa smokve gotovo sat nijemo posmatrao vepra, nemaju?i hrabrosti da joj pri?e.\u201c?uo sam da su divlje svinje najopasnije kad su ranjene. Zato sam strpljivo stajao na grani zahvaljuju?i Bogu i dobrim ljudima koji su na tom mjestu zasadili smokvu\u201d, pri?a Kabilj i dodaje da je tek nakon toga skupio hrabrost i po\u0161ao do vepra.\u201cNo\u017e joj je bio zaboden ta?no ispod vrata. Le\u017eala je mrtva u krvi, nijesam mogao da vjerujem\u201d, ka\u017ee on. Prisje?a se da je ve? nekoliko dana nalazio sru\u0161ene stolove i stolice na imanju i zaklju?uje da je to bilo djelo istog vepra.\u201c?esto nai?em na tragove divljih svinja dok idem ka svom imanju. Zato molim lovce da organizuju hajku i oslobode nas te napasti. Ovakav hitac te\u0161ko da ?u vi\u0161e ikad ponoviti\u201d, ka\u017ee Kabilj, koji pretpostavlja da je vepar sam sebe preklao dok je udarao u smokvu sa no\u017eem zabijenim u vrat.<\/p>\n<p><strong>S.A.<br \/>\nVijesti<\/strong><\/p>\n<!--YouTube Error: bad URL entered-->\n","protected":false},"excerpt":{"rendered":"<p>Ni Koperfild ne bi bolje Ulcinjanin Kabilj Kashod\u017ea hitnuo no\u017e ka pobje\u0161njelom vepru i usmrtio ga na licu mjesta Ulcinj &#8211; Ulcinjanin Kabilj Kashod\u017ea nije lovac ali je ipak do\u0161ao glave vepru te\u0161kom vi\u0161e od 100 kilograma. Nije ni vje\u0161t u bacanju no\u017eeva kao Dejvid Koperfild, ali bi slavni ma?ion?ar, da je kojim slu?ajem bio [&hellip;]<\/p>\n","protected":false},"author":1,"featured_media":0,"comment_status":"open","ping_status":"closed","sticky":false,"template":"","format":"standard","meta":{"spay_email":"","jetpack_publicize_message":"","jetpack_is_tweetstorm":false,"jetpack_publicize_feature_enabled":true},"categories":[8337],"tags":[9457],"jetpack_publicize_connections":[],"yoast_head":"<!-- This site is optimized with the Yoast SEO plugin v19.1 - https:\/\/yoast.com\/wordpress\/plugins\/seo\/ -->\n<title>Ulcinjanin Kabilj Kashod\u017ea usmrtio Vepru - Lajme nga Ulqini<\/title>\n<meta name=\"description\" content=\"Ni Koperfild ne bi bolje Ulcinjanin Kabilj Kashod\u017ea hitnuo no\u017e ka pobje\u0161njelom vepru i usmrtio ga na licu mjesta Ulcinj - Ulcinjanin Kabilj Kashod\u017ea nije\" \/>\n<meta name=\"robots\" content=\"index, follow, max-snippet:-1, max-image-preview:large, max-video-preview:-1\" \/>\n<link rel=\"canonical\" href=\"https:\/\/www.visit-ulcinj.com\/blog\/2009\/04\/22\/ulcinjanin-kabilj-kashodza-usmrtio-vepru\/\" \/>\n<meta property=\"og:locale\" content=\"en_US\" \/>\n<meta property=\"og:type\" content=\"article\" \/>\n<meta property=\"og:title\" content=\"Ulcinjanin Kabilj Kashod\u017ea usmrtio Vepru - Lajme nga Ulqini\" \/>\n<meta property=\"og:description\" content=\"Ni Koperfild ne bi bolje Ulcinjanin Kabilj Kashod\u017ea hitnuo no\u017e ka pobje\u0161njelom vepru i usmrtio ga na licu mjesta Ulcinj - Ulcinjanin Kabilj Kashod\u017ea nije\" \/>\n<meta property=\"og:url\" content=\"https:\/\/www.visit-ulcinj.com\/blog\/2009\/04\/22\/ulcinjanin-kabilj-kashodza-usmrtio-vepru\/\" \/>\n<meta property=\"og:site_name\" content=\"Lajme nga Ulqini\" \/>\n<meta property=\"article:published_time\" content=\"2009-04-22T15:12:04+00:00\" \/>\n<meta property=\"og:image\" content=\"http:\/\/www.visit-ulcinj.com\/blog\/wp-content\/uploads\/2009\/04\/kabilj-kashodza-iz-ulcinja-usmrtio-vepru.jpg\" \/>\n<meta name=\"twitter:label1\" content=\"Written by\" \/>\n\t<meta name=\"twitter:data1\" content=\"ulqini\" \/>\n\t<meta name=\"twitter:label2\" content=\"Est. reading time\" \/>\n\t<meta name=\"twitter:data2\" content=\"2 minutes\" \/>\n<script type=\"application\/ld+json\" class=\"yoast-schema-graph\">{\"@context\":\"https:\/\/schema.org\",\"@graph\":[{\"@type\":\"WebSite\",\"@id\":\"https:\/\/www.visit-ulcinj.com\/blog\/#website\",\"url\":\"https:\/\/www.visit-ulcinj.com\/blog\/\",\"name\":\"Lajme nga Ulqini\",\"description\":\"Lajme,Vijesti,Ulqini,Ulqin,Crna Gora,Mali i Zi\",\"potentialAction\":[{\"@type\":\"SearchAction\",\"target\":{\"@type\":\"EntryPoint\",\"urlTemplate\":\"https:\/\/www.visit-ulcinj.com\/blog\/?s={search_term_string}\"},\"query-input\":\"required name=search_term_string\"}],\"inLanguage\":\"en-US\"},{\"@type\":\"ImageObject\",\"inLanguage\":\"en-US\",\"@id\":\"https:\/\/www.visit-ulcinj.com\/blog\/2009\/04\/22\/ulcinjanin-kabilj-kashodza-usmrtio-vepru\/#primaryimage\",\"url\":\"https:\/\/www.visit-ulcinj.com\/blog\/wp-content\/uploads\/2009\/04\/kabilj-kashodza-iz-ulcinja-usmrtio-vepru.jpg\",\"contentUrl\":\"https:\/\/www.visit-ulcinj.com\/blog\/wp-content\/uploads\/2009\/04\/kabilj-kashodza-iz-ulcinja-usmrtio-vepru.jpg\",\"width\":\"624\",\"height\":\"312\"},{\"@type\":\"WebPage\",\"@id\":\"https:\/\/www.visit-ulcinj.com\/blog\/2009\/04\/22\/ulcinjanin-kabilj-kashodza-usmrtio-vepru\/#webpage\",\"url\":\"https:\/\/www.visit-ulcinj.com\/blog\/2009\/04\/22\/ulcinjanin-kabilj-kashodza-usmrtio-vepru\/\",\"name\":\"Ulcinjanin Kabilj Kashod\u017ea usmrtio Vepru - Lajme nga Ulqini\",\"isPartOf\":{\"@id\":\"https:\/\/www.visit-ulcinj.com\/blog\/#website\"},\"primaryImageOfPage\":{\"@id\":\"https:\/\/www.visit-ulcinj.com\/blog\/2009\/04\/22\/ulcinjanin-kabilj-kashodza-usmrtio-vepru\/#primaryimage\"},\"datePublished\":\"2009-04-22T15:12:04+00:00\",\"dateModified\":\"2009-04-22T15:12:04+00:00\",\"author\":{\"@id\":\"https:\/\/www.visit-ulcinj.com\/blog\/#\/schema\/person\/dcab619c614d3038751c63bc2aadc06d\"},\"description\":\"Ni Koperfild ne bi bolje Ulcinjanin Kabilj Kashod\u017ea hitnuo no\u017e ka pobje\u0161njelom vepru i usmrtio ga na licu mjesta Ulcinj - Ulcinjanin Kabilj Kashod\u017ea nije\",\"breadcrumb\":{\"@id\":\"https:\/\/www.visit-ulcinj.com\/blog\/2009\/04\/22\/ulcinjanin-kabilj-kashodza-usmrtio-vepru\/#breadcrumb\"},\"inLanguage\":\"en-US\",\"potentialAction\":[{\"@type\":\"ReadAction\",\"target\":[\"https:\/\/www.visit-ulcinj.com\/blog\/2009\/04\/22\/ulcinjanin-kabilj-kashodza-usmrtio-vepru\/\"]}]},{\"@type\":\"BreadcrumbList\",\"@id\":\"https:\/\/www.visit-ulcinj.com\/blog\/2009\/04\/22\/ulcinjanin-kabilj-kashodza-usmrtio-vepru\/#breadcrumb\",\"itemListElement\":[{\"@type\":\"ListItem\",\"position\":1,\"name\":\"Ulcinjanin Kabilj Kashod\u017ea usmrtio Vepru\"}]},{\"@type\":\"Person\",\"@id\":\"https:\/\/www.visit-ulcinj.com\/blog\/#\/schema\/person\/dcab619c614d3038751c63bc2aadc06d\",\"name\":\"ulqini\",\"sameAs\":[\"http:\/\/www.visit-ulcinj.com\"],\"url\":\"https:\/\/www.visit-ulcinj.com\/blog\/author\/admin\/\"}]}<\/script>\n<!-- \/ Yoast SEO plugin. -->","yoast_head_json":{"title":"Ulcinjanin Kabilj Kashod\u017ea usmrtio Vepru - Lajme nga Ulqini","description":"Ni Koperfild ne bi bolje Ulcinjanin Kabilj Kashod\u017ea hitnuo no\u017e ka pobje\u0161njelom vepru i usmrtio ga na licu mjesta Ulcinj - Ulcinjanin Kabilj Kashod\u017ea nije","robots":{"index":"index","follow":"follow","max-snippet":"max-snippet:-1","max-image-preview":"max-image-preview:large","max-video-preview":"max-video-preview:-1"},"canonical":"https:\/\/www.visit-ulcinj.com\/blog\/2009\/04\/22\/ulcinjanin-kabilj-kashodza-usmrtio-vepru\/","og_locale":"en_US","og_type":"article","og_title":"Ulcinjanin Kabilj Kashod\u017ea usmrtio Vepru - Lajme nga Ulqini","og_description":"Ni Koperfild ne bi bolje Ulcinjanin Kabilj Kashod\u017ea hitnuo no\u017e ka pobje\u0161njelom vepru i usmrtio ga na licu mjesta Ulcinj - Ulcinjanin Kabilj Kashod\u017ea nije","og_url":"https:\/\/www.visit-ulcinj.com\/blog\/2009\/04\/22\/ulcinjanin-kabilj-kashodza-usmrtio-vepru\/","og_site_name":"Lajme nga Ulqini","article_published_time":"2009-04-22T15:12:04+00:00","og_image":[{"url":"http:\/\/www.visit-ulcinj.com\/blog\/wp-content\/uploads\/2009\/04\/kabilj-kashodza-iz-ulcinja-usmrtio-vepru.jpg"}],"twitter_misc":{"Written by":"ulqini","Est. reading time":"2 minutes"},"schema":{"@context":"https:\/\/schema.org","@graph":[{"@type":"WebSite","@id":"https:\/\/www.visit-ulcinj.com\/blog\/#website","url":"https:\/\/www.visit-ulcinj.com\/blog\/","name":"Lajme nga Ulqini","description":"Lajme,Vijesti,Ulqini,Ulqin,Crna Gora,Mali i Zi","potentialAction":[{"@type":"SearchAction","target":{"@type":"EntryPoint","urlTemplate":"https:\/\/www.visit-ulcinj.com\/blog\/?s={search_term_string}"},"query-input":"required name=search_term_string"}],"inLanguage":"en-US"},{"@type":"ImageObject","inLanguage":"en-US","@id":"https:\/\/www.visit-ulcinj.com\/blog\/2009\/04\/22\/ulcinjanin-kabilj-kashodza-usmrtio-vepru\/#primaryimage","url":"https:\/\/www.visit-ulcinj.com\/blog\/wp-content\/uploads\/2009\/04\/kabilj-kashodza-iz-ulcinja-usmrtio-vepru.jpg","contentUrl":"https:\/\/www.visit-ulcinj.com\/blog\/wp-content\/uploads\/2009\/04\/kabilj-kashodza-iz-ulcinja-usmrtio-vepru.jpg","width":"624","height":"312"},{"@type":"WebPage","@id":"https:\/\/www.visit-ulcinj.com\/blog\/2009\/04\/22\/ulcinjanin-kabilj-kashodza-usmrtio-vepru\/#webpage","url":"https:\/\/www.visit-ulcinj.com\/blog\/2009\/04\/22\/ulcinjanin-kabilj-kashodza-usmrtio-vepru\/","name":"Ulcinjanin Kabilj Kashod\u017ea usmrtio Vepru - Lajme nga Ulqini","isPartOf":{"@id":"https:\/\/www.visit-ulcinj.com\/blog\/#website"},"primaryImageOfPage":{"@id":"https:\/\/www.visit-ulcinj.com\/blog\/2009\/04\/22\/ulcinjanin-kabilj-kashodza-usmrtio-vepru\/#primaryimage"},"datePublished":"2009-04-22T15:12:04+00:00","dateModified":"2009-04-22T15:12:04+00:00","author":{"@id":"https:\/\/www.visit-ulcinj.com\/blog\/#\/schema\/person\/dcab619c614d3038751c63bc2aadc06d"},"description":"Ni Koperfild ne bi bolje Ulcinjanin Kabilj Kashod\u017ea hitnuo no\u017e ka pobje\u0161njelom vepru i usmrtio ga na licu mjesta Ulcinj - Ulcinjanin Kabilj Kashod\u017ea nije","breadcrumb":{"@id":"https:\/\/www.visit-ulcinj.com\/blog\/2009\/04\/22\/ulcinjanin-kabilj-kashodza-usmrtio-vepru\/#breadcrumb"},"inLanguage":"en-US","potentialAction":[{"@type":"ReadAction","target":["https:\/\/www.visit-ulcinj.com\/blog\/2009\/04\/22\/ulcinjanin-kabilj-kashodza-usmrtio-vepru\/"]}]},{"@type":"BreadcrumbList","@id":"https:\/\/www.visit-ulcinj.com\/blog\/2009\/04\/22\/ulcinjanin-kabilj-kashodza-usmrtio-vepru\/#breadcrumb","itemListElement":[{"@type":"ListItem","position":1,"name":"Ulcinjanin Kabilj Kashod\u017ea usmrtio Vepru"}]},{"@type":"Person","@id":"https:\/\/www.visit-ulcinj.com\/blog\/#\/schema\/person\/dcab619c614d3038751c63bc2aadc06d","name":"ulqini","sameAs":["http:\/\/www.visit-ulcinj.com"],"url":"https:\/\/www.visit-ulcinj.com\/blog\/author\/admin\/"}]}},"jetpack_featured_media_url":"","jetpack_sharing_enabled":true,"jetpack_shortlink":"https:\/\/wp.me\/pe6lTn-4Rx","_links":{"self":[{"href":"https:\/\/www.visit-ulcinj.com\/blog\/wp-json\/wp\/v2\/posts\/18695"}],"collection":[{"href":"https:\/\/www.visit-ulcinj.com\/blog\/wp-json\/wp\/v2\/posts"}],"about":[{"href":"https:\/\/www.visit-ulcinj.com\/blog\/wp-json\/wp\/v2\/types\/post"}],"author":[{"embeddable":true,"href":"https:\/\/www.visit-ulcinj.com\/blog\/wp-json\/wp\/v2\/users\/1"}],"replies":[{"embeddable":true,"href":"https:\/\/www.visit-ulcinj.com\/blog\/wp-json\/wp\/v2\/comments?post=18695"}],"version-history":[{"count":0,"href":"https:\/\/www.visit-ulcinj.com\/blog\/wp-json\/wp\/v2\/posts\/18695\/revisions"}],"wp:attachment":[{"href":"https:\/\/www.visit-ulcinj.com\/blog\/wp-json\/wp\/v2\/media?parent=18695"}],"wp:term":[{"taxonomy":"category","embeddable":true,"href":"https:\/\/www.visit-ulcinj.com\/blog\/wp-json\/wp\/v2\/categories?post=18695"},{"taxonomy":"post_tag","embeddable":true,"href":"https:\/\/www.visit-ulcinj.com\/blog\/wp-json\/wp\/v2\/tags?post=18695"}],"curies":[{"name":"wp","href":"https:\/\/api.w.org\/{rel}","templated":true}]}}