{"id":1870,"date":"2008-06-04T08:48:57","date_gmt":"2008-06-04T13:48:57","guid":{"rendered":"http:\/\/www.visit-ulcinj.com\/blog\/?p=1870"},"modified":"2008-06-04T08:48:57","modified_gmt":"2008-06-04T13:48:57","slug":"tragedija-u-ulcinjupoginuo-milan-klikovac","status":"publish","type":"post","link":"https:\/\/www.visit-ulcinj.com\/blog\/2008\/06\/04\/tragedija-u-ulcinjupoginuo-milan-klikovac\/","title":{"rendered":"Tragedija u Ulcinju:Poginuo Milan Klikovac"},"content":{"rendered":"<p><img loading=\"lazy\" class=\"alignleft\" style=\"float: left;\" src=\"http:\/\/www.vijesti.cg.yu\/_slike\/1212445817.jpg\" alt=\"Put stoj _ada bojana\" width=\"290\" height=\"190\" \/><strong>Zemlja na putu kobna za mladi?a<\/strong><br \/>\nUlcinj \u2013 Iskopana zemlja iz kanala sa desne strane puta od Ade Bojane ka Ulcinju kasno preksino? bila je kobna za sedamnaestogodi\u0161njeg Milana Klikovca. Kako se pretpostavlja, nesre?ni mladi? je, kre?u?i se motorom iz pravca Ade ka gradu, oko pono?i naletio na nabacanu i ni?im obilje\u017eenu zemlju na asfaltu i nakon stravi?nog pada poginuo na licu mjesta.<br \/>\nIzvor \u201cVijesti\u201d iz policije kazao je da se ne isklju?uje mogu?nost da je mladi?a farovima zaslijepilo auto koje je u tom trenutku nai\u0161lo iz suprotnog smjera. Prema njegovim rije?ima, preliminarni nalazi, pak, za sada odbacuju mogu?nost da je Klikovac imao kontakt s nekim drugim vozilom. \u201cVijesti\u201d saznaju da se mladi? kobne ve?eri vra?ao ku?i sa posla.<br \/>\n&#8211; Radio je vikendom u jednom restoranu na Adi kao konobar. \u017delio je da sam zaradi za fakultet \u2013 ispri?ao je \u201cVijestima\u201d sagovornik blizak o\u017ealo\u0161?enoj familiji.<br \/>\nMilan je bio u?enik III razreda Srednje \u0161kole u Ulcinju. Bio je omiljen u dru\u0161tvu, dobar u?enik, a va\u017eio je za izuzetno mirnog i po\u0161tenog momka.<br \/>\nUvi?aj je izvr\u0161io de\u017eurni istra\u017eni sudija Osnovnog suda u Ulcinju Dragoje Jovi? u saradnji sa slu\u017ebenicima ulcinjske ispostave policije.<br \/>\nAdvokat porodice Klikovac Zoran Piperovi? najavio je tu\u017ebu protiv svih koji su na bilo koji na?in doprinijeli tragediji.<br \/>\n&#8211; Skandalozno pona\u0161anje za sada nepoznatog investitora prilikom iskopavanja sa desne strane regionalnog puta Ulcinj \u2013 Ada Bojana bez sumnje je prouzrokovalo Milanovu smrt. Nano\u0161enje zemlje na kolovoz, ?ime se drasti?no smanjuje njegova povr\u0161ina kriminalan je ?in ukoliko nema adekvatne, obavezuju?e signalizacije. Zanimljivo je da se na tom dijelu puta radovi izvode 30 dana i prosto je neshvatljivo da ne postoji ni jedan jedini znak koji bi upozorio na su\u017eavanje asfaltne povr\u0161ine \u2013 kazao je Piperovi? \u201dVijestima\u201d.<a href=\"http:\/\/www.visit-ulcinj.com\/blog\/wp-content\/uploads\/2008\/06\/zoran-piperovic.jpg\"><img loading=\"lazy\" class=\"alignright attachment wp-att-1871\" style=\"float: right;\" src=\"http:\/\/www.visit-ulcinj.com\/blog\/wp-content\/uploads\/2008\/06\/zoran-piperovic.thumbnail.jpg\" alt=\"zoran piperovic_ulcinj\" width=\"200\" height=\"131\" \/><\/a><br \/>\nOn tvrdi da su na tom dijelu puta morali biti postavljeni svjetlosni trep?u?i stubovi koji bi upozoravali voza?e da nailaze na zemlju koja je brdovito naslagana na kolovozu.<br \/>\n&#8211; Pitam MUP i sud da li su utvrdili ko je investitor, ko je izvo?a? radova, ko je trebalo da brine o sigurnosti na regionalnom putu i da li je iko od odgovornih priveden i saslu\u0161an. Ovo djelo je za zatvor. Naravno, to ne?e biti utjeha Milanovim roditeljima, ali Bo\u017eja pravda svakako \u2013 kazao je Piperovi?.<br \/>\nU ulcinjskoj Elektrodistribuciji \u201cVijesti\u201d saznaju da je izvo?a? radova na putu ka Adi budvanska firma \u201cInfo plan\u201d koja za potrebe Elektroprivrede Crne Gore postavlja podzemne kablove za dalekovod. Me?utim, \u201cVijesti\u201d ju?e nijesu uspjele da stupe u kontakt sa izvo?a?em radova i dobiju komentar na optu\u017ebe jer se \u0161ef gradili\u0161ta nije javljao na telefonske pozive.<br \/>\nTako?e, saznajemo da ulcinjska policija do sino? nije privodila nikog ko bi eventualno mogao da bude odgovoran za tragediju.<br \/>\n<strong> S.A.<br \/>\nIzvor \/ Vijesti<\/strong><\/p>\n","protected":false},"excerpt":{"rendered":"<p><img loading=\"lazy\" class=\"alignleft\" style=\"float: left;\" src=\"http:\/\/www.vijesti.cg.yu\/_slike\/1212445817.jpg\" alt=\"Put stoj _ada bojana\" width=\"140\" height=\"140\" \/><\/p>\n","protected":false},"author":1,"featured_media":0,"comment_status":"open","ping_status":"closed","sticky":false,"template":"","format":"standard","meta":{"spay_email":"","jetpack_publicize_message":"","jetpack_is_tweetstorm":false,"jetpack_publicize_feature_enabled":true},"categories":[1,12],"tags":[138,3705,3704,3702,3703,19,2133],"jetpack_publicize_connections":[],"yoast_head":"<!-- This site is optimized with the Yoast SEO plugin v19.1 - https:\/\/yoast.com\/wordpress\/plugins\/seo\/ -->\n<title>Tragedija u Ulcinju:Poginuo Milan Klikovac - Lajme nga Ulqini<\/title>\n<meta name=\"robots\" content=\"index, follow, max-snippet:-1, max-image-preview:large, max-video-preview:-1\" \/>\n<link rel=\"canonical\" href=\"https:\/\/www.visit-ulcinj.com\/blog\/2008\/06\/04\/tragedija-u-ulcinjupoginuo-milan-klikovac\/\" \/>\n<meta property=\"og:locale\" content=\"en_US\" \/>\n<meta property=\"og:type\" content=\"article\" \/>\n<meta property=\"og:title\" content=\"Tragedija u Ulcinju:Poginuo Milan Klikovac - Lajme nga Ulqini\" \/>\n<meta property=\"og:url\" content=\"https:\/\/www.visit-ulcinj.com\/blog\/2008\/06\/04\/tragedija-u-ulcinjupoginuo-milan-klikovac\/\" \/>\n<meta property=\"og:site_name\" content=\"Lajme nga Ulqini\" \/>\n<meta property=\"article:published_time\" content=\"2008-06-04T13:48:57+00:00\" \/>\n<meta property=\"og:image\" content=\"http:\/\/www.vijesti.cg.yu\/_slike\/1212445817.jpg\" \/>\n<meta name=\"twitter:label1\" content=\"Written by\" \/>\n\t<meta name=\"twitter:data1\" content=\"ulqini\" \/>\n\t<meta name=\"twitter:label2\" content=\"Est. reading time\" \/>\n\t<meta name=\"twitter:data2\" content=\"2 minutes\" \/>\n<script type=\"application\/ld+json\" class=\"yoast-schema-graph\">{\"@context\":\"https:\/\/schema.org\",\"@graph\":[{\"@type\":\"WebSite\",\"@id\":\"https:\/\/www.visit-ulcinj.com\/blog\/#website\",\"url\":\"https:\/\/www.visit-ulcinj.com\/blog\/\",\"name\":\"Lajme nga Ulqini\",\"description\":\"Lajme,Vijesti,Ulqini,Ulqin,Crna Gora,Mali i Zi\",\"potentialAction\":[{\"@type\":\"SearchAction\",\"target\":{\"@type\":\"EntryPoint\",\"urlTemplate\":\"https:\/\/www.visit-ulcinj.com\/blog\/?s={search_term_string}\"},\"query-input\":\"required name=search_term_string\"}],\"inLanguage\":\"en-US\"},{\"@type\":\"ImageObject\",\"inLanguage\":\"en-US\",\"@id\":\"https:\/\/www.visit-ulcinj.com\/blog\/2008\/06\/04\/tragedija-u-ulcinjupoginuo-milan-klikovac\/#primaryimage\",\"url\":\"http:\/\/www.vijesti.cg.yu\/_slike\/1212445817.jpg\",\"contentUrl\":\"http:\/\/www.vijesti.cg.yu\/_slike\/1212445817.jpg\"},{\"@type\":\"WebPage\",\"@id\":\"https:\/\/www.visit-ulcinj.com\/blog\/2008\/06\/04\/tragedija-u-ulcinjupoginuo-milan-klikovac\/#webpage\",\"url\":\"https:\/\/www.visit-ulcinj.com\/blog\/2008\/06\/04\/tragedija-u-ulcinjupoginuo-milan-klikovac\/\",\"name\":\"Tragedija u Ulcinju:Poginuo Milan Klikovac - Lajme nga Ulqini\",\"isPartOf\":{\"@id\":\"https:\/\/www.visit-ulcinj.com\/blog\/#website\"},\"primaryImageOfPage\":{\"@id\":\"https:\/\/www.visit-ulcinj.com\/blog\/2008\/06\/04\/tragedija-u-ulcinjupoginuo-milan-klikovac\/#primaryimage\"},\"datePublished\":\"2008-06-04T13:48:57+00:00\",\"dateModified\":\"2008-06-04T13:48:57+00:00\",\"author\":{\"@id\":\"https:\/\/www.visit-ulcinj.com\/blog\/#\/schema\/person\/dcab619c614d3038751c63bc2aadc06d\"},\"breadcrumb\":{\"@id\":\"https:\/\/www.visit-ulcinj.com\/blog\/2008\/06\/04\/tragedija-u-ulcinjupoginuo-milan-klikovac\/#breadcrumb\"},\"inLanguage\":\"en-US\",\"potentialAction\":[{\"@type\":\"ReadAction\",\"target\":[\"https:\/\/www.visit-ulcinj.com\/blog\/2008\/06\/04\/tragedija-u-ulcinjupoginuo-milan-klikovac\/\"]}]},{\"@type\":\"BreadcrumbList\",\"@id\":\"https:\/\/www.visit-ulcinj.com\/blog\/2008\/06\/04\/tragedija-u-ulcinjupoginuo-milan-klikovac\/#breadcrumb\",\"itemListElement\":[{\"@type\":\"ListItem\",\"position\":1,\"name\":\"Tragedija u Ulcinju:Poginuo Milan Klikovac\"}]},{\"@type\":\"Person\",\"@id\":\"https:\/\/www.visit-ulcinj.com\/blog\/#\/schema\/person\/dcab619c614d3038751c63bc2aadc06d\",\"name\":\"ulqini\",\"sameAs\":[\"http:\/\/www.visit-ulcinj.com\"],\"url\":\"https:\/\/www.visit-ulcinj.com\/blog\/author\/admin\/\"}]}<\/script>\n<!-- \/ Yoast SEO plugin. -->","yoast_head_json":{"title":"Tragedija u Ulcinju:Poginuo Milan Klikovac - Lajme nga Ulqini","robots":{"index":"index","follow":"follow","max-snippet":"max-snippet:-1","max-image-preview":"max-image-preview:large","max-video-preview":"max-video-preview:-1"},"canonical":"https:\/\/www.visit-ulcinj.com\/blog\/2008\/06\/04\/tragedija-u-ulcinjupoginuo-milan-klikovac\/","og_locale":"en_US","og_type":"article","og_title":"Tragedija u Ulcinju:Poginuo Milan Klikovac - Lajme nga Ulqini","og_url":"https:\/\/www.visit-ulcinj.com\/blog\/2008\/06\/04\/tragedija-u-ulcinjupoginuo-milan-klikovac\/","og_site_name":"Lajme nga Ulqini","article_published_time":"2008-06-04T13:48:57+00:00","og_image":[{"url":"http:\/\/www.vijesti.cg.yu\/_slike\/1212445817.jpg"}],"twitter_misc":{"Written by":"ulqini","Est. reading time":"2 minutes"},"schema":{"@context":"https:\/\/schema.org","@graph":[{"@type":"WebSite","@id":"https:\/\/www.visit-ulcinj.com\/blog\/#website","url":"https:\/\/www.visit-ulcinj.com\/blog\/","name":"Lajme nga Ulqini","description":"Lajme,Vijesti,Ulqini,Ulqin,Crna Gora,Mali i Zi","potentialAction":[{"@type":"SearchAction","target":{"@type":"EntryPoint","urlTemplate":"https:\/\/www.visit-ulcinj.com\/blog\/?s={search_term_string}"},"query-input":"required name=search_term_string"}],"inLanguage":"en-US"},{"@type":"ImageObject","inLanguage":"en-US","@id":"https:\/\/www.visit-ulcinj.com\/blog\/2008\/06\/04\/tragedija-u-ulcinjupoginuo-milan-klikovac\/#primaryimage","url":"http:\/\/www.vijesti.cg.yu\/_slike\/1212445817.jpg","contentUrl":"http:\/\/www.vijesti.cg.yu\/_slike\/1212445817.jpg"},{"@type":"WebPage","@id":"https:\/\/www.visit-ulcinj.com\/blog\/2008\/06\/04\/tragedija-u-ulcinjupoginuo-milan-klikovac\/#webpage","url":"https:\/\/www.visit-ulcinj.com\/blog\/2008\/06\/04\/tragedija-u-ulcinjupoginuo-milan-klikovac\/","name":"Tragedija u Ulcinju:Poginuo Milan Klikovac - Lajme nga Ulqini","isPartOf":{"@id":"https:\/\/www.visit-ulcinj.com\/blog\/#website"},"primaryImageOfPage":{"@id":"https:\/\/www.visit-ulcinj.com\/blog\/2008\/06\/04\/tragedija-u-ulcinjupoginuo-milan-klikovac\/#primaryimage"},"datePublished":"2008-06-04T13:48:57+00:00","dateModified":"2008-06-04T13:48:57+00:00","author":{"@id":"https:\/\/www.visit-ulcinj.com\/blog\/#\/schema\/person\/dcab619c614d3038751c63bc2aadc06d"},"breadcrumb":{"@id":"https:\/\/www.visit-ulcinj.com\/blog\/2008\/06\/04\/tragedija-u-ulcinjupoginuo-milan-klikovac\/#breadcrumb"},"inLanguage":"en-US","potentialAction":[{"@type":"ReadAction","target":["https:\/\/www.visit-ulcinj.com\/blog\/2008\/06\/04\/tragedija-u-ulcinjupoginuo-milan-klikovac\/"]}]},{"@type":"BreadcrumbList","@id":"https:\/\/www.visit-ulcinj.com\/blog\/2008\/06\/04\/tragedija-u-ulcinjupoginuo-milan-klikovac\/#breadcrumb","itemListElement":[{"@type":"ListItem","position":1,"name":"Tragedija u Ulcinju:Poginuo Milan Klikovac"}]},{"@type":"Person","@id":"https:\/\/www.visit-ulcinj.com\/blog\/#\/schema\/person\/dcab619c614d3038751c63bc2aadc06d","name":"ulqini","sameAs":["http:\/\/www.visit-ulcinj.com"],"url":"https:\/\/www.visit-ulcinj.com\/blog\/author\/admin\/"}]}},"jetpack_featured_media_url":"","jetpack_sharing_enabled":true,"jetpack_shortlink":"https:\/\/wp.me\/pe6lTn-ua","_links":{"self":[{"href":"https:\/\/www.visit-ulcinj.com\/blog\/wp-json\/wp\/v2\/posts\/1870"}],"collection":[{"href":"https:\/\/www.visit-ulcinj.com\/blog\/wp-json\/wp\/v2\/posts"}],"about":[{"href":"https:\/\/www.visit-ulcinj.com\/blog\/wp-json\/wp\/v2\/types\/post"}],"author":[{"embeddable":true,"href":"https:\/\/www.visit-ulcinj.com\/blog\/wp-json\/wp\/v2\/users\/1"}],"replies":[{"embeddable":true,"href":"https:\/\/www.visit-ulcinj.com\/blog\/wp-json\/wp\/v2\/comments?post=1870"}],"version-history":[{"count":0,"href":"https:\/\/www.visit-ulcinj.com\/blog\/wp-json\/wp\/v2\/posts\/1870\/revisions"}],"wp:attachment":[{"href":"https:\/\/www.visit-ulcinj.com\/blog\/wp-json\/wp\/v2\/media?parent=1870"}],"wp:term":[{"taxonomy":"category","embeddable":true,"href":"https:\/\/www.visit-ulcinj.com\/blog\/wp-json\/wp\/v2\/categories?post=1870"},{"taxonomy":"post_tag","embeddable":true,"href":"https:\/\/www.visit-ulcinj.com\/blog\/wp-json\/wp\/v2\/tags?post=1870"}],"curies":[{"name":"wp","href":"https:\/\/api.w.org\/{rel}","templated":true}]}}