{"id":18706,"date":"2009-04-22T17:56:01","date_gmt":"2009-04-22T15:56:01","guid":{"rendered":"http:\/\/www.visit-ulcinj.com\/blog\/?p=18706"},"modified":"2009-04-22T18:24:02","modified_gmt":"2009-04-22T16:24:02","slug":"turisticka-ponuda-crne-gore-predstavljena-u-cacku","status":"publish","type":"post","link":"https:\/\/www.visit-ulcinj.com\/blog\/2009\/04\/22\/turisticka-ponuda-crne-gore-predstavljena-u-cacku\/","title":{"rendered":"Turisti?ka ponuda Crne Gore predstavljena u ?a?ku,Kraljevu,Kragujevcu, Zrenjanin,Subotica,Novi Sad,"},"content":{"rendered":"<p><a href=\"http:\/\/www.visit-ulcinj.com\/blog\/wp-content\/uploads\/2009\/04\/odrzana-prezentacija-turisticke-ponude-crne-gore-u-cacku.jpg\"><img loading=\"lazy\" class=\"alignleft size-full wp-image-18707\" title=\"odrzana-prezentacija-turisticke-ponude-crne-gore-u-cacku\" src=\"http:\/\/www.visit-ulcinj.com\/blog\/wp-content\/uploads\/2009\/04\/odrzana-prezentacija-turisticke-ponude-crne-gore-u-cacku.jpg\" alt=\"odrzana-prezentacija-turisticke-ponude-crne-gore-u-cacku\" width=\"570\" height=\"350\" \/><\/a>U sklopu promotivnih aktivnosti na tr\u017eistu regiona, danas je odr\u017eana prezentacija turisti?ke ponude Crne Gore u ?a?ku, u prostorijama hotela &#8220;Beograd&#8221;, sa po?etkom u 12 h.<\/p>\n<p>Na prezentaciji su ispred Nacionalne turisti?ke organizacije Crne Gore govorili Maja Lije\u0161evi?, pomo?nik direktora, i Emil Kukalj, saradnik, kao i Predrag Zec iz Turisti?ke organizacije Budve.<\/p>\n<p>Ovom prilikom predstavljena je turisti?ka ponuda Crne Gore, mjere i akcije u cilju pobolj\u0161anja kvaliteta i cjenovne konkurentnosti ponude Crne Gore za ovu sezonu, kao i neki rezultati istra\u017eivanja tr\u017ei\u0161ta za pro\u0161lu godinu sa posebnim osvrtom na turiste iz Srbije.<\/p>\n<p>Novinari i predstavnici turisti?ke privrede su, postavljaju?i brojna pitanja, i u posebnim intervijuima za lokalne medije, pokazali najve?e interesovanje za aktuelne cijene za ovogodi\u0161nju sezonu, eko naknadu, grani?ne prelaze i putnu infrastrukturu, zdravstveno osiguranje i za\u0161titu, posebno u slu?ajevima eventualnih virusnih infekcija koje su specifi?ne za ljetnji period.<\/p>\n<p>Nakon prezentacije organizovan je koktel, sa crnogorskim kulinarskim specijalitetima, kome je prisustvovalo preko 40 zvanica, predstavnika Turisti?ke organizacije ?a?ka i privrede grada ?a?ka, turisti?kih agencija i medija, me?u kojima su bili i novinari \u201eStudija M\u201c, \u201eMoja TV\u201c, dopisnici \u201eTanjuga\u201c, \u201ePolitike\u201c, \u201e?a?anskih novina\u201c, \u201eTV ?a?ka\u201c, \u201e?a?anskog Glasa\u201c i dr.<\/p>\n<p>Promotivna kampanja se nastavlja sjutra u Kragujevcu.<\/p>\n<p><a href=\"http:\/\/www.montenegro.travel\/xxl\/sr\/945604\/index.html\" target=\"_blank\"><strong>Nacionalna turisti?ka organizacije Crne Gore<\/strong><\/a><\/p>\n<div><object width=\"570\" height=\"375\" data=\"http:\/\/videooglasi.net\/embed-player-280\" type=\"application\/x-shockwave-flash\"><param name=\"src\" value=\"http:\/\/videooglasi.net\/embed-player-280\" \/><\/object><\/div>\n<p><strong><\/strong><strong>Predstavljena je turisti?ka ponuda Crne Gore u Kraljevu<\/strong><\/p>\n<div>Danas je odr\u017eana prezentacija turisti?ke ponude Crne Gore u Kraljevu, u prostorijama \u201eMedia centra\u201c, sa po?etkom u 12 h.<\/p>\n<p>Ovom prilikom predstavljena je turisti?ka ponuda Crne Gore, mjere i akcije u cilju pobolj\u0161anja kvaliteta i konkurentnosti ponude Crne Gore za ovu sezonu.<\/p>\n<p>Na prezentaciji su govorili Emil Kukalj, saradnik u Nacionalnoj turistickoj organizaciji Crne Gore i Predrag Zec iz Turisticke organizacije Budve. Nakon prezentacije uprili?en je koktel, sa crnogorskim specijalitetima, na kojem je prisustvovalo preko 20 zvanica, predstavnika Turisti?ke organizacije Kraljeva i privrede grada Kraljeva, turisti?kih agencija i medija, me?u kojima su bili novinari: TV Kraljeva, Ka TV, Politike, TV Navigatora, RTV Melosa i dr.<\/p>\n<p>Novinari su, postavljaju?i brojna pitanja i u posebnim intervijuima za svoj informativni program, pokazali najve?e interesovanje za aktuelne cijene za ovogodi\u0161nju sezonu, eko nadoknadu, grani?ne prelaze i putnu infrastrukturu, za bolju povezanost sa agencijama i hotelima, zdravstveno osiguranje, turisti?ke manifestacije, ponudu za planinarenje i biciklizam itd.<\/p>\n<p>Kampanja se nastavlja sjutra u ?a?ku i prekosjutra u Kragujevcu.<\/p><\/div>\n<div><strong><a href=\"http:\/\/www.montenegro.travel\/xxl\/sr\/945604\/index.html\" target=\"_blank\"><strong>Nacionalna turisti?ka organizacije Crne Gore<\/strong><\/a><\/strong><\/div>\n<div><strong>Odr\u017eana prezentacija turisti?ke ponude Crne Gore u Zrenjaninu<\/strong><\/div>\n<div><strong><\/strong>Danas je odr\u017eana prezentacija turisti?ke ponude Crne Gore u Zrenjaninu, u prostorijama Regionalne Privredne Komore Zrenjanina.<\/p>\n<p>Ovom prilikom predstavljena je turisti?ka ponuda Crne Gore, mjere i akcije u cilju pobolj\u0161anja kvaliteta i konkurentnosti ponude Crne Gore za ovu sezonu. Prezentaciju, na kojoj su govorili Maja Lije\u0161evi?, pomo?nik direktora NTO CG, Tanja Dra\u0161kovi?, PR menadzer TO Budve i \u017darko ?urovi?, direktor Montenegro Airlinesa za Srbiju, otvorio je uvodnom rije?ju gospodin Milan Radovanovi?, presjednik RPK Zrenjanina, \u017eele?i dobrodo\u0161licu i upu?iju?i najiskrenije \u017eelje za uspje\u0161nu turisti?ku sezonu. Tako?e, i na ovoj prezentaciji aktivno u?e\u0161?e uzeli su predstavnici hotela Mediteran iz Be?i?a.\u00a0 Nakon prezentacije uprili?en je koktel, na kojem je prisustvovalo preko 40 zvanica, predstavnika Turisti?ke organizacije Zrenjanina i privrede grada Zrenjanina, turisti?kih agencija i medija, me?u kojima su bili novinari televizija: \u201eTV Santos\u201c, \u201eKTV Zrenjanin\u201c i lokalnog \u0161tampanog medija \u201eList Zrenjanin\u201c.\u00a0 Novinari su, postavljaju?i brojna pitanja i u posebnim intervijuima za svoj informativni program, pokazali najve?e interesovanje za aktuelno sni\u017eenje cijena usluga za ovogodi\u0161nju sezonu, eko nadoknadu, grani?ne prelaze i putnu infrastrukturu, za bolju povezanost sa agencijama i hotelima, zdravstveno osiguranje, turisti?ke manifestacije, ponudu za planinarenje i biciklizam, mogu?nostima i potrebama za zapo\u0161ljavanje nerezidenata itd.\u00a0 Ovom prezentacijom se zavr\u0161ava prvi dio kampanje na teritoriji pokrajne Vojvodine. Kampanja se nastavlja naredne nedjelje, nakon Uskr\u0161njih praznika, po gradovima centralne Srbije &#8211; Kraljevo, ?a?ak i Kragujevac.<\/p>\n<p>Nakon Novog Sada, Nacionalna turisti?ka organizacija Crne Gore organizovala je dana 15. 04. o.g. prezentaciju turisti?ke ponude Crne Gore u Subotici, u hotelu \u201eGlorija\u201c sa po?etkom u 12h.<\/p>\n<p><strong><a href=\"http:\/\/www.montenegro.travel\/xxl\/sr\/945604\/index.html\" target=\"_blank\"><strong>Nacionalna turisti?ka organizacije Crne Gore<\/strong><\/a><\/strong><\/div>\n<div><strong><strong><\/p>\n<p><\/strong><\/strong><\/div>\n<div><strong><strong><\/p>\n<p><\/strong><\/strong><\/div>\n<div>Predstavljena je turisti?ka ponuda Crne Gore, mjere i akcije u cilju pobolj\u0161anja kvaliteta i konkurentnosti ponude Crne Gore za ovu sezonu.<\/div>\n<div>\n<div><object width=\"400\" height=\"319\" data=\"http:\/\/videooglasi.net\/embed-player-287\" type=\"application\/x-shockwave-flash\"><param name=\"src\" value=\"http:\/\/videooglasi.net\/embed-player-287\" \/><param name=\"wmode\" value=\"transparent\" \/><param name=\"quality\" value=\"high\" \/><\/object><\/div>\n<p>Prezentaciji na kojoj su govorili Maja Lije\u0161evi?, pomo?nik direktora NTO CG i Tanja Dra\u0161kovi?, PR menad\u017eer TO Budve, nakon koje je uprili?en koktel sa degustacijom crnogorskih specijaliteta, prisustvovalo je preko 30 zvanica, predstavnika turisti?ke privrede grada Subotice i regiona sjeverne Vojvodine, kao i predstavnika medija me?u kojima su bili novinari televizija: RTV \u201eYU-ECO\u201c, RTV \u201eCity\u201c, TV \u201eFTRAVEL\u201c i \u201eDinovizija TV\u201c, a tako?e i lokalnog dnevnika \u201eSuboti?ke novine\u201c.<\/p>\n<p>Novinari su u pojedina?nim intervjuima, koji su organizovani nakon prezentacije,pokazali najve?e interesovanje za aktuelne cijene za ovogodi\u0161nju sezonu, kako smje\u0161taja, tako i vanpansiona, zatim za eko naknadu, turisti?ke manifestacije, Mediteranski festival u Budvi, ponudu za planinarenje i biciklizam itd.<\/p>\n<p>Aktivno u?e\u0161?e u prezentaciji uzeli su predstavnici hotela \u201eMediteran\u201c iz Be?i?a, i direktor \u201eMontenegro Airlines\u201c-a za Srbiju, gospodin \u017darko Djurovi?.<\/p>\n<p>Ve? sjutra se nastavlja promocija u Vojvodini, i to\u00a0 prezentacijom i press konferencijom koja ?e se odr\u017eati u Privrednoj komori u Zrenjaninu.<\/p><\/div>\n<div><strong><a href=\"http:\/\/www.montenegro.travel\/xxl\/sr\/945604\/index.html\" target=\"_blank\"><strong>Nacionalna turisti?ka organizacije Crne Gore<\/strong><\/a><\/strong><\/div>\n<div><strong><strong><!-- vimeo error: not a vimeo video --><\/strong><\/strong><\/div>\n<div>\n<p><strong>Nacionalna turisti?ka organizacija Crne Gore je danas, 14. aprila o.g., u saradnji sa turisti?kim organizacijama Budve i Tivta , organizovala prezentaciju turisti?ke ponude Crne Gore u Novom Sadu u sklopu kampanje Road Show 2009, u Press Sali Hotela Park<\/strong><\/p>\n<p>Pomo?nik direktora Nacionalne turisti?ke organizacije Crne Gore, Maja Lije\u0161evi?,\u00a0 predstavila je novine integralne turisti?ke ponude Crne Gore,\u00a0 kao i konkretne mjere i aktivnosti koje su preduzete na svim nivoima u zemlji u cilju pobolj\u0161anja kvaliteta i konkurentnosti ponude Crne Gore u vanrednim uslovima globalne ekonomske krize.<\/p>\n<p>Dubravka Nik?evi?, direktor TO Tivta, i Tanja Dra\u0161kovi?, PR menadzer TO Budve, prezentovali su karakteristike ovogodi\u0161nje ponude Tivta i Budve.<\/p>\n<p>Ovogodi\u0161nja prezanacija, za razliku od prezentacija prethodnih godina u ovom gradu, obuhvatila je i workshop \u2013 direktne susrete izmedju predstavnika turisti?ke privrede, hotelijera i agencija iz Crne Gore i Novog Sada.\u00a0 Aktivno u?e\u0161?e u ovom djelu prezentacije uzeli su predstavnici lokalnih turisti?kih organizacija Budve i Tivta,\u00a0 predstavnici hotela \u201eMediteran\u201c iz Be?i?a, \u201eHotels Group Montenegro Stars\u201c iz Be?i?a, turisti?ke\u00a0 agencije \u201eAdriatic Express\u201c, kao i predstavnici menad\u017ementa nacionalne aviokompanije \u201eMontenegro Airlines\u201c za tr\u017ei\u0161te Srbije.<\/p>\n<p>Prezentaciji nakon koje je uprili?en koktel prisustvovalo je preko 50 zvanica, predstavnika turisti?ke privrede\u00a0 grada Novog Sada i pokrajine Vojvodine i medija, me?u kojima su bili novinari najzna?ajnijih medija ovog Regiona: RTV Vojvodine, Delta TV, TV Apolo, RTV 2-ma?arska redakcija, TV Jesenjin, radio stanica Buca, Radio 021 i Radio Novi Sad, novinar Kosmopolit-a, kao i 20-tak predstavnika turisti?kih agencija iz Novog Sada koje rade tr\u017ei\u0161te Crne Gore. Novinari i predstavnici turisti?kih agencija su nakon prezentacije brojnim pitanjima kao i u posebnim intervijuima pokazali najve?e interesovanje za cijene za sezonu 2009, proceduru na grani?nim prelazima prilikom ulaska u Crnu Goru, eko taksu,\u00a0 kao i za infrastrukturna ulaganja a posebno kada je u pitanju vodosnabdjevanje i\u00a0 saobra?ajna povezanost.<\/p>\n<p>Ovo je druga u nizu prezentacija crnogorske turisti?ke ponude, nakon prezentacije u Ni\u0161u, a prva na teritoriji Pokrajine Vojvodine, kojom Nacionalna turisti?ka organizacija Crne Gore u saradnji sa Ministarstvom turizma i za\u0161tite \u017eivotne sredine i lokalnim turisti?kim organizacijama, strate\u0161kim partnerima i turisti?kom privredom realizuje ovogodi\u0161nju promociju po regionu.<\/p>\n<p>Kampanja u Vojvodini se nastavlja ve? sjutra\u00a0 promocijom u Subotici.<\/p>\n<p><strong><a href=\"http:\/\/www.montenegro.travel\/xxl\/sr\/945604\/index.html\" target=\"_blank\"><strong>Nacionalna turisti?ka organizacije Crne Gore<\/strong><\/a><\/strong><\/div>\n","protected":false},"excerpt":{"rendered":"<p>U sklopu promotivnih aktivnosti na tr\u017eistu regiona, danas je odr\u017eana prezentacija turisti?ke ponude Crne Gore u ?a?ku, u prostorijama hotela &#8220;Beograd&#8221;, sa po?etkom u 12 h. Na prezentaciji su ispred Nacionalne turisti?ke organizacije Crne Gore govorili Maja Lije\u0161evi?, pomo?nik direktora, i Emil Kukalj, saradnik, kao i Predrag Zec iz Turisti?ke organizacije Budve. Ovom prilikom predstavljena [&hellip;]<\/p>\n","protected":false},"author":1,"featured_media":0,"comment_status":"open","ping_status":"closed","sticky":false,"template":"","format":"standard","meta":{"spay_email":"","jetpack_publicize_message":"","jetpack_is_tweetstorm":false,"jetpack_publicize_feature_enabled":true},"categories":[8337],"tags":[9458],"jetpack_publicize_connections":[],"yoast_head":"<!-- This site is optimized with the Yoast SEO plugin v19.1 - https:\/\/yoast.com\/wordpress\/plugins\/seo\/ -->\n<title>Turisti?ka ponuda Crne Gore predstavljena u ?a?ku,Kraljevu,Kragujevcu, Zrenjanin,Subotica,Novi Sad, - Lajme nga Ulqini<\/title>\n<meta name=\"description\" content=\"U sklopu promotivnih aktivnosti na tr\u017eistu regiona, danas je odr\u017eana prezentacija turisti?ke ponude Crne Gore u ?a?ku, u prostorijama hotela &quot;Beograd&quot;, sa\" \/>\n<meta name=\"robots\" content=\"index, follow, max-snippet:-1, max-image-preview:large, max-video-preview:-1\" \/>\n<link rel=\"canonical\" href=\"https:\/\/www.visit-ulcinj.com\/blog\/2009\/04\/22\/turisticka-ponuda-crne-gore-predstavljena-u-cacku\/\" \/>\n<meta property=\"og:locale\" content=\"en_US\" \/>\n<meta property=\"og:type\" content=\"article\" \/>\n<meta property=\"og:title\" content=\"Turisti?ka ponuda Crne Gore predstavljena u ?a?ku,Kraljevu,Kragujevcu, Zrenjanin,Subotica,Novi Sad, - Lajme nga Ulqini\" \/>\n<meta property=\"og:description\" content=\"U sklopu promotivnih aktivnosti na tr\u017eistu regiona, danas je odr\u017eana prezentacija turisti?ke ponude Crne Gore u ?a?ku, u prostorijama hotela &quot;Beograd&quot;, sa\" \/>\n<meta property=\"og:url\" content=\"https:\/\/www.visit-ulcinj.com\/blog\/2009\/04\/22\/turisticka-ponuda-crne-gore-predstavljena-u-cacku\/\" \/>\n<meta property=\"og:site_name\" content=\"Lajme nga Ulqini\" \/>\n<meta property=\"article:published_time\" content=\"2009-04-22T15:56:01+00:00\" \/>\n<meta property=\"article:modified_time\" content=\"2009-04-22T16:24:02+00:00\" \/>\n<meta property=\"og:image\" content=\"http:\/\/www.visit-ulcinj.com\/blog\/wp-content\/uploads\/2009\/04\/odrzana-prezentacija-turisticke-ponude-crne-gore-u-cacku.jpg\" \/>\n<meta name=\"twitter:label1\" content=\"Written by\" \/>\n\t<meta name=\"twitter:data1\" content=\"ulqini\" \/>\n\t<meta name=\"twitter:label2\" content=\"Est. reading time\" \/>\n\t<meta name=\"twitter:data2\" content=\"7 minutes\" \/>\n<script type=\"application\/ld+json\" class=\"yoast-schema-graph\">{\"@context\":\"https:\/\/schema.org\",\"@graph\":[{\"@type\":\"WebSite\",\"@id\":\"https:\/\/www.visit-ulcinj.com\/blog\/#website\",\"url\":\"https:\/\/www.visit-ulcinj.com\/blog\/\",\"name\":\"Lajme nga Ulqini\",\"description\":\"Lajme,Vijesti,Ulqini,Ulqin,Crna Gora,Mali i Zi\",\"potentialAction\":[{\"@type\":\"SearchAction\",\"target\":{\"@type\":\"EntryPoint\",\"urlTemplate\":\"https:\/\/www.visit-ulcinj.com\/blog\/?s={search_term_string}\"},\"query-input\":\"required name=search_term_string\"}],\"inLanguage\":\"en-US\"},{\"@type\":\"ImageObject\",\"inLanguage\":\"en-US\",\"@id\":\"https:\/\/www.visit-ulcinj.com\/blog\/2009\/04\/22\/turisticka-ponuda-crne-gore-predstavljena-u-cacku\/#primaryimage\",\"url\":\"https:\/\/www.visit-ulcinj.com\/blog\/wp-content\/uploads\/2009\/04\/odrzana-prezentacija-turisticke-ponude-crne-gore-u-cacku.jpg\",\"contentUrl\":\"https:\/\/www.visit-ulcinj.com\/blog\/wp-content\/uploads\/2009\/04\/odrzana-prezentacija-turisticke-ponude-crne-gore-u-cacku.jpg\",\"width\":\"460\",\"height\":\"220\"},{\"@type\":\"WebPage\",\"@id\":\"https:\/\/www.visit-ulcinj.com\/blog\/2009\/04\/22\/turisticka-ponuda-crne-gore-predstavljena-u-cacku\/#webpage\",\"url\":\"https:\/\/www.visit-ulcinj.com\/blog\/2009\/04\/22\/turisticka-ponuda-crne-gore-predstavljena-u-cacku\/\",\"name\":\"Turisti?ka ponuda Crne Gore predstavljena u ?a?ku,Kraljevu,Kragujevcu, Zrenjanin,Subotica,Novi Sad, - Lajme nga Ulqini\",\"isPartOf\":{\"@id\":\"https:\/\/www.visit-ulcinj.com\/blog\/#website\"},\"primaryImageOfPage\":{\"@id\":\"https:\/\/www.visit-ulcinj.com\/blog\/2009\/04\/22\/turisticka-ponuda-crne-gore-predstavljena-u-cacku\/#primaryimage\"},\"datePublished\":\"2009-04-22T15:56:01+00:00\",\"dateModified\":\"2009-04-22T16:24:02+00:00\",\"author\":{\"@id\":\"https:\/\/www.visit-ulcinj.com\/blog\/#\/schema\/person\/dcab619c614d3038751c63bc2aadc06d\"},\"description\":\"U sklopu promotivnih aktivnosti na tr\u017eistu regiona, danas je odr\u017eana prezentacija turisti?ke ponude Crne Gore u ?a?ku, u prostorijama hotela \\\"Beograd\\\", sa\",\"breadcrumb\":{\"@id\":\"https:\/\/www.visit-ulcinj.com\/blog\/2009\/04\/22\/turisticka-ponuda-crne-gore-predstavljena-u-cacku\/#breadcrumb\"},\"inLanguage\":\"en-US\",\"potentialAction\":[{\"@type\":\"ReadAction\",\"target\":[\"https:\/\/www.visit-ulcinj.com\/blog\/2009\/04\/22\/turisticka-ponuda-crne-gore-predstavljena-u-cacku\/\"]}]},{\"@type\":\"BreadcrumbList\",\"@id\":\"https:\/\/www.visit-ulcinj.com\/blog\/2009\/04\/22\/turisticka-ponuda-crne-gore-predstavljena-u-cacku\/#breadcrumb\",\"itemListElement\":[{\"@type\":\"ListItem\",\"position\":1,\"name\":\"Turisti?ka ponuda Crne Gore predstavljena u ?a?ku,Kraljevu,Kragujevcu, Zrenjanin,Subotica,Novi Sad,\"}]},{\"@type\":\"Person\",\"@id\":\"https:\/\/www.visit-ulcinj.com\/blog\/#\/schema\/person\/dcab619c614d3038751c63bc2aadc06d\",\"name\":\"ulqini\",\"sameAs\":[\"http:\/\/www.visit-ulcinj.com\"],\"url\":\"https:\/\/www.visit-ulcinj.com\/blog\/author\/admin\/\"}]}<\/script>\n<!-- \/ Yoast SEO plugin. -->","yoast_head_json":{"title":"Turisti?ka ponuda Crne Gore predstavljena u ?a?ku,Kraljevu,Kragujevcu, Zrenjanin,Subotica,Novi Sad, - Lajme nga Ulqini","description":"U sklopu promotivnih aktivnosti na tr\u017eistu regiona, danas je odr\u017eana prezentacija turisti?ke ponude Crne Gore u ?a?ku, u prostorijama hotela \"Beograd\", sa","robots":{"index":"index","follow":"follow","max-snippet":"max-snippet:-1","max-image-preview":"max-image-preview:large","max-video-preview":"max-video-preview:-1"},"canonical":"https:\/\/www.visit-ulcinj.com\/blog\/2009\/04\/22\/turisticka-ponuda-crne-gore-predstavljena-u-cacku\/","og_locale":"en_US","og_type":"article","og_title":"Turisti?ka ponuda Crne Gore predstavljena u ?a?ku,Kraljevu,Kragujevcu, Zrenjanin,Subotica,Novi Sad, - Lajme nga Ulqini","og_description":"U sklopu promotivnih aktivnosti na tr\u017eistu regiona, danas je odr\u017eana prezentacija turisti?ke ponude Crne Gore u ?a?ku, u prostorijama hotela \"Beograd\", sa","og_url":"https:\/\/www.visit-ulcinj.com\/blog\/2009\/04\/22\/turisticka-ponuda-crne-gore-predstavljena-u-cacku\/","og_site_name":"Lajme nga Ulqini","article_published_time":"2009-04-22T15:56:01+00:00","article_modified_time":"2009-04-22T16:24:02+00:00","og_image":[{"url":"http:\/\/www.visit-ulcinj.com\/blog\/wp-content\/uploads\/2009\/04\/odrzana-prezentacija-turisticke-ponude-crne-gore-u-cacku.jpg"}],"twitter_misc":{"Written by":"ulqini","Est. reading time":"7 minutes"},"schema":{"@context":"https:\/\/schema.org","@graph":[{"@type":"WebSite","@id":"https:\/\/www.visit-ulcinj.com\/blog\/#website","url":"https:\/\/www.visit-ulcinj.com\/blog\/","name":"Lajme nga Ulqini","description":"Lajme,Vijesti,Ulqini,Ulqin,Crna Gora,Mali i Zi","potentialAction":[{"@type":"SearchAction","target":{"@type":"EntryPoint","urlTemplate":"https:\/\/www.visit-ulcinj.com\/blog\/?s={search_term_string}"},"query-input":"required name=search_term_string"}],"inLanguage":"en-US"},{"@type":"ImageObject","inLanguage":"en-US","@id":"https:\/\/www.visit-ulcinj.com\/blog\/2009\/04\/22\/turisticka-ponuda-crne-gore-predstavljena-u-cacku\/#primaryimage","url":"https:\/\/www.visit-ulcinj.com\/blog\/wp-content\/uploads\/2009\/04\/odrzana-prezentacija-turisticke-ponude-crne-gore-u-cacku.jpg","contentUrl":"https:\/\/www.visit-ulcinj.com\/blog\/wp-content\/uploads\/2009\/04\/odrzana-prezentacija-turisticke-ponude-crne-gore-u-cacku.jpg","width":"460","height":"220"},{"@type":"WebPage","@id":"https:\/\/www.visit-ulcinj.com\/blog\/2009\/04\/22\/turisticka-ponuda-crne-gore-predstavljena-u-cacku\/#webpage","url":"https:\/\/www.visit-ulcinj.com\/blog\/2009\/04\/22\/turisticka-ponuda-crne-gore-predstavljena-u-cacku\/","name":"Turisti?ka ponuda Crne Gore predstavljena u ?a?ku,Kraljevu,Kragujevcu, Zrenjanin,Subotica,Novi Sad, - Lajme nga Ulqini","isPartOf":{"@id":"https:\/\/www.visit-ulcinj.com\/blog\/#website"},"primaryImageOfPage":{"@id":"https:\/\/www.visit-ulcinj.com\/blog\/2009\/04\/22\/turisticka-ponuda-crne-gore-predstavljena-u-cacku\/#primaryimage"},"datePublished":"2009-04-22T15:56:01+00:00","dateModified":"2009-04-22T16:24:02+00:00","author":{"@id":"https:\/\/www.visit-ulcinj.com\/blog\/#\/schema\/person\/dcab619c614d3038751c63bc2aadc06d"},"description":"U sklopu promotivnih aktivnosti na tr\u017eistu regiona, danas je odr\u017eana prezentacija turisti?ke ponude Crne Gore u ?a?ku, u prostorijama hotela \"Beograd\", sa","breadcrumb":{"@id":"https:\/\/www.visit-ulcinj.com\/blog\/2009\/04\/22\/turisticka-ponuda-crne-gore-predstavljena-u-cacku\/#breadcrumb"},"inLanguage":"en-US","potentialAction":[{"@type":"ReadAction","target":["https:\/\/www.visit-ulcinj.com\/blog\/2009\/04\/22\/turisticka-ponuda-crne-gore-predstavljena-u-cacku\/"]}]},{"@type":"BreadcrumbList","@id":"https:\/\/www.visit-ulcinj.com\/blog\/2009\/04\/22\/turisticka-ponuda-crne-gore-predstavljena-u-cacku\/#breadcrumb","itemListElement":[{"@type":"ListItem","position":1,"name":"Turisti?ka ponuda Crne Gore predstavljena u ?a?ku,Kraljevu,Kragujevcu, Zrenjanin,Subotica,Novi Sad,"}]},{"@type":"Person","@id":"https:\/\/www.visit-ulcinj.com\/blog\/#\/schema\/person\/dcab619c614d3038751c63bc2aadc06d","name":"ulqini","sameAs":["http:\/\/www.visit-ulcinj.com"],"url":"https:\/\/www.visit-ulcinj.com\/blog\/author\/admin\/"}]}},"jetpack_featured_media_url":"","jetpack_sharing_enabled":true,"jetpack_shortlink":"https:\/\/wp.me\/pe6lTn-4RI","_links":{"self":[{"href":"https:\/\/www.visit-ulcinj.com\/blog\/wp-json\/wp\/v2\/posts\/18706"}],"collection":[{"href":"https:\/\/www.visit-ulcinj.com\/blog\/wp-json\/wp\/v2\/posts"}],"about":[{"href":"https:\/\/www.visit-ulcinj.com\/blog\/wp-json\/wp\/v2\/types\/post"}],"author":[{"embeddable":true,"href":"https:\/\/www.visit-ulcinj.com\/blog\/wp-json\/wp\/v2\/users\/1"}],"replies":[{"embeddable":true,"href":"https:\/\/www.visit-ulcinj.com\/blog\/wp-json\/wp\/v2\/comments?post=18706"}],"version-history":[{"count":0,"href":"https:\/\/www.visit-ulcinj.com\/blog\/wp-json\/wp\/v2\/posts\/18706\/revisions"}],"wp:attachment":[{"href":"https:\/\/www.visit-ulcinj.com\/blog\/wp-json\/wp\/v2\/media?parent=18706"}],"wp:term":[{"taxonomy":"category","embeddable":true,"href":"https:\/\/www.visit-ulcinj.com\/blog\/wp-json\/wp\/v2\/categories?post=18706"},{"taxonomy":"post_tag","embeddable":true,"href":"https:\/\/www.visit-ulcinj.com\/blog\/wp-json\/wp\/v2\/tags?post=18706"}],"curies":[{"name":"wp","href":"https:\/\/api.w.org\/{rel}","templated":true}]}}