{"id":18732,"date":"2009-04-22T20:27:22","date_gmt":"2009-04-22T18:27:22","guid":{"rendered":"http:\/\/www.visit-ulcinj.com\/blog\/?p=18732"},"modified":"2009-04-22T20:27:22","modified_gmt":"2009-04-22T18:27:22","slug":"elvana-gjaten-e-le-i-dashuri","status":"publish","type":"post","link":"https:\/\/www.visit-ulcinj.com\/blog\/2009\/04\/22\/elvana-gjaten-e-le-i-dashuri\/","title":{"rendered":"Elvana Gjat\u00ebn e l\u00eb i dashuri"},"content":{"rendered":"<p><strong><a href=\"http:\/\/www.visit-ulcinj.com\/blog\/wp-content\/uploads\/2009\/04\/elvana-gjata.jpg\"><img loading=\"lazy\" class=\"alignleft size-full wp-image-18733\" title=\"elvana-gjata\" src=\"http:\/\/www.visit-ulcinj.com\/blog\/wp-content\/uploads\/2009\/04\/elvana-gjata.jpg\" alt=\"elvana-gjata\" width=\"570\" height=\"320\" \/><\/a>Puthja me Arjonin, modelin, Elvan\u00ebn e l\u00eb i dashuri<\/strong><br \/>\nK\u00ebng\u00ebtarja Elvana Gjata \u00ebsht\u00eb ndar\u00eb nga Gerti, i dashuri i saj legjendar p\u00ebr shkak t\u00eb nj\u00eb puthjeje spontane me nj\u00eb model. Sipas thashethemeve, thuhet se gjith\u00e7ka ka nisur nga nj\u00eb deklarat\u00eb e Arjonit, modelit dhe stilist p\u00ebr puthjen me k\u00ebng\u00ebtaren&#8230; nd\u00ebrsa i dashuri i saj nuk e ka pasur t\u00eb v\u00ebshtir\u00eb t\u00eb b\u00ebnte lidhjen. Elvana Gjata preferon si stiliste t\u00eb saj Jona Mu\u00e7on, t\u00eb \u00ebm\u00ebn e Arjonit. P\u00ebrgjat\u00eb ver\u00ebs s\u00eb shkuar, p\u00ebr shkak t\u00eb miq\u00ebsis\u00eb ata kan\u00eb dal\u00eb bashk\u00eb, ku duket se kan\u00eb shk\u00ebmbyer edhe ndonj\u00eb puthje spontane.<br \/>\nMe sa duket, i dashuri i saj ka pasur dyshim p\u00ebr marr\u00ebdh\u00ebnien e Elvan\u00ebs dhe Arjonit, por \u00e7do gj\u00eb i \u00ebsht\u00eb veshur fantazis\u00eb s\u00eb tij. Pas deklarat\u00ebs s\u00eb Arjonit p\u00ebr nj\u00eb frenchkiss me k\u00ebng\u00ebtaren e suksesshme, skema \u00ebsht\u00eb zbuluar. Thuhet q\u00eb ky \u00ebsht\u00eb motivi q\u00eb Elvana rrezikon t\u00eb humb\u00eb p\u00ebrfundimisht t\u00eb dashurin e saj prej 5 vjet\u00ebsh. N\u00eb fakt thashethemet p\u00ebr lidhjen n\u00eb kriz\u00eb t\u00eb Elvan\u00ebs kan\u00eb nisur t\u00eb qarkullojn\u00eb k\u00ebto dit\u00eb n\u00eb shum\u00eb ambiente k\u00ebng\u00ebtar\u00ebsh por edhe fansash t\u00eb saj, ku flitet se Elvana me Gertin jan\u00eb ndar\u00eb. P\u00ebr Gertin, edhe pse me t\u00eb cilin ka pasur nj\u00eb lidhje t\u00eb gjat\u00eb dhe t\u00eb konsoliduar, Elvana nuk ka dashur kurr\u00eb t\u00eb flas\u00eb, duke l\u00ebn\u00eb gjithmon\u00eb pyetjen q\u00eb i \u00ebsht\u00eb b\u00ebr\u00eb, pa p\u00ebrgjigje. Madje shpeshher\u00eb ajo e ka mohuar duke th\u00ebn\u00eb se \u00ebsht\u00eb vet\u00ebm dhe pa t\u00eb dashur. Elvana dhe Gerti jan\u00eb njohur 5 vjet m\u00eb par\u00eb, nd\u00ebrsa nj\u00eb pjes\u00eb t\u00eb mir\u00eb t\u00eb shoq\u00ebris\u00eb e kan\u00eb t\u00eb p\u00ebrbashk\u00ebt.<\/p>\n<p><strong>KUSH \u00cbSHT\u00cb ROGERTI, ISH -I DASHURI I K\u00cbNG\u00cbTARES<\/strong><\/p>\n<p>Nj\u00eb lidhje q\u00eb ka zgjatur prej disa vjet\u00ebsh mes Rogertit dhe Elvan\u00ebs. Nj\u00eb dashuri t\u00eb cil\u00ebn k\u00ebng\u00ebtarja \u00ebsht\u00eb munduar ta mbaj\u00eb t\u00eb fsheht\u00eb me fanatiz\u00ebm, por q\u00eb ka ekzistuar gjithmon\u00eb n\u00eb zemr\u00ebn e saj. Djaloshi ka p\u00ebrfunduar studimet p\u00ebr Administrim Biznes si dhe ka punuar si dizajner tek studioja e t\u00eb atit. Ai njihet si nj\u00eb djal\u00eb i qet\u00eb dhe shum\u00eb serioz, nd\u00ebrsa Elvana n\u00eb lidhje, shum\u00eb e kujdesshme nga syri vigjilent por edhe lozonjare. Miqt\u00eb rreth saj thon\u00eb se pa\u00e7ka luhatjeve q\u00eb kalon \u00e7do \u00e7ift, ata kan\u00eb kaluar p\u00ebrgjith\u00ebsisht mir\u00eb dhe k\u00ebndsh\u00ebm. Nd\u00ebrsa p\u00ebr t\u00eb gjith\u00eb shtrohet pyetja; pse Elvan\u00ebs iu desh t\u00eb rrezikonte kaq shum\u00eb, duke k\u00ebmbyer puthje me Arjonin, ky i fundit tashm\u00eb nj\u00eb imazh publik n\u00ebp\u00ebrmjet pjes\u00ebmarrjes n\u00eb nj\u00eb reality-show q\u00eb po zhvillohet aktualisht.<\/p>\n<p><strong>KLIPI M\u00cb I KLIKUAR<\/strong><\/p>\n<p>Prej nj\u00eb muaji \u00ebsht\u00eb publikuar videoja m\u00eb e re e Elvana Gjat\u00ebs dhe nj\u00eb bum i madh klikimesh jan\u00eb sh\u00ebnuar n\u00eb internet. Jan\u00eb me qindra klikimet n\u00eb faqe t\u00eb ndryshme on line, ku k\u00ebnga shoq\u00ebrohet me klipin p\u00ebrkat\u00ebs. Po k\u00ebshtu t\u00eb ndryshme dhe mjaft pozitive jan\u00eb edhe komentet e l\u00ebna n\u00eb forume t\u00eb shumta n\u00eb internet. Elvana cil\u00ebsohet si nj\u00eb k\u00ebng\u00ebtare e zonja, me z\u00eb karakteristik, look t\u00eb jasht\u00ebzakonsh\u00ebm q\u00eb ndryshon shpesh, dhe \u00ebmb\u00eblsi n\u00eb komportimin p\u00ebrpara kameras. Vler\u00ebsime t\u00eb shumta shkojn\u00eb edhe p\u00ebr kompozitorin Flori Mumajesi, firm\u00ebn e t\u00eb cilit mban k\u00ebnga n\u00eb fjal\u00eb.<br \/>\n<strong><br \/>\nBluetooth<\/strong><\/p>\n\n<!--YouTube Error: bad URL entered-->\n","protected":false},"excerpt":{"rendered":"<p>Puthja me Arjonin, modelin, Elvan\u00ebn e l\u00eb i dashuri K\u00ebng\u00ebtarja Elvana Gjata \u00ebsht\u00eb ndar\u00eb nga Gerti, i dashuri i saj legjendar p\u00ebr shkak t\u00eb nj\u00eb puthjeje spontane me nj\u00eb model. Sipas thashethemeve, thuhet se gjith\u00e7ka ka nisur nga nj\u00eb deklarat\u00eb e Arjonit, modelit dhe stilist p\u00ebr puthjen me k\u00ebng\u00ebtaren&#8230; nd\u00ebrsa i dashuri i saj nuk [&hellip;]<\/p>\n","protected":false},"author":1,"featured_media":0,"comment_status":"open","ping_status":"closed","sticky":false,"template":"","format":"standard","meta":{"spay_email":"","jetpack_publicize_message":"","jetpack_is_tweetstorm":false,"jetpack_publicize_feature_enabled":true},"categories":[1],"tags":[9462],"jetpack_publicize_connections":[],"yoast_head":"<!-- This site is optimized with the Yoast SEO plugin v19.1 - https:\/\/yoast.com\/wordpress\/plugins\/seo\/ -->\n<title>Elvana Gjat\u00ebn e l\u00eb i dashuri - Lajme nga Ulqini<\/title>\n<meta name=\"description\" content=\"Puthja me Arjonin, modelin, Elvan\u00ebn e l\u00eb i dashuri K\u00ebng\u00ebtarja Elvana Gjata \u00ebsht\u00eb ndar\u00eb nga Gerti, i dashuri i saj legjendar p\u00ebr shkak t\u00eb nj\u00eb puthjeje\" \/>\n<meta name=\"robots\" content=\"index, follow, max-snippet:-1, max-image-preview:large, max-video-preview:-1\" \/>\n<link rel=\"canonical\" href=\"https:\/\/www.visit-ulcinj.com\/blog\/2009\/04\/22\/elvana-gjaten-e-le-i-dashuri\/\" \/>\n<meta property=\"og:locale\" content=\"en_US\" \/>\n<meta property=\"og:type\" content=\"article\" \/>\n<meta property=\"og:title\" content=\"Elvana Gjat\u00ebn e l\u00eb i dashuri - Lajme nga Ulqini\" \/>\n<meta property=\"og:description\" content=\"Puthja me Arjonin, modelin, Elvan\u00ebn e l\u00eb i dashuri K\u00ebng\u00ebtarja Elvana Gjata \u00ebsht\u00eb ndar\u00eb nga Gerti, i dashuri i saj legjendar p\u00ebr shkak t\u00eb nj\u00eb puthjeje\" \/>\n<meta property=\"og:url\" content=\"https:\/\/www.visit-ulcinj.com\/blog\/2009\/04\/22\/elvana-gjaten-e-le-i-dashuri\/\" \/>\n<meta property=\"og:site_name\" content=\"Lajme nga Ulqini\" \/>\n<meta property=\"article:published_time\" content=\"2009-04-22T18:27:22+00:00\" \/>\n<meta property=\"og:image\" content=\"https:\/\/www.visit-ulcinj.com\/blog\/wp-content\/uploads\/2009\/04\/elvana-gjata-150x150.jpg\" \/>\n<meta name=\"twitter:label1\" content=\"Written by\" \/>\n\t<meta name=\"twitter:data1\" content=\"ulqini\" \/>\n\t<meta name=\"twitter:label2\" content=\"Est. reading time\" \/>\n\t<meta name=\"twitter:data2\" content=\"3 minutes\" \/>\n<script type=\"application\/ld+json\" class=\"yoast-schema-graph\">{\"@context\":\"https:\/\/schema.org\",\"@graph\":[{\"@type\":\"WebSite\",\"@id\":\"https:\/\/www.visit-ulcinj.com\/blog\/#website\",\"url\":\"https:\/\/www.visit-ulcinj.com\/blog\/\",\"name\":\"Lajme nga Ulqini\",\"description\":\"Lajme,Vijesti,Ulqini,Ulqin,Crna Gora,Mali i Zi\",\"potentialAction\":[{\"@type\":\"SearchAction\",\"target\":{\"@type\":\"EntryPoint\",\"urlTemplate\":\"https:\/\/www.visit-ulcinj.com\/blog\/?s={search_term_string}\"},\"query-input\":\"required name=search_term_string\"}],\"inLanguage\":\"en-US\"},{\"@type\":\"ImageObject\",\"inLanguage\":\"en-US\",\"@id\":\"https:\/\/www.visit-ulcinj.com\/blog\/2009\/04\/22\/elvana-gjaten-e-le-i-dashuri\/#primaryimage\",\"url\":\"http:\/\/www.visit-ulcinj.com\/blog\/wp-content\/uploads\/2009\/04\/elvana-gjata.jpg\",\"contentUrl\":\"http:\/\/www.visit-ulcinj.com\/blog\/wp-content\/uploads\/2009\/04\/elvana-gjata.jpg\"},{\"@type\":\"WebPage\",\"@id\":\"https:\/\/www.visit-ulcinj.com\/blog\/2009\/04\/22\/elvana-gjaten-e-le-i-dashuri\/#webpage\",\"url\":\"https:\/\/www.visit-ulcinj.com\/blog\/2009\/04\/22\/elvana-gjaten-e-le-i-dashuri\/\",\"name\":\"Elvana Gjat\u00ebn e l\u00eb i dashuri - Lajme nga Ulqini\",\"isPartOf\":{\"@id\":\"https:\/\/www.visit-ulcinj.com\/blog\/#website\"},\"primaryImageOfPage\":{\"@id\":\"https:\/\/www.visit-ulcinj.com\/blog\/2009\/04\/22\/elvana-gjaten-e-le-i-dashuri\/#primaryimage\"},\"datePublished\":\"2009-04-22T18:27:22+00:00\",\"dateModified\":\"2009-04-22T18:27:22+00:00\",\"author\":{\"@id\":\"https:\/\/www.visit-ulcinj.com\/blog\/#\/schema\/person\/dcab619c614d3038751c63bc2aadc06d\"},\"description\":\"Puthja me Arjonin, modelin, Elvan\u00ebn e l\u00eb i dashuri K\u00ebng\u00ebtarja Elvana Gjata \u00ebsht\u00eb ndar\u00eb nga Gerti, i dashuri i saj legjendar p\u00ebr shkak t\u00eb nj\u00eb puthjeje\",\"breadcrumb\":{\"@id\":\"https:\/\/www.visit-ulcinj.com\/blog\/2009\/04\/22\/elvana-gjaten-e-le-i-dashuri\/#breadcrumb\"},\"inLanguage\":\"en-US\",\"potentialAction\":[{\"@type\":\"ReadAction\",\"target\":[\"https:\/\/www.visit-ulcinj.com\/blog\/2009\/04\/22\/elvana-gjaten-e-le-i-dashuri\/\"]}]},{\"@type\":\"BreadcrumbList\",\"@id\":\"https:\/\/www.visit-ulcinj.com\/blog\/2009\/04\/22\/elvana-gjaten-e-le-i-dashuri\/#breadcrumb\",\"itemListElement\":[{\"@type\":\"ListItem\",\"position\":1,\"name\":\"Elvana Gjat\u00ebn e l\u00eb i dashuri\"}]},{\"@type\":\"Person\",\"@id\":\"https:\/\/www.visit-ulcinj.com\/blog\/#\/schema\/person\/dcab619c614d3038751c63bc2aadc06d\",\"name\":\"ulqini\",\"sameAs\":[\"http:\/\/www.visit-ulcinj.com\"],\"url\":\"https:\/\/www.visit-ulcinj.com\/blog\/author\/admin\/\"}]}<\/script>\n<!-- \/ Yoast SEO plugin. -->","yoast_head_json":{"title":"Elvana Gjat\u00ebn e l\u00eb i dashuri - Lajme nga Ulqini","description":"Puthja me Arjonin, modelin, Elvan\u00ebn e l\u00eb i dashuri K\u00ebng\u00ebtarja Elvana Gjata \u00ebsht\u00eb ndar\u00eb nga Gerti, i dashuri i saj legjendar p\u00ebr shkak t\u00eb nj\u00eb puthjeje","robots":{"index":"index","follow":"follow","max-snippet":"max-snippet:-1","max-image-preview":"max-image-preview:large","max-video-preview":"max-video-preview:-1"},"canonical":"https:\/\/www.visit-ulcinj.com\/blog\/2009\/04\/22\/elvana-gjaten-e-le-i-dashuri\/","og_locale":"en_US","og_type":"article","og_title":"Elvana Gjat\u00ebn e l\u00eb i dashuri - Lajme nga Ulqini","og_description":"Puthja me Arjonin, modelin, Elvan\u00ebn e l\u00eb i dashuri K\u00ebng\u00ebtarja Elvana Gjata \u00ebsht\u00eb ndar\u00eb nga Gerti, i dashuri i saj legjendar p\u00ebr shkak t\u00eb nj\u00eb puthjeje","og_url":"https:\/\/www.visit-ulcinj.com\/blog\/2009\/04\/22\/elvana-gjaten-e-le-i-dashuri\/","og_site_name":"Lajme nga Ulqini","article_published_time":"2009-04-22T18:27:22+00:00","og_image":[{"url":"https:\/\/www.visit-ulcinj.com\/blog\/wp-content\/uploads\/2009\/04\/elvana-gjata-150x150.jpg"}],"twitter_misc":{"Written by":"ulqini","Est. reading time":"3 minutes"},"schema":{"@context":"https:\/\/schema.org","@graph":[{"@type":"WebSite","@id":"https:\/\/www.visit-ulcinj.com\/blog\/#website","url":"https:\/\/www.visit-ulcinj.com\/blog\/","name":"Lajme nga Ulqini","description":"Lajme,Vijesti,Ulqini,Ulqin,Crna Gora,Mali i Zi","potentialAction":[{"@type":"SearchAction","target":{"@type":"EntryPoint","urlTemplate":"https:\/\/www.visit-ulcinj.com\/blog\/?s={search_term_string}"},"query-input":"required name=search_term_string"}],"inLanguage":"en-US"},{"@type":"ImageObject","inLanguage":"en-US","@id":"https:\/\/www.visit-ulcinj.com\/blog\/2009\/04\/22\/elvana-gjaten-e-le-i-dashuri\/#primaryimage","url":"http:\/\/www.visit-ulcinj.com\/blog\/wp-content\/uploads\/2009\/04\/elvana-gjata.jpg","contentUrl":"http:\/\/www.visit-ulcinj.com\/blog\/wp-content\/uploads\/2009\/04\/elvana-gjata.jpg"},{"@type":"WebPage","@id":"https:\/\/www.visit-ulcinj.com\/blog\/2009\/04\/22\/elvana-gjaten-e-le-i-dashuri\/#webpage","url":"https:\/\/www.visit-ulcinj.com\/blog\/2009\/04\/22\/elvana-gjaten-e-le-i-dashuri\/","name":"Elvana Gjat\u00ebn e l\u00eb i dashuri - Lajme nga Ulqini","isPartOf":{"@id":"https:\/\/www.visit-ulcinj.com\/blog\/#website"},"primaryImageOfPage":{"@id":"https:\/\/www.visit-ulcinj.com\/blog\/2009\/04\/22\/elvana-gjaten-e-le-i-dashuri\/#primaryimage"},"datePublished":"2009-04-22T18:27:22+00:00","dateModified":"2009-04-22T18:27:22+00:00","author":{"@id":"https:\/\/www.visit-ulcinj.com\/blog\/#\/schema\/person\/dcab619c614d3038751c63bc2aadc06d"},"description":"Puthja me Arjonin, modelin, Elvan\u00ebn e l\u00eb i dashuri K\u00ebng\u00ebtarja Elvana Gjata \u00ebsht\u00eb ndar\u00eb nga Gerti, i dashuri i saj legjendar p\u00ebr shkak t\u00eb nj\u00eb puthjeje","breadcrumb":{"@id":"https:\/\/www.visit-ulcinj.com\/blog\/2009\/04\/22\/elvana-gjaten-e-le-i-dashuri\/#breadcrumb"},"inLanguage":"en-US","potentialAction":[{"@type":"ReadAction","target":["https:\/\/www.visit-ulcinj.com\/blog\/2009\/04\/22\/elvana-gjaten-e-le-i-dashuri\/"]}]},{"@type":"BreadcrumbList","@id":"https:\/\/www.visit-ulcinj.com\/blog\/2009\/04\/22\/elvana-gjaten-e-le-i-dashuri\/#breadcrumb","itemListElement":[{"@type":"ListItem","position":1,"name":"Elvana Gjat\u00ebn e l\u00eb i dashuri"}]},{"@type":"Person","@id":"https:\/\/www.visit-ulcinj.com\/blog\/#\/schema\/person\/dcab619c614d3038751c63bc2aadc06d","name":"ulqini","sameAs":["http:\/\/www.visit-ulcinj.com"],"url":"https:\/\/www.visit-ulcinj.com\/blog\/author\/admin\/"}]}},"jetpack_featured_media_url":"","jetpack_sharing_enabled":true,"jetpack_shortlink":"https:\/\/wp.me\/pe6lTn-4S8","_links":{"self":[{"href":"https:\/\/www.visit-ulcinj.com\/blog\/wp-json\/wp\/v2\/posts\/18732"}],"collection":[{"href":"https:\/\/www.visit-ulcinj.com\/blog\/wp-json\/wp\/v2\/posts"}],"about":[{"href":"https:\/\/www.visit-ulcinj.com\/blog\/wp-json\/wp\/v2\/types\/post"}],"author":[{"embeddable":true,"href":"https:\/\/www.visit-ulcinj.com\/blog\/wp-json\/wp\/v2\/users\/1"}],"replies":[{"embeddable":true,"href":"https:\/\/www.visit-ulcinj.com\/blog\/wp-json\/wp\/v2\/comments?post=18732"}],"version-history":[{"count":0,"href":"https:\/\/www.visit-ulcinj.com\/blog\/wp-json\/wp\/v2\/posts\/18732\/revisions"}],"wp:attachment":[{"href":"https:\/\/www.visit-ulcinj.com\/blog\/wp-json\/wp\/v2\/media?parent=18732"}],"wp:term":[{"taxonomy":"category","embeddable":true,"href":"https:\/\/www.visit-ulcinj.com\/blog\/wp-json\/wp\/v2\/categories?post=18732"},{"taxonomy":"post_tag","embeddable":true,"href":"https:\/\/www.visit-ulcinj.com\/blog\/wp-json\/wp\/v2\/tags?post=18732"}],"curies":[{"name":"wp","href":"https:\/\/api.w.org\/{rel}","templated":true}]}}