{"id":18743,"date":"2009-04-22T22:44:09","date_gmt":"2009-04-22T20:44:09","guid":{"rendered":"http:\/\/www.visit-ulcinj.com\/blog\/?p=18743"},"modified":"2009-04-22T22:44:09","modified_gmt":"2009-04-22T20:44:09","slug":"arjoni-se-prisja-nga-ty-mesi","status":"publish","type":"post","link":"https:\/\/www.visit-ulcinj.com\/blog\/2009\/04\/22\/arjoni-se-prisja-nga-ty-mesi\/","title":{"rendered":"Arjoni: S`e prisja nga ty Mesi"},"content":{"rendered":"<p><em><span class=\"newsdate\"><a href=\"http:\/\/www.visit-ulcinj.com\/blog\/wp-content\/uploads\/2009\/04\/arjoni-perballje.jpg\"><img loading=\"lazy\" class=\"alignleft size-full wp-image-18744\" title=\"arjoni-perballje-big-brother-albania-2\" src=\"http:\/\/www.visit-ulcinj.com\/blog\/wp-content\/uploads\/2009\/04\/arjoni-perballje.jpg\" alt=\"arjoni-perballje-big-brother-albania-2\" width=\"300\" height=\"205\" \/><\/a>18\/04\/09 21:14<\/span><\/em><\/p>\n<p>Banor\u00ebt nj\u00eb dit\u00eb pas hyrjes n\u00eb sht\u00ebpin\u00eb e Big Borther jan\u00eb shprehur me nj\u00eb votim t\u00eb fsheht\u00eb p\u00ebr t\u00eb preferuarin e tyre. Ato ishin p\u00ebrshtypjet e para t\u00eb tyre dhe me kalimin e koh\u00ebs p\u00ebr disa prej tyre k\u00ebto p\u00ebrshtypje jan\u00eb kthyer n\u00eb bindje , nd\u00ebrsa p\u00ebr disa t\u00eb tjer\u00eb kan\u00eb ndryshuar totalisht. P\u00ebr k\u00ebt\u00eb \u201cBig Brother\u201d i vendosi n\u00eb nj\u00eb p\u00ebrballje banor\u00ebt me t\u00eb eleminuarit. Nj\u00eb nga p\u00ebrballjet q\u00eb la p\u00ebrshtypje tek nj\u00ebri prej banor\u00ebve ishte ajo e Arjonit me Mesid\u00ebn. Ajo i thot\u00eb p\u00ebr lidhjen e tij me Anjez\u00ebn q\u00eb ishte e llogaritur. Ai \u00ebsht\u00eb shprehur:-\u201cN\u00ebse do ishte k\u00ebshtu do e kisha b\u00ebr\u00eb me ty! Nuk e prisja nga ty Mesida!\u201d Bjordi kishte shkruar q\u00eb preferenca e tij ishte Qetsori. Arbana e ka pyetur n\u00ebse ai kishte ende i t\u00eb nj\u00ebjtit mendim p\u00ebr Qetsorin. Bjordi thot\u00eb:-\u201c\u00cbsht\u00eb i mir\u00eb se \u00ebsht\u00eb i keq!\u201d<\/p>\n","protected":false},"excerpt":{"rendered":"<p>18\/04\/09 21:14 Banor\u00ebt nj\u00eb dit\u00eb pas hyrjes n\u00eb sht\u00ebpin\u00eb e Big Borther jan\u00eb shprehur me nj\u00eb votim t\u00eb fsheht\u00eb p\u00ebr t\u00eb preferuarin e tyre. Ato ishin p\u00ebrshtypjet e para t\u00eb tyre dhe me kalimin e koh\u00ebs p\u00ebr disa prej tyre k\u00ebto p\u00ebrshtypje jan\u00eb kthyer n\u00eb bindje , nd\u00ebrsa p\u00ebr disa t\u00eb tjer\u00eb kan\u00eb ndryshuar totalisht. [&hellip;]<\/p>\n","protected":false},"author":1,"featured_media":0,"comment_status":"open","ping_status":"closed","sticky":false,"template":"","format":"standard","meta":{"spay_email":"","jetpack_publicize_message":"","jetpack_is_tweetstorm":false,"jetpack_publicize_feature_enabled":true},"categories":[6502],"tags":[8289,6525,5057,6506,6516,6712,7129,7364,6891,6693,6887],"jetpack_publicize_connections":[],"yoast_head":"<!-- This site is optimized with the Yoast SEO plugin v19.1 - https:\/\/yoast.com\/wordpress\/plugins\/seo\/ -->\n<title>Arjoni: S`e prisja nga ty Mesi | Big Brother Albania 2<\/title>\n<meta name=\"description\" content=\"Big Brother Albania 2 - Banor\u00c3\u00abt nj\u00c3\u00ab dit\u00c3\u00ab pas hyrjes n\u00c3\u00ab sht\u00c3\u00abpin\u00c3\u00ab e Big Borther jan\u00c3\u00ab shprehur me nj\u00c3\u00ab votim t\u00c3\u00ab fsheht\u00c3\u00ab p\u00c3\u00abr t\u00c3\u00ab preferuarin e tyre.\" \/>\n<meta name=\"robots\" content=\"index, follow, max-snippet:-1, max-image-preview:large, max-video-preview:-1\" \/>\n<link rel=\"canonical\" href=\"https:\/\/www.visit-ulcinj.com\/blog\/2009\/04\/22\/arjoni-se-prisja-nga-ty-mesi\/\" \/>\n<meta property=\"og:locale\" content=\"en_US\" \/>\n<meta property=\"og:type\" content=\"article\" \/>\n<meta property=\"og:title\" content=\"Arjoni: S`e prisja nga ty Mesi | Big Brother Albania 2\" \/>\n<meta property=\"og:description\" content=\"Big Brother Albania 2 - Banor\u00c3\u00abt nj\u00c3\u00ab dit\u00c3\u00ab pas hyrjes n\u00c3\u00ab sht\u00c3\u00abpin\u00c3\u00ab e Big Borther jan\u00c3\u00ab shprehur me nj\u00c3\u00ab votim t\u00c3\u00ab fsheht\u00c3\u00ab p\u00c3\u00abr t\u00c3\u00ab preferuarin e tyre.\" \/>\n<meta property=\"og:url\" content=\"https:\/\/www.visit-ulcinj.com\/blog\/2009\/04\/22\/arjoni-se-prisja-nga-ty-mesi\/\" \/>\n<meta property=\"og:site_name\" content=\"Lajme nga Ulqini\" \/>\n<meta property=\"article:published_time\" content=\"2009-04-22T20:44:09+00:00\" \/>\n<meta property=\"og:image\" content=\"http:\/\/www.visit-ulcinj.com\/blog\/wp-content\/uploads\/2009\/04\/arjoni-perballje.jpg\" \/>\n<meta name=\"twitter:label1\" content=\"Written by\" \/>\n\t<meta name=\"twitter:data1\" content=\"ulqini\" \/>\n\t<meta name=\"twitter:label2\" content=\"Est. reading time\" \/>\n\t<meta name=\"twitter:data2\" content=\"1 minute\" \/>\n<script type=\"application\/ld+json\" class=\"yoast-schema-graph\">{\"@context\":\"https:\/\/schema.org\",\"@graph\":[{\"@type\":\"WebSite\",\"@id\":\"https:\/\/www.visit-ulcinj.com\/blog\/#website\",\"url\":\"https:\/\/www.visit-ulcinj.com\/blog\/\",\"name\":\"Lajme nga Ulqini\",\"description\":\"Lajme,Vijesti,Ulqini,Ulqin,Crna Gora,Mali i Zi\",\"potentialAction\":[{\"@type\":\"SearchAction\",\"target\":{\"@type\":\"EntryPoint\",\"urlTemplate\":\"https:\/\/www.visit-ulcinj.com\/blog\/?s={search_term_string}\"},\"query-input\":\"required name=search_term_string\"}],\"inLanguage\":\"en-US\"},{\"@type\":\"ImageObject\",\"inLanguage\":\"en-US\",\"@id\":\"https:\/\/www.visit-ulcinj.com\/blog\/2009\/04\/22\/arjoni-se-prisja-nga-ty-mesi\/#primaryimage\",\"url\":\"http:\/\/www.visit-ulcinj.com\/blog\/wp-content\/uploads\/2009\/04\/arjoni-perballje.jpg\",\"contentUrl\":\"http:\/\/www.visit-ulcinj.com\/blog\/wp-content\/uploads\/2009\/04\/arjoni-perballje.jpg\"},{\"@type\":\"WebPage\",\"@id\":\"https:\/\/www.visit-ulcinj.com\/blog\/2009\/04\/22\/arjoni-se-prisja-nga-ty-mesi\/#webpage\",\"url\":\"https:\/\/www.visit-ulcinj.com\/blog\/2009\/04\/22\/arjoni-se-prisja-nga-ty-mesi\/\",\"name\":\"Arjoni: S`e prisja nga ty Mesi | Big Brother Albania 2\",\"isPartOf\":{\"@id\":\"https:\/\/www.visit-ulcinj.com\/blog\/#website\"},\"primaryImageOfPage\":{\"@id\":\"https:\/\/www.visit-ulcinj.com\/blog\/2009\/04\/22\/arjoni-se-prisja-nga-ty-mesi\/#primaryimage\"},\"datePublished\":\"2009-04-22T20:44:09+00:00\",\"dateModified\":\"2009-04-22T20:44:09+00:00\",\"author\":{\"@id\":\"https:\/\/www.visit-ulcinj.com\/blog\/#\/schema\/person\/dcab619c614d3038751c63bc2aadc06d\"},\"description\":\"Big Brother Albania 2 - Banor\u00c3\u00abt nj\u00c3\u00ab dit\u00c3\u00ab pas hyrjes n\u00c3\u00ab sht\u00c3\u00abpin\u00c3\u00ab e Big Borther jan\u00c3\u00ab shprehur me nj\u00c3\u00ab votim t\u00c3\u00ab fsheht\u00c3\u00ab p\u00c3\u00abr t\u00c3\u00ab preferuarin e tyre.\",\"breadcrumb\":{\"@id\":\"https:\/\/www.visit-ulcinj.com\/blog\/2009\/04\/22\/arjoni-se-prisja-nga-ty-mesi\/#breadcrumb\"},\"inLanguage\":\"en-US\",\"potentialAction\":[{\"@type\":\"ReadAction\",\"target\":[\"https:\/\/www.visit-ulcinj.com\/blog\/2009\/04\/22\/arjoni-se-prisja-nga-ty-mesi\/\"]}]},{\"@type\":\"BreadcrumbList\",\"@id\":\"https:\/\/www.visit-ulcinj.com\/blog\/2009\/04\/22\/arjoni-se-prisja-nga-ty-mesi\/#breadcrumb\",\"itemListElement\":[{\"@type\":\"ListItem\",\"position\":1,\"name\":\"Arjoni: S`e prisja nga ty Mesi\"}]},{\"@type\":\"Person\",\"@id\":\"https:\/\/www.visit-ulcinj.com\/blog\/#\/schema\/person\/dcab619c614d3038751c63bc2aadc06d\",\"name\":\"ulqini\",\"sameAs\":[\"http:\/\/www.visit-ulcinj.com\"],\"url\":\"https:\/\/www.visit-ulcinj.com\/blog\/author\/admin\/\"}]}<\/script>\n<!-- \/ Yoast SEO plugin. -->","yoast_head_json":{"title":"Arjoni: S`e prisja nga ty Mesi | Big Brother Albania 2","description":"Big Brother Albania 2 - Banor\u00c3\u00abt nj\u00c3\u00ab dit\u00c3\u00ab pas hyrjes n\u00c3\u00ab sht\u00c3\u00abpin\u00c3\u00ab e Big Borther jan\u00c3\u00ab shprehur me nj\u00c3\u00ab votim t\u00c3\u00ab fsheht\u00c3\u00ab p\u00c3\u00abr t\u00c3\u00ab preferuarin e tyre.","robots":{"index":"index","follow":"follow","max-snippet":"max-snippet:-1","max-image-preview":"max-image-preview:large","max-video-preview":"max-video-preview:-1"},"canonical":"https:\/\/www.visit-ulcinj.com\/blog\/2009\/04\/22\/arjoni-se-prisja-nga-ty-mesi\/","og_locale":"en_US","og_type":"article","og_title":"Arjoni: S`e prisja nga ty Mesi | Big Brother Albania 2","og_description":"Big Brother Albania 2 - Banor\u00c3\u00abt nj\u00c3\u00ab dit\u00c3\u00ab pas hyrjes n\u00c3\u00ab sht\u00c3\u00abpin\u00c3\u00ab e Big Borther jan\u00c3\u00ab shprehur me nj\u00c3\u00ab votim t\u00c3\u00ab fsheht\u00c3\u00ab p\u00c3\u00abr t\u00c3\u00ab preferuarin e tyre.","og_url":"https:\/\/www.visit-ulcinj.com\/blog\/2009\/04\/22\/arjoni-se-prisja-nga-ty-mesi\/","og_site_name":"Lajme nga Ulqini","article_published_time":"2009-04-22T20:44:09+00:00","og_image":[{"url":"http:\/\/www.visit-ulcinj.com\/blog\/wp-content\/uploads\/2009\/04\/arjoni-perballje.jpg"}],"twitter_misc":{"Written by":"ulqini","Est. reading time":"1 minute"},"schema":{"@context":"https:\/\/schema.org","@graph":[{"@type":"WebSite","@id":"https:\/\/www.visit-ulcinj.com\/blog\/#website","url":"https:\/\/www.visit-ulcinj.com\/blog\/","name":"Lajme nga Ulqini","description":"Lajme,Vijesti,Ulqini,Ulqin,Crna Gora,Mali i Zi","potentialAction":[{"@type":"SearchAction","target":{"@type":"EntryPoint","urlTemplate":"https:\/\/www.visit-ulcinj.com\/blog\/?s={search_term_string}"},"query-input":"required name=search_term_string"}],"inLanguage":"en-US"},{"@type":"ImageObject","inLanguage":"en-US","@id":"https:\/\/www.visit-ulcinj.com\/blog\/2009\/04\/22\/arjoni-se-prisja-nga-ty-mesi\/#primaryimage","url":"http:\/\/www.visit-ulcinj.com\/blog\/wp-content\/uploads\/2009\/04\/arjoni-perballje.jpg","contentUrl":"http:\/\/www.visit-ulcinj.com\/blog\/wp-content\/uploads\/2009\/04\/arjoni-perballje.jpg"},{"@type":"WebPage","@id":"https:\/\/www.visit-ulcinj.com\/blog\/2009\/04\/22\/arjoni-se-prisja-nga-ty-mesi\/#webpage","url":"https:\/\/www.visit-ulcinj.com\/blog\/2009\/04\/22\/arjoni-se-prisja-nga-ty-mesi\/","name":"Arjoni: S`e prisja nga ty Mesi | Big Brother Albania 2","isPartOf":{"@id":"https:\/\/www.visit-ulcinj.com\/blog\/#website"},"primaryImageOfPage":{"@id":"https:\/\/www.visit-ulcinj.com\/blog\/2009\/04\/22\/arjoni-se-prisja-nga-ty-mesi\/#primaryimage"},"datePublished":"2009-04-22T20:44:09+00:00","dateModified":"2009-04-22T20:44:09+00:00","author":{"@id":"https:\/\/www.visit-ulcinj.com\/blog\/#\/schema\/person\/dcab619c614d3038751c63bc2aadc06d"},"description":"Big Brother Albania 2 - Banor\u00c3\u00abt nj\u00c3\u00ab dit\u00c3\u00ab pas hyrjes n\u00c3\u00ab sht\u00c3\u00abpin\u00c3\u00ab e Big Borther jan\u00c3\u00ab shprehur me nj\u00c3\u00ab votim t\u00c3\u00ab fsheht\u00c3\u00ab p\u00c3\u00abr t\u00c3\u00ab preferuarin e tyre.","breadcrumb":{"@id":"https:\/\/www.visit-ulcinj.com\/blog\/2009\/04\/22\/arjoni-se-prisja-nga-ty-mesi\/#breadcrumb"},"inLanguage":"en-US","potentialAction":[{"@type":"ReadAction","target":["https:\/\/www.visit-ulcinj.com\/blog\/2009\/04\/22\/arjoni-se-prisja-nga-ty-mesi\/"]}]},{"@type":"BreadcrumbList","@id":"https:\/\/www.visit-ulcinj.com\/blog\/2009\/04\/22\/arjoni-se-prisja-nga-ty-mesi\/#breadcrumb","itemListElement":[{"@type":"ListItem","position":1,"name":"Arjoni: S`e prisja nga ty Mesi"}]},{"@type":"Person","@id":"https:\/\/www.visit-ulcinj.com\/blog\/#\/schema\/person\/dcab619c614d3038751c63bc2aadc06d","name":"ulqini","sameAs":["http:\/\/www.visit-ulcinj.com"],"url":"https:\/\/www.visit-ulcinj.com\/blog\/author\/admin\/"}]}},"jetpack_featured_media_url":"","jetpack_sharing_enabled":true,"jetpack_shortlink":"https:\/\/wp.me\/pe6lTn-4Sj","_links":{"self":[{"href":"https:\/\/www.visit-ulcinj.com\/blog\/wp-json\/wp\/v2\/posts\/18743"}],"collection":[{"href":"https:\/\/www.visit-ulcinj.com\/blog\/wp-json\/wp\/v2\/posts"}],"about":[{"href":"https:\/\/www.visit-ulcinj.com\/blog\/wp-json\/wp\/v2\/types\/post"}],"author":[{"embeddable":true,"href":"https:\/\/www.visit-ulcinj.com\/blog\/wp-json\/wp\/v2\/users\/1"}],"replies":[{"embeddable":true,"href":"https:\/\/www.visit-ulcinj.com\/blog\/wp-json\/wp\/v2\/comments?post=18743"}],"version-history":[{"count":0,"href":"https:\/\/www.visit-ulcinj.com\/blog\/wp-json\/wp\/v2\/posts\/18743\/revisions"}],"wp:attachment":[{"href":"https:\/\/www.visit-ulcinj.com\/blog\/wp-json\/wp\/v2\/media?parent=18743"}],"wp:term":[{"taxonomy":"category","embeddable":true,"href":"https:\/\/www.visit-ulcinj.com\/blog\/wp-json\/wp\/v2\/categories?post=18743"},{"taxonomy":"post_tag","embeddable":true,"href":"https:\/\/www.visit-ulcinj.com\/blog\/wp-json\/wp\/v2\/tags?post=18743"}],"curies":[{"name":"wp","href":"https:\/\/api.w.org\/{rel}","templated":true}]}}