{"id":1875,"date":"2008-06-04T09:45:07","date_gmt":"2008-06-04T14:45:07","guid":{"rendered":"http:\/\/www.visit-ulcinj.com\/blog\/?p=1875"},"modified":"2008-06-04T09:46:54","modified_gmt":"2008-06-04T14:46:54","slug":"sinishtaj-e-gegaj-u-takuan-me-jozefina-topallin","status":"publish","type":"post","link":"https:\/\/www.visit-ulcinj.com\/blog\/2008\/06\/04\/sinishtaj-e-gegaj-u-takuan-me-jozefina-topallin\/","title":{"rendered":"Sinishtaj e Gegaj u takuan me Jozefina Topallin"},"content":{"rendered":"<p><a href=\"http:\/\/www.visit-ulcinj.com\/blog\/wp-content\/uploads\/2008\/06\/lideri-i-lsi-zmeta-me-deputete-te-malit-te-zi1.jpg\"><img loading=\"lazy\" class=\"alignleft attachment wp-att-1876\" style=\"float: left;\" src=\"http:\/\/www.visit-ulcinj.com\/blog\/wp-content\/uploads\/2008\/06\/lideri-i-lsi-zmeta-me-deputete-te-malit-te-zi1.thumbnail.jpg\" alt=\"Nikoll\u00eb Gegaj_Vaselj Sinishtaj\" width=\"145\" height=\"132\" \/><\/a><strong>Nj\u00eb delegacion nga mali i zi vizitoi shqip\u00ebrin\u00eb<\/strong><br \/>\nNj\u00eb delegacion nga Mali i Zi, i kryesuar nga p\u00ebrfaq\u00ebsuesit e partive politike, midis tyre edhe Vasel Sinishtaj, deputet n\u00eb Parlamentin e Malit t\u00eb Zi dhe Nikoll\u00eb Gegaj, funksionar i PDS-s\u00eb, q\u00ebndroi p\u00ebr vizit\u00eb zyrtare n\u00eb Shqip\u00ebri, me \u00e7`rast u takuan me kryeparlementaren, Jozefina Topalli, me kryebashkiakun e Tiran\u00ebs dhe kryetarin e PS, Edi Ram\u00ebn dhe me kryetarin e LSI-s\u00eb, Ilir Met\u00ebn. Gjat\u00eb k\u00ebtij takimi, z. Topalli, Rama dhe Meta e konsideruan Malin e Zi si shtet mik me t\u00eb cilin kan\u00eb marr\u00ebdh\u00ebnie t\u00eb mira n\u00eb t\u00eb gjitha fushat. Ata nj\u00ebheri shpreh\u00ebn k\u00ebnaq\u00ebsi edhe p\u00ebr m\u00ebnyr\u00ebn e realizimit t\u00eb referendumit p\u00ebr pavar\u00ebsin\u00eb e shtetit, q\u00eb sipas tyre ndodhi n\u00eb nj\u00eb ambient demokratik. Gjithashtu, n\u00eb k\u00ebt\u00eb takim t\u00eb<a title=\"Jozefina Topalli\" href=\"http:\/\/www.senat.gov.pl\/k6\/agenda\/goscie\/2007\/070313\/img_8395.jpg\" target=\"_blank\"><img loading=\"lazy\" class=\"alignright\" style=\"float: right;\" src=\"http:\/\/tbn0.google.com\/images?q=tbn:LrR9uL9MIuLPoM:http:\/\/www.senat.gov.pl\/k6\/agenda\/goscie\/2007\/070313\/img_8395.jpg\" alt=\"Jozefina Topalli,\" width=\"90\" height=\"107\" \/><\/a> p\u00ebrzem\u00ebrt dhe miq\u00ebsor nikoqir\u00ebt shpreh\u00ebn konsiderat\u00eb p\u00ebr rrjedhat e demokratizimit dhe zhvillimit t\u00eb Malit t\u00eb Zi.<br \/>\nT\u00eb gjith\u00eb s\u00eb bashku konstatuan se Mali i Zi ka nj\u00eb tradit\u00eb pozitive dhe kredibilitet historik dhe multikonfesional. N\u00eb fund, delegacioni nga Mali i Zi dhe zyrtar\u00ebt shqiptar\u00eb u shpreh\u00ebn se integrimet europiane dhe euroatlantike jan\u00eb p\u00ebrcaktimet strategjike t\u00eb k\u00ebtyre dy shteteve, sikurse edhe p\u00ebrforcimi dhe bashk\u00ebpunimi rajonal.<br \/>\n<strong>(Kohapress)<\/strong><br \/>\n<a title=\"Holiday accommodation in Ulcinj, Montenegro\" href=\"http:\/\/www.visit-ulcinj.com\/tourism\/\" target=\"_blank\"><img loading=\"lazy\" style=\"vertical-align: middle;\" src=\"http:\/\/www.visit-ulcinj.com\/blog\/wp-content\/uploads\/2008\/05\/holiday-rental-ulcinj_ulqin_montenegro2.jpg\" alt=\"Holiday accommodation in Ulcinj, Montenegro\" width=\"424\" height=\"110\" \/><\/a><\/p>\n","protected":false},"excerpt":{"rendered":"<p><img loading=\"lazy\" class=\"attachment wp-att-1876 alignleft\" src=\"http:\/\/www.visit-ulcinj.com\/blog\/wp-content\/uploads\/2008\/06\/lideri-i-lsi-zmeta-me-deputete-te-malit-te-zi1.thumbnail.jpg\" alt=\"Nikoll\u00eb Gegaj_Vaselj Sinishtaj\" width=\"140\" height=\"140\" \/><\/p>\n","protected":false},"author":1,"featured_media":0,"comment_status":"open","ping_status":"closed","sticky":false,"template":"","format":"standard","meta":{"spay_email":"","jetpack_publicize_message":"","jetpack_is_tweetstorm":false,"jetpack_publicize_feature_enabled":true},"categories":[1,12],"tags":[3714,3713,3706,2226],"jetpack_publicize_connections":[],"yoast_head":"<!-- This site is optimized with the Yoast SEO plugin v19.1 - https:\/\/yoast.com\/wordpress\/plugins\/seo\/ -->\n<title>Sinishtaj e Gegaj u takuan me Jozefina Topallin - Lajme nga Ulqini<\/title>\n<meta name=\"robots\" content=\"index, follow, max-snippet:-1, max-image-preview:large, max-video-preview:-1\" \/>\n<link rel=\"canonical\" href=\"https:\/\/www.visit-ulcinj.com\/blog\/2008\/06\/04\/sinishtaj-e-gegaj-u-takuan-me-jozefina-topallin\/\" \/>\n<meta property=\"og:locale\" content=\"en_US\" \/>\n<meta property=\"og:type\" content=\"article\" \/>\n<meta property=\"og:title\" content=\"Sinishtaj e Gegaj u takuan me Jozefina Topallin - Lajme nga Ulqini\" \/>\n<meta property=\"og:url\" content=\"https:\/\/www.visit-ulcinj.com\/blog\/2008\/06\/04\/sinishtaj-e-gegaj-u-takuan-me-jozefina-topallin\/\" \/>\n<meta property=\"og:site_name\" content=\"Lajme nga Ulqini\" \/>\n<meta property=\"article:published_time\" content=\"2008-06-04T14:45:07+00:00\" \/>\n<meta property=\"article:modified_time\" content=\"2008-06-04T14:46:54+00:00\" \/>\n<meta property=\"og:image\" content=\"http:\/\/www.visit-ulcinj.com\/blog\/wp-content\/uploads\/2008\/06\/lideri-i-lsi-zmeta-me-deputete-te-malit-te-zi1.thumbnail.jpg\" \/>\n<meta name=\"twitter:label1\" content=\"Written by\" \/>\n\t<meta name=\"twitter:data1\" content=\"ulqini\" \/>\n\t<meta name=\"twitter:label2\" content=\"Est. reading time\" \/>\n\t<meta name=\"twitter:data2\" content=\"1 minute\" \/>\n<script type=\"application\/ld+json\" class=\"yoast-schema-graph\">{\"@context\":\"https:\/\/schema.org\",\"@graph\":[{\"@type\":\"WebSite\",\"@id\":\"https:\/\/www.visit-ulcinj.com\/blog\/#website\",\"url\":\"https:\/\/www.visit-ulcinj.com\/blog\/\",\"name\":\"Lajme nga Ulqini\",\"description\":\"Lajme,Vijesti,Ulqini,Ulqin,Crna Gora,Mali i Zi\",\"potentialAction\":[{\"@type\":\"SearchAction\",\"target\":{\"@type\":\"EntryPoint\",\"urlTemplate\":\"https:\/\/www.visit-ulcinj.com\/blog\/?s={search_term_string}\"},\"query-input\":\"required name=search_term_string\"}],\"inLanguage\":\"en-US\"},{\"@type\":\"ImageObject\",\"inLanguage\":\"en-US\",\"@id\":\"https:\/\/www.visit-ulcinj.com\/blog\/2008\/06\/04\/sinishtaj-e-gegaj-u-takuan-me-jozefina-topallin\/#primaryimage\",\"url\":\"http:\/\/www.visit-ulcinj.com\/blog\/wp-content\/uploads\/2008\/06\/lideri-i-lsi-zmeta-me-deputete-te-malit-te-zi1.thumbnail.jpg\",\"contentUrl\":\"http:\/\/www.visit-ulcinj.com\/blog\/wp-content\/uploads\/2008\/06\/lideri-i-lsi-zmeta-me-deputete-te-malit-te-zi1.thumbnail.jpg\"},{\"@type\":\"WebPage\",\"@id\":\"https:\/\/www.visit-ulcinj.com\/blog\/2008\/06\/04\/sinishtaj-e-gegaj-u-takuan-me-jozefina-topallin\/#webpage\",\"url\":\"https:\/\/www.visit-ulcinj.com\/blog\/2008\/06\/04\/sinishtaj-e-gegaj-u-takuan-me-jozefina-topallin\/\",\"name\":\"Sinishtaj e Gegaj u takuan me Jozefina Topallin - Lajme nga Ulqini\",\"isPartOf\":{\"@id\":\"https:\/\/www.visit-ulcinj.com\/blog\/#website\"},\"primaryImageOfPage\":{\"@id\":\"https:\/\/www.visit-ulcinj.com\/blog\/2008\/06\/04\/sinishtaj-e-gegaj-u-takuan-me-jozefina-topallin\/#primaryimage\"},\"datePublished\":\"2008-06-04T14:45:07+00:00\",\"dateModified\":\"2008-06-04T14:46:54+00:00\",\"author\":{\"@id\":\"https:\/\/www.visit-ulcinj.com\/blog\/#\/schema\/person\/dcab619c614d3038751c63bc2aadc06d\"},\"breadcrumb\":{\"@id\":\"https:\/\/www.visit-ulcinj.com\/blog\/2008\/06\/04\/sinishtaj-e-gegaj-u-takuan-me-jozefina-topallin\/#breadcrumb\"},\"inLanguage\":\"en-US\",\"potentialAction\":[{\"@type\":\"ReadAction\",\"target\":[\"https:\/\/www.visit-ulcinj.com\/blog\/2008\/06\/04\/sinishtaj-e-gegaj-u-takuan-me-jozefina-topallin\/\"]}]},{\"@type\":\"BreadcrumbList\",\"@id\":\"https:\/\/www.visit-ulcinj.com\/blog\/2008\/06\/04\/sinishtaj-e-gegaj-u-takuan-me-jozefina-topallin\/#breadcrumb\",\"itemListElement\":[{\"@type\":\"ListItem\",\"position\":1,\"name\":\"Sinishtaj e Gegaj u takuan me Jozefina Topallin\"}]},{\"@type\":\"Person\",\"@id\":\"https:\/\/www.visit-ulcinj.com\/blog\/#\/schema\/person\/dcab619c614d3038751c63bc2aadc06d\",\"name\":\"ulqini\",\"sameAs\":[\"http:\/\/www.visit-ulcinj.com\"],\"url\":\"https:\/\/www.visit-ulcinj.com\/blog\/author\/admin\/\"}]}<\/script>\n<!-- \/ Yoast SEO plugin. -->","yoast_head_json":{"title":"Sinishtaj e Gegaj u takuan me Jozefina Topallin - Lajme nga Ulqini","robots":{"index":"index","follow":"follow","max-snippet":"max-snippet:-1","max-image-preview":"max-image-preview:large","max-video-preview":"max-video-preview:-1"},"canonical":"https:\/\/www.visit-ulcinj.com\/blog\/2008\/06\/04\/sinishtaj-e-gegaj-u-takuan-me-jozefina-topallin\/","og_locale":"en_US","og_type":"article","og_title":"Sinishtaj e Gegaj u takuan me Jozefina Topallin - Lajme nga Ulqini","og_url":"https:\/\/www.visit-ulcinj.com\/blog\/2008\/06\/04\/sinishtaj-e-gegaj-u-takuan-me-jozefina-topallin\/","og_site_name":"Lajme nga Ulqini","article_published_time":"2008-06-04T14:45:07+00:00","article_modified_time":"2008-06-04T14:46:54+00:00","og_image":[{"url":"http:\/\/www.visit-ulcinj.com\/blog\/wp-content\/uploads\/2008\/06\/lideri-i-lsi-zmeta-me-deputete-te-malit-te-zi1.thumbnail.jpg"}],"twitter_misc":{"Written by":"ulqini","Est. reading time":"1 minute"},"schema":{"@context":"https:\/\/schema.org","@graph":[{"@type":"WebSite","@id":"https:\/\/www.visit-ulcinj.com\/blog\/#website","url":"https:\/\/www.visit-ulcinj.com\/blog\/","name":"Lajme nga Ulqini","description":"Lajme,Vijesti,Ulqini,Ulqin,Crna Gora,Mali i Zi","potentialAction":[{"@type":"SearchAction","target":{"@type":"EntryPoint","urlTemplate":"https:\/\/www.visit-ulcinj.com\/blog\/?s={search_term_string}"},"query-input":"required name=search_term_string"}],"inLanguage":"en-US"},{"@type":"ImageObject","inLanguage":"en-US","@id":"https:\/\/www.visit-ulcinj.com\/blog\/2008\/06\/04\/sinishtaj-e-gegaj-u-takuan-me-jozefina-topallin\/#primaryimage","url":"http:\/\/www.visit-ulcinj.com\/blog\/wp-content\/uploads\/2008\/06\/lideri-i-lsi-zmeta-me-deputete-te-malit-te-zi1.thumbnail.jpg","contentUrl":"http:\/\/www.visit-ulcinj.com\/blog\/wp-content\/uploads\/2008\/06\/lideri-i-lsi-zmeta-me-deputete-te-malit-te-zi1.thumbnail.jpg"},{"@type":"WebPage","@id":"https:\/\/www.visit-ulcinj.com\/blog\/2008\/06\/04\/sinishtaj-e-gegaj-u-takuan-me-jozefina-topallin\/#webpage","url":"https:\/\/www.visit-ulcinj.com\/blog\/2008\/06\/04\/sinishtaj-e-gegaj-u-takuan-me-jozefina-topallin\/","name":"Sinishtaj e Gegaj u takuan me Jozefina Topallin - Lajme nga Ulqini","isPartOf":{"@id":"https:\/\/www.visit-ulcinj.com\/blog\/#website"},"primaryImageOfPage":{"@id":"https:\/\/www.visit-ulcinj.com\/blog\/2008\/06\/04\/sinishtaj-e-gegaj-u-takuan-me-jozefina-topallin\/#primaryimage"},"datePublished":"2008-06-04T14:45:07+00:00","dateModified":"2008-06-04T14:46:54+00:00","author":{"@id":"https:\/\/www.visit-ulcinj.com\/blog\/#\/schema\/person\/dcab619c614d3038751c63bc2aadc06d"},"breadcrumb":{"@id":"https:\/\/www.visit-ulcinj.com\/blog\/2008\/06\/04\/sinishtaj-e-gegaj-u-takuan-me-jozefina-topallin\/#breadcrumb"},"inLanguage":"en-US","potentialAction":[{"@type":"ReadAction","target":["https:\/\/www.visit-ulcinj.com\/blog\/2008\/06\/04\/sinishtaj-e-gegaj-u-takuan-me-jozefina-topallin\/"]}]},{"@type":"BreadcrumbList","@id":"https:\/\/www.visit-ulcinj.com\/blog\/2008\/06\/04\/sinishtaj-e-gegaj-u-takuan-me-jozefina-topallin\/#breadcrumb","itemListElement":[{"@type":"ListItem","position":1,"name":"Sinishtaj e Gegaj u takuan me Jozefina Topallin"}]},{"@type":"Person","@id":"https:\/\/www.visit-ulcinj.com\/blog\/#\/schema\/person\/dcab619c614d3038751c63bc2aadc06d","name":"ulqini","sameAs":["http:\/\/www.visit-ulcinj.com"],"url":"https:\/\/www.visit-ulcinj.com\/blog\/author\/admin\/"}]}},"jetpack_featured_media_url":"","jetpack_sharing_enabled":true,"jetpack_shortlink":"https:\/\/wp.me\/pe6lTn-uf","_links":{"self":[{"href":"https:\/\/www.visit-ulcinj.com\/blog\/wp-json\/wp\/v2\/posts\/1875"}],"collection":[{"href":"https:\/\/www.visit-ulcinj.com\/blog\/wp-json\/wp\/v2\/posts"}],"about":[{"href":"https:\/\/www.visit-ulcinj.com\/blog\/wp-json\/wp\/v2\/types\/post"}],"author":[{"embeddable":true,"href":"https:\/\/www.visit-ulcinj.com\/blog\/wp-json\/wp\/v2\/users\/1"}],"replies":[{"embeddable":true,"href":"https:\/\/www.visit-ulcinj.com\/blog\/wp-json\/wp\/v2\/comments?post=1875"}],"version-history":[{"count":0,"href":"https:\/\/www.visit-ulcinj.com\/blog\/wp-json\/wp\/v2\/posts\/1875\/revisions"}],"wp:attachment":[{"href":"https:\/\/www.visit-ulcinj.com\/blog\/wp-json\/wp\/v2\/media?parent=1875"}],"wp:term":[{"taxonomy":"category","embeddable":true,"href":"https:\/\/www.visit-ulcinj.com\/blog\/wp-json\/wp\/v2\/categories?post=1875"},{"taxonomy":"post_tag","embeddable":true,"href":"https:\/\/www.visit-ulcinj.com\/blog\/wp-json\/wp\/v2\/tags?post=1875"}],"curies":[{"name":"wp","href":"https:\/\/api.w.org\/{rel}","templated":true}]}}