{"id":18753,"date":"2009-04-22T22:59:07","date_gmt":"2009-04-22T20:59:07","guid":{"rendered":"http:\/\/www.visit-ulcinj.com\/blog\/?p=18753"},"modified":"2009-04-22T22:59:07","modified_gmt":"2009-04-22T20:59:07","slug":"tatuazhi-i-mimozes","status":"publish","type":"post","link":"https:\/\/www.visit-ulcinj.com\/blog\/2009\/04\/22\/tatuazhi-i-mimozes\/","title":{"rendered":"Tatuazhi i Mimoz\u00ebs"},"content":{"rendered":"<p><em><span class=\"newsdate\"><a href=\"http:\/\/www.visit-ulcinj.com\/blog\/wp-content\/uploads\/2009\/04\/moza-tatu.jpg\"><img loading=\"lazy\" class=\"alignleft size-full wp-image-18754\" title=\"moza-tatu-big-brother-albania-2\" src=\"http:\/\/www.visit-ulcinj.com\/blog\/wp-content\/uploads\/2009\/04\/moza-tatu.jpg\" alt=\"moza-tatu-big-brother-albania-2\" width=\"300\" height=\"205\" \/><\/a>19\/04\/09 00:30<\/span><\/em><\/p>\n<p>Pas Adit, rradha p\u00ebr t\u00eb b\u00ebr\u00eb tatuazh, ka qen\u00eb e Mimoz\u00ebs. Qet\u00ebsori e ka pyetur n\u00ebse do ta b\u00ebnte t\u00eb p\u00ebrkohsh\u00ebm atpo t\u00eb p\u00ebrhersh\u00ebm dhe ajo ka th\u00ebn\u00eb se kishte zgjedhur ta b\u00ebnte t\u00eb p\u00ebrhersh\u00ebm. Ajo ka qen\u00eb e sigurt\u00eb n\u00eb zgjedhjen e tatuazhit q\u00eb do t\u00eb b\u00ebnte, por e pasigurt\u00eb p\u00ebr vendin. Fillimisht, Mimoza ka zgjedhur ta b\u00ebj\u00eb n\u00eb krahun e djatht\u00eb, por specialistja i ka k\u00ebshilluar t\u00eb majtin. Anjeza i ka th\u00ebn\u00eb t\u00eb mendohej mir\u00eb, sepse ajo vet ishte penduar q\u00eb e kishte b\u00ebr\u00eb n\u00eb krah. Edhe Qetsori i tha t\u00eb nj\u00ebjt\u00ebn gj\u00eb. Ai i sugjeroi se m\u00eb mir\u00eb do t\u00eb ishte ta b\u00ebnte nga pas, n\u00eb shpatull\u00ebn e majt\u00eb. Vendi q\u00eb p\u00ebrfundimisht Mimoza zgjodhi t\u00eb b\u00ebnte tatuazhin, edhe n\u00ebn k\u00ebshill\u00ebn e specialist\u00ebve, p\u00ebr shkak t\u00eb form\u00ebs s\u00eb tij, ishte n\u00eb pjes\u00ebn e pasme t\u00eb shpatull\u00ebs s\u00eb djatht\u00eb.<\/p>\n","protected":false},"excerpt":{"rendered":"<p>19\/04\/09 00:30 Pas Adit, rradha p\u00ebr t\u00eb b\u00ebr\u00eb tatuazh, ka qen\u00eb e Mimoz\u00ebs. Qet\u00ebsori e ka pyetur n\u00ebse do ta b\u00ebnte t\u00eb p\u00ebrkohsh\u00ebm atpo t\u00eb p\u00ebrhersh\u00ebm dhe ajo ka th\u00ebn\u00eb se kishte zgjedhur ta b\u00ebnte t\u00eb p\u00ebrhersh\u00ebm. Ajo ka qen\u00eb e sigurt\u00eb n\u00eb zgjedhjen e tatuazhit q\u00eb do t\u00eb b\u00ebnte, por e pasigurt\u00eb p\u00ebr vendin. [&hellip;]<\/p>\n","protected":false},"author":1,"featured_media":0,"comment_status":"open","ping_status":"closed","sticky":false,"template":"","format":"standard","meta":{"spay_email":"","jetpack_publicize_message":"","jetpack_is_tweetstorm":false,"jetpack_publicize_feature_enabled":true},"categories":[6502],"tags":[5057,6506,6516,6712,7129,6544,8276,6891,6693,6887],"jetpack_publicize_connections":[],"yoast_head":"<!-- This site is optimized with the Yoast SEO plugin v19.1 - https:\/\/yoast.com\/wordpress\/plugins\/seo\/ -->\n<title>Tatuazhi i Mimoz\u00c3\u00abs | Big Brother Albania 2<\/title>\n<meta name=\"description\" content=\"Big Brother Albania 2 - Pas Adit, rradha p\u00c3\u00abr t\u00c3\u00ab b\u00c3\u00abr\u00c3\u00ab tatuazh, ka qen\u00c3\u00ab e Mimoz\u00c3\u00abs. Qet\u00c3\u00absori e ka pyetur n\u00c3\u00abse do ta b\u00c3\u00abnte t\u00c3\u00ab p\u00c3\u00abrkohsh\u00c3\u00abm atpo t\u00c3\u00ab p\u00c3\u00abrhersh\u00c3\u00abm dhe ajo ka th\u00c3\u00abn\u00c3\u00ab se kishte zgjedhur ta b\u00c3\u00abnte t\u00c3\u00ab p\u00c3\u00abrhersh\u00c3\u00abm.\" \/>\n<meta name=\"robots\" content=\"index, follow, max-snippet:-1, max-image-preview:large, max-video-preview:-1\" \/>\n<link rel=\"canonical\" href=\"https:\/\/www.visit-ulcinj.com\/blog\/2009\/04\/22\/tatuazhi-i-mimozes\/\" \/>\n<meta property=\"og:locale\" content=\"en_US\" \/>\n<meta property=\"og:type\" content=\"article\" \/>\n<meta property=\"og:title\" content=\"Tatuazhi i Mimoz\u00c3\u00abs | Big Brother Albania 2\" \/>\n<meta property=\"og:description\" content=\"Big Brother Albania 2 - Pas Adit, rradha p\u00c3\u00abr t\u00c3\u00ab b\u00c3\u00abr\u00c3\u00ab tatuazh, ka qen\u00c3\u00ab e Mimoz\u00c3\u00abs. Qet\u00c3\u00absori e ka pyetur n\u00c3\u00abse do ta b\u00c3\u00abnte t\u00c3\u00ab p\u00c3\u00abrkohsh\u00c3\u00abm atpo t\u00c3\u00ab p\u00c3\u00abrhersh\u00c3\u00abm dhe ajo ka th\u00c3\u00abn\u00c3\u00ab se kishte zgjedhur ta b\u00c3\u00abnte t\u00c3\u00ab p\u00c3\u00abrhersh\u00c3\u00abm.\" \/>\n<meta property=\"og:url\" content=\"https:\/\/www.visit-ulcinj.com\/blog\/2009\/04\/22\/tatuazhi-i-mimozes\/\" \/>\n<meta property=\"og:site_name\" content=\"Lajme nga Ulqini\" \/>\n<meta property=\"article:published_time\" content=\"2009-04-22T20:59:07+00:00\" \/>\n<meta property=\"og:image\" content=\"http:\/\/www.visit-ulcinj.com\/blog\/wp-content\/uploads\/2009\/04\/moza-tatu.jpg\" \/>\n<meta name=\"twitter:label1\" content=\"Written by\" \/>\n\t<meta name=\"twitter:data1\" content=\"ulqini\" \/>\n\t<meta name=\"twitter:label2\" content=\"Est. reading time\" \/>\n\t<meta name=\"twitter:data2\" content=\"1 minute\" \/>\n<script type=\"application\/ld+json\" class=\"yoast-schema-graph\">{\"@context\":\"https:\/\/schema.org\",\"@graph\":[{\"@type\":\"WebSite\",\"@id\":\"https:\/\/www.visit-ulcinj.com\/blog\/#website\",\"url\":\"https:\/\/www.visit-ulcinj.com\/blog\/\",\"name\":\"Lajme nga Ulqini\",\"description\":\"Lajme,Vijesti,Ulqini,Ulqin,Crna Gora,Mali i Zi\",\"potentialAction\":[{\"@type\":\"SearchAction\",\"target\":{\"@type\":\"EntryPoint\",\"urlTemplate\":\"https:\/\/www.visit-ulcinj.com\/blog\/?s={search_term_string}\"},\"query-input\":\"required name=search_term_string\"}],\"inLanguage\":\"en-US\"},{\"@type\":\"ImageObject\",\"inLanguage\":\"en-US\",\"@id\":\"https:\/\/www.visit-ulcinj.com\/blog\/2009\/04\/22\/tatuazhi-i-mimozes\/#primaryimage\",\"url\":\"http:\/\/www.visit-ulcinj.com\/blog\/wp-content\/uploads\/2009\/04\/moza-tatu.jpg\",\"contentUrl\":\"http:\/\/www.visit-ulcinj.com\/blog\/wp-content\/uploads\/2009\/04\/moza-tatu.jpg\"},{\"@type\":\"WebPage\",\"@id\":\"https:\/\/www.visit-ulcinj.com\/blog\/2009\/04\/22\/tatuazhi-i-mimozes\/#webpage\",\"url\":\"https:\/\/www.visit-ulcinj.com\/blog\/2009\/04\/22\/tatuazhi-i-mimozes\/\",\"name\":\"Tatuazhi i Mimoz\u00c3\u00abs | Big Brother Albania 2\",\"isPartOf\":{\"@id\":\"https:\/\/www.visit-ulcinj.com\/blog\/#website\"},\"primaryImageOfPage\":{\"@id\":\"https:\/\/www.visit-ulcinj.com\/blog\/2009\/04\/22\/tatuazhi-i-mimozes\/#primaryimage\"},\"datePublished\":\"2009-04-22T20:59:07+00:00\",\"dateModified\":\"2009-04-22T20:59:07+00:00\",\"author\":{\"@id\":\"https:\/\/www.visit-ulcinj.com\/blog\/#\/schema\/person\/dcab619c614d3038751c63bc2aadc06d\"},\"description\":\"Big Brother Albania 2 - Pas Adit, rradha p\u00c3\u00abr t\u00c3\u00ab b\u00c3\u00abr\u00c3\u00ab tatuazh, ka qen\u00c3\u00ab e Mimoz\u00c3\u00abs. Qet\u00c3\u00absori e ka pyetur n\u00c3\u00abse do ta b\u00c3\u00abnte t\u00c3\u00ab p\u00c3\u00abrkohsh\u00c3\u00abm atpo t\u00c3\u00ab p\u00c3\u00abrhersh\u00c3\u00abm dhe ajo ka th\u00c3\u00abn\u00c3\u00ab se kishte zgjedhur ta b\u00c3\u00abnte t\u00c3\u00ab p\u00c3\u00abrhersh\u00c3\u00abm.\",\"breadcrumb\":{\"@id\":\"https:\/\/www.visit-ulcinj.com\/blog\/2009\/04\/22\/tatuazhi-i-mimozes\/#breadcrumb\"},\"inLanguage\":\"en-US\",\"potentialAction\":[{\"@type\":\"ReadAction\",\"target\":[\"https:\/\/www.visit-ulcinj.com\/blog\/2009\/04\/22\/tatuazhi-i-mimozes\/\"]}]},{\"@type\":\"BreadcrumbList\",\"@id\":\"https:\/\/www.visit-ulcinj.com\/blog\/2009\/04\/22\/tatuazhi-i-mimozes\/#breadcrumb\",\"itemListElement\":[{\"@type\":\"ListItem\",\"position\":1,\"name\":\"Tatuazhi i Mimoz\u00ebs\"}]},{\"@type\":\"Person\",\"@id\":\"https:\/\/www.visit-ulcinj.com\/blog\/#\/schema\/person\/dcab619c614d3038751c63bc2aadc06d\",\"name\":\"ulqini\",\"sameAs\":[\"http:\/\/www.visit-ulcinj.com\"],\"url\":\"https:\/\/www.visit-ulcinj.com\/blog\/author\/admin\/\"}]}<\/script>\n<!-- \/ Yoast SEO plugin. -->","yoast_head_json":{"title":"Tatuazhi i Mimoz\u00c3\u00abs | Big Brother Albania 2","description":"Big Brother Albania 2 - Pas Adit, rradha p\u00c3\u00abr t\u00c3\u00ab b\u00c3\u00abr\u00c3\u00ab tatuazh, ka qen\u00c3\u00ab e Mimoz\u00c3\u00abs. Qet\u00c3\u00absori e ka pyetur n\u00c3\u00abse do ta b\u00c3\u00abnte t\u00c3\u00ab p\u00c3\u00abrkohsh\u00c3\u00abm atpo t\u00c3\u00ab p\u00c3\u00abrhersh\u00c3\u00abm dhe ajo ka th\u00c3\u00abn\u00c3\u00ab se kishte zgjedhur ta b\u00c3\u00abnte t\u00c3\u00ab p\u00c3\u00abrhersh\u00c3\u00abm.","robots":{"index":"index","follow":"follow","max-snippet":"max-snippet:-1","max-image-preview":"max-image-preview:large","max-video-preview":"max-video-preview:-1"},"canonical":"https:\/\/www.visit-ulcinj.com\/blog\/2009\/04\/22\/tatuazhi-i-mimozes\/","og_locale":"en_US","og_type":"article","og_title":"Tatuazhi i Mimoz\u00c3\u00abs | Big Brother Albania 2","og_description":"Big Brother Albania 2 - Pas Adit, rradha p\u00c3\u00abr t\u00c3\u00ab b\u00c3\u00abr\u00c3\u00ab tatuazh, ka qen\u00c3\u00ab e Mimoz\u00c3\u00abs. Qet\u00c3\u00absori e ka pyetur n\u00c3\u00abse do ta b\u00c3\u00abnte t\u00c3\u00ab p\u00c3\u00abrkohsh\u00c3\u00abm atpo t\u00c3\u00ab p\u00c3\u00abrhersh\u00c3\u00abm dhe ajo ka th\u00c3\u00abn\u00c3\u00ab se kishte zgjedhur ta b\u00c3\u00abnte t\u00c3\u00ab p\u00c3\u00abrhersh\u00c3\u00abm.","og_url":"https:\/\/www.visit-ulcinj.com\/blog\/2009\/04\/22\/tatuazhi-i-mimozes\/","og_site_name":"Lajme nga Ulqini","article_published_time":"2009-04-22T20:59:07+00:00","og_image":[{"url":"http:\/\/www.visit-ulcinj.com\/blog\/wp-content\/uploads\/2009\/04\/moza-tatu.jpg"}],"twitter_misc":{"Written by":"ulqini","Est. reading time":"1 minute"},"schema":{"@context":"https:\/\/schema.org","@graph":[{"@type":"WebSite","@id":"https:\/\/www.visit-ulcinj.com\/blog\/#website","url":"https:\/\/www.visit-ulcinj.com\/blog\/","name":"Lajme nga Ulqini","description":"Lajme,Vijesti,Ulqini,Ulqin,Crna Gora,Mali i Zi","potentialAction":[{"@type":"SearchAction","target":{"@type":"EntryPoint","urlTemplate":"https:\/\/www.visit-ulcinj.com\/blog\/?s={search_term_string}"},"query-input":"required name=search_term_string"}],"inLanguage":"en-US"},{"@type":"ImageObject","inLanguage":"en-US","@id":"https:\/\/www.visit-ulcinj.com\/blog\/2009\/04\/22\/tatuazhi-i-mimozes\/#primaryimage","url":"http:\/\/www.visit-ulcinj.com\/blog\/wp-content\/uploads\/2009\/04\/moza-tatu.jpg","contentUrl":"http:\/\/www.visit-ulcinj.com\/blog\/wp-content\/uploads\/2009\/04\/moza-tatu.jpg"},{"@type":"WebPage","@id":"https:\/\/www.visit-ulcinj.com\/blog\/2009\/04\/22\/tatuazhi-i-mimozes\/#webpage","url":"https:\/\/www.visit-ulcinj.com\/blog\/2009\/04\/22\/tatuazhi-i-mimozes\/","name":"Tatuazhi i Mimoz\u00c3\u00abs | Big Brother Albania 2","isPartOf":{"@id":"https:\/\/www.visit-ulcinj.com\/blog\/#website"},"primaryImageOfPage":{"@id":"https:\/\/www.visit-ulcinj.com\/blog\/2009\/04\/22\/tatuazhi-i-mimozes\/#primaryimage"},"datePublished":"2009-04-22T20:59:07+00:00","dateModified":"2009-04-22T20:59:07+00:00","author":{"@id":"https:\/\/www.visit-ulcinj.com\/blog\/#\/schema\/person\/dcab619c614d3038751c63bc2aadc06d"},"description":"Big Brother Albania 2 - Pas Adit, rradha p\u00c3\u00abr t\u00c3\u00ab b\u00c3\u00abr\u00c3\u00ab tatuazh, ka qen\u00c3\u00ab e Mimoz\u00c3\u00abs. Qet\u00c3\u00absori e ka pyetur n\u00c3\u00abse do ta b\u00c3\u00abnte t\u00c3\u00ab p\u00c3\u00abrkohsh\u00c3\u00abm atpo t\u00c3\u00ab p\u00c3\u00abrhersh\u00c3\u00abm dhe ajo ka th\u00c3\u00abn\u00c3\u00ab se kishte zgjedhur ta b\u00c3\u00abnte t\u00c3\u00ab p\u00c3\u00abrhersh\u00c3\u00abm.","breadcrumb":{"@id":"https:\/\/www.visit-ulcinj.com\/blog\/2009\/04\/22\/tatuazhi-i-mimozes\/#breadcrumb"},"inLanguage":"en-US","potentialAction":[{"@type":"ReadAction","target":["https:\/\/www.visit-ulcinj.com\/blog\/2009\/04\/22\/tatuazhi-i-mimozes\/"]}]},{"@type":"BreadcrumbList","@id":"https:\/\/www.visit-ulcinj.com\/blog\/2009\/04\/22\/tatuazhi-i-mimozes\/#breadcrumb","itemListElement":[{"@type":"ListItem","position":1,"name":"Tatuazhi i Mimoz\u00ebs"}]},{"@type":"Person","@id":"https:\/\/www.visit-ulcinj.com\/blog\/#\/schema\/person\/dcab619c614d3038751c63bc2aadc06d","name":"ulqini","sameAs":["http:\/\/www.visit-ulcinj.com"],"url":"https:\/\/www.visit-ulcinj.com\/blog\/author\/admin\/"}]}},"jetpack_featured_media_url":"","jetpack_sharing_enabled":true,"jetpack_shortlink":"https:\/\/wp.me\/pe6lTn-4St","_links":{"self":[{"href":"https:\/\/www.visit-ulcinj.com\/blog\/wp-json\/wp\/v2\/posts\/18753"}],"collection":[{"href":"https:\/\/www.visit-ulcinj.com\/blog\/wp-json\/wp\/v2\/posts"}],"about":[{"href":"https:\/\/www.visit-ulcinj.com\/blog\/wp-json\/wp\/v2\/types\/post"}],"author":[{"embeddable":true,"href":"https:\/\/www.visit-ulcinj.com\/blog\/wp-json\/wp\/v2\/users\/1"}],"replies":[{"embeddable":true,"href":"https:\/\/www.visit-ulcinj.com\/blog\/wp-json\/wp\/v2\/comments?post=18753"}],"version-history":[{"count":0,"href":"https:\/\/www.visit-ulcinj.com\/blog\/wp-json\/wp\/v2\/posts\/18753\/revisions"}],"wp:attachment":[{"href":"https:\/\/www.visit-ulcinj.com\/blog\/wp-json\/wp\/v2\/media?parent=18753"}],"wp:term":[{"taxonomy":"category","embeddable":true,"href":"https:\/\/www.visit-ulcinj.com\/blog\/wp-json\/wp\/v2\/categories?post=18753"},{"taxonomy":"post_tag","embeddable":true,"href":"https:\/\/www.visit-ulcinj.com\/blog\/wp-json\/wp\/v2\/tags?post=18753"}],"curies":[{"name":"wp","href":"https:\/\/api.w.org\/{rel}","templated":true}]}}