{"id":18756,"date":"2009-04-22T23:01:21","date_gmt":"2009-04-22T21:01:21","guid":{"rendered":"http:\/\/www.visit-ulcinj.com\/blog\/?p=18756"},"modified":"2009-04-22T23:01:21","modified_gmt":"2009-04-22T21:01:21","slug":"qetsori-dua-t%e2%80%99ju-vij-ne-dasem","status":"publish","type":"post","link":"https:\/\/www.visit-ulcinj.com\/blog\/2009\/04\/22\/qetsori-dua-t%e2%80%99ju-vij-ne-dasem\/","title":{"rendered":"Qetsori : Dua t\u2019ju vij n\u00eb das\u00ebm"},"content":{"rendered":"<p><em><span class=\"newsdate\"><a href=\"http:\/\/www.visit-ulcinj.com\/blog\/wp-content\/uploads\/2009\/04\/qetsori-per-dasmen.jpg\"><img loading=\"lazy\" class=\"alignleft size-full wp-image-18757\" title=\"qetsori-per-dasmen-big-brother-albania-2\" src=\"http:\/\/www.visit-ulcinj.com\/blog\/wp-content\/uploads\/2009\/04\/qetsori-per-dasmen.jpg\" alt=\"qetsori-per-dasmen-big-brother-albania-2\" width=\"300\" height=\"205\" \/><\/a>19\/04\/09 01:45<\/span><\/em><\/p>\n<p>N\u00eb dhom\u00ebn e akuariumit, ku banor\u00ebt b\u00ebnin tatuazhet, Qetsori i ka ngacmuar s\u00ebrish Bjordin dhe Adel\u00ebn, duke i pyetur n\u00ebse ishin puthur apo jo dhe kjo i fundit i ka th\u00ebn\u00eb se edhe sikur ta b\u00ebnin, atij nuk do t\u2019ia tregonin. \u201c\u00c7\u2019na ka gjetur!\u201d ka th\u00ebn\u00eb ajo. N\u00eb vijim, Qetsori u ka th\u00ebn\u00eb se kishte shum\u00eb qejf t\u00eb vinte n\u00eb dasm\u00ebn e tyre. \u201cPse, kam luajtur mendsh un\u00eb t\u00eb martohem me Bjordin! \u2013 i ka th\u00ebn\u00eb atij Adela me shaka, -Je n\u00eb terezi ti apo jo?\u201d.<\/p>\n","protected":false},"excerpt":{"rendered":"<p>19\/04\/09 01:45 N\u00eb dhom\u00ebn e akuariumit, ku banor\u00ebt b\u00ebnin tatuazhet, Qetsori i ka ngacmuar s\u00ebrish Bjordin dhe Adel\u00ebn, duke i pyetur n\u00ebse ishin puthur apo jo dhe kjo i fundit i ka th\u00ebn\u00eb se edhe sikur ta b\u00ebnin, atij nuk do t\u2019ia tregonin. \u201c\u00c7\u2019na ka gjetur!\u201d ka th\u00ebn\u00eb ajo. N\u00eb vijim, Qetsori u ka th\u00ebn\u00eb [&hellip;]<\/p>\n","protected":false},"author":1,"featured_media":0,"comment_status":"open","ping_status":"closed","sticky":false,"template":"","format":"standard","meta":{"spay_email":"","jetpack_publicize_message":"","jetpack_is_tweetstorm":false,"jetpack_publicize_feature_enabled":true},"categories":[6502],"tags":[6529,5057,6506,6516,6712,7129,6522,9464,6544,8276,6891,6693,6887],"jetpack_publicize_connections":[],"yoast_head":"<!-- This site is optimized with the Yoast SEO plugin v19.1 - https:\/\/yoast.com\/wordpress\/plugins\/seo\/ -->\n<title>Qetsori : Dua t\u00e2\u20ac\u2122ju vij n\u00c3\u00ab das\u00c3\u00abm | Big Brother Albania 2<\/title>\n<meta name=\"description\" content=\"Big Brother Albania 2 - N\u00c3\u00ab dhom\u00c3\u00abn e akuariumit, ku banor\u00c3\u00abt b\u00c3\u00abnin tatuazhet, Qetsori i ka ngacmuar s\u00c3\u00abrish Bjordin dhe Adel\u00c3\u00abn, duke i pyetur n\u00c3\u00abse ishin puthur apo jo dhe kjo i fundit i ka th\u00c3\u00abn\u00c3\u00ab se edhe sikur ta b\u00c3\u00abnin\" \/>\n<meta name=\"robots\" content=\"index, follow, max-snippet:-1, max-image-preview:large, max-video-preview:-1\" \/>\n<link rel=\"canonical\" href=\"https:\/\/www.visit-ulcinj.com\/blog\/2009\/04\/22\/qetsori-dua-t\u2019ju-vij-ne-dasem\/\" \/>\n<meta property=\"og:locale\" content=\"en_US\" \/>\n<meta property=\"og:type\" content=\"article\" \/>\n<meta property=\"og:title\" content=\"Qetsori : Dua t\u00e2\u20ac\u2122ju vij n\u00c3\u00ab das\u00c3\u00abm | Big Brother Albania 2\" \/>\n<meta property=\"og:description\" content=\"Big Brother Albania 2 - N\u00c3\u00ab dhom\u00c3\u00abn e akuariumit, ku banor\u00c3\u00abt b\u00c3\u00abnin tatuazhet, Qetsori i ka ngacmuar s\u00c3\u00abrish Bjordin dhe Adel\u00c3\u00abn, duke i pyetur n\u00c3\u00abse ishin puthur apo jo dhe kjo i fundit i ka th\u00c3\u00abn\u00c3\u00ab se edhe sikur ta b\u00c3\u00abnin\" \/>\n<meta property=\"og:url\" content=\"https:\/\/www.visit-ulcinj.com\/blog\/2009\/04\/22\/qetsori-dua-t\u2019ju-vij-ne-dasem\/\" \/>\n<meta property=\"og:site_name\" content=\"Lajme nga Ulqini\" \/>\n<meta property=\"article:published_time\" content=\"2009-04-22T21:01:21+00:00\" \/>\n<meta property=\"og:image\" content=\"http:\/\/www.visit-ulcinj.com\/blog\/wp-content\/uploads\/2009\/04\/qetsori-per-dasmen.jpg\" \/>\n<meta name=\"twitter:label1\" content=\"Written by\" \/>\n\t<meta name=\"twitter:data1\" content=\"ulqini\" \/>\n<script type=\"application\/ld+json\" class=\"yoast-schema-graph\">{\"@context\":\"https:\/\/schema.org\",\"@graph\":[{\"@type\":\"WebSite\",\"@id\":\"https:\/\/www.visit-ulcinj.com\/blog\/#website\",\"url\":\"https:\/\/www.visit-ulcinj.com\/blog\/\",\"name\":\"Lajme nga Ulqini\",\"description\":\"Lajme,Vijesti,Ulqini,Ulqin,Crna Gora,Mali i Zi\",\"potentialAction\":[{\"@type\":\"SearchAction\",\"target\":{\"@type\":\"EntryPoint\",\"urlTemplate\":\"https:\/\/www.visit-ulcinj.com\/blog\/?s={search_term_string}\"},\"query-input\":\"required name=search_term_string\"}],\"inLanguage\":\"en-US\"},{\"@type\":\"ImageObject\",\"inLanguage\":\"en-US\",\"@id\":\"https:\/\/www.visit-ulcinj.com\/blog\/2009\/04\/22\/qetsori-dua-t%e2%80%99ju-vij-ne-dasem\/#primaryimage\",\"url\":\"http:\/\/www.visit-ulcinj.com\/blog\/wp-content\/uploads\/2009\/04\/qetsori-per-dasmen.jpg\",\"contentUrl\":\"http:\/\/www.visit-ulcinj.com\/blog\/wp-content\/uploads\/2009\/04\/qetsori-per-dasmen.jpg\"},{\"@type\":\"WebPage\",\"@id\":\"https:\/\/www.visit-ulcinj.com\/blog\/2009\/04\/22\/qetsori-dua-t%e2%80%99ju-vij-ne-dasem\/#webpage\",\"url\":\"https:\/\/www.visit-ulcinj.com\/blog\/2009\/04\/22\/qetsori-dua-t%e2%80%99ju-vij-ne-dasem\/\",\"name\":\"Qetsori : Dua t\u00e2\u20ac\u2122ju vij n\u00c3\u00ab das\u00c3\u00abm | Big Brother Albania 2\",\"isPartOf\":{\"@id\":\"https:\/\/www.visit-ulcinj.com\/blog\/#website\"},\"primaryImageOfPage\":{\"@id\":\"https:\/\/www.visit-ulcinj.com\/blog\/2009\/04\/22\/qetsori-dua-t%e2%80%99ju-vij-ne-dasem\/#primaryimage\"},\"datePublished\":\"2009-04-22T21:01:21+00:00\",\"dateModified\":\"2009-04-22T21:01:21+00:00\",\"author\":{\"@id\":\"https:\/\/www.visit-ulcinj.com\/blog\/#\/schema\/person\/dcab619c614d3038751c63bc2aadc06d\"},\"description\":\"Big Brother Albania 2 - N\u00c3\u00ab dhom\u00c3\u00abn e akuariumit, ku banor\u00c3\u00abt b\u00c3\u00abnin tatuazhet, Qetsori i ka ngacmuar s\u00c3\u00abrish Bjordin dhe Adel\u00c3\u00abn, duke i pyetur n\u00c3\u00abse ishin puthur apo jo dhe kjo i fundit i ka th\u00c3\u00abn\u00c3\u00ab se edhe sikur ta b\u00c3\u00abnin\",\"breadcrumb\":{\"@id\":\"https:\/\/www.visit-ulcinj.com\/blog\/2009\/04\/22\/qetsori-dua-t%e2%80%99ju-vij-ne-dasem\/#breadcrumb\"},\"inLanguage\":\"en-US\",\"potentialAction\":[{\"@type\":\"ReadAction\",\"target\":[\"https:\/\/www.visit-ulcinj.com\/blog\/2009\/04\/22\/qetsori-dua-t%e2%80%99ju-vij-ne-dasem\/\"]}]},{\"@type\":\"BreadcrumbList\",\"@id\":\"https:\/\/www.visit-ulcinj.com\/blog\/2009\/04\/22\/qetsori-dua-t%e2%80%99ju-vij-ne-dasem\/#breadcrumb\",\"itemListElement\":[{\"@type\":\"ListItem\",\"position\":1,\"name\":\"Qetsori : Dua t\u2019ju vij n\u00eb das\u00ebm\"}]},{\"@type\":\"Person\",\"@id\":\"https:\/\/www.visit-ulcinj.com\/blog\/#\/schema\/person\/dcab619c614d3038751c63bc2aadc06d\",\"name\":\"ulqini\",\"sameAs\":[\"http:\/\/www.visit-ulcinj.com\"],\"url\":\"https:\/\/www.visit-ulcinj.com\/blog\/author\/admin\/\"}]}<\/script>\n<!-- \/ Yoast SEO plugin. -->","yoast_head_json":{"title":"Qetsori : Dua t\u00e2\u20ac\u2122ju vij n\u00c3\u00ab das\u00c3\u00abm | Big Brother Albania 2","description":"Big Brother Albania 2 - N\u00c3\u00ab dhom\u00c3\u00abn e akuariumit, ku banor\u00c3\u00abt b\u00c3\u00abnin tatuazhet, Qetsori i ka ngacmuar s\u00c3\u00abrish Bjordin dhe Adel\u00c3\u00abn, duke i pyetur n\u00c3\u00abse ishin puthur apo jo dhe kjo i fundit i ka th\u00c3\u00abn\u00c3\u00ab se edhe sikur ta b\u00c3\u00abnin","robots":{"index":"index","follow":"follow","max-snippet":"max-snippet:-1","max-image-preview":"max-image-preview:large","max-video-preview":"max-video-preview:-1"},"canonical":"https:\/\/www.visit-ulcinj.com\/blog\/2009\/04\/22\/qetsori-dua-t\u2019ju-vij-ne-dasem\/","og_locale":"en_US","og_type":"article","og_title":"Qetsori : Dua t\u00e2\u20ac\u2122ju vij n\u00c3\u00ab das\u00c3\u00abm | Big Brother Albania 2","og_description":"Big Brother Albania 2 - N\u00c3\u00ab dhom\u00c3\u00abn e akuariumit, ku banor\u00c3\u00abt b\u00c3\u00abnin tatuazhet, Qetsori i ka ngacmuar s\u00c3\u00abrish Bjordin dhe Adel\u00c3\u00abn, duke i pyetur n\u00c3\u00abse ishin puthur apo jo dhe kjo i fundit i ka th\u00c3\u00abn\u00c3\u00ab se edhe sikur ta b\u00c3\u00abnin","og_url":"https:\/\/www.visit-ulcinj.com\/blog\/2009\/04\/22\/qetsori-dua-t\u2019ju-vij-ne-dasem\/","og_site_name":"Lajme nga Ulqini","article_published_time":"2009-04-22T21:01:21+00:00","og_image":[{"url":"http:\/\/www.visit-ulcinj.com\/blog\/wp-content\/uploads\/2009\/04\/qetsori-per-dasmen.jpg"}],"twitter_misc":{"Written by":"ulqini"},"schema":{"@context":"https:\/\/schema.org","@graph":[{"@type":"WebSite","@id":"https:\/\/www.visit-ulcinj.com\/blog\/#website","url":"https:\/\/www.visit-ulcinj.com\/blog\/","name":"Lajme nga Ulqini","description":"Lajme,Vijesti,Ulqini,Ulqin,Crna Gora,Mali i Zi","potentialAction":[{"@type":"SearchAction","target":{"@type":"EntryPoint","urlTemplate":"https:\/\/www.visit-ulcinj.com\/blog\/?s={search_term_string}"},"query-input":"required name=search_term_string"}],"inLanguage":"en-US"},{"@type":"ImageObject","inLanguage":"en-US","@id":"https:\/\/www.visit-ulcinj.com\/blog\/2009\/04\/22\/qetsori-dua-t%e2%80%99ju-vij-ne-dasem\/#primaryimage","url":"http:\/\/www.visit-ulcinj.com\/blog\/wp-content\/uploads\/2009\/04\/qetsori-per-dasmen.jpg","contentUrl":"http:\/\/www.visit-ulcinj.com\/blog\/wp-content\/uploads\/2009\/04\/qetsori-per-dasmen.jpg"},{"@type":"WebPage","@id":"https:\/\/www.visit-ulcinj.com\/blog\/2009\/04\/22\/qetsori-dua-t%e2%80%99ju-vij-ne-dasem\/#webpage","url":"https:\/\/www.visit-ulcinj.com\/blog\/2009\/04\/22\/qetsori-dua-t%e2%80%99ju-vij-ne-dasem\/","name":"Qetsori : Dua t\u00e2\u20ac\u2122ju vij n\u00c3\u00ab das\u00c3\u00abm | Big Brother Albania 2","isPartOf":{"@id":"https:\/\/www.visit-ulcinj.com\/blog\/#website"},"primaryImageOfPage":{"@id":"https:\/\/www.visit-ulcinj.com\/blog\/2009\/04\/22\/qetsori-dua-t%e2%80%99ju-vij-ne-dasem\/#primaryimage"},"datePublished":"2009-04-22T21:01:21+00:00","dateModified":"2009-04-22T21:01:21+00:00","author":{"@id":"https:\/\/www.visit-ulcinj.com\/blog\/#\/schema\/person\/dcab619c614d3038751c63bc2aadc06d"},"description":"Big Brother Albania 2 - N\u00c3\u00ab dhom\u00c3\u00abn e akuariumit, ku banor\u00c3\u00abt b\u00c3\u00abnin tatuazhet, Qetsori i ka ngacmuar s\u00c3\u00abrish Bjordin dhe Adel\u00c3\u00abn, duke i pyetur n\u00c3\u00abse ishin puthur apo jo dhe kjo i fundit i ka th\u00c3\u00abn\u00c3\u00ab se edhe sikur ta b\u00c3\u00abnin","breadcrumb":{"@id":"https:\/\/www.visit-ulcinj.com\/blog\/2009\/04\/22\/qetsori-dua-t%e2%80%99ju-vij-ne-dasem\/#breadcrumb"},"inLanguage":"en-US","potentialAction":[{"@type":"ReadAction","target":["https:\/\/www.visit-ulcinj.com\/blog\/2009\/04\/22\/qetsori-dua-t%e2%80%99ju-vij-ne-dasem\/"]}]},{"@type":"BreadcrumbList","@id":"https:\/\/www.visit-ulcinj.com\/blog\/2009\/04\/22\/qetsori-dua-t%e2%80%99ju-vij-ne-dasem\/#breadcrumb","itemListElement":[{"@type":"ListItem","position":1,"name":"Qetsori : Dua t\u2019ju vij n\u00eb das\u00ebm"}]},{"@type":"Person","@id":"https:\/\/www.visit-ulcinj.com\/blog\/#\/schema\/person\/dcab619c614d3038751c63bc2aadc06d","name":"ulqini","sameAs":["http:\/\/www.visit-ulcinj.com"],"url":"https:\/\/www.visit-ulcinj.com\/blog\/author\/admin\/"}]}},"jetpack_featured_media_url":"","jetpack_sharing_enabled":true,"jetpack_shortlink":"https:\/\/wp.me\/pe6lTn-4Sw","_links":{"self":[{"href":"https:\/\/www.visit-ulcinj.com\/blog\/wp-json\/wp\/v2\/posts\/18756"}],"collection":[{"href":"https:\/\/www.visit-ulcinj.com\/blog\/wp-json\/wp\/v2\/posts"}],"about":[{"href":"https:\/\/www.visit-ulcinj.com\/blog\/wp-json\/wp\/v2\/types\/post"}],"author":[{"embeddable":true,"href":"https:\/\/www.visit-ulcinj.com\/blog\/wp-json\/wp\/v2\/users\/1"}],"replies":[{"embeddable":true,"href":"https:\/\/www.visit-ulcinj.com\/blog\/wp-json\/wp\/v2\/comments?post=18756"}],"version-history":[{"count":0,"href":"https:\/\/www.visit-ulcinj.com\/blog\/wp-json\/wp\/v2\/posts\/18756\/revisions"}],"wp:attachment":[{"href":"https:\/\/www.visit-ulcinj.com\/blog\/wp-json\/wp\/v2\/media?parent=18756"}],"wp:term":[{"taxonomy":"category","embeddable":true,"href":"https:\/\/www.visit-ulcinj.com\/blog\/wp-json\/wp\/v2\/categories?post=18756"},{"taxonomy":"post_tag","embeddable":true,"href":"https:\/\/www.visit-ulcinj.com\/blog\/wp-json\/wp\/v2\/tags?post=18756"}],"curies":[{"name":"wp","href":"https:\/\/api.w.org\/{rel}","templated":true}]}}