{"id":18762,"date":"2009-04-22T23:10:05","date_gmt":"2009-04-22T21:10:05","guid":{"rendered":"http:\/\/www.visit-ulcinj.com\/blog\/?p=18762"},"modified":"2009-04-22T23:10:05","modified_gmt":"2009-04-22T21:10:05","slug":"mimoza-nuk-mendoj-se-duhen","status":"publish","type":"post","link":"https:\/\/www.visit-ulcinj.com\/blog\/2009\/04\/22\/mimoza-nuk-mendoj-se-duhen\/","title":{"rendered":"Mimoza: Nuk mendoj se duhen"},"content":{"rendered":"<p><em><span class=\"newsdate\"><a href=\"http:\/\/www.visit-ulcinj.com\/blog\/wp-content\/uploads\/2009\/04\/flasin-per-lidhjet-e-tyre.jpg\"><img loading=\"lazy\" class=\"alignleft size-full wp-image-18763\" title=\"flasin-per-lidhjet-e-tyre-big-brother-albania-2\" src=\"http:\/\/www.visit-ulcinj.com\/blog\/wp-content\/uploads\/2009\/04\/flasin-per-lidhjet-e-tyre.jpg\" alt=\"flasin-per-lidhjet-e-tyre-big-brother-albania-2\" width=\"300\" height=\"205\" \/><\/a>19\/04\/09 02:30<\/span><\/em><\/p>\n<p>\u201cUn\u00eb nuk mendoj q\u00eb Bjordi e do Adel\u00ebn apo q\u00eb Adela e do Bjordin!\u201d- ka th\u00ebn\u00eb Mimoza, duke biseduar me Anjez\u00ebn dhe Adelajden. Sipas saj ata do t\u2019i kuptojn\u00eb ndjenjat e tyre, n\u00ebse jan\u00eb t\u00eb v\u00ebrteta ose jo, vet\u00ebm kur t\u00eb dalin nga sht\u00ebpia e Big Brother. Anjeza ka th\u00ebn\u00eb se ishte m\u00ebse e kuptueshme, q\u00eb kur t\u00eb ishin jasht\u00eb do t\u00eb ndjeheshin ndryshe. N\u00eb lidhje me marr\u00ebdh\u00ebnien mes Bjordit e Adel\u00ebs, ajo ka th\u00ebn\u00eb se p\u00ebr Bjordin dallohej qart\u00eb q\u00eb ndjente di\u00e7ka, nd\u00ebrsa p\u00ebr Adel\u00ebn ishte n\u00eb dilem\u00eb. \u201cAi b\u00ebn shum\u00eb p\u00ebr ty, &#8211; i ka th\u00ebn\u00eb ajo, kurse ti nuk b\u00ebn t\u00eb nj\u00ebjt\u00ebn gj\u00eb!\u201d. Adelajda \u00ebsht\u00eb shprehur e sigurt\u00eb p\u00ebr dashurin\u00eb e tij ndaj saj, duke sjell\u00eb si prov\u00eb fjal\u00ebt q\u00eb ai i kishte th\u00ebn\u00eb t\u00eb \u00ebm\u00ebs gjat\u00eb spektaklit. V\u00ebllai i madh u ka mund\u00ebsuar nj\u00eb bised\u00eb Bjordit dhe mamas\u00eb s\u00eb tij, gjat\u00eb s\u00eb cil\u00ebs ai i ka pohuar se e donte Adel\u00ebn. K\u00ebt\u00eb gj\u00eb Bjordi ia ka treguar edhe asaj. \u201cBjordi po mos ta ndjente, nuk do ta thoshte kurr\u00eb!\u201d \u2013 i ka th\u00ebn\u00eb ajo Anjez\u00ebs. Edhe Anjeza edhe Adelajda kan\u00eb th\u00ebn\u00eb se s\u2019mund t\u00eb flitej p\u00ebr dashuri, pasi sipas Adel\u00ebs, nes\u00ebr-pasnes\u00ebr, ata do t\u00eb dalin q\u00eb k\u00ebtu dhe do t\u00eb shkojn\u00eb secili n\u00eb sht\u00ebpin\u00eb e vet. Ajo ka shtuar se gjithsesi, ajo Bjordin e donte fort. Nd\u00ebrsa Anjeza ka th\u00ebn\u00eb se ndihej shum\u00eb mir\u00eb me Arjonin, por nuk mund t\u00eb thoshte q\u00eb kjo ishte dashuri.<\/p>\n","protected":false},"excerpt":{"rendered":"<p>19\/04\/09 02:30 \u201cUn\u00eb nuk mendoj q\u00eb Bjordi e do Adel\u00ebn apo q\u00eb Adela e do Bjordin!\u201d- ka th\u00ebn\u00eb Mimoza, duke biseduar me Anjez\u00ebn dhe Adelajden. Sipas saj ata do t\u2019i kuptojn\u00eb ndjenjat e tyre, n\u00ebse jan\u00eb t\u00eb v\u00ebrteta ose jo, vet\u00ebm kur t\u00eb dalin nga sht\u00ebpia e Big Brother. Anjeza ka th\u00ebn\u00eb se ishte m\u00ebse [&hellip;]<\/p>\n","protected":false},"author":1,"featured_media":0,"comment_status":"open","ping_status":"closed","sticky":false,"template":"","format":"standard","meta":{"spay_email":"","jetpack_publicize_message":"","jetpack_is_tweetstorm":false,"jetpack_publicize_feature_enabled":true},"categories":[6502],"tags":[6529,8289,6525,5057,6506,6516,6712,7129,6522,6544,6891,6693,6887],"jetpack_publicize_connections":[],"yoast_head":"<!-- This site is optimized with the Yoast SEO plugin v19.1 - https:\/\/yoast.com\/wordpress\/plugins\/seo\/ -->\n<title>Mimoza: Nuk mendoj se duhen | Big Brother Albania 2<\/title>\n<meta name=\"description\" content=\"Big Brother Albania 2 - \u00e2\u20ac\u0153Un\u00c3\u00ab nuk mendoj q\u00c3\u00ab Bjordi e do Adel\u00c3\u00abn apo q\u00c3\u00ab Adela e do Bjordin!\u00e2\u20ac\u009d- ka th\u00c3\u00abn\u00c3\u00ab Mimoza, duke biseduar me Anjez\u00c3\u00abn dhe Adelajden.\" \/>\n<meta name=\"robots\" content=\"index, follow, max-snippet:-1, max-image-preview:large, max-video-preview:-1\" \/>\n<link rel=\"canonical\" href=\"https:\/\/www.visit-ulcinj.com\/blog\/2009\/04\/22\/mimoza-nuk-mendoj-se-duhen\/\" \/>\n<meta property=\"og:locale\" content=\"en_US\" \/>\n<meta property=\"og:type\" content=\"article\" \/>\n<meta property=\"og:title\" content=\"Mimoza: Nuk mendoj se duhen | Big Brother Albania 2\" \/>\n<meta property=\"og:description\" content=\"Big Brother Albania 2 - \u00e2\u20ac\u0153Un\u00c3\u00ab nuk mendoj q\u00c3\u00ab Bjordi e do Adel\u00c3\u00abn apo q\u00c3\u00ab Adela e do Bjordin!\u00e2\u20ac\u009d- ka th\u00c3\u00abn\u00c3\u00ab Mimoza, duke biseduar me Anjez\u00c3\u00abn dhe Adelajden.\" \/>\n<meta property=\"og:url\" content=\"https:\/\/www.visit-ulcinj.com\/blog\/2009\/04\/22\/mimoza-nuk-mendoj-se-duhen\/\" \/>\n<meta property=\"og:site_name\" content=\"Lajme nga Ulqini\" \/>\n<meta property=\"article:published_time\" content=\"2009-04-22T21:10:05+00:00\" \/>\n<meta property=\"og:image\" content=\"http:\/\/www.visit-ulcinj.com\/blog\/wp-content\/uploads\/2009\/04\/flasin-per-lidhjet-e-tyre.jpg\" \/>\n<meta name=\"twitter:label1\" content=\"Written by\" \/>\n\t<meta name=\"twitter:data1\" content=\"ulqini\" \/>\n\t<meta name=\"twitter:label2\" content=\"Est. reading time\" \/>\n\t<meta name=\"twitter:data2\" content=\"1 minute\" \/>\n<script type=\"application\/ld+json\" class=\"yoast-schema-graph\">{\"@context\":\"https:\/\/schema.org\",\"@graph\":[{\"@type\":\"WebSite\",\"@id\":\"https:\/\/www.visit-ulcinj.com\/blog\/#website\",\"url\":\"https:\/\/www.visit-ulcinj.com\/blog\/\",\"name\":\"Lajme nga Ulqini\",\"description\":\"Lajme,Vijesti,Ulqini,Ulqin,Crna Gora,Mali i Zi\",\"potentialAction\":[{\"@type\":\"SearchAction\",\"target\":{\"@type\":\"EntryPoint\",\"urlTemplate\":\"https:\/\/www.visit-ulcinj.com\/blog\/?s={search_term_string}\"},\"query-input\":\"required name=search_term_string\"}],\"inLanguage\":\"en-US\"},{\"@type\":\"ImageObject\",\"inLanguage\":\"en-US\",\"@id\":\"https:\/\/www.visit-ulcinj.com\/blog\/2009\/04\/22\/mimoza-nuk-mendoj-se-duhen\/#primaryimage\",\"url\":\"http:\/\/www.visit-ulcinj.com\/blog\/wp-content\/uploads\/2009\/04\/flasin-per-lidhjet-e-tyre.jpg\",\"contentUrl\":\"http:\/\/www.visit-ulcinj.com\/blog\/wp-content\/uploads\/2009\/04\/flasin-per-lidhjet-e-tyre.jpg\"},{\"@type\":\"WebPage\",\"@id\":\"https:\/\/www.visit-ulcinj.com\/blog\/2009\/04\/22\/mimoza-nuk-mendoj-se-duhen\/#webpage\",\"url\":\"https:\/\/www.visit-ulcinj.com\/blog\/2009\/04\/22\/mimoza-nuk-mendoj-se-duhen\/\",\"name\":\"Mimoza: Nuk mendoj se duhen | Big Brother Albania 2\",\"isPartOf\":{\"@id\":\"https:\/\/www.visit-ulcinj.com\/blog\/#website\"},\"primaryImageOfPage\":{\"@id\":\"https:\/\/www.visit-ulcinj.com\/blog\/2009\/04\/22\/mimoza-nuk-mendoj-se-duhen\/#primaryimage\"},\"datePublished\":\"2009-04-22T21:10:05+00:00\",\"dateModified\":\"2009-04-22T21:10:05+00:00\",\"author\":{\"@id\":\"https:\/\/www.visit-ulcinj.com\/blog\/#\/schema\/person\/dcab619c614d3038751c63bc2aadc06d\"},\"description\":\"Big Brother Albania 2 - \u00e2\u20ac\u0153Un\u00c3\u00ab nuk mendoj q\u00c3\u00ab Bjordi e do Adel\u00c3\u00abn apo q\u00c3\u00ab Adela e do Bjordin!\u00e2\u20ac\u009d- ka th\u00c3\u00abn\u00c3\u00ab Mimoza, duke biseduar me Anjez\u00c3\u00abn dhe Adelajden.\",\"breadcrumb\":{\"@id\":\"https:\/\/www.visit-ulcinj.com\/blog\/2009\/04\/22\/mimoza-nuk-mendoj-se-duhen\/#breadcrumb\"},\"inLanguage\":\"en-US\",\"potentialAction\":[{\"@type\":\"ReadAction\",\"target\":[\"https:\/\/www.visit-ulcinj.com\/blog\/2009\/04\/22\/mimoza-nuk-mendoj-se-duhen\/\"]}]},{\"@type\":\"BreadcrumbList\",\"@id\":\"https:\/\/www.visit-ulcinj.com\/blog\/2009\/04\/22\/mimoza-nuk-mendoj-se-duhen\/#breadcrumb\",\"itemListElement\":[{\"@type\":\"ListItem\",\"position\":1,\"name\":\"Mimoza: Nuk mendoj se duhen\"}]},{\"@type\":\"Person\",\"@id\":\"https:\/\/www.visit-ulcinj.com\/blog\/#\/schema\/person\/dcab619c614d3038751c63bc2aadc06d\",\"name\":\"ulqini\",\"sameAs\":[\"http:\/\/www.visit-ulcinj.com\"],\"url\":\"https:\/\/www.visit-ulcinj.com\/blog\/author\/admin\/\"}]}<\/script>\n<!-- \/ Yoast SEO plugin. -->","yoast_head_json":{"title":"Mimoza: Nuk mendoj se duhen | Big Brother Albania 2","description":"Big Brother Albania 2 - \u00e2\u20ac\u0153Un\u00c3\u00ab nuk mendoj q\u00c3\u00ab Bjordi e do Adel\u00c3\u00abn apo q\u00c3\u00ab Adela e do Bjordin!\u00e2\u20ac\u009d- ka th\u00c3\u00abn\u00c3\u00ab Mimoza, duke biseduar me Anjez\u00c3\u00abn dhe Adelajden.","robots":{"index":"index","follow":"follow","max-snippet":"max-snippet:-1","max-image-preview":"max-image-preview:large","max-video-preview":"max-video-preview:-1"},"canonical":"https:\/\/www.visit-ulcinj.com\/blog\/2009\/04\/22\/mimoza-nuk-mendoj-se-duhen\/","og_locale":"en_US","og_type":"article","og_title":"Mimoza: Nuk mendoj se duhen | Big Brother Albania 2","og_description":"Big Brother Albania 2 - \u00e2\u20ac\u0153Un\u00c3\u00ab nuk mendoj q\u00c3\u00ab Bjordi e do Adel\u00c3\u00abn apo q\u00c3\u00ab Adela e do Bjordin!\u00e2\u20ac\u009d- ka th\u00c3\u00abn\u00c3\u00ab Mimoza, duke biseduar me Anjez\u00c3\u00abn dhe Adelajden.","og_url":"https:\/\/www.visit-ulcinj.com\/blog\/2009\/04\/22\/mimoza-nuk-mendoj-se-duhen\/","og_site_name":"Lajme nga Ulqini","article_published_time":"2009-04-22T21:10:05+00:00","og_image":[{"url":"http:\/\/www.visit-ulcinj.com\/blog\/wp-content\/uploads\/2009\/04\/flasin-per-lidhjet-e-tyre.jpg"}],"twitter_misc":{"Written by":"ulqini","Est. reading time":"1 minute"},"schema":{"@context":"https:\/\/schema.org","@graph":[{"@type":"WebSite","@id":"https:\/\/www.visit-ulcinj.com\/blog\/#website","url":"https:\/\/www.visit-ulcinj.com\/blog\/","name":"Lajme nga Ulqini","description":"Lajme,Vijesti,Ulqini,Ulqin,Crna Gora,Mali i Zi","potentialAction":[{"@type":"SearchAction","target":{"@type":"EntryPoint","urlTemplate":"https:\/\/www.visit-ulcinj.com\/blog\/?s={search_term_string}"},"query-input":"required name=search_term_string"}],"inLanguage":"en-US"},{"@type":"ImageObject","inLanguage":"en-US","@id":"https:\/\/www.visit-ulcinj.com\/blog\/2009\/04\/22\/mimoza-nuk-mendoj-se-duhen\/#primaryimage","url":"http:\/\/www.visit-ulcinj.com\/blog\/wp-content\/uploads\/2009\/04\/flasin-per-lidhjet-e-tyre.jpg","contentUrl":"http:\/\/www.visit-ulcinj.com\/blog\/wp-content\/uploads\/2009\/04\/flasin-per-lidhjet-e-tyre.jpg"},{"@type":"WebPage","@id":"https:\/\/www.visit-ulcinj.com\/blog\/2009\/04\/22\/mimoza-nuk-mendoj-se-duhen\/#webpage","url":"https:\/\/www.visit-ulcinj.com\/blog\/2009\/04\/22\/mimoza-nuk-mendoj-se-duhen\/","name":"Mimoza: Nuk mendoj se duhen | Big Brother Albania 2","isPartOf":{"@id":"https:\/\/www.visit-ulcinj.com\/blog\/#website"},"primaryImageOfPage":{"@id":"https:\/\/www.visit-ulcinj.com\/blog\/2009\/04\/22\/mimoza-nuk-mendoj-se-duhen\/#primaryimage"},"datePublished":"2009-04-22T21:10:05+00:00","dateModified":"2009-04-22T21:10:05+00:00","author":{"@id":"https:\/\/www.visit-ulcinj.com\/blog\/#\/schema\/person\/dcab619c614d3038751c63bc2aadc06d"},"description":"Big Brother Albania 2 - \u00e2\u20ac\u0153Un\u00c3\u00ab nuk mendoj q\u00c3\u00ab Bjordi e do Adel\u00c3\u00abn apo q\u00c3\u00ab Adela e do Bjordin!\u00e2\u20ac\u009d- ka th\u00c3\u00abn\u00c3\u00ab Mimoza, duke biseduar me Anjez\u00c3\u00abn dhe Adelajden.","breadcrumb":{"@id":"https:\/\/www.visit-ulcinj.com\/blog\/2009\/04\/22\/mimoza-nuk-mendoj-se-duhen\/#breadcrumb"},"inLanguage":"en-US","potentialAction":[{"@type":"ReadAction","target":["https:\/\/www.visit-ulcinj.com\/blog\/2009\/04\/22\/mimoza-nuk-mendoj-se-duhen\/"]}]},{"@type":"BreadcrumbList","@id":"https:\/\/www.visit-ulcinj.com\/blog\/2009\/04\/22\/mimoza-nuk-mendoj-se-duhen\/#breadcrumb","itemListElement":[{"@type":"ListItem","position":1,"name":"Mimoza: Nuk mendoj se duhen"}]},{"@type":"Person","@id":"https:\/\/www.visit-ulcinj.com\/blog\/#\/schema\/person\/dcab619c614d3038751c63bc2aadc06d","name":"ulqini","sameAs":["http:\/\/www.visit-ulcinj.com"],"url":"https:\/\/www.visit-ulcinj.com\/blog\/author\/admin\/"}]}},"jetpack_featured_media_url":"","jetpack_sharing_enabled":true,"jetpack_shortlink":"https:\/\/wp.me\/pe6lTn-4SC","_links":{"self":[{"href":"https:\/\/www.visit-ulcinj.com\/blog\/wp-json\/wp\/v2\/posts\/18762"}],"collection":[{"href":"https:\/\/www.visit-ulcinj.com\/blog\/wp-json\/wp\/v2\/posts"}],"about":[{"href":"https:\/\/www.visit-ulcinj.com\/blog\/wp-json\/wp\/v2\/types\/post"}],"author":[{"embeddable":true,"href":"https:\/\/www.visit-ulcinj.com\/blog\/wp-json\/wp\/v2\/users\/1"}],"replies":[{"embeddable":true,"href":"https:\/\/www.visit-ulcinj.com\/blog\/wp-json\/wp\/v2\/comments?post=18762"}],"version-history":[{"count":0,"href":"https:\/\/www.visit-ulcinj.com\/blog\/wp-json\/wp\/v2\/posts\/18762\/revisions"}],"wp:attachment":[{"href":"https:\/\/www.visit-ulcinj.com\/blog\/wp-json\/wp\/v2\/media?parent=18762"}],"wp:term":[{"taxonomy":"category","embeddable":true,"href":"https:\/\/www.visit-ulcinj.com\/blog\/wp-json\/wp\/v2\/categories?post=18762"},{"taxonomy":"post_tag","embeddable":true,"href":"https:\/\/www.visit-ulcinj.com\/blog\/wp-json\/wp\/v2\/tags?post=18762"}],"curies":[{"name":"wp","href":"https:\/\/api.w.org\/{rel}","templated":true}]}}