{"id":1877,"date":"2008-06-04T10:28:50","date_gmt":"2008-06-04T15:28:50","guid":{"rendered":"http:\/\/www.visit-ulcinj.com\/blog\/?p=1877"},"modified":"2008-06-06T10:11:21","modified_gmt":"2008-06-06T15:11:21","slug":"turisticki-boom-u-crnoj-gori","status":"publish","type":"post","link":"https:\/\/www.visit-ulcinj.com\/blog\/2008\/06\/04\/turisticki-boom-u-crnoj-gori\/","title":{"rendered":"Turisti?ki boom u Crnoj Gori"},"content":{"rendered":"<p><a href=\"http:\/\/www.visit-ulcinj.com\/blog\/wp-content\/uploads\/2008\/03\/g_2006_08_006774.jpg\"><img loading=\"lazy\" class=\"alignleft attachment wp-att-844\" style=\"float: left;\" src=\"http:\/\/www.visit-ulcinj.com\/blog\/wp-content\/uploads\/2008\/03\/g_2006_08_006774.thumbnail.jpg\" alt=\"Copakabana beach ulcinj(2)\" width=\"200\" height=\"133\" \/><\/a>Crnoj Gora je postala nova zvijezda svjetskog turizma. Ako je suditi prema news podacima svjetskih odredi\u0161ta za koja su turisti najvi\u0161e zainteresirani u 2007, koje proteklih dana objavljuju strani mediji, Crnoj Gora je napokon u\u0161la u ligu najboljih.I dok ve?ina europskih turisti?kih zemalja strahuje ho?e li i kako pre\u017eivjeti idu?u sezonu u kojoj ?e se, kako se predvi?a, voditi naj\u017ee\u0161?a europska bitka za goste,Crnoj Gori sti\u017eu sjajne vijesti. One ne garantiraju strelovit porast broja gostiju i novca koji ?e se iz turizma sliti u dr\u017eavnu kasu, ali nedvojbeno pokazuju kako je Crnoj Gora na marketin\u0161kom planu ugrabila najbolju poziciju na turisti?koj karti Europe.<br \/>\nNa po?etku mjeseca i ameri?ki izdava? turisti?kih vodi?a Lonely Planet proglasio je Crnoj Gora destinacijom koja je najpo\u017eeljnija. Detaljno opisuju?i raznolikost crnogorskih turisti?kih atrakcija, jedan od kriti?ara pi\u0161e: \u201cOvo je godina Crnoj Gore! Ona jo\u0161 uvijek nije opsjednuta turistima, ali je razvila odli?nu turisti?ku infrastrukturu tako da odgovara i turistima avanturistima i onima koji trebaju odre?en stupanj udobnosti u svojim planovima.\u201d Dodaje kako je najvi\u0161e mjesto na news podatke \u201cvru?ih turisti?kih odredi\u0161ta\u201d Crna Gora osvojila i zbog toga \u0161to je do nje lako do?i, zbog relativne prihvatljivosti po cijenama i visoke kvalitete turisti?ke ponude.<br \/>\nSvjetske putnike Lonely Planet poziva da u Crnoj Gori posjete \u201cnevjerojatne pla\u017ee, \u201cveli?anstvenu hranu\u201d i zavidno o?uvane stare gradove.<a href=\"http:\/\/www.visit-ulcinj.com\/blog\/wp-content\/uploads\/2008\/03\/copakabana.jpg\"><img loading=\"lazy\" class=\"alignright attachment wp-att-842\" style=\"float: right;\" src=\"http:\/\/www.visit-ulcinj.com\/blog\/wp-content\/uploads\/2008\/03\/copakabana.thumbnail.jpg\" alt=\"Copakabana Beach_Ulcinj\" width=\"200\" height=\"150\" \/><\/a><br \/>\nTrend ovakvih i sli?nih zavidnih napisa mnogi ?e u Crnoj Gori protuma?iti kao garanciju briljantne turisti?ke sezone.<br \/>\nDrugi ?e upozoravati kako nema mjesta euforiji i optimizmu.I zaista, te\u0161ko da bi bilo opravdano ma\u0161tati kako ?e ove sezone Crnoj Gora zabilje\u017eiti spektakularan porast broja stranih gostiju i novca koji ?e kod nas potro\u0161iti. To potvr?uju i slu\u017ebene procjene Crnegorske turisti?ke organizacje za nadolaze?u turisti?ku sezonu prema kojima ?e crnogorski turizam ostvariti porast od dva posto.<br \/>\n<a title=\"Holiday accommodation in Ulcinj, Montenegro\" href=\"http:\/\/www.visit-ulcinj.com\/tourism\/\" target=\"_blank\"><br \/>\n<\/a><br \/>\n<a title=\"Ulcinj-ulqini-ulqin,montenegro\" href=\"http:\/\/www.visit-ulcinj.com\/tourism\/\" target=\"_blank\"><img src=\"http:\/\/www.visit-ulcinj.com\/blog\/wp-content\/uploads\/2008\/06\/holiday-rental-ulcinj-ulqini_ulqin_logo.gif\" alt=\"http:\/\/www.visit-ulcinj.com\/blog\/wp-content\/uploads\/2008\/06\/holiday-rental-ulcinj-ulqini_ulqin_logo.gif\" \/><\/a><\/p>\n<!-- vimeo error: not a vimeo video -->\n","protected":false},"excerpt":{"rendered":"<p><img loading=\"lazy\" class=\"alignleft attachment wp-att-844\" style=\"float: left;\" src=\"http:\/\/www.visit-ulcinj.com\/blog\/wp-content\/uploads\/2008\/03\/g_2006_08_006774.thumbnail.jpg\" alt=\"Copakabana beach ulcinj(2)\" width=\"140\" height=\"140\" \/><\/p>\n","protected":false},"author":1,"featured_media":0,"comment_status":"open","ping_status":"closed","sticky":false,"template":"","format":"standard","meta":{"spay_email":"","jetpack_publicize_message":"","jetpack_is_tweetstorm":false,"jetpack_publicize_feature_enabled":true},"categories":[12,15],"tags":[1483,3715],"jetpack_publicize_connections":[],"yoast_head":"<!-- This site is optimized with the Yoast SEO plugin v19.1 - https:\/\/yoast.com\/wordpress\/plugins\/seo\/ -->\n<title>Turisti?ki boom u Crnoj Gori - Lajme nga Ulqini<\/title>\n<meta name=\"robots\" content=\"index, follow, max-snippet:-1, max-image-preview:large, max-video-preview:-1\" \/>\n<link rel=\"canonical\" href=\"https:\/\/www.visit-ulcinj.com\/blog\/2008\/06\/04\/turisticki-boom-u-crnoj-gori\/\" \/>\n<meta property=\"og:locale\" content=\"en_US\" \/>\n<meta property=\"og:type\" content=\"article\" \/>\n<meta property=\"og:title\" content=\"Turisti?ki boom u Crnoj Gori - Lajme nga Ulqini\" \/>\n<meta property=\"og:url\" content=\"https:\/\/www.visit-ulcinj.com\/blog\/2008\/06\/04\/turisticki-boom-u-crnoj-gori\/\" \/>\n<meta property=\"og:site_name\" content=\"Lajme nga Ulqini\" \/>\n<meta property=\"article:published_time\" content=\"2008-06-04T15:28:50+00:00\" \/>\n<meta property=\"article:modified_time\" content=\"2008-06-06T15:11:21+00:00\" \/>\n<meta property=\"og:image\" content=\"http:\/\/www.visit-ulcinj.com\/blog\/wp-content\/uploads\/2008\/03\/g_2006_08_006774.thumbnail.jpg\" \/>\n<meta name=\"twitter:label1\" content=\"Written by\" \/>\n\t<meta name=\"twitter:data1\" content=\"ulqini\" \/>\n\t<meta name=\"twitter:label2\" content=\"Est. reading time\" \/>\n\t<meta name=\"twitter:data2\" content=\"2 minutes\" \/>\n<script type=\"application\/ld+json\" class=\"yoast-schema-graph\">{\"@context\":\"https:\/\/schema.org\",\"@graph\":[{\"@type\":\"WebSite\",\"@id\":\"https:\/\/www.visit-ulcinj.com\/blog\/#website\",\"url\":\"https:\/\/www.visit-ulcinj.com\/blog\/\",\"name\":\"Lajme nga Ulqini\",\"description\":\"Lajme,Vijesti,Ulqini,Ulqin,Crna Gora,Mali i Zi\",\"potentialAction\":[{\"@type\":\"SearchAction\",\"target\":{\"@type\":\"EntryPoint\",\"urlTemplate\":\"https:\/\/www.visit-ulcinj.com\/blog\/?s={search_term_string}\"},\"query-input\":\"required name=search_term_string\"}],\"inLanguage\":\"en-US\"},{\"@type\":\"ImageObject\",\"inLanguage\":\"en-US\",\"@id\":\"https:\/\/www.visit-ulcinj.com\/blog\/2008\/06\/04\/turisticki-boom-u-crnoj-gori\/#primaryimage\",\"url\":\"http:\/\/www.visit-ulcinj.com\/blog\/wp-content\/uploads\/2008\/03\/g_2006_08_006774.thumbnail.jpg\",\"contentUrl\":\"http:\/\/www.visit-ulcinj.com\/blog\/wp-content\/uploads\/2008\/03\/g_2006_08_006774.thumbnail.jpg\"},{\"@type\":\"WebPage\",\"@id\":\"https:\/\/www.visit-ulcinj.com\/blog\/2008\/06\/04\/turisticki-boom-u-crnoj-gori\/#webpage\",\"url\":\"https:\/\/www.visit-ulcinj.com\/blog\/2008\/06\/04\/turisticki-boom-u-crnoj-gori\/\",\"name\":\"Turisti?ki boom u Crnoj Gori - Lajme nga Ulqini\",\"isPartOf\":{\"@id\":\"https:\/\/www.visit-ulcinj.com\/blog\/#website\"},\"primaryImageOfPage\":{\"@id\":\"https:\/\/www.visit-ulcinj.com\/blog\/2008\/06\/04\/turisticki-boom-u-crnoj-gori\/#primaryimage\"},\"datePublished\":\"2008-06-04T15:28:50+00:00\",\"dateModified\":\"2008-06-06T15:11:21+00:00\",\"author\":{\"@id\":\"https:\/\/www.visit-ulcinj.com\/blog\/#\/schema\/person\/dcab619c614d3038751c63bc2aadc06d\"},\"breadcrumb\":{\"@id\":\"https:\/\/www.visit-ulcinj.com\/blog\/2008\/06\/04\/turisticki-boom-u-crnoj-gori\/#breadcrumb\"},\"inLanguage\":\"en-US\",\"potentialAction\":[{\"@type\":\"ReadAction\",\"target\":[\"https:\/\/www.visit-ulcinj.com\/blog\/2008\/06\/04\/turisticki-boom-u-crnoj-gori\/\"]}]},{\"@type\":\"BreadcrumbList\",\"@id\":\"https:\/\/www.visit-ulcinj.com\/blog\/2008\/06\/04\/turisticki-boom-u-crnoj-gori\/#breadcrumb\",\"itemListElement\":[{\"@type\":\"ListItem\",\"position\":1,\"name\":\"Turisti?ki boom u Crnoj Gori\"}]},{\"@type\":\"Person\",\"@id\":\"https:\/\/www.visit-ulcinj.com\/blog\/#\/schema\/person\/dcab619c614d3038751c63bc2aadc06d\",\"name\":\"ulqini\",\"sameAs\":[\"http:\/\/www.visit-ulcinj.com\"],\"url\":\"https:\/\/www.visit-ulcinj.com\/blog\/author\/admin\/\"}]}<\/script>\n<!-- \/ Yoast SEO plugin. -->","yoast_head_json":{"title":"Turisti?ki boom u Crnoj Gori - Lajme nga Ulqini","robots":{"index":"index","follow":"follow","max-snippet":"max-snippet:-1","max-image-preview":"max-image-preview:large","max-video-preview":"max-video-preview:-1"},"canonical":"https:\/\/www.visit-ulcinj.com\/blog\/2008\/06\/04\/turisticki-boom-u-crnoj-gori\/","og_locale":"en_US","og_type":"article","og_title":"Turisti?ki boom u Crnoj Gori - Lajme nga Ulqini","og_url":"https:\/\/www.visit-ulcinj.com\/blog\/2008\/06\/04\/turisticki-boom-u-crnoj-gori\/","og_site_name":"Lajme nga Ulqini","article_published_time":"2008-06-04T15:28:50+00:00","article_modified_time":"2008-06-06T15:11:21+00:00","og_image":[{"url":"http:\/\/www.visit-ulcinj.com\/blog\/wp-content\/uploads\/2008\/03\/g_2006_08_006774.thumbnail.jpg"}],"twitter_misc":{"Written by":"ulqini","Est. reading time":"2 minutes"},"schema":{"@context":"https:\/\/schema.org","@graph":[{"@type":"WebSite","@id":"https:\/\/www.visit-ulcinj.com\/blog\/#website","url":"https:\/\/www.visit-ulcinj.com\/blog\/","name":"Lajme nga Ulqini","description":"Lajme,Vijesti,Ulqini,Ulqin,Crna Gora,Mali i Zi","potentialAction":[{"@type":"SearchAction","target":{"@type":"EntryPoint","urlTemplate":"https:\/\/www.visit-ulcinj.com\/blog\/?s={search_term_string}"},"query-input":"required name=search_term_string"}],"inLanguage":"en-US"},{"@type":"ImageObject","inLanguage":"en-US","@id":"https:\/\/www.visit-ulcinj.com\/blog\/2008\/06\/04\/turisticki-boom-u-crnoj-gori\/#primaryimage","url":"http:\/\/www.visit-ulcinj.com\/blog\/wp-content\/uploads\/2008\/03\/g_2006_08_006774.thumbnail.jpg","contentUrl":"http:\/\/www.visit-ulcinj.com\/blog\/wp-content\/uploads\/2008\/03\/g_2006_08_006774.thumbnail.jpg"},{"@type":"WebPage","@id":"https:\/\/www.visit-ulcinj.com\/blog\/2008\/06\/04\/turisticki-boom-u-crnoj-gori\/#webpage","url":"https:\/\/www.visit-ulcinj.com\/blog\/2008\/06\/04\/turisticki-boom-u-crnoj-gori\/","name":"Turisti?ki boom u Crnoj Gori - Lajme nga Ulqini","isPartOf":{"@id":"https:\/\/www.visit-ulcinj.com\/blog\/#website"},"primaryImageOfPage":{"@id":"https:\/\/www.visit-ulcinj.com\/blog\/2008\/06\/04\/turisticki-boom-u-crnoj-gori\/#primaryimage"},"datePublished":"2008-06-04T15:28:50+00:00","dateModified":"2008-06-06T15:11:21+00:00","author":{"@id":"https:\/\/www.visit-ulcinj.com\/blog\/#\/schema\/person\/dcab619c614d3038751c63bc2aadc06d"},"breadcrumb":{"@id":"https:\/\/www.visit-ulcinj.com\/blog\/2008\/06\/04\/turisticki-boom-u-crnoj-gori\/#breadcrumb"},"inLanguage":"en-US","potentialAction":[{"@type":"ReadAction","target":["https:\/\/www.visit-ulcinj.com\/blog\/2008\/06\/04\/turisticki-boom-u-crnoj-gori\/"]}]},{"@type":"BreadcrumbList","@id":"https:\/\/www.visit-ulcinj.com\/blog\/2008\/06\/04\/turisticki-boom-u-crnoj-gori\/#breadcrumb","itemListElement":[{"@type":"ListItem","position":1,"name":"Turisti?ki boom u Crnoj Gori"}]},{"@type":"Person","@id":"https:\/\/www.visit-ulcinj.com\/blog\/#\/schema\/person\/dcab619c614d3038751c63bc2aadc06d","name":"ulqini","sameAs":["http:\/\/www.visit-ulcinj.com"],"url":"https:\/\/www.visit-ulcinj.com\/blog\/author\/admin\/"}]}},"jetpack_featured_media_url":"","jetpack_sharing_enabled":true,"jetpack_shortlink":"https:\/\/wp.me\/pe6lTn-uh","_links":{"self":[{"href":"https:\/\/www.visit-ulcinj.com\/blog\/wp-json\/wp\/v2\/posts\/1877"}],"collection":[{"href":"https:\/\/www.visit-ulcinj.com\/blog\/wp-json\/wp\/v2\/posts"}],"about":[{"href":"https:\/\/www.visit-ulcinj.com\/blog\/wp-json\/wp\/v2\/types\/post"}],"author":[{"embeddable":true,"href":"https:\/\/www.visit-ulcinj.com\/blog\/wp-json\/wp\/v2\/users\/1"}],"replies":[{"embeddable":true,"href":"https:\/\/www.visit-ulcinj.com\/blog\/wp-json\/wp\/v2\/comments?post=1877"}],"version-history":[{"count":0,"href":"https:\/\/www.visit-ulcinj.com\/blog\/wp-json\/wp\/v2\/posts\/1877\/revisions"}],"wp:attachment":[{"href":"https:\/\/www.visit-ulcinj.com\/blog\/wp-json\/wp\/v2\/media?parent=1877"}],"wp:term":[{"taxonomy":"category","embeddable":true,"href":"https:\/\/www.visit-ulcinj.com\/blog\/wp-json\/wp\/v2\/categories?post=1877"},{"taxonomy":"post_tag","embeddable":true,"href":"https:\/\/www.visit-ulcinj.com\/blog\/wp-json\/wp\/v2\/tags?post=1877"}],"curies":[{"name":"wp","href":"https:\/\/api.w.org\/{rel}","templated":true}]}}