{"id":18771,"date":"2009-04-22T23:56:21","date_gmt":"2009-04-22T21:56:21","guid":{"rendered":"http:\/\/www.visit-ulcinj.com\/blog\/?p=18771"},"modified":"2009-04-22T23:56:21","modified_gmt":"2009-04-22T21:56:21","slug":"adela-dhe-anjeza-ndjehet-mungesa-e-aides","status":"publish","type":"post","link":"https:\/\/www.visit-ulcinj.com\/blog\/2009\/04\/22\/adela-dhe-anjeza-ndjehet-mungesa-e-aides\/","title":{"rendered":"Adela dhe Anjeza : Ndjehet mungesa e Aid\u00ebs"},"content":{"rendered":"<p><em><span class=\"newsdate\"><a href=\"http:\/\/www.visit-ulcinj.com\/blog\/wp-content\/uploads\/2009\/04\/anjeza-adela-largimi-aida.jpg\"><img loading=\"lazy\" class=\"alignleft size-full wp-image-18772\" title=\"anjeza-adela-largimi-aida-big-brother-albania-2\" src=\"http:\/\/www.visit-ulcinj.com\/blog\/wp-content\/uploads\/2009\/04\/anjeza-adela-largimi-aida.jpg\" alt=\"anjeza-adela-largimi-aida-big-brother-albania-2\" width=\"300\" height=\"205\" \/><\/a>19\/04\/09 14:08<\/span><\/em><\/p>\n<p>Adela shprehet se ndjehet mungesa e Aid\u00ebs n\u00eb sht\u00ebpi sepse ajo b\u00ebnt\u00eb zhurm\u00eb. Ajo bisedon me Anjez\u00ebn p\u00ebr raportin vajza-djem n\u00eb sht\u00ebpi dhe se ato jan\u00eb n\u00eb minoranc\u00eb. Anjeza, duke u nisur nga ky raport, mendon se k\u00ebt\u00eb jav\u00eb ka p\u00ebr t\u2019u larguar nj\u00eb nga djemt\u00eb. Adela ka krijuar p\u00ebrshtypjen se k\u00ebt\u00eb jav\u00eb do t\u00eb iki Juna. Anjeza mendon se edhe kjo jav\u00eb do t\u00eb jet\u00eb shum\u00eb interesante dhe e fort\u00eb. Adela shprehet se ndjehet shum\u00eb e qet\u00eb pasi nuk \u00ebsht\u00eb n\u00eb nominim dhe nuk ka stresin e largimit<\/p>\n","protected":false},"excerpt":{"rendered":"<p>19\/04\/09 14:08 Adela shprehet se ndjehet mungesa e Aid\u00ebs n\u00eb sht\u00ebpi sepse ajo b\u00ebnt\u00eb zhurm\u00eb. Ajo bisedon me Anjez\u00ebn p\u00ebr raportin vajza-djem n\u00eb sht\u00ebpi dhe se ato jan\u00eb n\u00eb minoranc\u00eb. Anjeza, duke u nisur nga ky raport, mendon se k\u00ebt\u00eb jav\u00eb ka p\u00ebr t\u2019u larguar nj\u00eb nga djemt\u00eb. Adela ka krijuar p\u00ebrshtypjen se k\u00ebt\u00eb jav\u00eb [&hellip;]<\/p>\n","protected":false},"author":1,"featured_media":0,"comment_status":"open","ping_status":"closed","sticky":false,"template":"","format":"standard","meta":{"spay_email":"","jetpack_publicize_message":"","jetpack_is_tweetstorm":false,"jetpack_publicize_feature_enabled":true},"categories":[6502],"tags":[6529,6537,8289,5057,6506,6516,6712,7129,6522,1442,9011,6891,6693,6887],"jetpack_publicize_connections":[],"yoast_head":"<!-- This site is optimized with the Yoast SEO plugin v19.1 - https:\/\/yoast.com\/wordpress\/plugins\/seo\/ -->\n<title>Adela dhe Anjeza : Ndjehet mungesa e Aid\u00c3\u00abs | Big Brother Albania 2<\/title>\n<meta name=\"description\" content=\"Big Brother Albania 2 - Adela shprehet se ndjehet mungesa e Aid\u00c3\u00abs n\u00c3\u00ab sht\u00c3\u00abpi sepse ajo b\u00c3\u00abnt\u00c3\u00ab zhurm\u00c3\u00ab. Ajo bisedon me Anjez\u00c3\u00abn p\u00c3\u00abr raportin vajza-djem n\u00c3\u00ab sht\u00c3\u00abpi dhe se ato jan\u00c3\u00ab n\u00c3\u00ab minoranc\u00c3\u00ab.\" \/>\n<meta name=\"robots\" content=\"index, follow, max-snippet:-1, max-image-preview:large, max-video-preview:-1\" \/>\n<link rel=\"canonical\" href=\"https:\/\/www.visit-ulcinj.com\/blog\/2009\/04\/22\/adela-dhe-anjeza-ndjehet-mungesa-e-aides\/\" \/>\n<meta property=\"og:locale\" content=\"en_US\" \/>\n<meta property=\"og:type\" content=\"article\" \/>\n<meta property=\"og:title\" content=\"Adela dhe Anjeza : Ndjehet mungesa e Aid\u00c3\u00abs | Big Brother Albania 2\" \/>\n<meta property=\"og:description\" content=\"Big Brother Albania 2 - Adela shprehet se ndjehet mungesa e Aid\u00c3\u00abs n\u00c3\u00ab sht\u00c3\u00abpi sepse ajo b\u00c3\u00abnt\u00c3\u00ab zhurm\u00c3\u00ab. Ajo bisedon me Anjez\u00c3\u00abn p\u00c3\u00abr raportin vajza-djem n\u00c3\u00ab sht\u00c3\u00abpi dhe se ato jan\u00c3\u00ab n\u00c3\u00ab minoranc\u00c3\u00ab.\" \/>\n<meta property=\"og:url\" content=\"https:\/\/www.visit-ulcinj.com\/blog\/2009\/04\/22\/adela-dhe-anjeza-ndjehet-mungesa-e-aides\/\" \/>\n<meta property=\"og:site_name\" content=\"Lajme nga Ulqini\" \/>\n<meta property=\"article:published_time\" content=\"2009-04-22T21:56:21+00:00\" \/>\n<meta property=\"og:image\" content=\"http:\/\/www.visit-ulcinj.com\/blog\/wp-content\/uploads\/2009\/04\/anjeza-adela-largimi-aida.jpg\" \/>\n<meta name=\"twitter:label1\" content=\"Written by\" \/>\n\t<meta name=\"twitter:data1\" content=\"ulqini\" \/>\n\t<meta name=\"twitter:label2\" content=\"Est. reading time\" \/>\n\t<meta name=\"twitter:data2\" content=\"1 minute\" \/>\n<script type=\"application\/ld+json\" class=\"yoast-schema-graph\">{\"@context\":\"https:\/\/schema.org\",\"@graph\":[{\"@type\":\"WebSite\",\"@id\":\"https:\/\/www.visit-ulcinj.com\/blog\/#website\",\"url\":\"https:\/\/www.visit-ulcinj.com\/blog\/\",\"name\":\"Lajme nga Ulqini\",\"description\":\"Lajme,Vijesti,Ulqini,Ulqin,Crna Gora,Mali i Zi\",\"potentialAction\":[{\"@type\":\"SearchAction\",\"target\":{\"@type\":\"EntryPoint\",\"urlTemplate\":\"https:\/\/www.visit-ulcinj.com\/blog\/?s={search_term_string}\"},\"query-input\":\"required name=search_term_string\"}],\"inLanguage\":\"en-US\"},{\"@type\":\"ImageObject\",\"inLanguage\":\"en-US\",\"@id\":\"https:\/\/www.visit-ulcinj.com\/blog\/2009\/04\/22\/adela-dhe-anjeza-ndjehet-mungesa-e-aides\/#primaryimage\",\"url\":\"http:\/\/www.visit-ulcinj.com\/blog\/wp-content\/uploads\/2009\/04\/anjeza-adela-largimi-aida.jpg\",\"contentUrl\":\"http:\/\/www.visit-ulcinj.com\/blog\/wp-content\/uploads\/2009\/04\/anjeza-adela-largimi-aida.jpg\"},{\"@type\":\"WebPage\",\"@id\":\"https:\/\/www.visit-ulcinj.com\/blog\/2009\/04\/22\/adela-dhe-anjeza-ndjehet-mungesa-e-aides\/#webpage\",\"url\":\"https:\/\/www.visit-ulcinj.com\/blog\/2009\/04\/22\/adela-dhe-anjeza-ndjehet-mungesa-e-aides\/\",\"name\":\"Adela dhe Anjeza : Ndjehet mungesa e Aid\u00c3\u00abs | Big Brother Albania 2\",\"isPartOf\":{\"@id\":\"https:\/\/www.visit-ulcinj.com\/blog\/#website\"},\"primaryImageOfPage\":{\"@id\":\"https:\/\/www.visit-ulcinj.com\/blog\/2009\/04\/22\/adela-dhe-anjeza-ndjehet-mungesa-e-aides\/#primaryimage\"},\"datePublished\":\"2009-04-22T21:56:21+00:00\",\"dateModified\":\"2009-04-22T21:56:21+00:00\",\"author\":{\"@id\":\"https:\/\/www.visit-ulcinj.com\/blog\/#\/schema\/person\/dcab619c614d3038751c63bc2aadc06d\"},\"description\":\"Big Brother Albania 2 - Adela shprehet se ndjehet mungesa e Aid\u00c3\u00abs n\u00c3\u00ab sht\u00c3\u00abpi sepse ajo b\u00c3\u00abnt\u00c3\u00ab zhurm\u00c3\u00ab. Ajo bisedon me Anjez\u00c3\u00abn p\u00c3\u00abr raportin vajza-djem n\u00c3\u00ab sht\u00c3\u00abpi dhe se ato jan\u00c3\u00ab n\u00c3\u00ab minoranc\u00c3\u00ab.\",\"breadcrumb\":{\"@id\":\"https:\/\/www.visit-ulcinj.com\/blog\/2009\/04\/22\/adela-dhe-anjeza-ndjehet-mungesa-e-aides\/#breadcrumb\"},\"inLanguage\":\"en-US\",\"potentialAction\":[{\"@type\":\"ReadAction\",\"target\":[\"https:\/\/www.visit-ulcinj.com\/blog\/2009\/04\/22\/adela-dhe-anjeza-ndjehet-mungesa-e-aides\/\"]}]},{\"@type\":\"BreadcrumbList\",\"@id\":\"https:\/\/www.visit-ulcinj.com\/blog\/2009\/04\/22\/adela-dhe-anjeza-ndjehet-mungesa-e-aides\/#breadcrumb\",\"itemListElement\":[{\"@type\":\"ListItem\",\"position\":1,\"name\":\"Adela dhe Anjeza : Ndjehet mungesa e Aid\u00ebs\"}]},{\"@type\":\"Person\",\"@id\":\"https:\/\/www.visit-ulcinj.com\/blog\/#\/schema\/person\/dcab619c614d3038751c63bc2aadc06d\",\"name\":\"ulqini\",\"sameAs\":[\"http:\/\/www.visit-ulcinj.com\"],\"url\":\"https:\/\/www.visit-ulcinj.com\/blog\/author\/admin\/\"}]}<\/script>\n<!-- \/ Yoast SEO plugin. -->","yoast_head_json":{"title":"Adela dhe Anjeza : Ndjehet mungesa e Aid\u00c3\u00abs | Big Brother Albania 2","description":"Big Brother Albania 2 - Adela shprehet se ndjehet mungesa e Aid\u00c3\u00abs n\u00c3\u00ab sht\u00c3\u00abpi sepse ajo b\u00c3\u00abnt\u00c3\u00ab zhurm\u00c3\u00ab. Ajo bisedon me Anjez\u00c3\u00abn p\u00c3\u00abr raportin vajza-djem n\u00c3\u00ab sht\u00c3\u00abpi dhe se ato jan\u00c3\u00ab n\u00c3\u00ab minoranc\u00c3\u00ab.","robots":{"index":"index","follow":"follow","max-snippet":"max-snippet:-1","max-image-preview":"max-image-preview:large","max-video-preview":"max-video-preview:-1"},"canonical":"https:\/\/www.visit-ulcinj.com\/blog\/2009\/04\/22\/adela-dhe-anjeza-ndjehet-mungesa-e-aides\/","og_locale":"en_US","og_type":"article","og_title":"Adela dhe Anjeza : Ndjehet mungesa e Aid\u00c3\u00abs | Big Brother Albania 2","og_description":"Big Brother Albania 2 - Adela shprehet se ndjehet mungesa e Aid\u00c3\u00abs n\u00c3\u00ab sht\u00c3\u00abpi sepse ajo b\u00c3\u00abnt\u00c3\u00ab zhurm\u00c3\u00ab. Ajo bisedon me Anjez\u00c3\u00abn p\u00c3\u00abr raportin vajza-djem n\u00c3\u00ab sht\u00c3\u00abpi dhe se ato jan\u00c3\u00ab n\u00c3\u00ab minoranc\u00c3\u00ab.","og_url":"https:\/\/www.visit-ulcinj.com\/blog\/2009\/04\/22\/adela-dhe-anjeza-ndjehet-mungesa-e-aides\/","og_site_name":"Lajme nga Ulqini","article_published_time":"2009-04-22T21:56:21+00:00","og_image":[{"url":"http:\/\/www.visit-ulcinj.com\/blog\/wp-content\/uploads\/2009\/04\/anjeza-adela-largimi-aida.jpg"}],"twitter_misc":{"Written by":"ulqini","Est. reading time":"1 minute"},"schema":{"@context":"https:\/\/schema.org","@graph":[{"@type":"WebSite","@id":"https:\/\/www.visit-ulcinj.com\/blog\/#website","url":"https:\/\/www.visit-ulcinj.com\/blog\/","name":"Lajme nga Ulqini","description":"Lajme,Vijesti,Ulqini,Ulqin,Crna Gora,Mali i Zi","potentialAction":[{"@type":"SearchAction","target":{"@type":"EntryPoint","urlTemplate":"https:\/\/www.visit-ulcinj.com\/blog\/?s={search_term_string}"},"query-input":"required name=search_term_string"}],"inLanguage":"en-US"},{"@type":"ImageObject","inLanguage":"en-US","@id":"https:\/\/www.visit-ulcinj.com\/blog\/2009\/04\/22\/adela-dhe-anjeza-ndjehet-mungesa-e-aides\/#primaryimage","url":"http:\/\/www.visit-ulcinj.com\/blog\/wp-content\/uploads\/2009\/04\/anjeza-adela-largimi-aida.jpg","contentUrl":"http:\/\/www.visit-ulcinj.com\/blog\/wp-content\/uploads\/2009\/04\/anjeza-adela-largimi-aida.jpg"},{"@type":"WebPage","@id":"https:\/\/www.visit-ulcinj.com\/blog\/2009\/04\/22\/adela-dhe-anjeza-ndjehet-mungesa-e-aides\/#webpage","url":"https:\/\/www.visit-ulcinj.com\/blog\/2009\/04\/22\/adela-dhe-anjeza-ndjehet-mungesa-e-aides\/","name":"Adela dhe Anjeza : Ndjehet mungesa e Aid\u00c3\u00abs | Big Brother Albania 2","isPartOf":{"@id":"https:\/\/www.visit-ulcinj.com\/blog\/#website"},"primaryImageOfPage":{"@id":"https:\/\/www.visit-ulcinj.com\/blog\/2009\/04\/22\/adela-dhe-anjeza-ndjehet-mungesa-e-aides\/#primaryimage"},"datePublished":"2009-04-22T21:56:21+00:00","dateModified":"2009-04-22T21:56:21+00:00","author":{"@id":"https:\/\/www.visit-ulcinj.com\/blog\/#\/schema\/person\/dcab619c614d3038751c63bc2aadc06d"},"description":"Big Brother Albania 2 - Adela shprehet se ndjehet mungesa e Aid\u00c3\u00abs n\u00c3\u00ab sht\u00c3\u00abpi sepse ajo b\u00c3\u00abnt\u00c3\u00ab zhurm\u00c3\u00ab. Ajo bisedon me Anjez\u00c3\u00abn p\u00c3\u00abr raportin vajza-djem n\u00c3\u00ab sht\u00c3\u00abpi dhe se ato jan\u00c3\u00ab n\u00c3\u00ab minoranc\u00c3\u00ab.","breadcrumb":{"@id":"https:\/\/www.visit-ulcinj.com\/blog\/2009\/04\/22\/adela-dhe-anjeza-ndjehet-mungesa-e-aides\/#breadcrumb"},"inLanguage":"en-US","potentialAction":[{"@type":"ReadAction","target":["https:\/\/www.visit-ulcinj.com\/blog\/2009\/04\/22\/adela-dhe-anjeza-ndjehet-mungesa-e-aides\/"]}]},{"@type":"BreadcrumbList","@id":"https:\/\/www.visit-ulcinj.com\/blog\/2009\/04\/22\/adela-dhe-anjeza-ndjehet-mungesa-e-aides\/#breadcrumb","itemListElement":[{"@type":"ListItem","position":1,"name":"Adela dhe Anjeza : Ndjehet mungesa e Aid\u00ebs"}]},{"@type":"Person","@id":"https:\/\/www.visit-ulcinj.com\/blog\/#\/schema\/person\/dcab619c614d3038751c63bc2aadc06d","name":"ulqini","sameAs":["http:\/\/www.visit-ulcinj.com"],"url":"https:\/\/www.visit-ulcinj.com\/blog\/author\/admin\/"}]}},"jetpack_featured_media_url":"","jetpack_sharing_enabled":true,"jetpack_shortlink":"https:\/\/wp.me\/pe6lTn-4SL","_links":{"self":[{"href":"https:\/\/www.visit-ulcinj.com\/blog\/wp-json\/wp\/v2\/posts\/18771"}],"collection":[{"href":"https:\/\/www.visit-ulcinj.com\/blog\/wp-json\/wp\/v2\/posts"}],"about":[{"href":"https:\/\/www.visit-ulcinj.com\/blog\/wp-json\/wp\/v2\/types\/post"}],"author":[{"embeddable":true,"href":"https:\/\/www.visit-ulcinj.com\/blog\/wp-json\/wp\/v2\/users\/1"}],"replies":[{"embeddable":true,"href":"https:\/\/www.visit-ulcinj.com\/blog\/wp-json\/wp\/v2\/comments?post=18771"}],"version-history":[{"count":0,"href":"https:\/\/www.visit-ulcinj.com\/blog\/wp-json\/wp\/v2\/posts\/18771\/revisions"}],"wp:attachment":[{"href":"https:\/\/www.visit-ulcinj.com\/blog\/wp-json\/wp\/v2\/media?parent=18771"}],"wp:term":[{"taxonomy":"category","embeddable":true,"href":"https:\/\/www.visit-ulcinj.com\/blog\/wp-json\/wp\/v2\/categories?post=18771"},{"taxonomy":"post_tag","embeddable":true,"href":"https:\/\/www.visit-ulcinj.com\/blog\/wp-json\/wp\/v2\/tags?post=18771"}],"curies":[{"name":"wp","href":"https:\/\/api.w.org\/{rel}","templated":true}]}}