{"id":18783,"date":"2009-04-23T08:30:44","date_gmt":"2009-04-23T06:30:44","guid":{"rendered":"http:\/\/www.visit-ulcinj.com\/blog\/?p=18783"},"modified":"2009-04-23T00:16:43","modified_gmt":"2009-04-22T22:16:43","slug":"arjoni-moza-mund-dhe-ta-fitoje","status":"publish","type":"post","link":"https:\/\/www.visit-ulcinj.com\/blog\/2009\/04\/23\/arjoni-moza-mund-dhe-ta-fitoje\/","title":{"rendered":"Arjoni : Moza mund dhe ta fitoj\u00eb"},"content":{"rendered":"<p><em><span class=\"newsdate\"><a href=\"http:\/\/www.visit-ulcinj.com\/blog\/wp-content\/uploads\/2009\/04\/arjoni-per-mozen-me-qetsorin-copy.jpg\"><img loading=\"lazy\" class=\"alignleft size-full wp-image-18784\" title=\"arjoni-per-mozen-me-qetsorin-big-brother-albania-2\" src=\"http:\/\/www.visit-ulcinj.com\/blog\/wp-content\/uploads\/2009\/04\/arjoni-per-mozen-me-qetsorin-copy.jpg\" alt=\"arjoni-per-mozen-me-qetsorin-big-brother-albania-2\" width=\"300\" height=\"205\" \/><\/a>20\/04\/09 00:10<\/span><\/em><\/p>\n<p>\u201cMoza mund dhe ta fitoj\u00eb!\u201d- ka th\u00ebn\u00eb Arjoni duke biseduar me Qetsorin. Sipas k\u00ebtij t\u00eb fundit, Moza po shkonte pa u ndjer\u00eb deri n\u00eb finale. Qetsori ka shtuar se ajo q\u00eb thoshte Arjoni mund t\u00eb ishte e v\u00ebrtet\u00eb dhe m\u00ebse e sigurt\u00eb, n\u00ebse deri n\u00eb finale ata ishin skualifikuar dhe mbetej nj\u00eb kat\u00ebrshe e dob\u00ebt. \u201cMbase e ka l\u00ebn\u00eb q\u00eb jav\u00ebn e finales t\u00eb nxjerr\u00eb karakterin e saj t\u00eb v\u00ebrtet\u00eb!\u201d- ka th\u00ebn\u00eb Qetsori. \u201cM\u00eb vjen shum\u00eb keq, q\u00eb doli nj\u00eb si Aida dhe vazhdon t\u00eb q\u00ebndroj\u00eb nj\u00eb si Moza!\u201d \u2013 ka th\u00ebn\u00eb Arjoni. Qetsori ka th\u00ebn\u00eb se Aid\u00ebs mir\u00eb t\u2019i b\u00ebhej q\u00eb e mbronte Moz\u00ebn. \u201cRrezik ajo mund dhe ta ket\u00eb nominuar Aid\u00ebn!\u201d \u2013 ka th\u00ebn\u00eb Qetsori.<\/p>\n","protected":false},"excerpt":{"rendered":"<p>20\/04\/09 00:10 \u201cMoza mund dhe ta fitoj\u00eb!\u201d- ka th\u00ebn\u00eb Arjoni duke biseduar me Qetsorin. Sipas k\u00ebtij t\u00eb fundit, Moza po shkonte pa u ndjer\u00eb deri n\u00eb finale. Qetsori ka shtuar se ajo q\u00eb thoshte Arjoni mund t\u00eb ishte e v\u00ebrtet\u00eb dhe m\u00ebse e sigurt\u00eb, n\u00ebse deri n\u00eb finale ata ishin skualifikuar dhe mbetej nj\u00eb kat\u00ebrshe [&hellip;]<\/p>\n","protected":false},"author":1,"featured_media":0,"comment_status":"open","ping_status":"closed","sticky":false,"template":"","format":"standard","meta":{"spay_email":"","jetpack_publicize_message":"","jetpack_is_tweetstorm":false,"jetpack_publicize_feature_enabled":true},"categories":[6502],"tags":[9465,6537,6525,5057,6506,6516,6712,7129,6544,8276,6891,6693,6887],"jetpack_publicize_connections":[],"yoast_head":"<!-- This site is optimized with the Yoast SEO plugin v19.1 - https:\/\/yoast.com\/wordpress\/plugins\/seo\/ -->\n<title>Arjoni : Moza mund dhe ta fitoj\u00c3\u00ab | Big Brother Albania 2<\/title>\n<meta name=\"description\" content=\"Big Brother Albania 2 - \u00e2\u20ac\u0153Moza mund dhe ta fitoj\u00c3\u00ab!\u00e2\u20ac\u009d- ka th\u00c3\u00abn\u00c3\u00ab Arjoni duke biseduar me Qetsorin. Sipas k\u00c3\u00abtij t\u00c3\u00ab fundit, Moza po shkonte pa u ndjer\u00c3\u00ab deri n\u00c3\u00ab finale.\" \/>\n<meta name=\"robots\" content=\"index, follow, max-snippet:-1, max-image-preview:large, max-video-preview:-1\" \/>\n<link rel=\"canonical\" href=\"https:\/\/www.visit-ulcinj.com\/blog\/2009\/04\/23\/arjoni-moza-mund-dhe-ta-fitoje\/\" \/>\n<meta property=\"og:locale\" content=\"en_US\" \/>\n<meta property=\"og:type\" content=\"article\" \/>\n<meta property=\"og:title\" content=\"Arjoni : Moza mund dhe ta fitoj\u00c3\u00ab | Big Brother Albania 2\" \/>\n<meta property=\"og:description\" content=\"Big Brother Albania 2 - \u00e2\u20ac\u0153Moza mund dhe ta fitoj\u00c3\u00ab!\u00e2\u20ac\u009d- ka th\u00c3\u00abn\u00c3\u00ab Arjoni duke biseduar me Qetsorin. Sipas k\u00c3\u00abtij t\u00c3\u00ab fundit, Moza po shkonte pa u ndjer\u00c3\u00ab deri n\u00c3\u00ab finale.\" \/>\n<meta property=\"og:url\" content=\"https:\/\/www.visit-ulcinj.com\/blog\/2009\/04\/23\/arjoni-moza-mund-dhe-ta-fitoje\/\" \/>\n<meta property=\"og:site_name\" content=\"Lajme nga Ulqini\" \/>\n<meta property=\"article:published_time\" content=\"2009-04-23T06:30:44+00:00\" \/>\n<meta property=\"article:modified_time\" content=\"2009-04-22T22:16:43+00:00\" \/>\n<meta property=\"og:image\" content=\"http:\/\/www.visit-ulcinj.com\/blog\/wp-content\/uploads\/2009\/04\/arjoni-per-mozen-me-qetsorin-copy.jpg\" \/>\n<meta name=\"twitter:label1\" content=\"Written by\" \/>\n\t<meta name=\"twitter:data1\" content=\"ulqini\" \/>\n\t<meta name=\"twitter:label2\" content=\"Est. reading time\" \/>\n\t<meta name=\"twitter:data2\" content=\"1 minute\" \/>\n<script type=\"application\/ld+json\" class=\"yoast-schema-graph\">{\"@context\":\"https:\/\/schema.org\",\"@graph\":[{\"@type\":\"WebSite\",\"@id\":\"https:\/\/www.visit-ulcinj.com\/blog\/#website\",\"url\":\"https:\/\/www.visit-ulcinj.com\/blog\/\",\"name\":\"Lajme nga Ulqini\",\"description\":\"Lajme,Vijesti,Ulqini,Ulqin,Crna Gora,Mali i Zi\",\"potentialAction\":[{\"@type\":\"SearchAction\",\"target\":{\"@type\":\"EntryPoint\",\"urlTemplate\":\"https:\/\/www.visit-ulcinj.com\/blog\/?s={search_term_string}\"},\"query-input\":\"required name=search_term_string\"}],\"inLanguage\":\"en-US\"},{\"@type\":\"ImageObject\",\"inLanguage\":\"en-US\",\"@id\":\"https:\/\/www.visit-ulcinj.com\/blog\/2009\/04\/23\/arjoni-moza-mund-dhe-ta-fitoje\/#primaryimage\",\"url\":\"http:\/\/www.visit-ulcinj.com\/blog\/wp-content\/uploads\/2009\/04\/arjoni-per-mozen-me-qetsorin-copy.jpg\",\"contentUrl\":\"http:\/\/www.visit-ulcinj.com\/blog\/wp-content\/uploads\/2009\/04\/arjoni-per-mozen-me-qetsorin-copy.jpg\"},{\"@type\":\"WebPage\",\"@id\":\"https:\/\/www.visit-ulcinj.com\/blog\/2009\/04\/23\/arjoni-moza-mund-dhe-ta-fitoje\/#webpage\",\"url\":\"https:\/\/www.visit-ulcinj.com\/blog\/2009\/04\/23\/arjoni-moza-mund-dhe-ta-fitoje\/\",\"name\":\"Arjoni : Moza mund dhe ta fitoj\u00c3\u00ab | Big Brother Albania 2\",\"isPartOf\":{\"@id\":\"https:\/\/www.visit-ulcinj.com\/blog\/#website\"},\"primaryImageOfPage\":{\"@id\":\"https:\/\/www.visit-ulcinj.com\/blog\/2009\/04\/23\/arjoni-moza-mund-dhe-ta-fitoje\/#primaryimage\"},\"datePublished\":\"2009-04-23T06:30:44+00:00\",\"dateModified\":\"2009-04-22T22:16:43+00:00\",\"author\":{\"@id\":\"https:\/\/www.visit-ulcinj.com\/blog\/#\/schema\/person\/dcab619c614d3038751c63bc2aadc06d\"},\"description\":\"Big Brother Albania 2 - \u00e2\u20ac\u0153Moza mund dhe ta fitoj\u00c3\u00ab!\u00e2\u20ac\u009d- ka th\u00c3\u00abn\u00c3\u00ab Arjoni duke biseduar me Qetsorin. Sipas k\u00c3\u00abtij t\u00c3\u00ab fundit, Moza po shkonte pa u ndjer\u00c3\u00ab deri n\u00c3\u00ab finale.\",\"breadcrumb\":{\"@id\":\"https:\/\/www.visit-ulcinj.com\/blog\/2009\/04\/23\/arjoni-moza-mund-dhe-ta-fitoje\/#breadcrumb\"},\"inLanguage\":\"en-US\",\"potentialAction\":[{\"@type\":\"ReadAction\",\"target\":[\"https:\/\/www.visit-ulcinj.com\/blog\/2009\/04\/23\/arjoni-moza-mund-dhe-ta-fitoje\/\"]}]},{\"@type\":\"BreadcrumbList\",\"@id\":\"https:\/\/www.visit-ulcinj.com\/blog\/2009\/04\/23\/arjoni-moza-mund-dhe-ta-fitoje\/#breadcrumb\",\"itemListElement\":[{\"@type\":\"ListItem\",\"position\":1,\"name\":\"Arjoni : Moza mund dhe ta fitoj\u00eb\"}]},{\"@type\":\"Person\",\"@id\":\"https:\/\/www.visit-ulcinj.com\/blog\/#\/schema\/person\/dcab619c614d3038751c63bc2aadc06d\",\"name\":\"ulqini\",\"sameAs\":[\"http:\/\/www.visit-ulcinj.com\"],\"url\":\"https:\/\/www.visit-ulcinj.com\/blog\/author\/admin\/\"}]}<\/script>\n<!-- \/ Yoast SEO plugin. -->","yoast_head_json":{"title":"Arjoni : Moza mund dhe ta fitoj\u00c3\u00ab | Big Brother Albania 2","description":"Big Brother Albania 2 - \u00e2\u20ac\u0153Moza mund dhe ta fitoj\u00c3\u00ab!\u00e2\u20ac\u009d- ka th\u00c3\u00abn\u00c3\u00ab Arjoni duke biseduar me Qetsorin. Sipas k\u00c3\u00abtij t\u00c3\u00ab fundit, Moza po shkonte pa u ndjer\u00c3\u00ab deri n\u00c3\u00ab finale.","robots":{"index":"index","follow":"follow","max-snippet":"max-snippet:-1","max-image-preview":"max-image-preview:large","max-video-preview":"max-video-preview:-1"},"canonical":"https:\/\/www.visit-ulcinj.com\/blog\/2009\/04\/23\/arjoni-moza-mund-dhe-ta-fitoje\/","og_locale":"en_US","og_type":"article","og_title":"Arjoni : Moza mund dhe ta fitoj\u00c3\u00ab | Big Brother Albania 2","og_description":"Big Brother Albania 2 - \u00e2\u20ac\u0153Moza mund dhe ta fitoj\u00c3\u00ab!\u00e2\u20ac\u009d- ka th\u00c3\u00abn\u00c3\u00ab Arjoni duke biseduar me Qetsorin. Sipas k\u00c3\u00abtij t\u00c3\u00ab fundit, Moza po shkonte pa u ndjer\u00c3\u00ab deri n\u00c3\u00ab finale.","og_url":"https:\/\/www.visit-ulcinj.com\/blog\/2009\/04\/23\/arjoni-moza-mund-dhe-ta-fitoje\/","og_site_name":"Lajme nga Ulqini","article_published_time":"2009-04-23T06:30:44+00:00","article_modified_time":"2009-04-22T22:16:43+00:00","og_image":[{"url":"http:\/\/www.visit-ulcinj.com\/blog\/wp-content\/uploads\/2009\/04\/arjoni-per-mozen-me-qetsorin-copy.jpg"}],"twitter_misc":{"Written by":"ulqini","Est. reading time":"1 minute"},"schema":{"@context":"https:\/\/schema.org","@graph":[{"@type":"WebSite","@id":"https:\/\/www.visit-ulcinj.com\/blog\/#website","url":"https:\/\/www.visit-ulcinj.com\/blog\/","name":"Lajme nga Ulqini","description":"Lajme,Vijesti,Ulqini,Ulqin,Crna Gora,Mali i Zi","potentialAction":[{"@type":"SearchAction","target":{"@type":"EntryPoint","urlTemplate":"https:\/\/www.visit-ulcinj.com\/blog\/?s={search_term_string}"},"query-input":"required name=search_term_string"}],"inLanguage":"en-US"},{"@type":"ImageObject","inLanguage":"en-US","@id":"https:\/\/www.visit-ulcinj.com\/blog\/2009\/04\/23\/arjoni-moza-mund-dhe-ta-fitoje\/#primaryimage","url":"http:\/\/www.visit-ulcinj.com\/blog\/wp-content\/uploads\/2009\/04\/arjoni-per-mozen-me-qetsorin-copy.jpg","contentUrl":"http:\/\/www.visit-ulcinj.com\/blog\/wp-content\/uploads\/2009\/04\/arjoni-per-mozen-me-qetsorin-copy.jpg"},{"@type":"WebPage","@id":"https:\/\/www.visit-ulcinj.com\/blog\/2009\/04\/23\/arjoni-moza-mund-dhe-ta-fitoje\/#webpage","url":"https:\/\/www.visit-ulcinj.com\/blog\/2009\/04\/23\/arjoni-moza-mund-dhe-ta-fitoje\/","name":"Arjoni : Moza mund dhe ta fitoj\u00c3\u00ab | Big Brother Albania 2","isPartOf":{"@id":"https:\/\/www.visit-ulcinj.com\/blog\/#website"},"primaryImageOfPage":{"@id":"https:\/\/www.visit-ulcinj.com\/blog\/2009\/04\/23\/arjoni-moza-mund-dhe-ta-fitoje\/#primaryimage"},"datePublished":"2009-04-23T06:30:44+00:00","dateModified":"2009-04-22T22:16:43+00:00","author":{"@id":"https:\/\/www.visit-ulcinj.com\/blog\/#\/schema\/person\/dcab619c614d3038751c63bc2aadc06d"},"description":"Big Brother Albania 2 - \u00e2\u20ac\u0153Moza mund dhe ta fitoj\u00c3\u00ab!\u00e2\u20ac\u009d- ka th\u00c3\u00abn\u00c3\u00ab Arjoni duke biseduar me Qetsorin. Sipas k\u00c3\u00abtij t\u00c3\u00ab fundit, Moza po shkonte pa u ndjer\u00c3\u00ab deri n\u00c3\u00ab finale.","breadcrumb":{"@id":"https:\/\/www.visit-ulcinj.com\/blog\/2009\/04\/23\/arjoni-moza-mund-dhe-ta-fitoje\/#breadcrumb"},"inLanguage":"en-US","potentialAction":[{"@type":"ReadAction","target":["https:\/\/www.visit-ulcinj.com\/blog\/2009\/04\/23\/arjoni-moza-mund-dhe-ta-fitoje\/"]}]},{"@type":"BreadcrumbList","@id":"https:\/\/www.visit-ulcinj.com\/blog\/2009\/04\/23\/arjoni-moza-mund-dhe-ta-fitoje\/#breadcrumb","itemListElement":[{"@type":"ListItem","position":1,"name":"Arjoni : Moza mund dhe ta fitoj\u00eb"}]},{"@type":"Person","@id":"https:\/\/www.visit-ulcinj.com\/blog\/#\/schema\/person\/dcab619c614d3038751c63bc2aadc06d","name":"ulqini","sameAs":["http:\/\/www.visit-ulcinj.com"],"url":"https:\/\/www.visit-ulcinj.com\/blog\/author\/admin\/"}]}},"jetpack_featured_media_url":"","jetpack_sharing_enabled":true,"jetpack_shortlink":"https:\/\/wp.me\/pe6lTn-4SX","_links":{"self":[{"href":"https:\/\/www.visit-ulcinj.com\/blog\/wp-json\/wp\/v2\/posts\/18783"}],"collection":[{"href":"https:\/\/www.visit-ulcinj.com\/blog\/wp-json\/wp\/v2\/posts"}],"about":[{"href":"https:\/\/www.visit-ulcinj.com\/blog\/wp-json\/wp\/v2\/types\/post"}],"author":[{"embeddable":true,"href":"https:\/\/www.visit-ulcinj.com\/blog\/wp-json\/wp\/v2\/users\/1"}],"replies":[{"embeddable":true,"href":"https:\/\/www.visit-ulcinj.com\/blog\/wp-json\/wp\/v2\/comments?post=18783"}],"version-history":[{"count":0,"href":"https:\/\/www.visit-ulcinj.com\/blog\/wp-json\/wp\/v2\/posts\/18783\/revisions"}],"wp:attachment":[{"href":"https:\/\/www.visit-ulcinj.com\/blog\/wp-json\/wp\/v2\/media?parent=18783"}],"wp:term":[{"taxonomy":"category","embeddable":true,"href":"https:\/\/www.visit-ulcinj.com\/blog\/wp-json\/wp\/v2\/categories?post=18783"},{"taxonomy":"post_tag","embeddable":true,"href":"https:\/\/www.visit-ulcinj.com\/blog\/wp-json\/wp\/v2\/tags?post=18783"}],"curies":[{"name":"wp","href":"https:\/\/api.w.org\/{rel}","templated":true}]}}