{"id":18789,"date":"2009-04-23T08:29:56","date_gmt":"2009-04-23T06:29:56","guid":{"rendered":"http:\/\/www.visit-ulcinj.com\/blog\/?p=18789"},"modified":"2009-04-23T00:20:40","modified_gmt":"2009-04-22T22:20:40","slug":"cfare-perfaqeson-adela","status":"publish","type":"post","link":"https:\/\/www.visit-ulcinj.com\/blog\/2009\/04\/23\/cfare-perfaqeson-adela\/","title":{"rendered":"\u00c7far\u00eb p\u00ebrfaq\u00ebson Adela ?"},"content":{"rendered":"<p><em><span class=\"newsdate\"><a href=\"http:\/\/www.visit-ulcinj.com\/blog\/wp-content\/uploads\/2009\/04\/cfare-perfaqason-adela.jpg\"><img loading=\"lazy\" class=\"alignleft size-full wp-image-18790\" title=\"cfare-perfaqason-adela-big-brother-albania-2\" src=\"http:\/\/www.visit-ulcinj.com\/blog\/wp-content\/uploads\/2009\/04\/cfare-perfaqason-adela.jpg\" alt=\"cfare-perfaqason-adela-big-brother-albania-2\" width=\"300\" height=\"205\" \/><\/a>21\/04\/09 03:25<\/span><\/em><\/p>\n<p>Debati mbi mentalitetet dhe moralin ka vazhduar mes banor\u00ebve. Me largimin e Adel\u00ebs, banor\u00ebt kan\u00eb diskutuar edhe mbi mentalitetin e saj. Sipas Adit ata nuk mund t\u00eb pretendonin q\u00eb Adela t\u00eb mendonte, p.sh si nj\u00eb hollandeze. Por, sipas Jun\u00ebs ajo nuk duhej t\u2019u tregonte atyre si ishte Shqip\u00ebria, nd\u00ebrkoh\u00eb q\u00eb dhe ata e njihnin dhe e dinin si ishte Shqip\u00ebria. Adi ka th\u00ebn\u00eb se Adela p\u00ebrfaq\u00ebsonte vajz\u00ebn shqiptare. \u201cAdela p\u00ebrfaq\u00ebson nj\u00eb pjes\u00eb t\u00eb vajzave shqiptare!\u201d \u2013 ka th\u00ebn\u00eb Juna. \u201cAdela p\u00ebrfaq\u00ebson at\u00eb q\u00eb \u00ebsht\u00eb!\u201d \u2013 ka sakt\u00ebsuar Eltoni. \u201cPo un\u00eb cfar\u00eb p\u00ebrfaq\u00ebsoj?\u201d \u2013 ka pyetur Juna Adin q\u00eb ka sakt\u00ebsuar se Adela p\u00ebrfaq\u00ebsonte nj\u00eb model t\u00eb t\u00eb vajzave shqiptare, q\u00eb p\u00ebr Arin ishte m\u00eb i madh n\u00eb p\u00ebrqindje sesa modeli q\u00eb mund t\u00eb p\u00ebrfaq\u00ebsonte Juna apo dikush tjet\u00ebr. \u201cA mund t\u00eb m\u00eb thuash cfar\u00eb p\u00ebrfaq\u00ebson Adela?\u201d- e ka pyetur Juna Arin q\u00eb ka th\u00ebn\u00eb se sipas tij ajo ishte modeli i nj\u00eb vajze nga nj\u00eb qytez\u00eb e vog\u00ebl, me nj\u00eb familje tradicionale, me nj\u00eb jet\u00eb normale. Ari ka shtuar se Adela kishte ndryshuar, kishte p\u00ebrparuar, n\u00eb krahasim me at\u00eb cfar\u00eb mund t\u00eb kishte qen\u00eb kur kishte hyr\u00eb n\u00eb fillim n\u00eb sht\u00ebpin\u00eb e Big Brother. \u201cPse t\u00eb gjitha debatet q\u00eb fillojn\u00eb p\u00ebr gj\u00eb tjet\u00ebr, p\u00ebrfundojn\u00eb po tek Adela?\u201d \u2013 ka pyetur Adi. Banor\u00ebt i kan\u00eb th\u00ebn\u00eb se khjo ndodhte ngaq\u00eb Adela b\u00ebhej vet pik\u00eb referimi. Sipas Qetsorit ndikonte edhe injoranca e Adel\u00ebs, sepse ne mundohemi q\u00eb t\u2019ia shpjegojme asaj gj\u00ebrat sesi jan\u00eb n\u00eb t\u00eb vv\u00ebrtet\u00eb. \u201cAjo e zhyt debatin n\u00eb injoranc\u00eb dhe ne mundohemi t\u2019i nxjerrim nga injoranca!\u201d \u2013 ka th\u00ebn\u00eb ai.Sipas tij, ky ishte edhe nj\u00eb vler\u00ebsim q\u00eb ata i b\u00ebnin Adel\u00ebs, sepse n\u00eb t\u00eb kund\u00ebrt ata mund edhe ta anashkalonin. Sipas Arjonit, Adela e mbronte at\u00eb q\u00eb mendonte dhe rrjedhimisht kjo gjeneronte debat, pasi n\u00ebse ajo nuk do t\u00eb fliste, nuk do t\u00eb debatonin me t\u00eb.Adi ka th\u00ebn\u00eb se kjo m\u00ebnyr\u00eb e Adel\u00ebs, po eklipsonte Moz\u00ebn dhe problemet e saj. Arjoni ka th\u00ebn\u00eb se Mimoza ishte ajo q\u00eb nuk fliste, nd\u00ebrsa Juna ka shtuar se ata nuk kishin si t\u2019i dinin problemet e Moz\u00ebs, kur kjo e fundit nuk i tregonte. \u201cAdela flet, me Adel\u00ebn do t\u00eb flasim!\u201d \u2013 ka th\u00ebn\u00eb ajo.<\/p>\n","protected":false},"excerpt":{"rendered":"<p>21\/04\/09 03:25 Debati mbi mentalitetet dhe moralin ka vazhduar mes banor\u00ebve. Me largimin e Adel\u00ebs, banor\u00ebt kan\u00eb diskutuar edhe mbi mentalitetin e saj. Sipas Adit ata nuk mund t\u00eb pretendonin q\u00eb Adela t\u00eb mendonte, p.sh si nj\u00eb hollandeze. Por, sipas Jun\u00ebs ajo nuk duhej t\u2019u tregonte atyre si ishte Shqip\u00ebria, nd\u00ebrkoh\u00eb q\u00eb dhe ata e [&hellip;]<\/p>\n","protected":false},"author":1,"featured_media":0,"comment_status":"open","ping_status":"closed","sticky":false,"template":"","format":"standard","meta":{"spay_email":"","jetpack_publicize_message":"","jetpack_is_tweetstorm":false,"jetpack_publicize_feature_enabled":true},"categories":[6502],"tags":[6529,5057,6506,6516,6712,7129,9116,1442,9011,6544,6891,6693,6887],"jetpack_publicize_connections":[],"yoast_head":"<!-- This site is optimized with the Yoast SEO plugin v19.1 - https:\/\/yoast.com\/wordpress\/plugins\/seo\/ -->\n<title>\u00c3\u2021far\u00c3\u00ab p\u00c3\u00abrfaq\u00c3\u00abson Adela ? | Big Brother Albania 2<\/title>\n<meta name=\"description\" content=\"Big Brother Albania 2 - Debati mbi mentalitetet dhe moralin ka vazhduar mes banor\u00c3\u00abve. Me largimin e Adel\u00c3\u00abs, banor\u00c3\u00abt kan\u00c3\u00ab diskutuar edhe mbi mentalitetin e saj.\" \/>\n<meta name=\"robots\" content=\"index, follow, max-snippet:-1, max-image-preview:large, max-video-preview:-1\" \/>\n<link rel=\"canonical\" href=\"https:\/\/www.visit-ulcinj.com\/blog\/2009\/04\/23\/cfare-perfaqeson-adela\/\" \/>\n<meta property=\"og:locale\" content=\"en_US\" \/>\n<meta property=\"og:type\" content=\"article\" \/>\n<meta property=\"og:title\" content=\"\u00c3\u2021far\u00c3\u00ab p\u00c3\u00abrfaq\u00c3\u00abson Adela ? | Big Brother Albania 2\" \/>\n<meta property=\"og:description\" content=\"Big Brother Albania 2 - Debati mbi mentalitetet dhe moralin ka vazhduar mes banor\u00c3\u00abve. Me largimin e Adel\u00c3\u00abs, banor\u00c3\u00abt kan\u00c3\u00ab diskutuar edhe mbi mentalitetin e saj.\" \/>\n<meta property=\"og:url\" content=\"https:\/\/www.visit-ulcinj.com\/blog\/2009\/04\/23\/cfare-perfaqeson-adela\/\" \/>\n<meta property=\"og:site_name\" content=\"Lajme nga Ulqini\" \/>\n<meta property=\"article:published_time\" content=\"2009-04-23T06:29:56+00:00\" \/>\n<meta property=\"article:modified_time\" content=\"2009-04-22T22:20:40+00:00\" \/>\n<meta property=\"og:image\" content=\"http:\/\/www.visit-ulcinj.com\/blog\/wp-content\/uploads\/2009\/04\/cfare-perfaqason-adela.jpg\" \/>\n<meta name=\"twitter:label1\" content=\"Written by\" \/>\n\t<meta name=\"twitter:data1\" content=\"ulqini\" \/>\n\t<meta name=\"twitter:label2\" content=\"Est. reading time\" \/>\n\t<meta name=\"twitter:data2\" content=\"2 minutes\" \/>\n<script type=\"application\/ld+json\" class=\"yoast-schema-graph\">{\"@context\":\"https:\/\/schema.org\",\"@graph\":[{\"@type\":\"WebSite\",\"@id\":\"https:\/\/www.visit-ulcinj.com\/blog\/#website\",\"url\":\"https:\/\/www.visit-ulcinj.com\/blog\/\",\"name\":\"Lajme nga Ulqini\",\"description\":\"Lajme,Vijesti,Ulqini,Ulqin,Crna Gora,Mali i Zi\",\"potentialAction\":[{\"@type\":\"SearchAction\",\"target\":{\"@type\":\"EntryPoint\",\"urlTemplate\":\"https:\/\/www.visit-ulcinj.com\/blog\/?s={search_term_string}\"},\"query-input\":\"required name=search_term_string\"}],\"inLanguage\":\"en-US\"},{\"@type\":\"ImageObject\",\"inLanguage\":\"en-US\",\"@id\":\"https:\/\/www.visit-ulcinj.com\/blog\/2009\/04\/23\/cfare-perfaqeson-adela\/#primaryimage\",\"url\":\"http:\/\/www.visit-ulcinj.com\/blog\/wp-content\/uploads\/2009\/04\/cfare-perfaqason-adela.jpg\",\"contentUrl\":\"http:\/\/www.visit-ulcinj.com\/blog\/wp-content\/uploads\/2009\/04\/cfare-perfaqason-adela.jpg\"},{\"@type\":\"WebPage\",\"@id\":\"https:\/\/www.visit-ulcinj.com\/blog\/2009\/04\/23\/cfare-perfaqeson-adela\/#webpage\",\"url\":\"https:\/\/www.visit-ulcinj.com\/blog\/2009\/04\/23\/cfare-perfaqeson-adela\/\",\"name\":\"\u00c3\u2021far\u00c3\u00ab p\u00c3\u00abrfaq\u00c3\u00abson Adela ? | Big Brother Albania 2\",\"isPartOf\":{\"@id\":\"https:\/\/www.visit-ulcinj.com\/blog\/#website\"},\"primaryImageOfPage\":{\"@id\":\"https:\/\/www.visit-ulcinj.com\/blog\/2009\/04\/23\/cfare-perfaqeson-adela\/#primaryimage\"},\"datePublished\":\"2009-04-23T06:29:56+00:00\",\"dateModified\":\"2009-04-22T22:20:40+00:00\",\"author\":{\"@id\":\"https:\/\/www.visit-ulcinj.com\/blog\/#\/schema\/person\/dcab619c614d3038751c63bc2aadc06d\"},\"description\":\"Big Brother Albania 2 - Debati mbi mentalitetet dhe moralin ka vazhduar mes banor\u00c3\u00abve. Me largimin e Adel\u00c3\u00abs, banor\u00c3\u00abt kan\u00c3\u00ab diskutuar edhe mbi mentalitetin e saj.\",\"breadcrumb\":{\"@id\":\"https:\/\/www.visit-ulcinj.com\/blog\/2009\/04\/23\/cfare-perfaqeson-adela\/#breadcrumb\"},\"inLanguage\":\"en-US\",\"potentialAction\":[{\"@type\":\"ReadAction\",\"target\":[\"https:\/\/www.visit-ulcinj.com\/blog\/2009\/04\/23\/cfare-perfaqeson-adela\/\"]}]},{\"@type\":\"BreadcrumbList\",\"@id\":\"https:\/\/www.visit-ulcinj.com\/blog\/2009\/04\/23\/cfare-perfaqeson-adela\/#breadcrumb\",\"itemListElement\":[{\"@type\":\"ListItem\",\"position\":1,\"name\":\"\u00c7far\u00eb p\u00ebrfaq\u00ebson Adela ?\"}]},{\"@type\":\"Person\",\"@id\":\"https:\/\/www.visit-ulcinj.com\/blog\/#\/schema\/person\/dcab619c614d3038751c63bc2aadc06d\",\"name\":\"ulqini\",\"sameAs\":[\"http:\/\/www.visit-ulcinj.com\"],\"url\":\"https:\/\/www.visit-ulcinj.com\/blog\/author\/admin\/\"}]}<\/script>\n<!-- \/ Yoast SEO plugin. -->","yoast_head_json":{"title":"\u00c3\u2021far\u00c3\u00ab p\u00c3\u00abrfaq\u00c3\u00abson Adela ? | Big Brother Albania 2","description":"Big Brother Albania 2 - Debati mbi mentalitetet dhe moralin ka vazhduar mes banor\u00c3\u00abve. Me largimin e Adel\u00c3\u00abs, banor\u00c3\u00abt kan\u00c3\u00ab diskutuar edhe mbi mentalitetin e saj.","robots":{"index":"index","follow":"follow","max-snippet":"max-snippet:-1","max-image-preview":"max-image-preview:large","max-video-preview":"max-video-preview:-1"},"canonical":"https:\/\/www.visit-ulcinj.com\/blog\/2009\/04\/23\/cfare-perfaqeson-adela\/","og_locale":"en_US","og_type":"article","og_title":"\u00c3\u2021far\u00c3\u00ab p\u00c3\u00abrfaq\u00c3\u00abson Adela ? | Big Brother Albania 2","og_description":"Big Brother Albania 2 - Debati mbi mentalitetet dhe moralin ka vazhduar mes banor\u00c3\u00abve. Me largimin e Adel\u00c3\u00abs, banor\u00c3\u00abt kan\u00c3\u00ab diskutuar edhe mbi mentalitetin e saj.","og_url":"https:\/\/www.visit-ulcinj.com\/blog\/2009\/04\/23\/cfare-perfaqeson-adela\/","og_site_name":"Lajme nga Ulqini","article_published_time":"2009-04-23T06:29:56+00:00","article_modified_time":"2009-04-22T22:20:40+00:00","og_image":[{"url":"http:\/\/www.visit-ulcinj.com\/blog\/wp-content\/uploads\/2009\/04\/cfare-perfaqason-adela.jpg"}],"twitter_misc":{"Written by":"ulqini","Est. reading time":"2 minutes"},"schema":{"@context":"https:\/\/schema.org","@graph":[{"@type":"WebSite","@id":"https:\/\/www.visit-ulcinj.com\/blog\/#website","url":"https:\/\/www.visit-ulcinj.com\/blog\/","name":"Lajme nga Ulqini","description":"Lajme,Vijesti,Ulqini,Ulqin,Crna Gora,Mali i Zi","potentialAction":[{"@type":"SearchAction","target":{"@type":"EntryPoint","urlTemplate":"https:\/\/www.visit-ulcinj.com\/blog\/?s={search_term_string}"},"query-input":"required name=search_term_string"}],"inLanguage":"en-US"},{"@type":"ImageObject","inLanguage":"en-US","@id":"https:\/\/www.visit-ulcinj.com\/blog\/2009\/04\/23\/cfare-perfaqeson-adela\/#primaryimage","url":"http:\/\/www.visit-ulcinj.com\/blog\/wp-content\/uploads\/2009\/04\/cfare-perfaqason-adela.jpg","contentUrl":"http:\/\/www.visit-ulcinj.com\/blog\/wp-content\/uploads\/2009\/04\/cfare-perfaqason-adela.jpg"},{"@type":"WebPage","@id":"https:\/\/www.visit-ulcinj.com\/blog\/2009\/04\/23\/cfare-perfaqeson-adela\/#webpage","url":"https:\/\/www.visit-ulcinj.com\/blog\/2009\/04\/23\/cfare-perfaqeson-adela\/","name":"\u00c3\u2021far\u00c3\u00ab p\u00c3\u00abrfaq\u00c3\u00abson Adela ? | Big Brother Albania 2","isPartOf":{"@id":"https:\/\/www.visit-ulcinj.com\/blog\/#website"},"primaryImageOfPage":{"@id":"https:\/\/www.visit-ulcinj.com\/blog\/2009\/04\/23\/cfare-perfaqeson-adela\/#primaryimage"},"datePublished":"2009-04-23T06:29:56+00:00","dateModified":"2009-04-22T22:20:40+00:00","author":{"@id":"https:\/\/www.visit-ulcinj.com\/blog\/#\/schema\/person\/dcab619c614d3038751c63bc2aadc06d"},"description":"Big Brother Albania 2 - Debati mbi mentalitetet dhe moralin ka vazhduar mes banor\u00c3\u00abve. Me largimin e Adel\u00c3\u00abs, banor\u00c3\u00abt kan\u00c3\u00ab diskutuar edhe mbi mentalitetin e saj.","breadcrumb":{"@id":"https:\/\/www.visit-ulcinj.com\/blog\/2009\/04\/23\/cfare-perfaqeson-adela\/#breadcrumb"},"inLanguage":"en-US","potentialAction":[{"@type":"ReadAction","target":["https:\/\/www.visit-ulcinj.com\/blog\/2009\/04\/23\/cfare-perfaqeson-adela\/"]}]},{"@type":"BreadcrumbList","@id":"https:\/\/www.visit-ulcinj.com\/blog\/2009\/04\/23\/cfare-perfaqeson-adela\/#breadcrumb","itemListElement":[{"@type":"ListItem","position":1,"name":"\u00c7far\u00eb p\u00ebrfaq\u00ebson Adela ?"}]},{"@type":"Person","@id":"https:\/\/www.visit-ulcinj.com\/blog\/#\/schema\/person\/dcab619c614d3038751c63bc2aadc06d","name":"ulqini","sameAs":["http:\/\/www.visit-ulcinj.com"],"url":"https:\/\/www.visit-ulcinj.com\/blog\/author\/admin\/"}]}},"jetpack_featured_media_url":"","jetpack_sharing_enabled":true,"jetpack_shortlink":"https:\/\/wp.me\/pe6lTn-4T3","_links":{"self":[{"href":"https:\/\/www.visit-ulcinj.com\/blog\/wp-json\/wp\/v2\/posts\/18789"}],"collection":[{"href":"https:\/\/www.visit-ulcinj.com\/blog\/wp-json\/wp\/v2\/posts"}],"about":[{"href":"https:\/\/www.visit-ulcinj.com\/blog\/wp-json\/wp\/v2\/types\/post"}],"author":[{"embeddable":true,"href":"https:\/\/www.visit-ulcinj.com\/blog\/wp-json\/wp\/v2\/users\/1"}],"replies":[{"embeddable":true,"href":"https:\/\/www.visit-ulcinj.com\/blog\/wp-json\/wp\/v2\/comments?post=18789"}],"version-history":[{"count":0,"href":"https:\/\/www.visit-ulcinj.com\/blog\/wp-json\/wp\/v2\/posts\/18789\/revisions"}],"wp:attachment":[{"href":"https:\/\/www.visit-ulcinj.com\/blog\/wp-json\/wp\/v2\/media?parent=18789"}],"wp:term":[{"taxonomy":"category","embeddable":true,"href":"https:\/\/www.visit-ulcinj.com\/blog\/wp-json\/wp\/v2\/categories?post=18789"},{"taxonomy":"post_tag","embeddable":true,"href":"https:\/\/www.visit-ulcinj.com\/blog\/wp-json\/wp\/v2\/tags?post=18789"}],"curies":[{"name":"wp","href":"https:\/\/api.w.org\/{rel}","templated":true}]}}