{"id":18792,"date":"2009-04-23T08:29:05","date_gmt":"2009-04-23T06:29:05","guid":{"rendered":"http:\/\/www.visit-ulcinj.com\/blog\/?p=18792"},"modified":"2009-04-23T20:03:02","modified_gmt":"2009-04-23T18:03:02","slug":"juna-eshte-normale-te-flasesh-per-seksin","status":"publish","type":"post","link":"https:\/\/www.visit-ulcinj.com\/blog\/2009\/04\/23\/juna-eshte-normale-te-flasesh-per-seksin\/","title":{"rendered":"Juna : \u00cbsht\u00eb normale t\u00eb flas\u00ebsh p\u00ebr seksin?"},"content":{"rendered":"<p><em><span class=\"newsdate\"><a href=\"http:\/\/www.visit-ulcinj.com\/blog\/wp-content\/uploads\/2009\/04\/diskutimi-mbi-seksin-copy.jpg\"><img loading=\"lazy\" class=\"alignleft size-full wp-image-18793\" title=\"diskutimi-mbi-seksin-big-brother-albania-2\" src=\"http:\/\/www.visit-ulcinj.com\/blog\/wp-content\/uploads\/2009\/04\/diskutimi-mbi-seksin-copy.jpg\" alt=\"diskutimi-mbi-seksin-big-brother-albania-2\" width=\"300\" height=\"205\" \/><\/a>21\/04\/09 03:30<\/span><\/em><\/p>\n<p>\u201cPse e ke kaq problem t\u00eb flas\u00ebsh p\u00ebr seksin?\u201d \u2013 e ka pyetur Juna Adel\u00ebn. Sipas Jun\u00ebs kjo ishte nj\u00eb gj\u00eb m\u00ebse normale dhe nuk e kuptonte pse Adela b\u00ebnte k\u00ebshtu. Adela i \u00ebsht\u00eb p\u00ebrgjigjur se ajo e konsideronte si nj\u00eb shum\u00eb intime, p\u00ebr t\u00eb cil\u00ebn nuk mund t\u00eb fliste me disa njer\u00ebz q\u00eb sapo i kishte njohur. M\u00eb pas, e pyetur nga Ari, Juna ka th\u00ebn\u00eb se p\u00ebr t\u00eb seksi \u00ebsht\u00eb e gj\u00ebja e dyt\u00eb m\u00eb e bukur n\u00eb bot\u00eb, por nuk mund ta tregonte kush ishte e para, pasi ky ishte sekreti i saj. Diskutimi ka p\u00ebrfshir\u00eb m\u00eb pas edhe t\u00eb tjer\u00ebt. Jo t\u00eb gjith\u00eb kan\u00eb qen\u00eb dakord se duhet t\u00eb flas\u00ebsh hapur mbi eksperiencat e ndryshme t\u00eb tipit seksual, apo t\u00eb tjera gj\u00ebra t\u00eb t\u00eb nj\u00ebjtit kuad\u00ebr. Sipas Arit kjo do t\u00eb thoshte t\u00eb ishe i mbyllur dhe me komplekse, gj\u00eb p\u00ebr t\u00eb cilat ata m\u00eb kot kishin akuzuar \u201czyshen\u201d, kur t\u00eb gjith\u00eb ishin pothuajse k\u00ebshtu. Sipas tij ishte normale q\u00eb kur njihje dik\u00eb, ta pyesje p\u00ebr k\u00ebto gj\u00ebra, por jo sipas Arjonit apo nj\u00eb pjese tjet\u00ebr t\u00eb banor\u00ebve. Anjeza tha se ndoshta disa personave mund t\u2019ua tregoje, por disa t\u00eb tjer\u00ebve jo. \u201cDometh\u00ebn\u00eb ti nuk do t\u00eb m\u2019i tregosh mua?\u201d \u2013 i ka th\u00ebn\u00eb Ari. \u201cPo\u201d \u2013 i \u00ebsht\u00eb p\u00ebrgjigjur Anjeza.<\/p>\n","protected":false},"excerpt":{"rendered":"<p>21\/04\/09 03:30 \u201cPse e ke kaq problem t\u00eb flas\u00ebsh p\u00ebr seksin?\u201d \u2013 e ka pyetur Juna Adel\u00ebn. Sipas Jun\u00ebs kjo ishte nj\u00eb gj\u00eb m\u00ebse normale dhe nuk e kuptonte pse Adela b\u00ebnte k\u00ebshtu. Adela i \u00ebsht\u00eb p\u00ebrgjigjur se ajo e konsideronte si nj\u00eb shum\u00eb intime, p\u00ebr t\u00eb cil\u00ebn nuk mund t\u00eb fliste me disa njer\u00ebz [&hellip;]<\/p>\n","protected":false},"author":1,"featured_media":0,"comment_status":"open","ping_status":"closed","sticky":false,"template":"","format":"standard","meta":{"spay_email":"","jetpack_publicize_message":"","jetpack_is_tweetstorm":false,"jetpack_publicize_feature_enabled":true},"categories":[6502],"tags":[6529,8289,6525,5057,6506,6516,6712,7129,6522,1442,9011,8355,6891,6693,6887],"jetpack_publicize_connections":[],"yoast_head":"<!-- This site is optimized with the Yoast SEO plugin v19.1 - https:\/\/yoast.com\/wordpress\/plugins\/seo\/ -->\n<title>Juna : \u00c3\u2039sht\u00c3\u00ab normale t\u00c3\u00ab flas\u00c3\u00absh p\u00c3\u00abr seksin? | Big Brother Albania 2<\/title>\n<meta name=\"description\" content=\"Big Brother Albania 2 - e ka pyetur Juna Adel\u00c3\u00abn. Sipas Jun\u00c3\u00abs kjo ishte nj\u00c3\u00ab gj\u00c3\u00ab m\u00c3\u00abse normale dhe nuk e kuptonte pse Adela b\u00c3\u00abnte k\u00c3\u00abshtu.\" \/>\n<meta name=\"robots\" content=\"index, follow, max-snippet:-1, max-image-preview:large, max-video-preview:-1\" \/>\n<link rel=\"canonical\" href=\"https:\/\/www.visit-ulcinj.com\/blog\/2009\/04\/23\/juna-eshte-normale-te-flasesh-per-seksin\/\" \/>\n<meta property=\"og:locale\" content=\"en_US\" \/>\n<meta property=\"og:type\" content=\"article\" \/>\n<meta property=\"og:title\" content=\"Juna : \u00c3\u2039sht\u00c3\u00ab normale t\u00c3\u00ab flas\u00c3\u00absh p\u00c3\u00abr seksin? | Big Brother Albania 2\" \/>\n<meta property=\"og:description\" content=\"Big Brother Albania 2 - e ka pyetur Juna Adel\u00c3\u00abn. Sipas Jun\u00c3\u00abs kjo ishte nj\u00c3\u00ab gj\u00c3\u00ab m\u00c3\u00abse normale dhe nuk e kuptonte pse Adela b\u00c3\u00abnte k\u00c3\u00abshtu.\" \/>\n<meta property=\"og:url\" content=\"https:\/\/www.visit-ulcinj.com\/blog\/2009\/04\/23\/juna-eshte-normale-te-flasesh-per-seksin\/\" \/>\n<meta property=\"og:site_name\" content=\"Lajme nga Ulqini\" \/>\n<meta property=\"article:published_time\" content=\"2009-04-23T06:29:05+00:00\" \/>\n<meta property=\"article:modified_time\" content=\"2009-04-23T18:03:02+00:00\" \/>\n<meta property=\"og:image\" content=\"http:\/\/www.visit-ulcinj.com\/blog\/wp-content\/uploads\/2009\/04\/diskutimi-mbi-seksin-copy.jpg\" \/>\n<meta name=\"twitter:label1\" content=\"Written by\" \/>\n\t<meta name=\"twitter:data1\" content=\"ulqini\" \/>\n\t<meta name=\"twitter:label2\" content=\"Est. reading time\" \/>\n\t<meta name=\"twitter:data2\" content=\"1 minute\" \/>\n<script type=\"application\/ld+json\" class=\"yoast-schema-graph\">{\"@context\":\"https:\/\/schema.org\",\"@graph\":[{\"@type\":\"WebSite\",\"@id\":\"https:\/\/www.visit-ulcinj.com\/blog\/#website\",\"url\":\"https:\/\/www.visit-ulcinj.com\/blog\/\",\"name\":\"Lajme nga Ulqini\",\"description\":\"Lajme,Vijesti,Ulqini,Ulqin,Crna Gora,Mali i Zi\",\"potentialAction\":[{\"@type\":\"SearchAction\",\"target\":{\"@type\":\"EntryPoint\",\"urlTemplate\":\"https:\/\/www.visit-ulcinj.com\/blog\/?s={search_term_string}\"},\"query-input\":\"required name=search_term_string\"}],\"inLanguage\":\"en-US\"},{\"@type\":\"ImageObject\",\"inLanguage\":\"en-US\",\"@id\":\"https:\/\/www.visit-ulcinj.com\/blog\/2009\/04\/23\/juna-eshte-normale-te-flasesh-per-seksin\/#primaryimage\",\"url\":\"http:\/\/www.visit-ulcinj.com\/blog\/wp-content\/uploads\/2009\/04\/diskutimi-mbi-seksin-copy.jpg\",\"contentUrl\":\"http:\/\/www.visit-ulcinj.com\/blog\/wp-content\/uploads\/2009\/04\/diskutimi-mbi-seksin-copy.jpg\"},{\"@type\":\"WebPage\",\"@id\":\"https:\/\/www.visit-ulcinj.com\/blog\/2009\/04\/23\/juna-eshte-normale-te-flasesh-per-seksin\/#webpage\",\"url\":\"https:\/\/www.visit-ulcinj.com\/blog\/2009\/04\/23\/juna-eshte-normale-te-flasesh-per-seksin\/\",\"name\":\"Juna : \u00c3\u2039sht\u00c3\u00ab normale t\u00c3\u00ab flas\u00c3\u00absh p\u00c3\u00abr seksin? | Big Brother Albania 2\",\"isPartOf\":{\"@id\":\"https:\/\/www.visit-ulcinj.com\/blog\/#website\"},\"primaryImageOfPage\":{\"@id\":\"https:\/\/www.visit-ulcinj.com\/blog\/2009\/04\/23\/juna-eshte-normale-te-flasesh-per-seksin\/#primaryimage\"},\"datePublished\":\"2009-04-23T06:29:05+00:00\",\"dateModified\":\"2009-04-23T18:03:02+00:00\",\"author\":{\"@id\":\"https:\/\/www.visit-ulcinj.com\/blog\/#\/schema\/person\/dcab619c614d3038751c63bc2aadc06d\"},\"description\":\"Big Brother Albania 2 - e ka pyetur Juna Adel\u00c3\u00abn. Sipas Jun\u00c3\u00abs kjo ishte nj\u00c3\u00ab gj\u00c3\u00ab m\u00c3\u00abse normale dhe nuk e kuptonte pse Adela b\u00c3\u00abnte k\u00c3\u00abshtu.\",\"breadcrumb\":{\"@id\":\"https:\/\/www.visit-ulcinj.com\/blog\/2009\/04\/23\/juna-eshte-normale-te-flasesh-per-seksin\/#breadcrumb\"},\"inLanguage\":\"en-US\",\"potentialAction\":[{\"@type\":\"ReadAction\",\"target\":[\"https:\/\/www.visit-ulcinj.com\/blog\/2009\/04\/23\/juna-eshte-normale-te-flasesh-per-seksin\/\"]}]},{\"@type\":\"BreadcrumbList\",\"@id\":\"https:\/\/www.visit-ulcinj.com\/blog\/2009\/04\/23\/juna-eshte-normale-te-flasesh-per-seksin\/#breadcrumb\",\"itemListElement\":[{\"@type\":\"ListItem\",\"position\":1,\"name\":\"Juna : \u00cbsht\u00eb normale t\u00eb flas\u00ebsh p\u00ebr seksin?\"}]},{\"@type\":\"Person\",\"@id\":\"https:\/\/www.visit-ulcinj.com\/blog\/#\/schema\/person\/dcab619c614d3038751c63bc2aadc06d\",\"name\":\"ulqini\",\"sameAs\":[\"http:\/\/www.visit-ulcinj.com\"],\"url\":\"https:\/\/www.visit-ulcinj.com\/blog\/author\/admin\/\"}]}<\/script>\n<!-- \/ Yoast SEO plugin. -->","yoast_head_json":{"title":"Juna : \u00c3\u2039sht\u00c3\u00ab normale t\u00c3\u00ab flas\u00c3\u00absh p\u00c3\u00abr seksin? | Big Brother Albania 2","description":"Big Brother Albania 2 - e ka pyetur Juna Adel\u00c3\u00abn. Sipas Jun\u00c3\u00abs kjo ishte nj\u00c3\u00ab gj\u00c3\u00ab m\u00c3\u00abse normale dhe nuk e kuptonte pse Adela b\u00c3\u00abnte k\u00c3\u00abshtu.","robots":{"index":"index","follow":"follow","max-snippet":"max-snippet:-1","max-image-preview":"max-image-preview:large","max-video-preview":"max-video-preview:-1"},"canonical":"https:\/\/www.visit-ulcinj.com\/blog\/2009\/04\/23\/juna-eshte-normale-te-flasesh-per-seksin\/","og_locale":"en_US","og_type":"article","og_title":"Juna : \u00c3\u2039sht\u00c3\u00ab normale t\u00c3\u00ab flas\u00c3\u00absh p\u00c3\u00abr seksin? | Big Brother Albania 2","og_description":"Big Brother Albania 2 - e ka pyetur Juna Adel\u00c3\u00abn. Sipas Jun\u00c3\u00abs kjo ishte nj\u00c3\u00ab gj\u00c3\u00ab m\u00c3\u00abse normale dhe nuk e kuptonte pse Adela b\u00c3\u00abnte k\u00c3\u00abshtu.","og_url":"https:\/\/www.visit-ulcinj.com\/blog\/2009\/04\/23\/juna-eshte-normale-te-flasesh-per-seksin\/","og_site_name":"Lajme nga Ulqini","article_published_time":"2009-04-23T06:29:05+00:00","article_modified_time":"2009-04-23T18:03:02+00:00","og_image":[{"url":"http:\/\/www.visit-ulcinj.com\/blog\/wp-content\/uploads\/2009\/04\/diskutimi-mbi-seksin-copy.jpg"}],"twitter_misc":{"Written by":"ulqini","Est. reading time":"1 minute"},"schema":{"@context":"https:\/\/schema.org","@graph":[{"@type":"WebSite","@id":"https:\/\/www.visit-ulcinj.com\/blog\/#website","url":"https:\/\/www.visit-ulcinj.com\/blog\/","name":"Lajme nga Ulqini","description":"Lajme,Vijesti,Ulqini,Ulqin,Crna Gora,Mali i Zi","potentialAction":[{"@type":"SearchAction","target":{"@type":"EntryPoint","urlTemplate":"https:\/\/www.visit-ulcinj.com\/blog\/?s={search_term_string}"},"query-input":"required name=search_term_string"}],"inLanguage":"en-US"},{"@type":"ImageObject","inLanguage":"en-US","@id":"https:\/\/www.visit-ulcinj.com\/blog\/2009\/04\/23\/juna-eshte-normale-te-flasesh-per-seksin\/#primaryimage","url":"http:\/\/www.visit-ulcinj.com\/blog\/wp-content\/uploads\/2009\/04\/diskutimi-mbi-seksin-copy.jpg","contentUrl":"http:\/\/www.visit-ulcinj.com\/blog\/wp-content\/uploads\/2009\/04\/diskutimi-mbi-seksin-copy.jpg"},{"@type":"WebPage","@id":"https:\/\/www.visit-ulcinj.com\/blog\/2009\/04\/23\/juna-eshte-normale-te-flasesh-per-seksin\/#webpage","url":"https:\/\/www.visit-ulcinj.com\/blog\/2009\/04\/23\/juna-eshte-normale-te-flasesh-per-seksin\/","name":"Juna : \u00c3\u2039sht\u00c3\u00ab normale t\u00c3\u00ab flas\u00c3\u00absh p\u00c3\u00abr seksin? | Big Brother Albania 2","isPartOf":{"@id":"https:\/\/www.visit-ulcinj.com\/blog\/#website"},"primaryImageOfPage":{"@id":"https:\/\/www.visit-ulcinj.com\/blog\/2009\/04\/23\/juna-eshte-normale-te-flasesh-per-seksin\/#primaryimage"},"datePublished":"2009-04-23T06:29:05+00:00","dateModified":"2009-04-23T18:03:02+00:00","author":{"@id":"https:\/\/www.visit-ulcinj.com\/blog\/#\/schema\/person\/dcab619c614d3038751c63bc2aadc06d"},"description":"Big Brother Albania 2 - e ka pyetur Juna Adel\u00c3\u00abn. Sipas Jun\u00c3\u00abs kjo ishte nj\u00c3\u00ab gj\u00c3\u00ab m\u00c3\u00abse normale dhe nuk e kuptonte pse Adela b\u00c3\u00abnte k\u00c3\u00abshtu.","breadcrumb":{"@id":"https:\/\/www.visit-ulcinj.com\/blog\/2009\/04\/23\/juna-eshte-normale-te-flasesh-per-seksin\/#breadcrumb"},"inLanguage":"en-US","potentialAction":[{"@type":"ReadAction","target":["https:\/\/www.visit-ulcinj.com\/blog\/2009\/04\/23\/juna-eshte-normale-te-flasesh-per-seksin\/"]}]},{"@type":"BreadcrumbList","@id":"https:\/\/www.visit-ulcinj.com\/blog\/2009\/04\/23\/juna-eshte-normale-te-flasesh-per-seksin\/#breadcrumb","itemListElement":[{"@type":"ListItem","position":1,"name":"Juna : \u00cbsht\u00eb normale t\u00eb flas\u00ebsh p\u00ebr seksin?"}]},{"@type":"Person","@id":"https:\/\/www.visit-ulcinj.com\/blog\/#\/schema\/person\/dcab619c614d3038751c63bc2aadc06d","name":"ulqini","sameAs":["http:\/\/www.visit-ulcinj.com"],"url":"https:\/\/www.visit-ulcinj.com\/blog\/author\/admin\/"}]}},"jetpack_featured_media_url":"","jetpack_sharing_enabled":true,"jetpack_shortlink":"https:\/\/wp.me\/pe6lTn-4T6","_links":{"self":[{"href":"https:\/\/www.visit-ulcinj.com\/blog\/wp-json\/wp\/v2\/posts\/18792"}],"collection":[{"href":"https:\/\/www.visit-ulcinj.com\/blog\/wp-json\/wp\/v2\/posts"}],"about":[{"href":"https:\/\/www.visit-ulcinj.com\/blog\/wp-json\/wp\/v2\/types\/post"}],"author":[{"embeddable":true,"href":"https:\/\/www.visit-ulcinj.com\/blog\/wp-json\/wp\/v2\/users\/1"}],"replies":[{"embeddable":true,"href":"https:\/\/www.visit-ulcinj.com\/blog\/wp-json\/wp\/v2\/comments?post=18792"}],"version-history":[{"count":0,"href":"https:\/\/www.visit-ulcinj.com\/blog\/wp-json\/wp\/v2\/posts\/18792\/revisions"}],"wp:attachment":[{"href":"https:\/\/www.visit-ulcinj.com\/blog\/wp-json\/wp\/v2\/media?parent=18792"}],"wp:term":[{"taxonomy":"category","embeddable":true,"href":"https:\/\/www.visit-ulcinj.com\/blog\/wp-json\/wp\/v2\/categories?post=18792"},{"taxonomy":"post_tag","embeddable":true,"href":"https:\/\/www.visit-ulcinj.com\/blog\/wp-json\/wp\/v2\/tags?post=18792"}],"curies":[{"name":"wp","href":"https:\/\/api.w.org\/{rel}","templated":true}]}}