{"id":18795,"date":"2009-04-23T08:30:06","date_gmt":"2009-04-23T06:30:06","guid":{"rendered":"http:\/\/www.visit-ulcinj.com\/blog\/?p=18795"},"modified":"2009-04-23T00:53:06","modified_gmt":"2009-04-22T22:53:06","slug":"adela-kam-rene-ne-kontradikte","status":"publish","type":"post","link":"https:\/\/www.visit-ulcinj.com\/blog\/2009\/04\/23\/adela-kam-rene-ne-kontradikte\/","title":{"rendered":"Adela: Kam r\u00ebn\u00eb n\u00eb kontradikt\u00eb"},"content":{"rendered":"<p><em><span class=\"newsdate\"><a href=\"http:\/\/www.visit-ulcinj.com\/blog\/wp-content\/uploads\/2009\/04\/adela-bjordi-anjeza.jpg\"><img loading=\"lazy\" class=\"alignleft size-full wp-image-18796\" title=\"adela-bjordi-anjeza-big-brother-albania-2\" src=\"http:\/\/www.visit-ulcinj.com\/blog\/wp-content\/uploads\/2009\/04\/adela-bjordi-anjeza.jpg\" alt=\"adela-bjordi-anjeza-big-brother-albania-2\" width=\"300\" height=\"205\" \/><\/a>20\/04\/09 15:53<\/span><\/em><\/p>\n<p>Anjeza shikon Bjordin dhe Adelajd\u00ebn duke u puthur dhe pyet:-\u201cTani Adela \u00ebsht\u00eb cil\u00ebsuar p\u00ebr ju t\u00eb dy?\u201d Bjordi ia kthen p\u00ebrgjigjen duke i th\u00ebn\u00eb q\u00eb lidhja e tyre nuk do cil\u00ebsohet asnj\u00ebher\u00eb. Adelajda mb\u00ebshtet mendimin e tij, dhe shton q\u00eb ato nuk kan\u00eb nevoj\u00eb p\u00ebr cil\u00ebsime. Sipas Anjez\u00ebs fakti q\u00eb e kan\u00eb b\u00ebr\u00eb publike puthjen e tyre \u00ebsht\u00eb nj\u00eb lloj cil\u00ebsimi. Adelajda thot\u00eb q\u00eb njer\u00ebzit mund t\u00eb thon\u00eb cfar\u00eb t\u00eb duan p\u00ebr lidhjen e tyre. Anjeza mendon q\u00eb fjal\u00ebt e saj bien n\u00eb kontradikt\u00eb me at\u00eb cfar\u00eb i kisht\u00eb th\u00ebn\u00eb dit\u00eb m\u00eb p\u00ebrpara. Adelajda i thot\u00eb:-\u201cMe sa gj\u00ebra kam r\u00ebn\u00eb n\u00eb kontradikt\u00eb un\u00eb!\u201d<\/p>\n","protected":false},"excerpt":{"rendered":"<p>20\/04\/09 15:53 Anjeza shikon Bjordin dhe Adelajd\u00ebn duke u puthur dhe pyet:-\u201cTani Adela \u00ebsht\u00eb cil\u00ebsuar p\u00ebr ju t\u00eb dy?\u201d Bjordi ia kthen p\u00ebrgjigjen duke i th\u00ebn\u00eb q\u00eb lidhja e tyre nuk do cil\u00ebsohet asnj\u00ebher\u00eb. Adelajda mb\u00ebshtet mendimin e tij, dhe shton q\u00eb ato nuk kan\u00eb nevoj\u00eb p\u00ebr cil\u00ebsime. Sipas Anjez\u00ebs fakti q\u00eb e kan\u00eb b\u00ebr\u00eb [&hellip;]<\/p>\n","protected":false},"author":1,"featured_media":0,"comment_status":"open","ping_status":"closed","sticky":false,"template":"","format":"standard","meta":{"spay_email":"","jetpack_publicize_message":"","jetpack_is_tweetstorm":false,"jetpack_publicize_feature_enabled":true},"categories":[6502],"tags":[6529,8289,6525,5057,6506,6516,6712,7129,6522,6891,6693,6887],"jetpack_publicize_connections":[],"yoast_head":"<!-- This site is optimized with the Yoast SEO plugin v19.1 - https:\/\/yoast.com\/wordpress\/plugins\/seo\/ -->\n<title>Adela: Kam r\u00c3\u00abn\u00c3\u00ab n\u00c3\u00ab kontradikt\u00c3\u00ab | Big Brother Albania 2<\/title>\n<meta name=\"description\" content=\"Big Brother Albania 2 - Anjeza shikon Bjordin dhe Adelajd\u00c3\u00abn duke u puthur dhe pyet:-\u00e2\u20ac\u0153Tani Adela \u00c3\u00absht\u00c3\u00ab cil\u00c3\u00absuar p\u00c3\u00abr ju t\u00c3\u00ab dy?\u00e2\u20ac\u009d Bjordi ia kthen p\u00c3\u00abrgjigjen duke i th\u00c3\u00abn\u00c3\u00ab q\u00c3\u00ab lidhja e tyre nuk do cil\u00c3\u00absohet asnj\u00c3\u00abher\u00c3\u00ab\" \/>\n<meta name=\"robots\" content=\"index, follow, max-snippet:-1, max-image-preview:large, max-video-preview:-1\" \/>\n<link rel=\"canonical\" href=\"https:\/\/www.visit-ulcinj.com\/blog\/2009\/04\/23\/adela-kam-rene-ne-kontradikte\/\" \/>\n<meta property=\"og:locale\" content=\"en_US\" \/>\n<meta property=\"og:type\" content=\"article\" \/>\n<meta property=\"og:title\" content=\"Adela: Kam r\u00c3\u00abn\u00c3\u00ab n\u00c3\u00ab kontradikt\u00c3\u00ab | Big Brother Albania 2\" \/>\n<meta property=\"og:description\" content=\"Big Brother Albania 2 - Anjeza shikon Bjordin dhe Adelajd\u00c3\u00abn duke u puthur dhe pyet:-\u00e2\u20ac\u0153Tani Adela \u00c3\u00absht\u00c3\u00ab cil\u00c3\u00absuar p\u00c3\u00abr ju t\u00c3\u00ab dy?\u00e2\u20ac\u009d Bjordi ia kthen p\u00c3\u00abrgjigjen duke i th\u00c3\u00abn\u00c3\u00ab q\u00c3\u00ab lidhja e tyre nuk do cil\u00c3\u00absohet asnj\u00c3\u00abher\u00c3\u00ab\" \/>\n<meta property=\"og:url\" content=\"https:\/\/www.visit-ulcinj.com\/blog\/2009\/04\/23\/adela-kam-rene-ne-kontradikte\/\" \/>\n<meta property=\"og:site_name\" content=\"Lajme nga Ulqini\" \/>\n<meta property=\"article:published_time\" content=\"2009-04-23T06:30:06+00:00\" \/>\n<meta property=\"article:modified_time\" content=\"2009-04-22T22:53:06+00:00\" \/>\n<meta property=\"og:image\" content=\"http:\/\/www.visit-ulcinj.com\/blog\/wp-content\/uploads\/2009\/04\/adela-bjordi-anjeza.jpg\" \/>\n<meta name=\"twitter:label1\" content=\"Written by\" \/>\n\t<meta name=\"twitter:data1\" content=\"ulqini\" \/>\n\t<meta name=\"twitter:label2\" content=\"Est. reading time\" \/>\n\t<meta name=\"twitter:data2\" content=\"1 minute\" \/>\n<script type=\"application\/ld+json\" class=\"yoast-schema-graph\">{\"@context\":\"https:\/\/schema.org\",\"@graph\":[{\"@type\":\"WebSite\",\"@id\":\"https:\/\/www.visit-ulcinj.com\/blog\/#website\",\"url\":\"https:\/\/www.visit-ulcinj.com\/blog\/\",\"name\":\"Lajme nga Ulqini\",\"description\":\"Lajme,Vijesti,Ulqini,Ulqin,Crna Gora,Mali i Zi\",\"potentialAction\":[{\"@type\":\"SearchAction\",\"target\":{\"@type\":\"EntryPoint\",\"urlTemplate\":\"https:\/\/www.visit-ulcinj.com\/blog\/?s={search_term_string}\"},\"query-input\":\"required name=search_term_string\"}],\"inLanguage\":\"en-US\"},{\"@type\":\"ImageObject\",\"inLanguage\":\"en-US\",\"@id\":\"https:\/\/www.visit-ulcinj.com\/blog\/2009\/04\/23\/adela-kam-rene-ne-kontradikte\/#primaryimage\",\"url\":\"http:\/\/www.visit-ulcinj.com\/blog\/wp-content\/uploads\/2009\/04\/adela-bjordi-anjeza.jpg\",\"contentUrl\":\"http:\/\/www.visit-ulcinj.com\/blog\/wp-content\/uploads\/2009\/04\/adela-bjordi-anjeza.jpg\"},{\"@type\":\"WebPage\",\"@id\":\"https:\/\/www.visit-ulcinj.com\/blog\/2009\/04\/23\/adela-kam-rene-ne-kontradikte\/#webpage\",\"url\":\"https:\/\/www.visit-ulcinj.com\/blog\/2009\/04\/23\/adela-kam-rene-ne-kontradikte\/\",\"name\":\"Adela: Kam r\u00c3\u00abn\u00c3\u00ab n\u00c3\u00ab kontradikt\u00c3\u00ab | Big Brother Albania 2\",\"isPartOf\":{\"@id\":\"https:\/\/www.visit-ulcinj.com\/blog\/#website\"},\"primaryImageOfPage\":{\"@id\":\"https:\/\/www.visit-ulcinj.com\/blog\/2009\/04\/23\/adela-kam-rene-ne-kontradikte\/#primaryimage\"},\"datePublished\":\"2009-04-23T06:30:06+00:00\",\"dateModified\":\"2009-04-22T22:53:06+00:00\",\"author\":{\"@id\":\"https:\/\/www.visit-ulcinj.com\/blog\/#\/schema\/person\/dcab619c614d3038751c63bc2aadc06d\"},\"description\":\"Big Brother Albania 2 - Anjeza shikon Bjordin dhe Adelajd\u00c3\u00abn duke u puthur dhe pyet:-\u00e2\u20ac\u0153Tani Adela \u00c3\u00absht\u00c3\u00ab cil\u00c3\u00absuar p\u00c3\u00abr ju t\u00c3\u00ab dy?\u00e2\u20ac\u009d Bjordi ia kthen p\u00c3\u00abrgjigjen duke i th\u00c3\u00abn\u00c3\u00ab q\u00c3\u00ab lidhja e tyre nuk do cil\u00c3\u00absohet asnj\u00c3\u00abher\u00c3\u00ab\",\"breadcrumb\":{\"@id\":\"https:\/\/www.visit-ulcinj.com\/blog\/2009\/04\/23\/adela-kam-rene-ne-kontradikte\/#breadcrumb\"},\"inLanguage\":\"en-US\",\"potentialAction\":[{\"@type\":\"ReadAction\",\"target\":[\"https:\/\/www.visit-ulcinj.com\/blog\/2009\/04\/23\/adela-kam-rene-ne-kontradikte\/\"]}]},{\"@type\":\"BreadcrumbList\",\"@id\":\"https:\/\/www.visit-ulcinj.com\/blog\/2009\/04\/23\/adela-kam-rene-ne-kontradikte\/#breadcrumb\",\"itemListElement\":[{\"@type\":\"ListItem\",\"position\":1,\"name\":\"Adela: Kam r\u00ebn\u00eb n\u00eb kontradikt\u00eb\"}]},{\"@type\":\"Person\",\"@id\":\"https:\/\/www.visit-ulcinj.com\/blog\/#\/schema\/person\/dcab619c614d3038751c63bc2aadc06d\",\"name\":\"ulqini\",\"sameAs\":[\"http:\/\/www.visit-ulcinj.com\"],\"url\":\"https:\/\/www.visit-ulcinj.com\/blog\/author\/admin\/\"}]}<\/script>\n<!-- \/ Yoast SEO plugin. -->","yoast_head_json":{"title":"Adela: Kam r\u00c3\u00abn\u00c3\u00ab n\u00c3\u00ab kontradikt\u00c3\u00ab | Big Brother Albania 2","description":"Big Brother Albania 2 - Anjeza shikon Bjordin dhe Adelajd\u00c3\u00abn duke u puthur dhe pyet:-\u00e2\u20ac\u0153Tani Adela \u00c3\u00absht\u00c3\u00ab cil\u00c3\u00absuar p\u00c3\u00abr ju t\u00c3\u00ab dy?\u00e2\u20ac\u009d Bjordi ia kthen p\u00c3\u00abrgjigjen duke i th\u00c3\u00abn\u00c3\u00ab q\u00c3\u00ab lidhja e tyre nuk do cil\u00c3\u00absohet asnj\u00c3\u00abher\u00c3\u00ab","robots":{"index":"index","follow":"follow","max-snippet":"max-snippet:-1","max-image-preview":"max-image-preview:large","max-video-preview":"max-video-preview:-1"},"canonical":"https:\/\/www.visit-ulcinj.com\/blog\/2009\/04\/23\/adela-kam-rene-ne-kontradikte\/","og_locale":"en_US","og_type":"article","og_title":"Adela: Kam r\u00c3\u00abn\u00c3\u00ab n\u00c3\u00ab kontradikt\u00c3\u00ab | Big Brother Albania 2","og_description":"Big Brother Albania 2 - Anjeza shikon Bjordin dhe Adelajd\u00c3\u00abn duke u puthur dhe pyet:-\u00e2\u20ac\u0153Tani Adela \u00c3\u00absht\u00c3\u00ab cil\u00c3\u00absuar p\u00c3\u00abr ju t\u00c3\u00ab dy?\u00e2\u20ac\u009d Bjordi ia kthen p\u00c3\u00abrgjigjen duke i th\u00c3\u00abn\u00c3\u00ab q\u00c3\u00ab lidhja e tyre nuk do cil\u00c3\u00absohet asnj\u00c3\u00abher\u00c3\u00ab","og_url":"https:\/\/www.visit-ulcinj.com\/blog\/2009\/04\/23\/adela-kam-rene-ne-kontradikte\/","og_site_name":"Lajme nga Ulqini","article_published_time":"2009-04-23T06:30:06+00:00","article_modified_time":"2009-04-22T22:53:06+00:00","og_image":[{"url":"http:\/\/www.visit-ulcinj.com\/blog\/wp-content\/uploads\/2009\/04\/adela-bjordi-anjeza.jpg"}],"twitter_misc":{"Written by":"ulqini","Est. reading time":"1 minute"},"schema":{"@context":"https:\/\/schema.org","@graph":[{"@type":"WebSite","@id":"https:\/\/www.visit-ulcinj.com\/blog\/#website","url":"https:\/\/www.visit-ulcinj.com\/blog\/","name":"Lajme nga Ulqini","description":"Lajme,Vijesti,Ulqini,Ulqin,Crna Gora,Mali i Zi","potentialAction":[{"@type":"SearchAction","target":{"@type":"EntryPoint","urlTemplate":"https:\/\/www.visit-ulcinj.com\/blog\/?s={search_term_string}"},"query-input":"required name=search_term_string"}],"inLanguage":"en-US"},{"@type":"ImageObject","inLanguage":"en-US","@id":"https:\/\/www.visit-ulcinj.com\/blog\/2009\/04\/23\/adela-kam-rene-ne-kontradikte\/#primaryimage","url":"http:\/\/www.visit-ulcinj.com\/blog\/wp-content\/uploads\/2009\/04\/adela-bjordi-anjeza.jpg","contentUrl":"http:\/\/www.visit-ulcinj.com\/blog\/wp-content\/uploads\/2009\/04\/adela-bjordi-anjeza.jpg"},{"@type":"WebPage","@id":"https:\/\/www.visit-ulcinj.com\/blog\/2009\/04\/23\/adela-kam-rene-ne-kontradikte\/#webpage","url":"https:\/\/www.visit-ulcinj.com\/blog\/2009\/04\/23\/adela-kam-rene-ne-kontradikte\/","name":"Adela: Kam r\u00c3\u00abn\u00c3\u00ab n\u00c3\u00ab kontradikt\u00c3\u00ab | Big Brother Albania 2","isPartOf":{"@id":"https:\/\/www.visit-ulcinj.com\/blog\/#website"},"primaryImageOfPage":{"@id":"https:\/\/www.visit-ulcinj.com\/blog\/2009\/04\/23\/adela-kam-rene-ne-kontradikte\/#primaryimage"},"datePublished":"2009-04-23T06:30:06+00:00","dateModified":"2009-04-22T22:53:06+00:00","author":{"@id":"https:\/\/www.visit-ulcinj.com\/blog\/#\/schema\/person\/dcab619c614d3038751c63bc2aadc06d"},"description":"Big Brother Albania 2 - Anjeza shikon Bjordin dhe Adelajd\u00c3\u00abn duke u puthur dhe pyet:-\u00e2\u20ac\u0153Tani Adela \u00c3\u00absht\u00c3\u00ab cil\u00c3\u00absuar p\u00c3\u00abr ju t\u00c3\u00ab dy?\u00e2\u20ac\u009d Bjordi ia kthen p\u00c3\u00abrgjigjen duke i th\u00c3\u00abn\u00c3\u00ab q\u00c3\u00ab lidhja e tyre nuk do cil\u00c3\u00absohet asnj\u00c3\u00abher\u00c3\u00ab","breadcrumb":{"@id":"https:\/\/www.visit-ulcinj.com\/blog\/2009\/04\/23\/adela-kam-rene-ne-kontradikte\/#breadcrumb"},"inLanguage":"en-US","potentialAction":[{"@type":"ReadAction","target":["https:\/\/www.visit-ulcinj.com\/blog\/2009\/04\/23\/adela-kam-rene-ne-kontradikte\/"]}]},{"@type":"BreadcrumbList","@id":"https:\/\/www.visit-ulcinj.com\/blog\/2009\/04\/23\/adela-kam-rene-ne-kontradikte\/#breadcrumb","itemListElement":[{"@type":"ListItem","position":1,"name":"Adela: Kam r\u00ebn\u00eb n\u00eb kontradikt\u00eb"}]},{"@type":"Person","@id":"https:\/\/www.visit-ulcinj.com\/blog\/#\/schema\/person\/dcab619c614d3038751c63bc2aadc06d","name":"ulqini","sameAs":["http:\/\/www.visit-ulcinj.com"],"url":"https:\/\/www.visit-ulcinj.com\/blog\/author\/admin\/"}]}},"jetpack_featured_media_url":"","jetpack_sharing_enabled":true,"jetpack_shortlink":"https:\/\/wp.me\/pe6lTn-4T9","_links":{"self":[{"href":"https:\/\/www.visit-ulcinj.com\/blog\/wp-json\/wp\/v2\/posts\/18795"}],"collection":[{"href":"https:\/\/www.visit-ulcinj.com\/blog\/wp-json\/wp\/v2\/posts"}],"about":[{"href":"https:\/\/www.visit-ulcinj.com\/blog\/wp-json\/wp\/v2\/types\/post"}],"author":[{"embeddable":true,"href":"https:\/\/www.visit-ulcinj.com\/blog\/wp-json\/wp\/v2\/users\/1"}],"replies":[{"embeddable":true,"href":"https:\/\/www.visit-ulcinj.com\/blog\/wp-json\/wp\/v2\/comments?post=18795"}],"version-history":[{"count":0,"href":"https:\/\/www.visit-ulcinj.com\/blog\/wp-json\/wp\/v2\/posts\/18795\/revisions"}],"wp:attachment":[{"href":"https:\/\/www.visit-ulcinj.com\/blog\/wp-json\/wp\/v2\/media?parent=18795"}],"wp:term":[{"taxonomy":"category","embeddable":true,"href":"https:\/\/www.visit-ulcinj.com\/blog\/wp-json\/wp\/v2\/categories?post=18795"},{"taxonomy":"post_tag","embeddable":true,"href":"https:\/\/www.visit-ulcinj.com\/blog\/wp-json\/wp\/v2\/tags?post=18795"}],"curies":[{"name":"wp","href":"https:\/\/api.w.org\/{rel}","templated":true}]}}