{"id":188,"date":"2008-01-18T12:57:25","date_gmt":"2008-01-18T17:57:25","guid":{"rendered":"http:\/\/www.visit-ulcinj.com\/blog\/2008\/01\/18\/pjesemarrje-e-kryetarit-te-komunes-se-ulqinit-gezim-hajdinaga-ne-panairin-e-vjenes-ne-austri\/"},"modified":"2008-02-12T18:49:15","modified_gmt":"2008-02-12T23:49:15","slug":"pjesemarrje-e-kryetarit-te-komunes-se-ulqinit-gezim-hajdinaga-ne-panairin-e-vjenes-ne-austri","status":"publish","type":"post","link":"https:\/\/www.visit-ulcinj.com\/blog\/2008\/01\/18\/pjesemarrje-e-kryetarit-te-komunes-se-ulqinit-gezim-hajdinaga-ne-panairin-e-vjenes-ne-austri\/","title":{"rendered":"Mali i Zi dhe Turqia n\u00ebnshkruan marr\u00ebveshje p\u00ebr regjim pa viza"},"content":{"rendered":"<p><a href=\"http:\/\/www.visit-ulcinj.com\/blog\/2008\/01\/18\/pjesemarrje-e-kryetarit-te-komunes-se-ulqinit-gezim-hajdinaga-ne-panairin-e-vjenes-ne-austri\/montenegrin-foreign-minister-milan-rocen\/\" rel=\"attachment wp-att-197\" title=\"Montenegrin Foreign Minister Milan Rocen\"><img loading=\"lazy\" src=\"http:\/\/www.visit-ulcinj.com\/blog\/wp-content\/uploads\/2008\/01\/milan-rocen.jpg\" alt=\"Montenegrin Foreign Minister Milan Rocen\" align=\"left\" height=\"161\" hspace=\"2\" vspace=\"2\" width=\"120\" \/><\/a>Ministrat e puneve te jashtme te Turqise dhe Malit te Zi, Ali Babaxhan dhe Millan Roqen,  nenshkruan sot ne Ankara marreveshjen me te cilen u mundesohet qytetareve qe te udhetojne prej njerit vend ne tjetrin pa viza. Mediat elektronike malazeze transmetojne se te dy ministrat ne konferencen e perbashket per shtyp vleresuan se ekziston &#8220;interesim i madh dhe mundesi&#8221; per zhvillimin e marredhenieve turko-malazeze.<!--more--> Shefi i diplomacise malazeze gjendet per vizite zyrtare ne Turqi, ndersa eshte paralajmeruar se do te takohet edhe me kryetarin tirk Abdulla Gjyl.<\/p>\n<p><strong><br \/>\nMontenegro\u2019s foreign minister to visit Ankara<\/strong><\/p>\n<p><a href=\"http:\/\/www.visit-ulcinj.com\/blog\/2008\/01\/18\/pjesemarrje-e-kryetarit-te-komunes-se-ulqinit-gezim-hajdinaga-ne-panairin-e-vjenes-ne-austri\/foreign-minister-ali-babacan\/\" rel=\"attachment wp-att-196\" title=\"Foreign Minister Ali Babacan\"><img loading=\"lazy\" src=\"http:\/\/www.visit-ulcinj.com\/blog\/wp-content\/uploads\/2008\/01\/ali_babacan.jpg\" alt=\"Foreign Minister Ali Babacan\" align=\"left\" height=\"117\" hspace=\"2\" vspace=\"2\" width=\"170\" \/><\/a>Montenegrin Foreign Minister Milan Rocen will pay an official visit to the Turkish capital later this week upon an invitation from his counterpart, Foreign Minister Ali Babacan, the Turkish Foreign Ministry announced yesterday in a written statement.<br \/>\nThe visit by Rocen will be the first official visit from Montenegro to Turkey after the West Balkan country declared independence in June 2006. During his visit, scheduled to take place on Friday and Saturday, Rocen will also have talks with President Abdullah G\u00fcl and Parliament Speaker K\u00f6ksal Toptan in addition to Babacan.<br \/>\nThe Montenegrin and Turkish ministers will seek ways of improving bilateral relations and will exchange views on regional and international issues of common concern, the Foreign Ministry said, while noting that several bilateral agreements would be signed between the two countries during the visit, without elaborating on the subjects of the agreements.<br \/>\nSoon after declaring independence, Montenegro became a member of the United Nations and the Organization for Security and Cooperation in Europe (OSCE). The country, a member of the Council of Europe since May 2007, is also a potential candidate for European Union membership.<\/p>\n<p>16.01.2008<br \/>\nToday&#8217;s Zaman  Ankara<\/p>\n<p><strong> Montenegro&#8217;s FM due in Ankara<\/strong><\/p>\n<p>Montenegro&#8217;s Foreign Minister Milan Rocen will pay an official visit to Turkey on Jan. 18-19 upon an invitation by his Turkish counterpart Ali Babacan, the Turkish Foreign Ministry announced yesterday. Rocen&#8217;s trip will be the first official visit to Turkey by an official from Montenegro since its independence, the ministry said. The two ministers will exchange views on improving bilateral ties and recent regional developments, it said. Rocen and Babacan will also sign some agreements during the meeting.<\/p>\n<p>ANK   Turkish Daily News<\/p>\n","protected":false},"excerpt":{"rendered":"<p><img loading=\"lazy\" src=\"http:\/\/www.visit-ulcinj.com\/blog\/wp-content\/uploads\/2008\/01\/milan-rocen.jpg\" alt=\"Montenegrin Foreign Minister Milan Rocen\" height=\"140\" width=\"140\" \/><\/p>\n","protected":false},"author":1,"featured_media":0,"comment_status":"open","ping_status":"closed","sticky":false,"template":"","format":"standard","meta":{"spay_email":"","jetpack_publicize_message":"","jetpack_is_tweetstorm":false,"jetpack_publicize_feature_enabled":true},"categories":[1],"tags":[1215,548,549,552,550,551],"jetpack_publicize_connections":[],"yoast_head":"<!-- This site is optimized with the Yoast SEO plugin v19.1 - https:\/\/yoast.com\/wordpress\/plugins\/seo\/ -->\n<title>Mali i Zi dhe Turqia n\u00ebnshkruan marr\u00ebveshje p\u00ebr regjim pa viza - Lajme nga Ulqini<\/title>\n<meta name=\"robots\" content=\"index, follow, max-snippet:-1, max-image-preview:large, max-video-preview:-1\" \/>\n<link rel=\"canonical\" href=\"https:\/\/www.visit-ulcinj.com\/blog\/2008\/01\/18\/pjesemarrje-e-kryetarit-te-komunes-se-ulqinit-gezim-hajdinaga-ne-panairin-e-vjenes-ne-austri\/\" \/>\n<meta property=\"og:locale\" content=\"en_US\" \/>\n<meta property=\"og:type\" content=\"article\" \/>\n<meta property=\"og:title\" content=\"Mali i Zi dhe Turqia n\u00ebnshkruan marr\u00ebveshje p\u00ebr regjim pa viza - Lajme nga Ulqini\" \/>\n<meta property=\"og:url\" content=\"https:\/\/www.visit-ulcinj.com\/blog\/2008\/01\/18\/pjesemarrje-e-kryetarit-te-komunes-se-ulqinit-gezim-hajdinaga-ne-panairin-e-vjenes-ne-austri\/\" \/>\n<meta property=\"og:site_name\" content=\"Lajme nga Ulqini\" \/>\n<meta property=\"article:published_time\" content=\"2008-01-18T17:57:25+00:00\" \/>\n<meta property=\"article:modified_time\" content=\"2008-02-12T23:49:15+00:00\" \/>\n<meta property=\"og:image\" content=\"http:\/\/www.visit-ulcinj.com\/blog\/wp-content\/uploads\/2008\/01\/milan-rocen.jpg\" \/>\n<meta name=\"twitter:label1\" content=\"Written by\" \/>\n\t<meta name=\"twitter:data1\" content=\"ulqini\" \/>\n\t<meta name=\"twitter:label2\" content=\"Est. reading time\" \/>\n\t<meta name=\"twitter:data2\" content=\"2 minutes\" \/>\n<script type=\"application\/ld+json\" class=\"yoast-schema-graph\">{\"@context\":\"https:\/\/schema.org\",\"@graph\":[{\"@type\":\"WebSite\",\"@id\":\"https:\/\/www.visit-ulcinj.com\/blog\/#website\",\"url\":\"https:\/\/www.visit-ulcinj.com\/blog\/\",\"name\":\"Lajme nga Ulqini\",\"description\":\"Lajme,Vijesti,Ulqini,Ulqin,Crna Gora,Mali i Zi\",\"potentialAction\":[{\"@type\":\"SearchAction\",\"target\":{\"@type\":\"EntryPoint\",\"urlTemplate\":\"https:\/\/www.visit-ulcinj.com\/blog\/?s={search_term_string}\"},\"query-input\":\"required name=search_term_string\"}],\"inLanguage\":\"en-US\"},{\"@type\":\"ImageObject\",\"inLanguage\":\"en-US\",\"@id\":\"https:\/\/www.visit-ulcinj.com\/blog\/2008\/01\/18\/pjesemarrje-e-kryetarit-te-komunes-se-ulqinit-gezim-hajdinaga-ne-panairin-e-vjenes-ne-austri\/#primaryimage\",\"url\":\"http:\/\/www.visit-ulcinj.com\/blog\/wp-content\/uploads\/2008\/01\/milan-rocen.jpg\",\"contentUrl\":\"http:\/\/www.visit-ulcinj.com\/blog\/wp-content\/uploads\/2008\/01\/milan-rocen.jpg\"},{\"@type\":\"WebPage\",\"@id\":\"https:\/\/www.visit-ulcinj.com\/blog\/2008\/01\/18\/pjesemarrje-e-kryetarit-te-komunes-se-ulqinit-gezim-hajdinaga-ne-panairin-e-vjenes-ne-austri\/#webpage\",\"url\":\"https:\/\/www.visit-ulcinj.com\/blog\/2008\/01\/18\/pjesemarrje-e-kryetarit-te-komunes-se-ulqinit-gezim-hajdinaga-ne-panairin-e-vjenes-ne-austri\/\",\"name\":\"Mali i Zi dhe Turqia n\u00ebnshkruan marr\u00ebveshje p\u00ebr regjim pa viza - Lajme nga Ulqini\",\"isPartOf\":{\"@id\":\"https:\/\/www.visit-ulcinj.com\/blog\/#website\"},\"primaryImageOfPage\":{\"@id\":\"https:\/\/www.visit-ulcinj.com\/blog\/2008\/01\/18\/pjesemarrje-e-kryetarit-te-komunes-se-ulqinit-gezim-hajdinaga-ne-panairin-e-vjenes-ne-austri\/#primaryimage\"},\"datePublished\":\"2008-01-18T17:57:25+00:00\",\"dateModified\":\"2008-02-12T23:49:15+00:00\",\"author\":{\"@id\":\"https:\/\/www.visit-ulcinj.com\/blog\/#\/schema\/person\/dcab619c614d3038751c63bc2aadc06d\"},\"breadcrumb\":{\"@id\":\"https:\/\/www.visit-ulcinj.com\/blog\/2008\/01\/18\/pjesemarrje-e-kryetarit-te-komunes-se-ulqinit-gezim-hajdinaga-ne-panairin-e-vjenes-ne-austri\/#breadcrumb\"},\"inLanguage\":\"en-US\",\"potentialAction\":[{\"@type\":\"ReadAction\",\"target\":[\"https:\/\/www.visit-ulcinj.com\/blog\/2008\/01\/18\/pjesemarrje-e-kryetarit-te-komunes-se-ulqinit-gezim-hajdinaga-ne-panairin-e-vjenes-ne-austri\/\"]}]},{\"@type\":\"BreadcrumbList\",\"@id\":\"https:\/\/www.visit-ulcinj.com\/blog\/2008\/01\/18\/pjesemarrje-e-kryetarit-te-komunes-se-ulqinit-gezim-hajdinaga-ne-panairin-e-vjenes-ne-austri\/#breadcrumb\",\"itemListElement\":[{\"@type\":\"ListItem\",\"position\":1,\"name\":\"Mali i Zi dhe Turqia n\u00ebnshkruan marr\u00ebveshje p\u00ebr regjim pa viza\"}]},{\"@type\":\"Person\",\"@id\":\"https:\/\/www.visit-ulcinj.com\/blog\/#\/schema\/person\/dcab619c614d3038751c63bc2aadc06d\",\"name\":\"ulqini\",\"sameAs\":[\"http:\/\/www.visit-ulcinj.com\"],\"url\":\"https:\/\/www.visit-ulcinj.com\/blog\/author\/admin\/\"}]}<\/script>\n<!-- \/ Yoast SEO plugin. -->","yoast_head_json":{"title":"Mali i Zi dhe Turqia n\u00ebnshkruan marr\u00ebveshje p\u00ebr regjim pa viza - Lajme nga Ulqini","robots":{"index":"index","follow":"follow","max-snippet":"max-snippet:-1","max-image-preview":"max-image-preview:large","max-video-preview":"max-video-preview:-1"},"canonical":"https:\/\/www.visit-ulcinj.com\/blog\/2008\/01\/18\/pjesemarrje-e-kryetarit-te-komunes-se-ulqinit-gezim-hajdinaga-ne-panairin-e-vjenes-ne-austri\/","og_locale":"en_US","og_type":"article","og_title":"Mali i Zi dhe Turqia n\u00ebnshkruan marr\u00ebveshje p\u00ebr regjim pa viza - Lajme nga Ulqini","og_url":"https:\/\/www.visit-ulcinj.com\/blog\/2008\/01\/18\/pjesemarrje-e-kryetarit-te-komunes-se-ulqinit-gezim-hajdinaga-ne-panairin-e-vjenes-ne-austri\/","og_site_name":"Lajme nga Ulqini","article_published_time":"2008-01-18T17:57:25+00:00","article_modified_time":"2008-02-12T23:49:15+00:00","og_image":[{"url":"http:\/\/www.visit-ulcinj.com\/blog\/wp-content\/uploads\/2008\/01\/milan-rocen.jpg"}],"twitter_misc":{"Written by":"ulqini","Est. reading time":"2 minutes"},"schema":{"@context":"https:\/\/schema.org","@graph":[{"@type":"WebSite","@id":"https:\/\/www.visit-ulcinj.com\/blog\/#website","url":"https:\/\/www.visit-ulcinj.com\/blog\/","name":"Lajme nga Ulqini","description":"Lajme,Vijesti,Ulqini,Ulqin,Crna Gora,Mali i Zi","potentialAction":[{"@type":"SearchAction","target":{"@type":"EntryPoint","urlTemplate":"https:\/\/www.visit-ulcinj.com\/blog\/?s={search_term_string}"},"query-input":"required name=search_term_string"}],"inLanguage":"en-US"},{"@type":"ImageObject","inLanguage":"en-US","@id":"https:\/\/www.visit-ulcinj.com\/blog\/2008\/01\/18\/pjesemarrje-e-kryetarit-te-komunes-se-ulqinit-gezim-hajdinaga-ne-panairin-e-vjenes-ne-austri\/#primaryimage","url":"http:\/\/www.visit-ulcinj.com\/blog\/wp-content\/uploads\/2008\/01\/milan-rocen.jpg","contentUrl":"http:\/\/www.visit-ulcinj.com\/blog\/wp-content\/uploads\/2008\/01\/milan-rocen.jpg"},{"@type":"WebPage","@id":"https:\/\/www.visit-ulcinj.com\/blog\/2008\/01\/18\/pjesemarrje-e-kryetarit-te-komunes-se-ulqinit-gezim-hajdinaga-ne-panairin-e-vjenes-ne-austri\/#webpage","url":"https:\/\/www.visit-ulcinj.com\/blog\/2008\/01\/18\/pjesemarrje-e-kryetarit-te-komunes-se-ulqinit-gezim-hajdinaga-ne-panairin-e-vjenes-ne-austri\/","name":"Mali i Zi dhe Turqia n\u00ebnshkruan marr\u00ebveshje p\u00ebr regjim pa viza - Lajme nga Ulqini","isPartOf":{"@id":"https:\/\/www.visit-ulcinj.com\/blog\/#website"},"primaryImageOfPage":{"@id":"https:\/\/www.visit-ulcinj.com\/blog\/2008\/01\/18\/pjesemarrje-e-kryetarit-te-komunes-se-ulqinit-gezim-hajdinaga-ne-panairin-e-vjenes-ne-austri\/#primaryimage"},"datePublished":"2008-01-18T17:57:25+00:00","dateModified":"2008-02-12T23:49:15+00:00","author":{"@id":"https:\/\/www.visit-ulcinj.com\/blog\/#\/schema\/person\/dcab619c614d3038751c63bc2aadc06d"},"breadcrumb":{"@id":"https:\/\/www.visit-ulcinj.com\/blog\/2008\/01\/18\/pjesemarrje-e-kryetarit-te-komunes-se-ulqinit-gezim-hajdinaga-ne-panairin-e-vjenes-ne-austri\/#breadcrumb"},"inLanguage":"en-US","potentialAction":[{"@type":"ReadAction","target":["https:\/\/www.visit-ulcinj.com\/blog\/2008\/01\/18\/pjesemarrje-e-kryetarit-te-komunes-se-ulqinit-gezim-hajdinaga-ne-panairin-e-vjenes-ne-austri\/"]}]},{"@type":"BreadcrumbList","@id":"https:\/\/www.visit-ulcinj.com\/blog\/2008\/01\/18\/pjesemarrje-e-kryetarit-te-komunes-se-ulqinit-gezim-hajdinaga-ne-panairin-e-vjenes-ne-austri\/#breadcrumb","itemListElement":[{"@type":"ListItem","position":1,"name":"Mali i Zi dhe Turqia n\u00ebnshkruan marr\u00ebveshje p\u00ebr regjim pa viza"}]},{"@type":"Person","@id":"https:\/\/www.visit-ulcinj.com\/blog\/#\/schema\/person\/dcab619c614d3038751c63bc2aadc06d","name":"ulqini","sameAs":["http:\/\/www.visit-ulcinj.com"],"url":"https:\/\/www.visit-ulcinj.com\/blog\/author\/admin\/"}]}},"jetpack_featured_media_url":"","jetpack_sharing_enabled":true,"jetpack_shortlink":"https:\/\/wp.me\/pe6lTn-32","_links":{"self":[{"href":"https:\/\/www.visit-ulcinj.com\/blog\/wp-json\/wp\/v2\/posts\/188"}],"collection":[{"href":"https:\/\/www.visit-ulcinj.com\/blog\/wp-json\/wp\/v2\/posts"}],"about":[{"href":"https:\/\/www.visit-ulcinj.com\/blog\/wp-json\/wp\/v2\/types\/post"}],"author":[{"embeddable":true,"href":"https:\/\/www.visit-ulcinj.com\/blog\/wp-json\/wp\/v2\/users\/1"}],"replies":[{"embeddable":true,"href":"https:\/\/www.visit-ulcinj.com\/blog\/wp-json\/wp\/v2\/comments?post=188"}],"version-history":[{"count":0,"href":"https:\/\/www.visit-ulcinj.com\/blog\/wp-json\/wp\/v2\/posts\/188\/revisions"}],"wp:attachment":[{"href":"https:\/\/www.visit-ulcinj.com\/blog\/wp-json\/wp\/v2\/media?parent=188"}],"wp:term":[{"taxonomy":"category","embeddable":true,"href":"https:\/\/www.visit-ulcinj.com\/blog\/wp-json\/wp\/v2\/categories?post=188"},{"taxonomy":"post_tag","embeddable":true,"href":"https:\/\/www.visit-ulcinj.com\/blog\/wp-json\/wp\/v2\/tags?post=188"}],"curies":[{"name":"wp","href":"https:\/\/api.w.org\/{rel}","templated":true}]}}