{"id":1880,"date":"2008-06-05T11:59:16","date_gmt":"2008-06-05T16:59:16","guid":{"rendered":"http:\/\/www.visit-ulcinj.com\/blog\/?p=1880"},"modified":"2022-08-03T17:42:12","modified_gmt":"2022-08-03T16:42:12","slug":"crna-gora-villesobe-apartmani-i-ostali-smjestaj-u-ulcinj-2","status":"publish","type":"post","link":"https:\/\/www.visit-ulcinj.com\/blog\/2008\/06\/05\/crna-gora-villesobe-apartmani-i-ostali-smjestaj-u-ulcinj-2\/","title":{"rendered":"Crna Gora: Ville,Sobe, apartmani i ostali smje\u0161taj u Ulcinj"},"content":{"rendered":"<p><a href=\"http:\/\/www.visit-ulcinj.com\/\"><img loading=\"lazy\" class=\"alignleft attachment wp-att-1926\" src=\"http:\/\/www.visit-ulcinj.com\/blog\/wp-content\/uploads\/2008\/06\/holiday-rental-ulcinj-ulqini_ulqin_logo1.thumbnail.gif\" alt=\"Holiday Rental Ulcinj - Ulqini_Ulqin_Montenegro _logo\" width=\"253\" height=\"99\" \/><\/a><br \/>\nUkoliko planirate da svoj godi\u0161nji odmor provedete u Ulcinj vjerovatno ce vas zanimati ponuda. Ovdje mo\u017eete pogledati \u0161to se sve nudi sa slikama, adresama i telefonskim brojevima privatnih iznajmljivaca villa,soba i apartmana i ostali smje\u0161taj u Ulcinj: <strong>www.visit-ulcinj.com\/ <\/strong> Ujedno pozivamo i sve koji su zainteresirani da im se sobe i apartmani nacu na na\u0161im stranicama da nas kontaktiraju :<\/p>\n<p><a href=\"http:\/\/www.visit-ulcinj.com\/sr\/apartmani-ulcinj-crna-gora\/privatni-smestaj-holiday-house-ulcinj-crna-gora\/\" target=\"_blank\" rel=\"noopener\"><strong>Email: info.ulcinj@gmail.com<br \/>\n<\/strong><\/a><strong><!--YouTube Error: bad URL entered--><br \/>\n<\/strong><\/p>\n","protected":false},"excerpt":{"rendered":"<p><img loading=\"lazy\" class=\"attachment wp-att-1926 alignleft\" src=\"http:\/\/www.visit-ulcinj.com\/blog\/wp-content\/uploads\/2008\/06\/holiday-rental-ulcinj-ulqini_ulqin_logo1.thumbnail.gif\" alt=\"Holiday Rental Ulcinj - Ulqini_Ulqin_Montenegro _logo\" width=\"140\" height=\"140\" \/><\/p>\n","protected":false},"author":1,"featured_media":0,"comment_status":"open","ping_status":"closed","sticky":false,"template":"","format":"standard","meta":{"spay_email":"","jetpack_publicize_message":"","jetpack_is_tweetstorm":false,"jetpack_publicize_feature_enabled":true},"categories":[7679],"tags":[3133,3131,3134,573,599,569,598,590,567,579,575,593,580,584,608,589,597,604,592,587,578,605,607,570,613,612,616,585,594,600,591,603,586,611,615,610,609,583,3135,574,576,582,566,614,601,568,577,602,581,588,3132],"jetpack_publicize_connections":[],"yoast_head":"<!-- This site is optimized with the Yoast SEO plugin v19.1 - https:\/\/yoast.com\/wordpress\/plugins\/seo\/ -->\n<title>Crna Gora: Ville,Sobe, apartmani i ostali smje\u0161taj u Ulcinj - Lajme nga Ulqini<\/title>\n<meta name=\"robots\" content=\"index, follow, max-snippet:-1, max-image-preview:large, max-video-preview:-1\" \/>\n<link rel=\"canonical\" href=\"https:\/\/www.visit-ulcinj.com\/blog\/2008\/06\/05\/crna-gora-villesobe-apartmani-i-ostali-smjestaj-u-ulcinj-2\/\" \/>\n<meta property=\"og:locale\" content=\"en_US\" \/>\n<meta property=\"og:type\" content=\"article\" \/>\n<meta property=\"og:title\" content=\"Crna Gora: Ville,Sobe, apartmani i ostali smje\u0161taj u Ulcinj - Lajme nga Ulqini\" \/>\n<meta property=\"og:url\" content=\"https:\/\/www.visit-ulcinj.com\/blog\/2008\/06\/05\/crna-gora-villesobe-apartmani-i-ostali-smjestaj-u-ulcinj-2\/\" \/>\n<meta property=\"og:site_name\" content=\"Lajme nga Ulqini\" \/>\n<meta property=\"article:published_time\" content=\"2008-06-05T16:59:16+00:00\" \/>\n<meta property=\"article:modified_time\" content=\"2022-08-03T16:42:12+00:00\" \/>\n<meta property=\"og:image\" content=\"http:\/\/www.visit-ulcinj.com\/blog\/wp-content\/uploads\/2008\/06\/holiday-rental-ulcinj-ulqini_ulqin_logo1.thumbnail.gif\" \/>\n<meta name=\"twitter:label1\" content=\"Written by\" \/>\n\t<meta name=\"twitter:data1\" content=\"ulqini\" \/>\n\t<meta name=\"twitter:label2\" content=\"Est. reading time\" \/>\n\t<meta name=\"twitter:data2\" content=\"1 minute\" \/>\n<script type=\"application\/ld+json\" class=\"yoast-schema-graph\">{\"@context\":\"https:\/\/schema.org\",\"@graph\":[{\"@type\":\"WebSite\",\"@id\":\"https:\/\/www.visit-ulcinj.com\/blog\/#website\",\"url\":\"https:\/\/www.visit-ulcinj.com\/blog\/\",\"name\":\"Lajme nga Ulqini\",\"description\":\"Lajme,Vijesti,Ulqini,Ulqin,Crna Gora,Mali i Zi\",\"potentialAction\":[{\"@type\":\"SearchAction\",\"target\":{\"@type\":\"EntryPoint\",\"urlTemplate\":\"https:\/\/www.visit-ulcinj.com\/blog\/?s={search_term_string}\"},\"query-input\":\"required name=search_term_string\"}],\"inLanguage\":\"en-US\"},{\"@type\":\"ImageObject\",\"inLanguage\":\"en-US\",\"@id\":\"https:\/\/www.visit-ulcinj.com\/blog\/2008\/06\/05\/crna-gora-villesobe-apartmani-i-ostali-smjestaj-u-ulcinj-2\/#primaryimage\",\"url\":\"http:\/\/www.visit-ulcinj.com\/blog\/wp-content\/uploads\/2008\/06\/holiday-rental-ulcinj-ulqini_ulqin_logo1.thumbnail.gif\",\"contentUrl\":\"http:\/\/www.visit-ulcinj.com\/blog\/wp-content\/uploads\/2008\/06\/holiday-rental-ulcinj-ulqini_ulqin_logo1.thumbnail.gif\"},{\"@type\":\"WebPage\",\"@id\":\"https:\/\/www.visit-ulcinj.com\/blog\/2008\/06\/05\/crna-gora-villesobe-apartmani-i-ostali-smjestaj-u-ulcinj-2\/#webpage\",\"url\":\"https:\/\/www.visit-ulcinj.com\/blog\/2008\/06\/05\/crna-gora-villesobe-apartmani-i-ostali-smjestaj-u-ulcinj-2\/\",\"name\":\"Crna Gora: Ville,Sobe, apartmani i ostali smje\u0161taj u Ulcinj - Lajme nga Ulqini\",\"isPartOf\":{\"@id\":\"https:\/\/www.visit-ulcinj.com\/blog\/#website\"},\"primaryImageOfPage\":{\"@id\":\"https:\/\/www.visit-ulcinj.com\/blog\/2008\/06\/05\/crna-gora-villesobe-apartmani-i-ostali-smjestaj-u-ulcinj-2\/#primaryimage\"},\"datePublished\":\"2008-06-05T16:59:16+00:00\",\"dateModified\":\"2022-08-03T16:42:12+00:00\",\"author\":{\"@id\":\"https:\/\/www.visit-ulcinj.com\/blog\/#\/schema\/person\/dcab619c614d3038751c63bc2aadc06d\"},\"breadcrumb\":{\"@id\":\"https:\/\/www.visit-ulcinj.com\/blog\/2008\/06\/05\/crna-gora-villesobe-apartmani-i-ostali-smjestaj-u-ulcinj-2\/#breadcrumb\"},\"inLanguage\":\"en-US\",\"potentialAction\":[{\"@type\":\"ReadAction\",\"target\":[\"https:\/\/www.visit-ulcinj.com\/blog\/2008\/06\/05\/crna-gora-villesobe-apartmani-i-ostali-smjestaj-u-ulcinj-2\/\"]}]},{\"@type\":\"BreadcrumbList\",\"@id\":\"https:\/\/www.visit-ulcinj.com\/blog\/2008\/06\/05\/crna-gora-villesobe-apartmani-i-ostali-smjestaj-u-ulcinj-2\/#breadcrumb\",\"itemListElement\":[{\"@type\":\"ListItem\",\"position\":1,\"name\":\"Crna Gora: Ville,Sobe, apartmani i ostali smje\u0161taj u Ulcinj\"}]},{\"@type\":\"Person\",\"@id\":\"https:\/\/www.visit-ulcinj.com\/blog\/#\/schema\/person\/dcab619c614d3038751c63bc2aadc06d\",\"name\":\"ulqini\",\"sameAs\":[\"http:\/\/www.visit-ulcinj.com\"],\"url\":\"https:\/\/www.visit-ulcinj.com\/blog\/author\/admin\/\"}]}<\/script>\n<!-- \/ Yoast SEO plugin. -->","yoast_head_json":{"title":"Crna Gora: Ville,Sobe, apartmani i ostali smje\u0161taj u Ulcinj - Lajme nga Ulqini","robots":{"index":"index","follow":"follow","max-snippet":"max-snippet:-1","max-image-preview":"max-image-preview:large","max-video-preview":"max-video-preview:-1"},"canonical":"https:\/\/www.visit-ulcinj.com\/blog\/2008\/06\/05\/crna-gora-villesobe-apartmani-i-ostali-smjestaj-u-ulcinj-2\/","og_locale":"en_US","og_type":"article","og_title":"Crna Gora: Ville,Sobe, apartmani i ostali smje\u0161taj u Ulcinj - Lajme nga Ulqini","og_url":"https:\/\/www.visit-ulcinj.com\/blog\/2008\/06\/05\/crna-gora-villesobe-apartmani-i-ostali-smjestaj-u-ulcinj-2\/","og_site_name":"Lajme nga Ulqini","article_published_time":"2008-06-05T16:59:16+00:00","article_modified_time":"2022-08-03T16:42:12+00:00","og_image":[{"url":"http:\/\/www.visit-ulcinj.com\/blog\/wp-content\/uploads\/2008\/06\/holiday-rental-ulcinj-ulqini_ulqin_logo1.thumbnail.gif"}],"twitter_misc":{"Written by":"ulqini","Est. reading time":"1 minute"},"schema":{"@context":"https:\/\/schema.org","@graph":[{"@type":"WebSite","@id":"https:\/\/www.visit-ulcinj.com\/blog\/#website","url":"https:\/\/www.visit-ulcinj.com\/blog\/","name":"Lajme nga Ulqini","description":"Lajme,Vijesti,Ulqini,Ulqin,Crna Gora,Mali i Zi","potentialAction":[{"@type":"SearchAction","target":{"@type":"EntryPoint","urlTemplate":"https:\/\/www.visit-ulcinj.com\/blog\/?s={search_term_string}"},"query-input":"required name=search_term_string"}],"inLanguage":"en-US"},{"@type":"ImageObject","inLanguage":"en-US","@id":"https:\/\/www.visit-ulcinj.com\/blog\/2008\/06\/05\/crna-gora-villesobe-apartmani-i-ostali-smjestaj-u-ulcinj-2\/#primaryimage","url":"http:\/\/www.visit-ulcinj.com\/blog\/wp-content\/uploads\/2008\/06\/holiday-rental-ulcinj-ulqini_ulqin_logo1.thumbnail.gif","contentUrl":"http:\/\/www.visit-ulcinj.com\/blog\/wp-content\/uploads\/2008\/06\/holiday-rental-ulcinj-ulqini_ulqin_logo1.thumbnail.gif"},{"@type":"WebPage","@id":"https:\/\/www.visit-ulcinj.com\/blog\/2008\/06\/05\/crna-gora-villesobe-apartmani-i-ostali-smjestaj-u-ulcinj-2\/#webpage","url":"https:\/\/www.visit-ulcinj.com\/blog\/2008\/06\/05\/crna-gora-villesobe-apartmani-i-ostali-smjestaj-u-ulcinj-2\/","name":"Crna Gora: Ville,Sobe, apartmani i ostali smje\u0161taj u Ulcinj - Lajme nga Ulqini","isPartOf":{"@id":"https:\/\/www.visit-ulcinj.com\/blog\/#website"},"primaryImageOfPage":{"@id":"https:\/\/www.visit-ulcinj.com\/blog\/2008\/06\/05\/crna-gora-villesobe-apartmani-i-ostali-smjestaj-u-ulcinj-2\/#primaryimage"},"datePublished":"2008-06-05T16:59:16+00:00","dateModified":"2022-08-03T16:42:12+00:00","author":{"@id":"https:\/\/www.visit-ulcinj.com\/blog\/#\/schema\/person\/dcab619c614d3038751c63bc2aadc06d"},"breadcrumb":{"@id":"https:\/\/www.visit-ulcinj.com\/blog\/2008\/06\/05\/crna-gora-villesobe-apartmani-i-ostali-smjestaj-u-ulcinj-2\/#breadcrumb"},"inLanguage":"en-US","potentialAction":[{"@type":"ReadAction","target":["https:\/\/www.visit-ulcinj.com\/blog\/2008\/06\/05\/crna-gora-villesobe-apartmani-i-ostali-smjestaj-u-ulcinj-2\/"]}]},{"@type":"BreadcrumbList","@id":"https:\/\/www.visit-ulcinj.com\/blog\/2008\/06\/05\/crna-gora-villesobe-apartmani-i-ostali-smjestaj-u-ulcinj-2\/#breadcrumb","itemListElement":[{"@type":"ListItem","position":1,"name":"Crna Gora: Ville,Sobe, apartmani i ostali smje\u0161taj u Ulcinj"}]},{"@type":"Person","@id":"https:\/\/www.visit-ulcinj.com\/blog\/#\/schema\/person\/dcab619c614d3038751c63bc2aadc06d","name":"ulqini","sameAs":["http:\/\/www.visit-ulcinj.com"],"url":"https:\/\/www.visit-ulcinj.com\/blog\/author\/admin\/"}]}},"jetpack_featured_media_url":"","jetpack_sharing_enabled":true,"jetpack_shortlink":"https:\/\/wp.me\/pe6lTn-uk","_links":{"self":[{"href":"https:\/\/www.visit-ulcinj.com\/blog\/wp-json\/wp\/v2\/posts\/1880"}],"collection":[{"href":"https:\/\/www.visit-ulcinj.com\/blog\/wp-json\/wp\/v2\/posts"}],"about":[{"href":"https:\/\/www.visit-ulcinj.com\/blog\/wp-json\/wp\/v2\/types\/post"}],"author":[{"embeddable":true,"href":"https:\/\/www.visit-ulcinj.com\/blog\/wp-json\/wp\/v2\/users\/1"}],"replies":[{"embeddable":true,"href":"https:\/\/www.visit-ulcinj.com\/blog\/wp-json\/wp\/v2\/comments?post=1880"}],"version-history":[{"count":9,"href":"https:\/\/www.visit-ulcinj.com\/blog\/wp-json\/wp\/v2\/posts\/1880\/revisions"}],"predecessor-version":[{"id":106757,"href":"https:\/\/www.visit-ulcinj.com\/blog\/wp-json\/wp\/v2\/posts\/1880\/revisions\/106757"}],"wp:attachment":[{"href":"https:\/\/www.visit-ulcinj.com\/blog\/wp-json\/wp\/v2\/media?parent=1880"}],"wp:term":[{"taxonomy":"category","embeddable":true,"href":"https:\/\/www.visit-ulcinj.com\/blog\/wp-json\/wp\/v2\/categories?post=1880"},{"taxonomy":"post_tag","embeddable":true,"href":"https:\/\/www.visit-ulcinj.com\/blog\/wp-json\/wp\/v2\/tags?post=1880"}],"curies":[{"name":"wp","href":"https:\/\/api.w.org\/{rel}","templated":true}]}}