{"id":18822,"date":"2009-04-23T17:13:31","date_gmt":"2009-04-23T15:13:31","guid":{"rendered":"http:\/\/www.visit-ulcinj.com\/blog\/?p=18822"},"modified":"2009-05-03T11:53:30","modified_gmt":"2009-05-03T09:53:30","slug":"gresa-katana-fitoj-cmimin-e-pare-ne-festivalit-%e2%80%9cmaratona-rinore%e2%80%9d-ne-durres","status":"publish","type":"post","link":"https:\/\/www.visit-ulcinj.com\/blog\/2009\/04\/23\/gresa-katana-fitoj-cmimin-e-pare-ne-festivalit-%e2%80%9cmaratona-rinore%e2%80%9d-ne-durres\/","title":{"rendered":"Gresa Katana fitoj \u00e7mimin e pare n\u00eb Festivalit \u201cMaratona Rinore\u201d n\u00eb Durr\u00ebs"},"content":{"rendered":"<p><a href=\"http:\/\/www.visit-ulcinj.com\/blog\/wp-content\/uploads\/2009\/04\/gresa-katana-_festivalit-maratona-rinore-ne-durres.jpg\"><img loading=\"lazy\" class=\"alignleft size-full wp-image-18823\" title=\"gresa-katana-_festivalit-maratona-rinore-ne-durres\" src=\"http:\/\/www.visit-ulcinj.com\/blog\/wp-content\/uploads\/2009\/04\/gresa-katana-_festivalit-maratona-rinore-ne-durres.jpg\" alt=\"gresa-katana-_festivalit-maratona-rinore-ne-durres\" width=\"575\" height=\"400\" \/><\/a><\/p>\n<p><strong>Gresa Katana fitoi vendin e par\u00eb me \u201cBalad\u00ebn \u00e7ame\u201d<\/strong><\/p>\n<p>E veshur me rroba karakteristike t\u00eb viseve t\u00eb \u00c7am\u00ebris\u00eb, Gresa solli n\u00eb sken\u00ebn e teatrit \u201cAleksand\u00ebr Mojsiu\u201d nj\u00eb pjes\u00eb t\u00eb ekzodit \u00e7am dhe plag\u00ebn e tyre t\u00eb r\u00ebnd\u00eb gj\u00eb q\u00eb u vler\u00ebsua lart nga juria profesionale e udh\u00ebhequr nga artistja e merituar Aishe Stari.<\/p>\n<p>T\u00eb rinj nga treva t\u00eb ndryshme shqiptare u mblodh\u00ebn p\u00ebr t\u00eb pestin vit me radh\u00eb n\u00eb qytetin bregdetar t\u00eb Durr\u00ebsit p\u00ebr t\u00eb konkurruar artistikisht mes tyre. Festivali Mbar\u00ebkomb\u00ebtar i njohur si Maratona Rinore u zhvillua n\u00eb Teatrin \u201cAleksand\u00ebr Mojsiu\u201d. Trupa rinore t\u00eb ardhura pothuajse nga gjith\u00eb Shqip\u00ebria dhe Rajoni nis\u00ebn gar\u00ebn e tyre p\u00ebr 4 net rresht n\u00eb k\u00ebng\u00eb, valle popullore, poezi, k\u00ebrcim modern, aerobi, pantomim\u00eb dhe gjini t\u00eb tjera.<\/p>\n<p>N\u00eb k\u00ebt\u00eb eveniment t\u00eb r\u00ebnd\u00ebsish\u00ebm kulturor, gjimnazin e Ulqinit p\u00ebr t\u00eb dytin vit me radh\u00eb n\u00eb recitim e prezantoi Gresa Katana, nx\u00ebn\u00ebse e vitit t\u00eb kat\u00ebrt. Ajo u paraqit me \u201cBalad\u00ebn \u00c7ame\u201c t\u00eb autorit Bilal Xhaferri. P\u00ebrjetimi i thell\u00eb i poezis\u00eb nga ana e saj, muzika e p\u00ebrzgjedhur, koreografia nga ana e trup\u00ebs s\u00eb baletit t\u00eb Grupit \u201cBlu Epidamnus\u201c dhe skenografia e q\u00eblluar, i dhan\u00eb jet\u00eb vargjeve t\u00eb autorit. E veshur me rroba karakteristike t\u00eb viseve t\u00eb \u00c7am\u00ebris\u00eb, Gresa solli n\u00eb sken\u00ebn e teatrit \u201cAleksand\u00ebr Mojsiu\u201d nj\u00eb pjes\u00eb t\u00eb ekzodit \u00e7am dhe plag\u00ebn e tyre t\u00eb rend\u00eb gj\u00eb q\u00eb u vler\u00ebsua lart nga juria profesionale e udh\u00ebhequr nga artistja e merituar Aishe Stari.<\/p>\n<p>Kjo nuk \u00ebsht\u00eb hera e par\u00eb q\u00eb Gresa konkurron n\u00eb Maraton\u00ebn Rinore. Ajo edhe vitin e kaluar \u00ebsht\u00eb shp\u00ebrblyer me \u00e7mim, nd\u00ebrkoh\u00eb q\u00eb n\u00eb garat q\u00eb zhvillon n\u00eb Ulqin \u201cFondacioni Studenti\u201d, p\u00ebr dy vite me radh\u00eb ajo \u00ebsht\u00eb shpallur recituesja m\u00eb e mir\u00eb. P\u00ebrdnryshe n\u00eb Maraton\u00ebn Rinore t\u00eb k\u00ebtij viti n\u00eb Durr\u00ebs mor\u00ebn pjes\u00eb rreth 400 pjes\u00ebmarr\u00ebs dhe u shfaq\u00ebn 60 pjes\u00eb te ndryshme artistike te cilat u duartrokit\u00ebn nga publiku.<\/p>\n<p><strong><\/strong><\/p>\n<p><strong>Kohapress<\/strong><\/p>\n\n<!--YouTube Error: bad URL entered-->\n","protected":false},"excerpt":{"rendered":"<p>Gresa Katana fitoi vendin e par\u00eb me \u201cBalad\u00ebn \u00e7ame\u201d E veshur me rroba karakteristike t\u00eb viseve t\u00eb \u00c7am\u00ebris\u00eb, Gresa solli n\u00eb sken\u00ebn e teatrit \u201cAleksand\u00ebr Mojsiu\u201d nj\u00eb pjes\u00eb t\u00eb ekzodit \u00e7am dhe plag\u00ebn e tyre t\u00eb r\u00ebnd\u00eb gj\u00eb q\u00eb u vler\u00ebsua lart nga juria profesionale e udh\u00ebhequr nga artistja e merituar Aishe Stari. T\u00eb rinj [&hellip;]<\/p>\n","protected":false},"author":1,"featured_media":0,"comment_status":"open","ping_status":"closed","sticky":false,"template":"","format":"standard","meta":{"spay_email":"","jetpack_publicize_message":"","jetpack_is_tweetstorm":false,"jetpack_publicize_feature_enabled":true},"categories":[4,1],"tags":[8474,2902,9474,9657,7103],"jetpack_publicize_connections":[],"yoast_head":"<!-- This site is optimized with the Yoast SEO plugin v19.1 - https:\/\/yoast.com\/wordpress\/plugins\/seo\/ -->\n<title>Gresa Katana fitoj \u00e7mimin e pare n\u00eb Festivalit \u201cMaratona Rinore\u201d n\u00eb Durr\u00ebs - Lajme nga Ulqini<\/title>\n<meta name=\"description\" content=\"Gresa Katana fitoi vendin e par\u00eb me \u201cBalad\u00ebn \u00e7ame\u201d E veshur me rroba karakteristike t\u00eb viseve t\u00eb \u00c7am\u00ebris\u00eb, Gresa solli n\u00eb sken\u00ebn e teatrit \u201cAleksand\u00ebr\" \/>\n<meta name=\"robots\" content=\"index, follow, max-snippet:-1, max-image-preview:large, max-video-preview:-1\" \/>\n<link rel=\"canonical\" href=\"https:\/\/www.visit-ulcinj.com\/blog\/2009\/04\/23\/gresa-katana-fitoj-cmimin-e-pare-ne-festivalit-\u201cmaratona-rinore\u201d-ne-durres\/\" \/>\n<meta property=\"og:locale\" content=\"en_US\" \/>\n<meta property=\"og:type\" content=\"article\" \/>\n<meta property=\"og:title\" content=\"Gresa Katana fitoj \u00e7mimin e pare n\u00eb Festivalit \u201cMaratona Rinore\u201d n\u00eb Durr\u00ebs - Lajme nga Ulqini\" \/>\n<meta property=\"og:description\" content=\"Gresa Katana fitoi vendin e par\u00eb me \u201cBalad\u00ebn \u00e7ame\u201d E veshur me rroba karakteristike t\u00eb viseve t\u00eb \u00c7am\u00ebris\u00eb, Gresa solli n\u00eb sken\u00ebn e teatrit \u201cAleksand\u00ebr\" \/>\n<meta property=\"og:url\" content=\"https:\/\/www.visit-ulcinj.com\/blog\/2009\/04\/23\/gresa-katana-fitoj-cmimin-e-pare-ne-festivalit-\u201cmaratona-rinore\u201d-ne-durres\/\" \/>\n<meta property=\"og:site_name\" content=\"Lajme nga Ulqini\" \/>\n<meta property=\"article:published_time\" content=\"2009-04-23T15:13:31+00:00\" \/>\n<meta property=\"article:modified_time\" content=\"2009-05-03T09:53:30+00:00\" \/>\n<meta property=\"og:image\" content=\"https:\/\/www.visit-ulcinj.com\/blog\/wp-content\/uploads\/2009\/04\/gresa-katana-_festivalit-maratona-rinore-ne-durres-150x150.jpg\" \/>\n<meta name=\"twitter:label1\" content=\"Written by\" \/>\n\t<meta name=\"twitter:data1\" content=\"ulqini\" \/>\n\t<meta name=\"twitter:label2\" content=\"Est. reading time\" \/>\n\t<meta name=\"twitter:data2\" content=\"2 minutes\" \/>\n<script type=\"application\/ld+json\" class=\"yoast-schema-graph\">{\"@context\":\"https:\/\/schema.org\",\"@graph\":[{\"@type\":\"WebSite\",\"@id\":\"https:\/\/www.visit-ulcinj.com\/blog\/#website\",\"url\":\"https:\/\/www.visit-ulcinj.com\/blog\/\",\"name\":\"Lajme nga Ulqini\",\"description\":\"Lajme,Vijesti,Ulqini,Ulqin,Crna Gora,Mali i Zi\",\"potentialAction\":[{\"@type\":\"SearchAction\",\"target\":{\"@type\":\"EntryPoint\",\"urlTemplate\":\"https:\/\/www.visit-ulcinj.com\/blog\/?s={search_term_string}\"},\"query-input\":\"required name=search_term_string\"}],\"inLanguage\":\"en-US\"},{\"@type\":\"ImageObject\",\"inLanguage\":\"en-US\",\"@id\":\"https:\/\/www.visit-ulcinj.com\/blog\/2009\/04\/23\/gresa-katana-fitoj-cmimin-e-pare-ne-festivalit-%e2%80%9cmaratona-rinore%e2%80%9d-ne-durres\/#primaryimage\",\"url\":\"http:\/\/www.visit-ulcinj.com\/blog\/wp-content\/uploads\/2009\/04\/gresa-katana-_festivalit-maratona-rinore-ne-durres.jpg\",\"contentUrl\":\"http:\/\/www.visit-ulcinj.com\/blog\/wp-content\/uploads\/2009\/04\/gresa-katana-_festivalit-maratona-rinore-ne-durres.jpg\"},{\"@type\":\"WebPage\",\"@id\":\"https:\/\/www.visit-ulcinj.com\/blog\/2009\/04\/23\/gresa-katana-fitoj-cmimin-e-pare-ne-festivalit-%e2%80%9cmaratona-rinore%e2%80%9d-ne-durres\/#webpage\",\"url\":\"https:\/\/www.visit-ulcinj.com\/blog\/2009\/04\/23\/gresa-katana-fitoj-cmimin-e-pare-ne-festivalit-%e2%80%9cmaratona-rinore%e2%80%9d-ne-durres\/\",\"name\":\"Gresa Katana fitoj \u00e7mimin e pare n\u00eb Festivalit \u201cMaratona Rinore\u201d n\u00eb Durr\u00ebs - Lajme nga Ulqini\",\"isPartOf\":{\"@id\":\"https:\/\/www.visit-ulcinj.com\/blog\/#website\"},\"primaryImageOfPage\":{\"@id\":\"https:\/\/www.visit-ulcinj.com\/blog\/2009\/04\/23\/gresa-katana-fitoj-cmimin-e-pare-ne-festivalit-%e2%80%9cmaratona-rinore%e2%80%9d-ne-durres\/#primaryimage\"},\"datePublished\":\"2009-04-23T15:13:31+00:00\",\"dateModified\":\"2009-05-03T09:53:30+00:00\",\"author\":{\"@id\":\"https:\/\/www.visit-ulcinj.com\/blog\/#\/schema\/person\/dcab619c614d3038751c63bc2aadc06d\"},\"description\":\"Gresa Katana fitoi vendin e par\u00eb me \u201cBalad\u00ebn \u00e7ame\u201d E veshur me rroba karakteristike t\u00eb viseve t\u00eb \u00c7am\u00ebris\u00eb, Gresa solli n\u00eb sken\u00ebn e teatrit \u201cAleksand\u00ebr\",\"breadcrumb\":{\"@id\":\"https:\/\/www.visit-ulcinj.com\/blog\/2009\/04\/23\/gresa-katana-fitoj-cmimin-e-pare-ne-festivalit-%e2%80%9cmaratona-rinore%e2%80%9d-ne-durres\/#breadcrumb\"},\"inLanguage\":\"en-US\",\"potentialAction\":[{\"@type\":\"ReadAction\",\"target\":[\"https:\/\/www.visit-ulcinj.com\/blog\/2009\/04\/23\/gresa-katana-fitoj-cmimin-e-pare-ne-festivalit-%e2%80%9cmaratona-rinore%e2%80%9d-ne-durres\/\"]}]},{\"@type\":\"BreadcrumbList\",\"@id\":\"https:\/\/www.visit-ulcinj.com\/blog\/2009\/04\/23\/gresa-katana-fitoj-cmimin-e-pare-ne-festivalit-%e2%80%9cmaratona-rinore%e2%80%9d-ne-durres\/#breadcrumb\",\"itemListElement\":[{\"@type\":\"ListItem\",\"position\":1,\"name\":\"Gresa Katana fitoj \u00e7mimin e pare n\u00eb Festivalit \u201cMaratona Rinore\u201d n\u00eb Durr\u00ebs\"}]},{\"@type\":\"Person\",\"@id\":\"https:\/\/www.visit-ulcinj.com\/blog\/#\/schema\/person\/dcab619c614d3038751c63bc2aadc06d\",\"name\":\"ulqini\",\"sameAs\":[\"http:\/\/www.visit-ulcinj.com\"],\"url\":\"https:\/\/www.visit-ulcinj.com\/blog\/author\/admin\/\"}]}<\/script>\n<!-- \/ Yoast SEO plugin. -->","yoast_head_json":{"title":"Gresa Katana fitoj \u00e7mimin e pare n\u00eb Festivalit \u201cMaratona Rinore\u201d n\u00eb Durr\u00ebs - Lajme nga Ulqini","description":"Gresa Katana fitoi vendin e par\u00eb me \u201cBalad\u00ebn \u00e7ame\u201d E veshur me rroba karakteristike t\u00eb viseve t\u00eb \u00c7am\u00ebris\u00eb, Gresa solli n\u00eb sken\u00ebn e teatrit \u201cAleksand\u00ebr","robots":{"index":"index","follow":"follow","max-snippet":"max-snippet:-1","max-image-preview":"max-image-preview:large","max-video-preview":"max-video-preview:-1"},"canonical":"https:\/\/www.visit-ulcinj.com\/blog\/2009\/04\/23\/gresa-katana-fitoj-cmimin-e-pare-ne-festivalit-\u201cmaratona-rinore\u201d-ne-durres\/","og_locale":"en_US","og_type":"article","og_title":"Gresa Katana fitoj \u00e7mimin e pare n\u00eb Festivalit \u201cMaratona Rinore\u201d n\u00eb Durr\u00ebs - Lajme nga Ulqini","og_description":"Gresa Katana fitoi vendin e par\u00eb me \u201cBalad\u00ebn \u00e7ame\u201d E veshur me rroba karakteristike t\u00eb viseve t\u00eb \u00c7am\u00ebris\u00eb, Gresa solli n\u00eb sken\u00ebn e teatrit \u201cAleksand\u00ebr","og_url":"https:\/\/www.visit-ulcinj.com\/blog\/2009\/04\/23\/gresa-katana-fitoj-cmimin-e-pare-ne-festivalit-\u201cmaratona-rinore\u201d-ne-durres\/","og_site_name":"Lajme nga Ulqini","article_published_time":"2009-04-23T15:13:31+00:00","article_modified_time":"2009-05-03T09:53:30+00:00","og_image":[{"url":"https:\/\/www.visit-ulcinj.com\/blog\/wp-content\/uploads\/2009\/04\/gresa-katana-_festivalit-maratona-rinore-ne-durres-150x150.jpg"}],"twitter_misc":{"Written by":"ulqini","Est. reading time":"2 minutes"},"schema":{"@context":"https:\/\/schema.org","@graph":[{"@type":"WebSite","@id":"https:\/\/www.visit-ulcinj.com\/blog\/#website","url":"https:\/\/www.visit-ulcinj.com\/blog\/","name":"Lajme nga Ulqini","description":"Lajme,Vijesti,Ulqini,Ulqin,Crna Gora,Mali i Zi","potentialAction":[{"@type":"SearchAction","target":{"@type":"EntryPoint","urlTemplate":"https:\/\/www.visit-ulcinj.com\/blog\/?s={search_term_string}"},"query-input":"required name=search_term_string"}],"inLanguage":"en-US"},{"@type":"ImageObject","inLanguage":"en-US","@id":"https:\/\/www.visit-ulcinj.com\/blog\/2009\/04\/23\/gresa-katana-fitoj-cmimin-e-pare-ne-festivalit-%e2%80%9cmaratona-rinore%e2%80%9d-ne-durres\/#primaryimage","url":"http:\/\/www.visit-ulcinj.com\/blog\/wp-content\/uploads\/2009\/04\/gresa-katana-_festivalit-maratona-rinore-ne-durres.jpg","contentUrl":"http:\/\/www.visit-ulcinj.com\/blog\/wp-content\/uploads\/2009\/04\/gresa-katana-_festivalit-maratona-rinore-ne-durres.jpg"},{"@type":"WebPage","@id":"https:\/\/www.visit-ulcinj.com\/blog\/2009\/04\/23\/gresa-katana-fitoj-cmimin-e-pare-ne-festivalit-%e2%80%9cmaratona-rinore%e2%80%9d-ne-durres\/#webpage","url":"https:\/\/www.visit-ulcinj.com\/blog\/2009\/04\/23\/gresa-katana-fitoj-cmimin-e-pare-ne-festivalit-%e2%80%9cmaratona-rinore%e2%80%9d-ne-durres\/","name":"Gresa Katana fitoj \u00e7mimin e pare n\u00eb Festivalit \u201cMaratona Rinore\u201d n\u00eb Durr\u00ebs - Lajme nga Ulqini","isPartOf":{"@id":"https:\/\/www.visit-ulcinj.com\/blog\/#website"},"primaryImageOfPage":{"@id":"https:\/\/www.visit-ulcinj.com\/blog\/2009\/04\/23\/gresa-katana-fitoj-cmimin-e-pare-ne-festivalit-%e2%80%9cmaratona-rinore%e2%80%9d-ne-durres\/#primaryimage"},"datePublished":"2009-04-23T15:13:31+00:00","dateModified":"2009-05-03T09:53:30+00:00","author":{"@id":"https:\/\/www.visit-ulcinj.com\/blog\/#\/schema\/person\/dcab619c614d3038751c63bc2aadc06d"},"description":"Gresa Katana fitoi vendin e par\u00eb me \u201cBalad\u00ebn \u00e7ame\u201d E veshur me rroba karakteristike t\u00eb viseve t\u00eb \u00c7am\u00ebris\u00eb, Gresa solli n\u00eb sken\u00ebn e teatrit \u201cAleksand\u00ebr","breadcrumb":{"@id":"https:\/\/www.visit-ulcinj.com\/blog\/2009\/04\/23\/gresa-katana-fitoj-cmimin-e-pare-ne-festivalit-%e2%80%9cmaratona-rinore%e2%80%9d-ne-durres\/#breadcrumb"},"inLanguage":"en-US","potentialAction":[{"@type":"ReadAction","target":["https:\/\/www.visit-ulcinj.com\/blog\/2009\/04\/23\/gresa-katana-fitoj-cmimin-e-pare-ne-festivalit-%e2%80%9cmaratona-rinore%e2%80%9d-ne-durres\/"]}]},{"@type":"BreadcrumbList","@id":"https:\/\/www.visit-ulcinj.com\/blog\/2009\/04\/23\/gresa-katana-fitoj-cmimin-e-pare-ne-festivalit-%e2%80%9cmaratona-rinore%e2%80%9d-ne-durres\/#breadcrumb","itemListElement":[{"@type":"ListItem","position":1,"name":"Gresa Katana fitoj \u00e7mimin e pare n\u00eb Festivalit \u201cMaratona Rinore\u201d n\u00eb Durr\u00ebs"}]},{"@type":"Person","@id":"https:\/\/www.visit-ulcinj.com\/blog\/#\/schema\/person\/dcab619c614d3038751c63bc2aadc06d","name":"ulqini","sameAs":["http:\/\/www.visit-ulcinj.com"],"url":"https:\/\/www.visit-ulcinj.com\/blog\/author\/admin\/"}]}},"jetpack_featured_media_url":"","jetpack_sharing_enabled":true,"jetpack_shortlink":"https:\/\/wp.me\/pe6lTn-4TA","_links":{"self":[{"href":"https:\/\/www.visit-ulcinj.com\/blog\/wp-json\/wp\/v2\/posts\/18822"}],"collection":[{"href":"https:\/\/www.visit-ulcinj.com\/blog\/wp-json\/wp\/v2\/posts"}],"about":[{"href":"https:\/\/www.visit-ulcinj.com\/blog\/wp-json\/wp\/v2\/types\/post"}],"author":[{"embeddable":true,"href":"https:\/\/www.visit-ulcinj.com\/blog\/wp-json\/wp\/v2\/users\/1"}],"replies":[{"embeddable":true,"href":"https:\/\/www.visit-ulcinj.com\/blog\/wp-json\/wp\/v2\/comments?post=18822"}],"version-history":[{"count":0,"href":"https:\/\/www.visit-ulcinj.com\/blog\/wp-json\/wp\/v2\/posts\/18822\/revisions"}],"wp:attachment":[{"href":"https:\/\/www.visit-ulcinj.com\/blog\/wp-json\/wp\/v2\/media?parent=18822"}],"wp:term":[{"taxonomy":"category","embeddable":true,"href":"https:\/\/www.visit-ulcinj.com\/blog\/wp-json\/wp\/v2\/categories?post=18822"},{"taxonomy":"post_tag","embeddable":true,"href":"https:\/\/www.visit-ulcinj.com\/blog\/wp-json\/wp\/v2\/tags?post=18822"}],"curies":[{"name":"wp","href":"https:\/\/api.w.org\/{rel}","templated":true}]}}