{"id":1883,"date":"2008-06-05T17:28:55","date_gmt":"2008-06-05T22:28:55","guid":{"rendered":"http:\/\/www.visit-ulcinj.com\/blog\/?p=1883"},"modified":"2008-06-06T10:09:09","modified_gmt":"2008-06-06T15:09:09","slug":"prevlaka-s%e2%80%99eshte-problem","status":"publish","type":"post","link":"https:\/\/www.visit-ulcinj.com\/blog\/2008\/06\/05\/prevlaka-s%e2%80%99eshte-problem\/","title":{"rendered":"Prevlaka s\u2019\u00ebsht\u00eb problem"},"content":{"rendered":"<p><a title=\"prevlaka\" href=\"http:\/\/www.bosnewslife.com\/get.php?country_map\/141_prevlaka%20peninsula%20map.JPG\" target=\"_blank\"><img loading=\"lazy\" class=\"alignleft\" style=\"float: left;\" src=\"http:\/\/www.bosnewslife.com\/get.php?country_map\/141_prevlaka%20peninsula%20map.JPG\" alt=\"prevlaka\" width=\"173\" height=\"166\" \/><\/a>N\u00ebnkryetari i Kuvendit kroat, Neven Mimica deklaroi se zgjidhja e statusitt\u00eb gadishullit Prevlaka nuk do t\u00eb jet\u00eb problem n\u00eb rrug\u00ebn e Kroacis\u00eb dhe Malit t\u00eb Zi drejt BE. N\u00eb intervist\u00eb p\u00ebr gazet\u00ebn podgoricase \u2018Republika\u2019Mimica shtoi se pret\u00eb q\u00eb do t\u00eb gjendet zgjidhja e k\u00ebnaqshme<br \/>\np\u00ebr t\u00eb dyja pal\u00ebt, dhe se s\u00eb shpejti do t\u00eb formohet komisioni i p\u00ebrzier p\u00ebr zgjedhjen e k\u00ebtij problemi.Ai gjithashtu porositi Malin e Zi q\u00eb mos t\u00eb heq\u00eb dor\u00eb leht\u00eb nga e drejta e saj nd\u00ebrkomb\u00ebtare, si\u00e7 b\u00ebri Kroacia n\u00eb rastin e \u2018problemit rreth ZERP\u2019. Mimica konsideron se prej krijimit t\u00eb pavar\u00ebsis\u00eb, Mali i Zi arriti zhvillim t\u00eb madh kur jan\u00eb n\u00eb pyetje integrimet n\u00eb BE dhe shtoi se do t\u00eb ishte shum\u00eb mir\u00eb q\u00eb mos t\u2019i kushtoj\u00eb v\u00ebmendje se \u00e7far\u00eb mendojn\u00ebn\u00eb Bruksel apo diku tjet\u00ebr p\u00ebr aplikimin p\u00ebr an\u00ebtar\u00ebsim, por ta b\u00ebj\u00eb k\u00ebt\u00eb sa m\u00eb shpjet.<strong><br \/>\nGazeta Express<\/strong><\/p>\n<p><strong><\/strong><a href=\"http:\/\/www.visit-ulcinj.com\/tourism\/\" target=\"_blank\"><img loading=\"lazy\" class=\"attachment wp-att-1878\" style=\"vertical-align: middle;\" src=\"http:\/\/www.visit-ulcinj.com\/blog\/wp-content\/uploads\/2008\/06\/holiday-rental-ulcinj-ulqini_ulqin_logo.thumbnail.gif\" alt=\"Holiday Rental Ulcinj - Ulqini_Ulqin_Mont\u00e9n\u00e9gro_logo\" width=\"404\" height=\"78\" \/><\/a><\/p>\n","protected":false},"excerpt":{"rendered":"<p><img loading=\"lazy\" class=\"alignleft\" style=\"float: left;\" src=\"http:\/\/www.bosnewslife.com\/get.php?country_map\/141_prevlaka%20peninsula%20map.JPG\" alt=\"prevlaka\" width=\"140\" height=\"140\" \/><\/p>\n","protected":false},"author":1,"featured_media":0,"comment_status":"open","ping_status":"closed","sticky":false,"template":"","format":"standard","meta":{"spay_email":"","jetpack_publicize_message":"","jetpack_is_tweetstorm":false,"jetpack_publicize_feature_enabled":true},"categories":[14,12],"tags":[3718],"jetpack_publicize_connections":[],"yoast_head":"<!-- This site is optimized with the Yoast SEO plugin v19.1 - https:\/\/yoast.com\/wordpress\/plugins\/seo\/ -->\n<title>Prevlaka s\u2019\u00ebsht\u00eb problem - Lajme nga Ulqini<\/title>\n<meta name=\"robots\" content=\"index, follow, max-snippet:-1, max-image-preview:large, max-video-preview:-1\" \/>\n<link rel=\"canonical\" href=\"https:\/\/www.visit-ulcinj.com\/blog\/2008\/06\/05\/prevlaka-s\u2019eshte-problem\/\" \/>\n<meta property=\"og:locale\" content=\"en_US\" \/>\n<meta property=\"og:type\" content=\"article\" \/>\n<meta property=\"og:title\" content=\"Prevlaka s\u2019\u00ebsht\u00eb problem - Lajme nga Ulqini\" \/>\n<meta property=\"og:url\" content=\"https:\/\/www.visit-ulcinj.com\/blog\/2008\/06\/05\/prevlaka-s\u2019eshte-problem\/\" \/>\n<meta property=\"og:site_name\" content=\"Lajme nga Ulqini\" \/>\n<meta property=\"article:published_time\" content=\"2008-06-05T22:28:55+00:00\" \/>\n<meta property=\"article:modified_time\" content=\"2008-06-06T15:09:09+00:00\" \/>\n<meta property=\"og:image\" content=\"http:\/\/www.bosnewslife.com\/get.php?country_map\/141_prevlaka%20peninsula%20map.JPG\" \/>\n<meta name=\"twitter:label1\" content=\"Written by\" \/>\n\t<meta name=\"twitter:data1\" content=\"ulqini\" \/>\n\t<meta name=\"twitter:label2\" content=\"Est. reading time\" \/>\n\t<meta name=\"twitter:data2\" content=\"1 minute\" \/>\n<script type=\"application\/ld+json\" class=\"yoast-schema-graph\">{\"@context\":\"https:\/\/schema.org\",\"@graph\":[{\"@type\":\"WebSite\",\"@id\":\"https:\/\/www.visit-ulcinj.com\/blog\/#website\",\"url\":\"https:\/\/www.visit-ulcinj.com\/blog\/\",\"name\":\"Lajme nga Ulqini\",\"description\":\"Lajme,Vijesti,Ulqini,Ulqin,Crna Gora,Mali i Zi\",\"potentialAction\":[{\"@type\":\"SearchAction\",\"target\":{\"@type\":\"EntryPoint\",\"urlTemplate\":\"https:\/\/www.visit-ulcinj.com\/blog\/?s={search_term_string}\"},\"query-input\":\"required name=search_term_string\"}],\"inLanguage\":\"en-US\"},{\"@type\":\"ImageObject\",\"inLanguage\":\"en-US\",\"@id\":\"https:\/\/www.visit-ulcinj.com\/blog\/2008\/06\/05\/prevlaka-s%e2%80%99eshte-problem\/#primaryimage\",\"url\":\"http:\/\/www.bosnewslife.com\/get.php?country_map\/141_prevlaka%20peninsula%20map.JPG\",\"contentUrl\":\"http:\/\/www.bosnewslife.com\/get.php?country_map\/141_prevlaka%20peninsula%20map.JPG\"},{\"@type\":\"WebPage\",\"@id\":\"https:\/\/www.visit-ulcinj.com\/blog\/2008\/06\/05\/prevlaka-s%e2%80%99eshte-problem\/#webpage\",\"url\":\"https:\/\/www.visit-ulcinj.com\/blog\/2008\/06\/05\/prevlaka-s%e2%80%99eshte-problem\/\",\"name\":\"Prevlaka s\u2019\u00ebsht\u00eb problem - Lajme nga Ulqini\",\"isPartOf\":{\"@id\":\"https:\/\/www.visit-ulcinj.com\/blog\/#website\"},\"primaryImageOfPage\":{\"@id\":\"https:\/\/www.visit-ulcinj.com\/blog\/2008\/06\/05\/prevlaka-s%e2%80%99eshte-problem\/#primaryimage\"},\"datePublished\":\"2008-06-05T22:28:55+00:00\",\"dateModified\":\"2008-06-06T15:09:09+00:00\",\"author\":{\"@id\":\"https:\/\/www.visit-ulcinj.com\/blog\/#\/schema\/person\/dcab619c614d3038751c63bc2aadc06d\"},\"breadcrumb\":{\"@id\":\"https:\/\/www.visit-ulcinj.com\/blog\/2008\/06\/05\/prevlaka-s%e2%80%99eshte-problem\/#breadcrumb\"},\"inLanguage\":\"en-US\",\"potentialAction\":[{\"@type\":\"ReadAction\",\"target\":[\"https:\/\/www.visit-ulcinj.com\/blog\/2008\/06\/05\/prevlaka-s%e2%80%99eshte-problem\/\"]}]},{\"@type\":\"BreadcrumbList\",\"@id\":\"https:\/\/www.visit-ulcinj.com\/blog\/2008\/06\/05\/prevlaka-s%e2%80%99eshte-problem\/#breadcrumb\",\"itemListElement\":[{\"@type\":\"ListItem\",\"position\":1,\"name\":\"Prevlaka s\u2019\u00ebsht\u00eb problem\"}]},{\"@type\":\"Person\",\"@id\":\"https:\/\/www.visit-ulcinj.com\/blog\/#\/schema\/person\/dcab619c614d3038751c63bc2aadc06d\",\"name\":\"ulqini\",\"sameAs\":[\"http:\/\/www.visit-ulcinj.com\"],\"url\":\"https:\/\/www.visit-ulcinj.com\/blog\/author\/admin\/\"}]}<\/script>\n<!-- \/ Yoast SEO plugin. -->","yoast_head_json":{"title":"Prevlaka s\u2019\u00ebsht\u00eb problem - Lajme nga Ulqini","robots":{"index":"index","follow":"follow","max-snippet":"max-snippet:-1","max-image-preview":"max-image-preview:large","max-video-preview":"max-video-preview:-1"},"canonical":"https:\/\/www.visit-ulcinj.com\/blog\/2008\/06\/05\/prevlaka-s\u2019eshte-problem\/","og_locale":"en_US","og_type":"article","og_title":"Prevlaka s\u2019\u00ebsht\u00eb problem - Lajme nga Ulqini","og_url":"https:\/\/www.visit-ulcinj.com\/blog\/2008\/06\/05\/prevlaka-s\u2019eshte-problem\/","og_site_name":"Lajme nga Ulqini","article_published_time":"2008-06-05T22:28:55+00:00","article_modified_time":"2008-06-06T15:09:09+00:00","og_image":[{"url":"http:\/\/www.bosnewslife.com\/get.php?country_map\/141_prevlaka%20peninsula%20map.JPG"}],"twitter_misc":{"Written by":"ulqini","Est. reading time":"1 minute"},"schema":{"@context":"https:\/\/schema.org","@graph":[{"@type":"WebSite","@id":"https:\/\/www.visit-ulcinj.com\/blog\/#website","url":"https:\/\/www.visit-ulcinj.com\/blog\/","name":"Lajme nga Ulqini","description":"Lajme,Vijesti,Ulqini,Ulqin,Crna Gora,Mali i Zi","potentialAction":[{"@type":"SearchAction","target":{"@type":"EntryPoint","urlTemplate":"https:\/\/www.visit-ulcinj.com\/blog\/?s={search_term_string}"},"query-input":"required name=search_term_string"}],"inLanguage":"en-US"},{"@type":"ImageObject","inLanguage":"en-US","@id":"https:\/\/www.visit-ulcinj.com\/blog\/2008\/06\/05\/prevlaka-s%e2%80%99eshte-problem\/#primaryimage","url":"http:\/\/www.bosnewslife.com\/get.php?country_map\/141_prevlaka%20peninsula%20map.JPG","contentUrl":"http:\/\/www.bosnewslife.com\/get.php?country_map\/141_prevlaka%20peninsula%20map.JPG"},{"@type":"WebPage","@id":"https:\/\/www.visit-ulcinj.com\/blog\/2008\/06\/05\/prevlaka-s%e2%80%99eshte-problem\/#webpage","url":"https:\/\/www.visit-ulcinj.com\/blog\/2008\/06\/05\/prevlaka-s%e2%80%99eshte-problem\/","name":"Prevlaka s\u2019\u00ebsht\u00eb problem - Lajme nga Ulqini","isPartOf":{"@id":"https:\/\/www.visit-ulcinj.com\/blog\/#website"},"primaryImageOfPage":{"@id":"https:\/\/www.visit-ulcinj.com\/blog\/2008\/06\/05\/prevlaka-s%e2%80%99eshte-problem\/#primaryimage"},"datePublished":"2008-06-05T22:28:55+00:00","dateModified":"2008-06-06T15:09:09+00:00","author":{"@id":"https:\/\/www.visit-ulcinj.com\/blog\/#\/schema\/person\/dcab619c614d3038751c63bc2aadc06d"},"breadcrumb":{"@id":"https:\/\/www.visit-ulcinj.com\/blog\/2008\/06\/05\/prevlaka-s%e2%80%99eshte-problem\/#breadcrumb"},"inLanguage":"en-US","potentialAction":[{"@type":"ReadAction","target":["https:\/\/www.visit-ulcinj.com\/blog\/2008\/06\/05\/prevlaka-s%e2%80%99eshte-problem\/"]}]},{"@type":"BreadcrumbList","@id":"https:\/\/www.visit-ulcinj.com\/blog\/2008\/06\/05\/prevlaka-s%e2%80%99eshte-problem\/#breadcrumb","itemListElement":[{"@type":"ListItem","position":1,"name":"Prevlaka s\u2019\u00ebsht\u00eb problem"}]},{"@type":"Person","@id":"https:\/\/www.visit-ulcinj.com\/blog\/#\/schema\/person\/dcab619c614d3038751c63bc2aadc06d","name":"ulqini","sameAs":["http:\/\/www.visit-ulcinj.com"],"url":"https:\/\/www.visit-ulcinj.com\/blog\/author\/admin\/"}]}},"jetpack_featured_media_url":"","jetpack_sharing_enabled":true,"jetpack_shortlink":"https:\/\/wp.me\/pe6lTn-un","_links":{"self":[{"href":"https:\/\/www.visit-ulcinj.com\/blog\/wp-json\/wp\/v2\/posts\/1883"}],"collection":[{"href":"https:\/\/www.visit-ulcinj.com\/blog\/wp-json\/wp\/v2\/posts"}],"about":[{"href":"https:\/\/www.visit-ulcinj.com\/blog\/wp-json\/wp\/v2\/types\/post"}],"author":[{"embeddable":true,"href":"https:\/\/www.visit-ulcinj.com\/blog\/wp-json\/wp\/v2\/users\/1"}],"replies":[{"embeddable":true,"href":"https:\/\/www.visit-ulcinj.com\/blog\/wp-json\/wp\/v2\/comments?post=1883"}],"version-history":[{"count":0,"href":"https:\/\/www.visit-ulcinj.com\/blog\/wp-json\/wp\/v2\/posts\/1883\/revisions"}],"wp:attachment":[{"href":"https:\/\/www.visit-ulcinj.com\/blog\/wp-json\/wp\/v2\/media?parent=1883"}],"wp:term":[{"taxonomy":"category","embeddable":true,"href":"https:\/\/www.visit-ulcinj.com\/blog\/wp-json\/wp\/v2\/categories?post=1883"},{"taxonomy":"post_tag","embeddable":true,"href":"https:\/\/www.visit-ulcinj.com\/blog\/wp-json\/wp\/v2\/tags?post=1883"}],"curies":[{"name":"wp","href":"https:\/\/api.w.org\/{rel}","templated":true}]}}