{"id":18845,"date":"2009-04-23T20:12:48","date_gmt":"2009-04-23T18:12:48","guid":{"rendered":"http:\/\/www.visit-ulcinj.com\/blog\/?p=18845"},"modified":"2009-04-23T20:12:48","modified_gmt":"2009-04-23T18:12:48","slug":"adelajda-juna-me-ka-marre-inat","status":"publish","type":"post","link":"https:\/\/www.visit-ulcinj.com\/blog\/2009\/04\/23\/adelajda-juna-me-ka-marre-inat\/","title":{"rendered":"Adelajda : Juna m\u00eb ka marr\u00eb inat"},"content":{"rendered":"<p><em><span class=\"newsdate\"><a href=\"http:\/\/www.visit-ulcinj.com\/blog\/wp-content\/uploads\/2009\/04\/moza-per-junen.jpg\"><img loading=\"lazy\" class=\"alignleft size-full wp-image-18847\" title=\"moza-per-junen-big-brother-albania-2\" src=\"http:\/\/www.visit-ulcinj.com\/blog\/wp-content\/uploads\/2009\/04\/moza-per-junen.jpg\" alt=\"moza-per-junen-big-brother-albania-2\" width=\"300\" height=\"205\" \/><\/a>20\/04\/09 17:50<\/span><\/em><\/p>\n<p>Mimoza dhe Adelajda pasi jan\u00eb sqaruar me nj\u00ebra-tjetr\u00ebn p\u00ebr debatin diskutojn\u00eb p\u00ebr rregullimin e krevateve. Mimoza d\u00ebshironte q\u00eb Adelajda, Mimoza , Adi dhe Bjordi t`i kishin krevatet af\u00ebr, por Adelajda nuk kishte pranuar duke ia l\u00ebn\u00eb vendin Junid\u00ebs. Adelajda i thot\u00eb q\u00eb t`ia k\u00ebrkoj\u00eb Mimoza Jun\u00ebs p\u00ebr t\u00eb nd\u00ebrruar krevatet duke qen\u00eb se ka mardh\u00ebnie m\u00eb t\u00eb mira me t\u00eb, por kjo e fundit i thot\u00eb:-\u201c Ajo m\u00eb ka marr\u00eb inat!\u201d Ajo i propozon q\u00eb t`i thon\u00eb Adit. Adelajda i thot\u00eb q\u00eb i vjen inat q\u00eb nuk e nd\u00ebrroi krevatin, pasi ajo kishte menduar q\u00eb arsyeja q\u00eb Mimoza i kishte th\u00ebn\u00eb p\u00ebr ta nd\u00ebrruar ishte q\u00eb ajo t\u00eb flinte pran\u00eb Bjordit, ndaj kishte refuzuar. Adelajda kujton Aid\u00ebn n\u00eb momente nga party me shkum\u00eb. Mimoza i thot\u00eb:-\u201cShum\u00eb e mir\u00eb \u00ebsht\u00eb Aida. Sa m\u00eb ka marr\u00eb malli!\u201d<\/p>\n","protected":false},"excerpt":{"rendered":"<p>20\/04\/09 17:50 Mimoza dhe Adelajda pasi jan\u00eb sqaruar me nj\u00ebra-tjetr\u00ebn p\u00ebr debatin diskutojn\u00eb p\u00ebr rregullimin e krevateve. Mimoza d\u00ebshironte q\u00eb Adelajda, Mimoza , Adi dhe Bjordi t`i kishin krevatet af\u00ebr, por Adelajda nuk kishte pranuar duke ia l\u00ebn\u00eb vendin Junid\u00ebs. Adelajda i thot\u00eb q\u00eb t`ia k\u00ebrkoj\u00eb Mimoza Jun\u00ebs p\u00ebr t\u00eb nd\u00ebrruar krevatet duke qen\u00eb se [&hellip;]<\/p>\n","protected":false},"author":1,"featured_media":0,"comment_status":"open","ping_status":"closed","sticky":false,"template":"","format":"standard","meta":{"spay_email":"","jetpack_publicize_message":"","jetpack_is_tweetstorm":false,"jetpack_publicize_feature_enabled":true},"categories":[6502],"tags":[6529,5057,6506,6516,6712,7129,6522,1442,9011,6544,6891,6693,6887],"jetpack_publicize_connections":[],"yoast_head":"<!-- This site is optimized with the Yoast SEO plugin v19.1 - https:\/\/yoast.com\/wordpress\/plugins\/seo\/ -->\n<title>Adelajda : Juna m\u00c3\u00ab ka marr\u00c3\u00ab inat | Big Brother Albania 2<\/title>\n<meta name=\"description\" content=\"Big Brother Albania 2 - Mimoza dhe Adelajda pasi jan\u00c3\u00ab sqaruar me nj\u00c3\u00abra-tjetr\u00c3\u00abn p\u00c3\u00abr debatin diskutojn\u00c3\u00ab p\u00c3\u00abr rregullimin e krevateve. Mimoza d\u00c3\u00abshironte q\u00c3\u00ab Adelajda, Mimoza , Adi dhe Bjordi t`i kishin krevatet af\u00c3\u00abr.\" \/>\n<meta name=\"robots\" content=\"index, follow, max-snippet:-1, max-image-preview:large, max-video-preview:-1\" \/>\n<link rel=\"canonical\" href=\"https:\/\/www.visit-ulcinj.com\/blog\/2009\/04\/23\/adelajda-juna-me-ka-marre-inat\/\" \/>\n<meta property=\"og:locale\" content=\"en_US\" \/>\n<meta property=\"og:type\" content=\"article\" \/>\n<meta property=\"og:title\" content=\"Adelajda : Juna m\u00c3\u00ab ka marr\u00c3\u00ab inat | Big Brother Albania 2\" \/>\n<meta property=\"og:description\" content=\"Big Brother Albania 2 - Mimoza dhe Adelajda pasi jan\u00c3\u00ab sqaruar me nj\u00c3\u00abra-tjetr\u00c3\u00abn p\u00c3\u00abr debatin diskutojn\u00c3\u00ab p\u00c3\u00abr rregullimin e krevateve. Mimoza d\u00c3\u00abshironte q\u00c3\u00ab Adelajda, Mimoza , Adi dhe Bjordi t`i kishin krevatet af\u00c3\u00abr.\" \/>\n<meta property=\"og:url\" content=\"https:\/\/www.visit-ulcinj.com\/blog\/2009\/04\/23\/adelajda-juna-me-ka-marre-inat\/\" \/>\n<meta property=\"og:site_name\" content=\"Lajme nga Ulqini\" \/>\n<meta property=\"article:published_time\" content=\"2009-04-23T18:12:48+00:00\" \/>\n<meta property=\"og:image\" content=\"http:\/\/www.visit-ulcinj.com\/blog\/wp-content\/uploads\/2009\/04\/moza-per-junen.jpg\" \/>\n<meta name=\"twitter:label1\" content=\"Written by\" \/>\n\t<meta name=\"twitter:data1\" content=\"ulqini\" \/>\n\t<meta name=\"twitter:label2\" content=\"Est. reading time\" \/>\n\t<meta name=\"twitter:data2\" content=\"1 minute\" \/>\n<script type=\"application\/ld+json\" class=\"yoast-schema-graph\">{\"@context\":\"https:\/\/schema.org\",\"@graph\":[{\"@type\":\"WebSite\",\"@id\":\"https:\/\/www.visit-ulcinj.com\/blog\/#website\",\"url\":\"https:\/\/www.visit-ulcinj.com\/blog\/\",\"name\":\"Lajme nga Ulqini\",\"description\":\"Lajme,Vijesti,Ulqini,Ulqin,Crna Gora,Mali i Zi\",\"potentialAction\":[{\"@type\":\"SearchAction\",\"target\":{\"@type\":\"EntryPoint\",\"urlTemplate\":\"https:\/\/www.visit-ulcinj.com\/blog\/?s={search_term_string}\"},\"query-input\":\"required name=search_term_string\"}],\"inLanguage\":\"en-US\"},{\"@type\":\"ImageObject\",\"inLanguage\":\"en-US\",\"@id\":\"https:\/\/www.visit-ulcinj.com\/blog\/2009\/04\/23\/adelajda-juna-me-ka-marre-inat\/#primaryimage\",\"url\":\"http:\/\/www.visit-ulcinj.com\/blog\/wp-content\/uploads\/2009\/04\/moza-per-junen.jpg\",\"contentUrl\":\"http:\/\/www.visit-ulcinj.com\/blog\/wp-content\/uploads\/2009\/04\/moza-per-junen.jpg\"},{\"@type\":\"WebPage\",\"@id\":\"https:\/\/www.visit-ulcinj.com\/blog\/2009\/04\/23\/adelajda-juna-me-ka-marre-inat\/#webpage\",\"url\":\"https:\/\/www.visit-ulcinj.com\/blog\/2009\/04\/23\/adelajda-juna-me-ka-marre-inat\/\",\"name\":\"Adelajda : Juna m\u00c3\u00ab ka marr\u00c3\u00ab inat | Big Brother Albania 2\",\"isPartOf\":{\"@id\":\"https:\/\/www.visit-ulcinj.com\/blog\/#website\"},\"primaryImageOfPage\":{\"@id\":\"https:\/\/www.visit-ulcinj.com\/blog\/2009\/04\/23\/adelajda-juna-me-ka-marre-inat\/#primaryimage\"},\"datePublished\":\"2009-04-23T18:12:48+00:00\",\"dateModified\":\"2009-04-23T18:12:48+00:00\",\"author\":{\"@id\":\"https:\/\/www.visit-ulcinj.com\/blog\/#\/schema\/person\/dcab619c614d3038751c63bc2aadc06d\"},\"description\":\"Big Brother Albania 2 - Mimoza dhe Adelajda pasi jan\u00c3\u00ab sqaruar me nj\u00c3\u00abra-tjetr\u00c3\u00abn p\u00c3\u00abr debatin diskutojn\u00c3\u00ab p\u00c3\u00abr rregullimin e krevateve. Mimoza d\u00c3\u00abshironte q\u00c3\u00ab Adelajda, Mimoza , Adi dhe Bjordi t`i kishin krevatet af\u00c3\u00abr.\",\"breadcrumb\":{\"@id\":\"https:\/\/www.visit-ulcinj.com\/blog\/2009\/04\/23\/adelajda-juna-me-ka-marre-inat\/#breadcrumb\"},\"inLanguage\":\"en-US\",\"potentialAction\":[{\"@type\":\"ReadAction\",\"target\":[\"https:\/\/www.visit-ulcinj.com\/blog\/2009\/04\/23\/adelajda-juna-me-ka-marre-inat\/\"]}]},{\"@type\":\"BreadcrumbList\",\"@id\":\"https:\/\/www.visit-ulcinj.com\/blog\/2009\/04\/23\/adelajda-juna-me-ka-marre-inat\/#breadcrumb\",\"itemListElement\":[{\"@type\":\"ListItem\",\"position\":1,\"name\":\"Adelajda : Juna m\u00eb ka marr\u00eb inat\"}]},{\"@type\":\"Person\",\"@id\":\"https:\/\/www.visit-ulcinj.com\/blog\/#\/schema\/person\/dcab619c614d3038751c63bc2aadc06d\",\"name\":\"ulqini\",\"sameAs\":[\"http:\/\/www.visit-ulcinj.com\"],\"url\":\"https:\/\/www.visit-ulcinj.com\/blog\/author\/admin\/\"}]}<\/script>\n<!-- \/ Yoast SEO plugin. -->","yoast_head_json":{"title":"Adelajda : Juna m\u00c3\u00ab ka marr\u00c3\u00ab inat | Big Brother Albania 2","description":"Big Brother Albania 2 - Mimoza dhe Adelajda pasi jan\u00c3\u00ab sqaruar me nj\u00c3\u00abra-tjetr\u00c3\u00abn p\u00c3\u00abr debatin diskutojn\u00c3\u00ab p\u00c3\u00abr rregullimin e krevateve. Mimoza d\u00c3\u00abshironte q\u00c3\u00ab Adelajda, Mimoza , Adi dhe Bjordi t`i kishin krevatet af\u00c3\u00abr.","robots":{"index":"index","follow":"follow","max-snippet":"max-snippet:-1","max-image-preview":"max-image-preview:large","max-video-preview":"max-video-preview:-1"},"canonical":"https:\/\/www.visit-ulcinj.com\/blog\/2009\/04\/23\/adelajda-juna-me-ka-marre-inat\/","og_locale":"en_US","og_type":"article","og_title":"Adelajda : Juna m\u00c3\u00ab ka marr\u00c3\u00ab inat | Big Brother Albania 2","og_description":"Big Brother Albania 2 - Mimoza dhe Adelajda pasi jan\u00c3\u00ab sqaruar me nj\u00c3\u00abra-tjetr\u00c3\u00abn p\u00c3\u00abr debatin diskutojn\u00c3\u00ab p\u00c3\u00abr rregullimin e krevateve. Mimoza d\u00c3\u00abshironte q\u00c3\u00ab Adelajda, Mimoza , Adi dhe Bjordi t`i kishin krevatet af\u00c3\u00abr.","og_url":"https:\/\/www.visit-ulcinj.com\/blog\/2009\/04\/23\/adelajda-juna-me-ka-marre-inat\/","og_site_name":"Lajme nga Ulqini","article_published_time":"2009-04-23T18:12:48+00:00","og_image":[{"url":"http:\/\/www.visit-ulcinj.com\/blog\/wp-content\/uploads\/2009\/04\/moza-per-junen.jpg"}],"twitter_misc":{"Written by":"ulqini","Est. reading time":"1 minute"},"schema":{"@context":"https:\/\/schema.org","@graph":[{"@type":"WebSite","@id":"https:\/\/www.visit-ulcinj.com\/blog\/#website","url":"https:\/\/www.visit-ulcinj.com\/blog\/","name":"Lajme nga Ulqini","description":"Lajme,Vijesti,Ulqini,Ulqin,Crna Gora,Mali i Zi","potentialAction":[{"@type":"SearchAction","target":{"@type":"EntryPoint","urlTemplate":"https:\/\/www.visit-ulcinj.com\/blog\/?s={search_term_string}"},"query-input":"required name=search_term_string"}],"inLanguage":"en-US"},{"@type":"ImageObject","inLanguage":"en-US","@id":"https:\/\/www.visit-ulcinj.com\/blog\/2009\/04\/23\/adelajda-juna-me-ka-marre-inat\/#primaryimage","url":"http:\/\/www.visit-ulcinj.com\/blog\/wp-content\/uploads\/2009\/04\/moza-per-junen.jpg","contentUrl":"http:\/\/www.visit-ulcinj.com\/blog\/wp-content\/uploads\/2009\/04\/moza-per-junen.jpg"},{"@type":"WebPage","@id":"https:\/\/www.visit-ulcinj.com\/blog\/2009\/04\/23\/adelajda-juna-me-ka-marre-inat\/#webpage","url":"https:\/\/www.visit-ulcinj.com\/blog\/2009\/04\/23\/adelajda-juna-me-ka-marre-inat\/","name":"Adelajda : Juna m\u00c3\u00ab ka marr\u00c3\u00ab inat | Big Brother Albania 2","isPartOf":{"@id":"https:\/\/www.visit-ulcinj.com\/blog\/#website"},"primaryImageOfPage":{"@id":"https:\/\/www.visit-ulcinj.com\/blog\/2009\/04\/23\/adelajda-juna-me-ka-marre-inat\/#primaryimage"},"datePublished":"2009-04-23T18:12:48+00:00","dateModified":"2009-04-23T18:12:48+00:00","author":{"@id":"https:\/\/www.visit-ulcinj.com\/blog\/#\/schema\/person\/dcab619c614d3038751c63bc2aadc06d"},"description":"Big Brother Albania 2 - Mimoza dhe Adelajda pasi jan\u00c3\u00ab sqaruar me nj\u00c3\u00abra-tjetr\u00c3\u00abn p\u00c3\u00abr debatin diskutojn\u00c3\u00ab p\u00c3\u00abr rregullimin e krevateve. Mimoza d\u00c3\u00abshironte q\u00c3\u00ab Adelajda, Mimoza , Adi dhe Bjordi t`i kishin krevatet af\u00c3\u00abr.","breadcrumb":{"@id":"https:\/\/www.visit-ulcinj.com\/blog\/2009\/04\/23\/adelajda-juna-me-ka-marre-inat\/#breadcrumb"},"inLanguage":"en-US","potentialAction":[{"@type":"ReadAction","target":["https:\/\/www.visit-ulcinj.com\/blog\/2009\/04\/23\/adelajda-juna-me-ka-marre-inat\/"]}]},{"@type":"BreadcrumbList","@id":"https:\/\/www.visit-ulcinj.com\/blog\/2009\/04\/23\/adelajda-juna-me-ka-marre-inat\/#breadcrumb","itemListElement":[{"@type":"ListItem","position":1,"name":"Adelajda : Juna m\u00eb ka marr\u00eb inat"}]},{"@type":"Person","@id":"https:\/\/www.visit-ulcinj.com\/blog\/#\/schema\/person\/dcab619c614d3038751c63bc2aadc06d","name":"ulqini","sameAs":["http:\/\/www.visit-ulcinj.com"],"url":"https:\/\/www.visit-ulcinj.com\/blog\/author\/admin\/"}]}},"jetpack_featured_media_url":"","jetpack_sharing_enabled":true,"jetpack_shortlink":"https:\/\/wp.me\/pe6lTn-4TX","_links":{"self":[{"href":"https:\/\/www.visit-ulcinj.com\/blog\/wp-json\/wp\/v2\/posts\/18845"}],"collection":[{"href":"https:\/\/www.visit-ulcinj.com\/blog\/wp-json\/wp\/v2\/posts"}],"about":[{"href":"https:\/\/www.visit-ulcinj.com\/blog\/wp-json\/wp\/v2\/types\/post"}],"author":[{"embeddable":true,"href":"https:\/\/www.visit-ulcinj.com\/blog\/wp-json\/wp\/v2\/users\/1"}],"replies":[{"embeddable":true,"href":"https:\/\/www.visit-ulcinj.com\/blog\/wp-json\/wp\/v2\/comments?post=18845"}],"version-history":[{"count":0,"href":"https:\/\/www.visit-ulcinj.com\/blog\/wp-json\/wp\/v2\/posts\/18845\/revisions"}],"wp:attachment":[{"href":"https:\/\/www.visit-ulcinj.com\/blog\/wp-json\/wp\/v2\/media?parent=18845"}],"wp:term":[{"taxonomy":"category","embeddable":true,"href":"https:\/\/www.visit-ulcinj.com\/blog\/wp-json\/wp\/v2\/categories?post=18845"},{"taxonomy":"post_tag","embeddable":true,"href":"https:\/\/www.visit-ulcinj.com\/blog\/wp-json\/wp\/v2\/tags?post=18845"}],"curies":[{"name":"wp","href":"https:\/\/api.w.org\/{rel}","templated":true}]}}