{"id":18850,"date":"2009-04-23T20:15:02","date_gmt":"2009-04-23T18:15:02","guid":{"rendered":"http:\/\/www.visit-ulcinj.com\/blog\/?p=18850"},"modified":"2009-04-23T20:15:02","modified_gmt":"2009-04-23T18:15:02","slug":"adela-te-gjithe-kapen-me-adelen","status":"publish","type":"post","link":"https:\/\/www.visit-ulcinj.com\/blog\/2009\/04\/23\/adela-te-gjithe-kapen-me-adelen\/","title":{"rendered":"Adela: T\u00eb gjith\u00eb kapen me Adel\u00ebn!"},"content":{"rendered":"<p><em><span class=\"newsdate\"><a href=\"http:\/\/www.visit-ulcinj.com\/blog\/wp-content\/uploads\/2009\/04\/adela-debat-arjon.jpg\"><img loading=\"lazy\" class=\"alignleft size-full wp-image-18851\" title=\"adela-debat-arjon-big-brother-albania-2\" src=\"http:\/\/www.visit-ulcinj.com\/blog\/wp-content\/uploads\/2009\/04\/adela-debat-arjon.jpg\" alt=\"adela-debat-arjon-big-brother-albania-2\" width=\"300\" height=\"205\" \/><\/a>20\/04\/09 20:59<\/span><\/em><\/p>\n<p>Arjoni ka marr\u00eb shkas nga tema p\u00ebr fen\u00eb p\u00ebr t\u00eb ngacmuar Adelajd\u00ebn me pyetje. K\u00ebt\u00eb gj\u00eb ajo e kupton dhe thot\u00eb:-\u201cT\u00eb rinjt\u00eb q\u00eb vin\u00eb n\u00eb sht\u00ebpi, ata q\u00eb jan\u00eb n\u00eb nominim dhe ata q\u00eb kan\u00eb d\u00ebshir\u00eb p\u00ebr t\u00eb b\u00ebr\u00eb biseda kapen me Adel\u00ebn!\u201d Arjoni k\u00ebrkon t\u00eb sqarohet p\u00ebr k\u00ebt\u00eb gj\u00eb duke th\u00ebn\u00eb q\u00eb ai nuk d\u00ebshironte t\u00eb \u2018kapej\u2019 me t\u00eb , por thjesht e \u2018ngacmoi\u2019 dhe nuk e b\u00ebri k\u00ebt\u00eb p\u00ebr faktin q\u00eb \u00ebsht\u00eb n\u00eb nominim. Adelada vazhdon n\u00eb iden\u00eb e saj duke th\u00ebn\u00eb q\u00eb Arjoni e ngacmon sa her\u00eb q\u00eb \u00ebsht\u00eb ai n\u00eb nominim. Qetsori nd\u00ebrhyn duke pyetur:-\u201cPo un\u00eb q\u00eb jam gjith\u00eb koh\u00ebs n\u00eb nominim s`duhet t\u00eb flas se duket sikur b\u00ebj loj\u00ebn , nd\u00ebrsa ata q\u00eb nuk jan\u00eb t\u00eb nomuar duhet t\u00eb rrin\u00eb t\u00eb fshehur?\u201d Sipas Adelajd\u00ebs nj\u00eb person q\u00eb sillet n\u00eb nj\u00eb form\u00eb gjat\u00eb gjith\u00eb koh\u00ebs nuk b\u00ebn p\u00ebrshtypje, por n\u00eb rastin e Arjonit ai q\u00ebndron n\u00eb qet\u00ebsi dhe ndryshon sjelljen kur \u00ebsht\u00eb n\u00eb nominim. Arjoni, dhe Qetsori diskutojn\u00eb me Bjordin p\u00ebr loj\u00ebn e tij brenda n\u00eb sht\u00ebpi. Qetsori e kalon bised\u00ebn tek Mimoza duke i k\u00ebrkuar nj\u00eb mendim p\u00ebr debatin q\u00eb po b\u00ebnin, dhe shton:-\u201cTi Moza gabove tek biseda q\u00eb b\u00ebm\u00eb at\u00eb nat\u00eb ku the kam puthur , nd\u00ebrsa ne na kishe th\u00ebn\u00eb q\u00eb jo!\u201d Mimoza i thot\u00eb q\u00eb nuk ka d\u00ebshir\u00eb t\u00eb flas\u00eb p\u00ebr gj\u00ebrat e saj personale. Qetsori p\u00ebrfshin dhe Eltonin n\u00eb diskutim duke e pyetur p\u00ebr loj\u00ebn e tij. Eltoni i thot\u00eb q\u00eb ka ardhur p\u00ebr t\u00eb treguar veten, dhe shton q\u00eb ai nuk ndryshon nga Eltoni q\u00eb \u00ebsht\u00eb jasht\u00eb.<\/p>\n","protected":false},"excerpt":{"rendered":"<p>20\/04\/09 20:59 Arjoni ka marr\u00eb shkas nga tema p\u00ebr fen\u00eb p\u00ebr t\u00eb ngacmuar Adelajd\u00ebn me pyetje. K\u00ebt\u00eb gj\u00eb ajo e kupton dhe thot\u00eb:-\u201cT\u00eb rinjt\u00eb q\u00eb vin\u00eb n\u00eb sht\u00ebpi, ata q\u00eb jan\u00eb n\u00eb nominim dhe ata q\u00eb kan\u00eb d\u00ebshir\u00eb p\u00ebr t\u00eb b\u00ebr\u00eb biseda kapen me Adel\u00ebn!\u201d Arjoni k\u00ebrkon t\u00eb sqarohet p\u00ebr k\u00ebt\u00eb gj\u00eb duke th\u00ebn\u00eb q\u00eb [&hellip;]<\/p>\n","protected":false},"author":1,"featured_media":0,"comment_status":"open","ping_status":"closed","sticky":false,"template":"","format":"standard","meta":{"spay_email":"","jetpack_publicize_message":"","jetpack_is_tweetstorm":false,"jetpack_publicize_feature_enabled":true},"categories":[6502],"tags":[6736,6529,6525,5057,6506,6516,6712,7129,6522,1442,6891,6693,6887],"jetpack_publicize_connections":[],"yoast_head":"<!-- This site is optimized with the Yoast SEO plugin v19.1 - https:\/\/yoast.com\/wordpress\/plugins\/seo\/ -->\n<title>Adela: T\u00c3\u00ab gjith\u00c3\u00ab kapen me Adel\u00c3\u00abn! | Big Brother Albania 2<\/title>\n<meta name=\"description\" content=\"Big Brother Albania 2 - Arjoni ka marr\u00c3\u00ab shkas nga tema p\u00c3\u00abr fen\u00c3\u00ab p\u00c3\u00abr t\u00c3\u00ab ngacmuar Adelajd\u00c3\u00abn me pyetje. K\u00c3\u00abt\u00c3\u00ab gj\u00c3\u00ab ajo e kupton dhe thot\u00c3\u00ab:-\u00e2\u20ac\u0153T\u00c3\u00ab rinjt\u00c3\u00ab q\u00c3\u00ab vin\u00c3\u00ab n\u00c3\u00ab sht\u00c3\u00abpi\" \/>\n<meta name=\"robots\" content=\"index, follow, max-snippet:-1, max-image-preview:large, max-video-preview:-1\" \/>\n<link rel=\"canonical\" href=\"https:\/\/www.visit-ulcinj.com\/blog\/2009\/04\/23\/adela-te-gjithe-kapen-me-adelen\/\" \/>\n<meta property=\"og:locale\" content=\"en_US\" \/>\n<meta property=\"og:type\" content=\"article\" \/>\n<meta property=\"og:title\" content=\"Adela: T\u00c3\u00ab gjith\u00c3\u00ab kapen me Adel\u00c3\u00abn! | Big Brother Albania 2\" \/>\n<meta property=\"og:description\" content=\"Big Brother Albania 2 - Arjoni ka marr\u00c3\u00ab shkas nga tema p\u00c3\u00abr fen\u00c3\u00ab p\u00c3\u00abr t\u00c3\u00ab ngacmuar Adelajd\u00c3\u00abn me pyetje. K\u00c3\u00abt\u00c3\u00ab gj\u00c3\u00ab ajo e kupton dhe thot\u00c3\u00ab:-\u00e2\u20ac\u0153T\u00c3\u00ab rinjt\u00c3\u00ab q\u00c3\u00ab vin\u00c3\u00ab n\u00c3\u00ab sht\u00c3\u00abpi\" \/>\n<meta property=\"og:url\" content=\"https:\/\/www.visit-ulcinj.com\/blog\/2009\/04\/23\/adela-te-gjithe-kapen-me-adelen\/\" \/>\n<meta property=\"og:site_name\" content=\"Lajme nga Ulqini\" \/>\n<meta property=\"article:published_time\" content=\"2009-04-23T18:15:02+00:00\" \/>\n<meta property=\"og:image\" content=\"http:\/\/www.visit-ulcinj.com\/blog\/wp-content\/uploads\/2009\/04\/adela-debat-arjon.jpg\" \/>\n<meta name=\"twitter:label1\" content=\"Written by\" \/>\n\t<meta name=\"twitter:data1\" content=\"ulqini\" \/>\n\t<meta name=\"twitter:label2\" content=\"Est. reading time\" \/>\n\t<meta name=\"twitter:data2\" content=\"2 minutes\" \/>\n<script type=\"application\/ld+json\" class=\"yoast-schema-graph\">{\"@context\":\"https:\/\/schema.org\",\"@graph\":[{\"@type\":\"WebSite\",\"@id\":\"https:\/\/www.visit-ulcinj.com\/blog\/#website\",\"url\":\"https:\/\/www.visit-ulcinj.com\/blog\/\",\"name\":\"Lajme nga Ulqini\",\"description\":\"Lajme,Vijesti,Ulqini,Ulqin,Crna Gora,Mali i Zi\",\"potentialAction\":[{\"@type\":\"SearchAction\",\"target\":{\"@type\":\"EntryPoint\",\"urlTemplate\":\"https:\/\/www.visit-ulcinj.com\/blog\/?s={search_term_string}\"},\"query-input\":\"required name=search_term_string\"}],\"inLanguage\":\"en-US\"},{\"@type\":\"ImageObject\",\"inLanguage\":\"en-US\",\"@id\":\"https:\/\/www.visit-ulcinj.com\/blog\/2009\/04\/23\/adela-te-gjithe-kapen-me-adelen\/#primaryimage\",\"url\":\"http:\/\/www.visit-ulcinj.com\/blog\/wp-content\/uploads\/2009\/04\/adela-debat-arjon.jpg\",\"contentUrl\":\"http:\/\/www.visit-ulcinj.com\/blog\/wp-content\/uploads\/2009\/04\/adela-debat-arjon.jpg\"},{\"@type\":\"WebPage\",\"@id\":\"https:\/\/www.visit-ulcinj.com\/blog\/2009\/04\/23\/adela-te-gjithe-kapen-me-adelen\/#webpage\",\"url\":\"https:\/\/www.visit-ulcinj.com\/blog\/2009\/04\/23\/adela-te-gjithe-kapen-me-adelen\/\",\"name\":\"Adela: T\u00c3\u00ab gjith\u00c3\u00ab kapen me Adel\u00c3\u00abn! | Big Brother Albania 2\",\"isPartOf\":{\"@id\":\"https:\/\/www.visit-ulcinj.com\/blog\/#website\"},\"primaryImageOfPage\":{\"@id\":\"https:\/\/www.visit-ulcinj.com\/blog\/2009\/04\/23\/adela-te-gjithe-kapen-me-adelen\/#primaryimage\"},\"datePublished\":\"2009-04-23T18:15:02+00:00\",\"dateModified\":\"2009-04-23T18:15:02+00:00\",\"author\":{\"@id\":\"https:\/\/www.visit-ulcinj.com\/blog\/#\/schema\/person\/dcab619c614d3038751c63bc2aadc06d\"},\"description\":\"Big Brother Albania 2 - Arjoni ka marr\u00c3\u00ab shkas nga tema p\u00c3\u00abr fen\u00c3\u00ab p\u00c3\u00abr t\u00c3\u00ab ngacmuar Adelajd\u00c3\u00abn me pyetje. K\u00c3\u00abt\u00c3\u00ab gj\u00c3\u00ab ajo e kupton dhe thot\u00c3\u00ab:-\u00e2\u20ac\u0153T\u00c3\u00ab rinjt\u00c3\u00ab q\u00c3\u00ab vin\u00c3\u00ab n\u00c3\u00ab sht\u00c3\u00abpi\",\"breadcrumb\":{\"@id\":\"https:\/\/www.visit-ulcinj.com\/blog\/2009\/04\/23\/adela-te-gjithe-kapen-me-adelen\/#breadcrumb\"},\"inLanguage\":\"en-US\",\"potentialAction\":[{\"@type\":\"ReadAction\",\"target\":[\"https:\/\/www.visit-ulcinj.com\/blog\/2009\/04\/23\/adela-te-gjithe-kapen-me-adelen\/\"]}]},{\"@type\":\"BreadcrumbList\",\"@id\":\"https:\/\/www.visit-ulcinj.com\/blog\/2009\/04\/23\/adela-te-gjithe-kapen-me-adelen\/#breadcrumb\",\"itemListElement\":[{\"@type\":\"ListItem\",\"position\":1,\"name\":\"Adela: T\u00eb gjith\u00eb kapen me Adel\u00ebn!\"}]},{\"@type\":\"Person\",\"@id\":\"https:\/\/www.visit-ulcinj.com\/blog\/#\/schema\/person\/dcab619c614d3038751c63bc2aadc06d\",\"name\":\"ulqini\",\"sameAs\":[\"http:\/\/www.visit-ulcinj.com\"],\"url\":\"https:\/\/www.visit-ulcinj.com\/blog\/author\/admin\/\"}]}<\/script>\n<!-- \/ Yoast SEO plugin. -->","yoast_head_json":{"title":"Adela: T\u00c3\u00ab gjith\u00c3\u00ab kapen me Adel\u00c3\u00abn! | Big Brother Albania 2","description":"Big Brother Albania 2 - Arjoni ka marr\u00c3\u00ab shkas nga tema p\u00c3\u00abr fen\u00c3\u00ab p\u00c3\u00abr t\u00c3\u00ab ngacmuar Adelajd\u00c3\u00abn me pyetje. K\u00c3\u00abt\u00c3\u00ab gj\u00c3\u00ab ajo e kupton dhe thot\u00c3\u00ab:-\u00e2\u20ac\u0153T\u00c3\u00ab rinjt\u00c3\u00ab q\u00c3\u00ab vin\u00c3\u00ab n\u00c3\u00ab sht\u00c3\u00abpi","robots":{"index":"index","follow":"follow","max-snippet":"max-snippet:-1","max-image-preview":"max-image-preview:large","max-video-preview":"max-video-preview:-1"},"canonical":"https:\/\/www.visit-ulcinj.com\/blog\/2009\/04\/23\/adela-te-gjithe-kapen-me-adelen\/","og_locale":"en_US","og_type":"article","og_title":"Adela: T\u00c3\u00ab gjith\u00c3\u00ab kapen me Adel\u00c3\u00abn! | Big Brother Albania 2","og_description":"Big Brother Albania 2 - Arjoni ka marr\u00c3\u00ab shkas nga tema p\u00c3\u00abr fen\u00c3\u00ab p\u00c3\u00abr t\u00c3\u00ab ngacmuar Adelajd\u00c3\u00abn me pyetje. K\u00c3\u00abt\u00c3\u00ab gj\u00c3\u00ab ajo e kupton dhe thot\u00c3\u00ab:-\u00e2\u20ac\u0153T\u00c3\u00ab rinjt\u00c3\u00ab q\u00c3\u00ab vin\u00c3\u00ab n\u00c3\u00ab sht\u00c3\u00abpi","og_url":"https:\/\/www.visit-ulcinj.com\/blog\/2009\/04\/23\/adela-te-gjithe-kapen-me-adelen\/","og_site_name":"Lajme nga Ulqini","article_published_time":"2009-04-23T18:15:02+00:00","og_image":[{"url":"http:\/\/www.visit-ulcinj.com\/blog\/wp-content\/uploads\/2009\/04\/adela-debat-arjon.jpg"}],"twitter_misc":{"Written by":"ulqini","Est. reading time":"2 minutes"},"schema":{"@context":"https:\/\/schema.org","@graph":[{"@type":"WebSite","@id":"https:\/\/www.visit-ulcinj.com\/blog\/#website","url":"https:\/\/www.visit-ulcinj.com\/blog\/","name":"Lajme nga Ulqini","description":"Lajme,Vijesti,Ulqini,Ulqin,Crna Gora,Mali i Zi","potentialAction":[{"@type":"SearchAction","target":{"@type":"EntryPoint","urlTemplate":"https:\/\/www.visit-ulcinj.com\/blog\/?s={search_term_string}"},"query-input":"required name=search_term_string"}],"inLanguage":"en-US"},{"@type":"ImageObject","inLanguage":"en-US","@id":"https:\/\/www.visit-ulcinj.com\/blog\/2009\/04\/23\/adela-te-gjithe-kapen-me-adelen\/#primaryimage","url":"http:\/\/www.visit-ulcinj.com\/blog\/wp-content\/uploads\/2009\/04\/adela-debat-arjon.jpg","contentUrl":"http:\/\/www.visit-ulcinj.com\/blog\/wp-content\/uploads\/2009\/04\/adela-debat-arjon.jpg"},{"@type":"WebPage","@id":"https:\/\/www.visit-ulcinj.com\/blog\/2009\/04\/23\/adela-te-gjithe-kapen-me-adelen\/#webpage","url":"https:\/\/www.visit-ulcinj.com\/blog\/2009\/04\/23\/adela-te-gjithe-kapen-me-adelen\/","name":"Adela: T\u00c3\u00ab gjith\u00c3\u00ab kapen me Adel\u00c3\u00abn! | Big Brother Albania 2","isPartOf":{"@id":"https:\/\/www.visit-ulcinj.com\/blog\/#website"},"primaryImageOfPage":{"@id":"https:\/\/www.visit-ulcinj.com\/blog\/2009\/04\/23\/adela-te-gjithe-kapen-me-adelen\/#primaryimage"},"datePublished":"2009-04-23T18:15:02+00:00","dateModified":"2009-04-23T18:15:02+00:00","author":{"@id":"https:\/\/www.visit-ulcinj.com\/blog\/#\/schema\/person\/dcab619c614d3038751c63bc2aadc06d"},"description":"Big Brother Albania 2 - Arjoni ka marr\u00c3\u00ab shkas nga tema p\u00c3\u00abr fen\u00c3\u00ab p\u00c3\u00abr t\u00c3\u00ab ngacmuar Adelajd\u00c3\u00abn me pyetje. K\u00c3\u00abt\u00c3\u00ab gj\u00c3\u00ab ajo e kupton dhe thot\u00c3\u00ab:-\u00e2\u20ac\u0153T\u00c3\u00ab rinjt\u00c3\u00ab q\u00c3\u00ab vin\u00c3\u00ab n\u00c3\u00ab sht\u00c3\u00abpi","breadcrumb":{"@id":"https:\/\/www.visit-ulcinj.com\/blog\/2009\/04\/23\/adela-te-gjithe-kapen-me-adelen\/#breadcrumb"},"inLanguage":"en-US","potentialAction":[{"@type":"ReadAction","target":["https:\/\/www.visit-ulcinj.com\/blog\/2009\/04\/23\/adela-te-gjithe-kapen-me-adelen\/"]}]},{"@type":"BreadcrumbList","@id":"https:\/\/www.visit-ulcinj.com\/blog\/2009\/04\/23\/adela-te-gjithe-kapen-me-adelen\/#breadcrumb","itemListElement":[{"@type":"ListItem","position":1,"name":"Adela: T\u00eb gjith\u00eb kapen me Adel\u00ebn!"}]},{"@type":"Person","@id":"https:\/\/www.visit-ulcinj.com\/blog\/#\/schema\/person\/dcab619c614d3038751c63bc2aadc06d","name":"ulqini","sameAs":["http:\/\/www.visit-ulcinj.com"],"url":"https:\/\/www.visit-ulcinj.com\/blog\/author\/admin\/"}]}},"jetpack_featured_media_url":"","jetpack_sharing_enabled":true,"jetpack_shortlink":"https:\/\/wp.me\/pe6lTn-4U2","_links":{"self":[{"href":"https:\/\/www.visit-ulcinj.com\/blog\/wp-json\/wp\/v2\/posts\/18850"}],"collection":[{"href":"https:\/\/www.visit-ulcinj.com\/blog\/wp-json\/wp\/v2\/posts"}],"about":[{"href":"https:\/\/www.visit-ulcinj.com\/blog\/wp-json\/wp\/v2\/types\/post"}],"author":[{"embeddable":true,"href":"https:\/\/www.visit-ulcinj.com\/blog\/wp-json\/wp\/v2\/users\/1"}],"replies":[{"embeddable":true,"href":"https:\/\/www.visit-ulcinj.com\/blog\/wp-json\/wp\/v2\/comments?post=18850"}],"version-history":[{"count":0,"href":"https:\/\/www.visit-ulcinj.com\/blog\/wp-json\/wp\/v2\/posts\/18850\/revisions"}],"wp:attachment":[{"href":"https:\/\/www.visit-ulcinj.com\/blog\/wp-json\/wp\/v2\/media?parent=18850"}],"wp:term":[{"taxonomy":"category","embeddable":true,"href":"https:\/\/www.visit-ulcinj.com\/blog\/wp-json\/wp\/v2\/categories?post=18850"},{"taxonomy":"post_tag","embeddable":true,"href":"https:\/\/www.visit-ulcinj.com\/blog\/wp-json\/wp\/v2\/tags?post=18850"}],"curies":[{"name":"wp","href":"https:\/\/api.w.org\/{rel}","templated":true}]}}