{"id":18854,"date":"2009-04-23T20:17:23","date_gmt":"2009-04-23T18:17:23","guid":{"rendered":"http:\/\/www.visit-ulcinj.com\/blog\/?p=18854"},"modified":"2009-04-23T20:17:23","modified_gmt":"2009-04-23T18:17:23","slug":"adelajda-do-ta-publikoj-nje-kenge","status":"publish","type":"post","link":"https:\/\/www.visit-ulcinj.com\/blog\/2009\/04\/23\/adelajda-do-ta-publikoj-nje-kenge\/","title":{"rendered":"Adelajda : Do ta publikoj nj\u00eb k\u00ebng\u00eb"},"content":{"rendered":"<p><em><span class=\"newsdate\"><a href=\"http:\/\/www.visit-ulcinj.com\/blog\/wp-content\/uploads\/2009\/04\/adela-kengetare.jpg\"><img loading=\"lazy\" class=\"alignleft size-full wp-image-18855\" title=\"adela-kengetare-big-brother-albania-2\" src=\"http:\/\/www.visit-ulcinj.com\/blog\/wp-content\/uploads\/2009\/04\/adela-kengetare.jpg\" alt=\"adela-kengetare-big-brother-albania-2\" width=\"300\" height=\"205\" \/><\/a>21\/04\/09 15:45<\/span><\/em><\/p>\n<p>Moza dhe Adela k\u00ebndojn\u00eb n\u00ebp\u00ebr sht\u00ebpi. Ato t\u00eb dyja kan\u00eb shprehur d\u00ebshir\u00ebn q\u00eb t\u00eb merren me muzik\u00eb. Eltoni mendon se Moz\u00ebs mund t\u2019i p\u00ebrshtatet edhe moda apo fotografia. Adela thot\u00eb se ka nj\u00eb d\u00ebshir\u00eb shum\u00eb t\u00eb madhe p\u00ebr t\u00eb k\u00ebnduar dhe t\u00eb pakt\u00ebn do p\u00ebrpiqet q\u00eb t\u00eb realizoj\u00eb vet\u00ebm nj\u00eb k\u00ebng\u00eb. Eltoni dhe Aroni japin asaj informacione lidhur me realizimin e klipeve te nje k\u00ebnge, sponsorizimit, publicitetit dhe investimit n\u00eb para.<\/p>\n","protected":false},"excerpt":{"rendered":"<p>21\/04\/09 15:45 Moza dhe Adela k\u00ebndojn\u00eb n\u00ebp\u00ebr sht\u00ebpi. Ato t\u00eb dyja kan\u00eb shprehur d\u00ebshir\u00ebn q\u00eb t\u00eb merren me muzik\u00eb. Eltoni mendon se Moz\u00ebs mund t\u2019i p\u00ebrshtatet edhe moda apo fotografia. Adela thot\u00eb se ka nj\u00eb d\u00ebshir\u00eb shum\u00eb t\u00eb madhe p\u00ebr t\u00eb k\u00ebnduar dhe t\u00eb pakt\u00ebn do p\u00ebrpiqet q\u00eb t\u00eb realizoj\u00eb vet\u00ebm nj\u00eb k\u00ebng\u00eb. Eltoni dhe [&hellip;]<\/p>\n","protected":false},"author":1,"featured_media":0,"comment_status":"open","ping_status":"closed","sticky":false,"template":"","format":"standard","meta":{"spay_email":"","jetpack_publicize_message":"","jetpack_is_tweetstorm":false,"jetpack_publicize_feature_enabled":true},"categories":[6502],"tags":[9488,2362,6529,6525,5057,6506,6516,6712,7129,9116,6891,6693,6887],"jetpack_publicize_connections":[],"yoast_head":"<!-- This site is optimized with the Yoast SEO plugin v19.1 - https:\/\/yoast.com\/wordpress\/plugins\/seo\/ -->\n<title>Adelajda : Do ta publikoj nj\u00c3\u00ab k\u00c3\u00abng\u00c3\u00ab | Big Brother Albania 2<\/title>\n<meta name=\"description\" content=\"Big Brother Albania 2 - Moza dhe Adela k\u00c3\u00abndojn\u00c3\u00ab n\u00c3\u00abp\u00c3\u00abr sht\u00c3\u00abpi. Ato t\u00c3\u00ab dyja kan\u00c3\u00ab shprehur d\u00c3\u00abshir\u00c3\u00abn q\u00c3\u00ab t\u00c3\u00ab merren me muzik\u00c3\u00ab\" \/>\n<meta name=\"robots\" content=\"index, follow, max-snippet:-1, max-image-preview:large, max-video-preview:-1\" \/>\n<link rel=\"canonical\" href=\"https:\/\/www.visit-ulcinj.com\/blog\/2009\/04\/23\/adelajda-do-ta-publikoj-nje-kenge\/\" \/>\n<meta property=\"og:locale\" content=\"en_US\" \/>\n<meta property=\"og:type\" content=\"article\" \/>\n<meta property=\"og:title\" content=\"Adelajda : Do ta publikoj nj\u00c3\u00ab k\u00c3\u00abng\u00c3\u00ab | Big Brother Albania 2\" \/>\n<meta property=\"og:description\" content=\"Big Brother Albania 2 - Moza dhe Adela k\u00c3\u00abndojn\u00c3\u00ab n\u00c3\u00abp\u00c3\u00abr sht\u00c3\u00abpi. Ato t\u00c3\u00ab dyja kan\u00c3\u00ab shprehur d\u00c3\u00abshir\u00c3\u00abn q\u00c3\u00ab t\u00c3\u00ab merren me muzik\u00c3\u00ab\" \/>\n<meta property=\"og:url\" content=\"https:\/\/www.visit-ulcinj.com\/blog\/2009\/04\/23\/adelajda-do-ta-publikoj-nje-kenge\/\" \/>\n<meta property=\"og:site_name\" content=\"Lajme nga Ulqini\" \/>\n<meta property=\"article:published_time\" content=\"2009-04-23T18:17:23+00:00\" \/>\n<meta property=\"og:image\" content=\"http:\/\/www.visit-ulcinj.com\/blog\/wp-content\/uploads\/2009\/04\/adela-kengetare.jpg\" \/>\n<meta name=\"twitter:label1\" content=\"Written by\" \/>\n\t<meta name=\"twitter:data1\" content=\"ulqini\" \/>\n<script type=\"application\/ld+json\" class=\"yoast-schema-graph\">{\"@context\":\"https:\/\/schema.org\",\"@graph\":[{\"@type\":\"WebSite\",\"@id\":\"https:\/\/www.visit-ulcinj.com\/blog\/#website\",\"url\":\"https:\/\/www.visit-ulcinj.com\/blog\/\",\"name\":\"Lajme nga Ulqini\",\"description\":\"Lajme,Vijesti,Ulqini,Ulqin,Crna Gora,Mali i Zi\",\"potentialAction\":[{\"@type\":\"SearchAction\",\"target\":{\"@type\":\"EntryPoint\",\"urlTemplate\":\"https:\/\/www.visit-ulcinj.com\/blog\/?s={search_term_string}\"},\"query-input\":\"required name=search_term_string\"}],\"inLanguage\":\"en-US\"},{\"@type\":\"ImageObject\",\"inLanguage\":\"en-US\",\"@id\":\"https:\/\/www.visit-ulcinj.com\/blog\/2009\/04\/23\/adelajda-do-ta-publikoj-nje-kenge\/#primaryimage\",\"url\":\"http:\/\/www.visit-ulcinj.com\/blog\/wp-content\/uploads\/2009\/04\/adela-kengetare.jpg\",\"contentUrl\":\"http:\/\/www.visit-ulcinj.com\/blog\/wp-content\/uploads\/2009\/04\/adela-kengetare.jpg\"},{\"@type\":\"WebPage\",\"@id\":\"https:\/\/www.visit-ulcinj.com\/blog\/2009\/04\/23\/adelajda-do-ta-publikoj-nje-kenge\/#webpage\",\"url\":\"https:\/\/www.visit-ulcinj.com\/blog\/2009\/04\/23\/adelajda-do-ta-publikoj-nje-kenge\/\",\"name\":\"Adelajda : Do ta publikoj nj\u00c3\u00ab k\u00c3\u00abng\u00c3\u00ab | Big Brother Albania 2\",\"isPartOf\":{\"@id\":\"https:\/\/www.visit-ulcinj.com\/blog\/#website\"},\"primaryImageOfPage\":{\"@id\":\"https:\/\/www.visit-ulcinj.com\/blog\/2009\/04\/23\/adelajda-do-ta-publikoj-nje-kenge\/#primaryimage\"},\"datePublished\":\"2009-04-23T18:17:23+00:00\",\"dateModified\":\"2009-04-23T18:17:23+00:00\",\"author\":{\"@id\":\"https:\/\/www.visit-ulcinj.com\/blog\/#\/schema\/person\/dcab619c614d3038751c63bc2aadc06d\"},\"description\":\"Big Brother Albania 2 - Moza dhe Adela k\u00c3\u00abndojn\u00c3\u00ab n\u00c3\u00abp\u00c3\u00abr sht\u00c3\u00abpi. Ato t\u00c3\u00ab dyja kan\u00c3\u00ab shprehur d\u00c3\u00abshir\u00c3\u00abn q\u00c3\u00ab t\u00c3\u00ab merren me muzik\u00c3\u00ab\",\"breadcrumb\":{\"@id\":\"https:\/\/www.visit-ulcinj.com\/blog\/2009\/04\/23\/adelajda-do-ta-publikoj-nje-kenge\/#breadcrumb\"},\"inLanguage\":\"en-US\",\"potentialAction\":[{\"@type\":\"ReadAction\",\"target\":[\"https:\/\/www.visit-ulcinj.com\/blog\/2009\/04\/23\/adelajda-do-ta-publikoj-nje-kenge\/\"]}]},{\"@type\":\"BreadcrumbList\",\"@id\":\"https:\/\/www.visit-ulcinj.com\/blog\/2009\/04\/23\/adelajda-do-ta-publikoj-nje-kenge\/#breadcrumb\",\"itemListElement\":[{\"@type\":\"ListItem\",\"position\":1,\"name\":\"Adelajda : Do ta publikoj nj\u00eb k\u00ebng\u00eb\"}]},{\"@type\":\"Person\",\"@id\":\"https:\/\/www.visit-ulcinj.com\/blog\/#\/schema\/person\/dcab619c614d3038751c63bc2aadc06d\",\"name\":\"ulqini\",\"sameAs\":[\"http:\/\/www.visit-ulcinj.com\"],\"url\":\"https:\/\/www.visit-ulcinj.com\/blog\/author\/admin\/\"}]}<\/script>\n<!-- \/ Yoast SEO plugin. -->","yoast_head_json":{"title":"Adelajda : Do ta publikoj nj\u00c3\u00ab k\u00c3\u00abng\u00c3\u00ab | Big Brother Albania 2","description":"Big Brother Albania 2 - Moza dhe Adela k\u00c3\u00abndojn\u00c3\u00ab n\u00c3\u00abp\u00c3\u00abr sht\u00c3\u00abpi. Ato t\u00c3\u00ab dyja kan\u00c3\u00ab shprehur d\u00c3\u00abshir\u00c3\u00abn q\u00c3\u00ab t\u00c3\u00ab merren me muzik\u00c3\u00ab","robots":{"index":"index","follow":"follow","max-snippet":"max-snippet:-1","max-image-preview":"max-image-preview:large","max-video-preview":"max-video-preview:-1"},"canonical":"https:\/\/www.visit-ulcinj.com\/blog\/2009\/04\/23\/adelajda-do-ta-publikoj-nje-kenge\/","og_locale":"en_US","og_type":"article","og_title":"Adelajda : Do ta publikoj nj\u00c3\u00ab k\u00c3\u00abng\u00c3\u00ab | Big Brother Albania 2","og_description":"Big Brother Albania 2 - Moza dhe Adela k\u00c3\u00abndojn\u00c3\u00ab n\u00c3\u00abp\u00c3\u00abr sht\u00c3\u00abpi. Ato t\u00c3\u00ab dyja kan\u00c3\u00ab shprehur d\u00c3\u00abshir\u00c3\u00abn q\u00c3\u00ab t\u00c3\u00ab merren me muzik\u00c3\u00ab","og_url":"https:\/\/www.visit-ulcinj.com\/blog\/2009\/04\/23\/adelajda-do-ta-publikoj-nje-kenge\/","og_site_name":"Lajme nga Ulqini","article_published_time":"2009-04-23T18:17:23+00:00","og_image":[{"url":"http:\/\/www.visit-ulcinj.com\/blog\/wp-content\/uploads\/2009\/04\/adela-kengetare.jpg"}],"twitter_misc":{"Written by":"ulqini"},"schema":{"@context":"https:\/\/schema.org","@graph":[{"@type":"WebSite","@id":"https:\/\/www.visit-ulcinj.com\/blog\/#website","url":"https:\/\/www.visit-ulcinj.com\/blog\/","name":"Lajme nga Ulqini","description":"Lajme,Vijesti,Ulqini,Ulqin,Crna Gora,Mali i Zi","potentialAction":[{"@type":"SearchAction","target":{"@type":"EntryPoint","urlTemplate":"https:\/\/www.visit-ulcinj.com\/blog\/?s={search_term_string}"},"query-input":"required name=search_term_string"}],"inLanguage":"en-US"},{"@type":"ImageObject","inLanguage":"en-US","@id":"https:\/\/www.visit-ulcinj.com\/blog\/2009\/04\/23\/adelajda-do-ta-publikoj-nje-kenge\/#primaryimage","url":"http:\/\/www.visit-ulcinj.com\/blog\/wp-content\/uploads\/2009\/04\/adela-kengetare.jpg","contentUrl":"http:\/\/www.visit-ulcinj.com\/blog\/wp-content\/uploads\/2009\/04\/adela-kengetare.jpg"},{"@type":"WebPage","@id":"https:\/\/www.visit-ulcinj.com\/blog\/2009\/04\/23\/adelajda-do-ta-publikoj-nje-kenge\/#webpage","url":"https:\/\/www.visit-ulcinj.com\/blog\/2009\/04\/23\/adelajda-do-ta-publikoj-nje-kenge\/","name":"Adelajda : Do ta publikoj nj\u00c3\u00ab k\u00c3\u00abng\u00c3\u00ab | Big Brother Albania 2","isPartOf":{"@id":"https:\/\/www.visit-ulcinj.com\/blog\/#website"},"primaryImageOfPage":{"@id":"https:\/\/www.visit-ulcinj.com\/blog\/2009\/04\/23\/adelajda-do-ta-publikoj-nje-kenge\/#primaryimage"},"datePublished":"2009-04-23T18:17:23+00:00","dateModified":"2009-04-23T18:17:23+00:00","author":{"@id":"https:\/\/www.visit-ulcinj.com\/blog\/#\/schema\/person\/dcab619c614d3038751c63bc2aadc06d"},"description":"Big Brother Albania 2 - Moza dhe Adela k\u00c3\u00abndojn\u00c3\u00ab n\u00c3\u00abp\u00c3\u00abr sht\u00c3\u00abpi. Ato t\u00c3\u00ab dyja kan\u00c3\u00ab shprehur d\u00c3\u00abshir\u00c3\u00abn q\u00c3\u00ab t\u00c3\u00ab merren me muzik\u00c3\u00ab","breadcrumb":{"@id":"https:\/\/www.visit-ulcinj.com\/blog\/2009\/04\/23\/adelajda-do-ta-publikoj-nje-kenge\/#breadcrumb"},"inLanguage":"en-US","potentialAction":[{"@type":"ReadAction","target":["https:\/\/www.visit-ulcinj.com\/blog\/2009\/04\/23\/adelajda-do-ta-publikoj-nje-kenge\/"]}]},{"@type":"BreadcrumbList","@id":"https:\/\/www.visit-ulcinj.com\/blog\/2009\/04\/23\/adelajda-do-ta-publikoj-nje-kenge\/#breadcrumb","itemListElement":[{"@type":"ListItem","position":1,"name":"Adelajda : Do ta publikoj nj\u00eb k\u00ebng\u00eb"}]},{"@type":"Person","@id":"https:\/\/www.visit-ulcinj.com\/blog\/#\/schema\/person\/dcab619c614d3038751c63bc2aadc06d","name":"ulqini","sameAs":["http:\/\/www.visit-ulcinj.com"],"url":"https:\/\/www.visit-ulcinj.com\/blog\/author\/admin\/"}]}},"jetpack_featured_media_url":"","jetpack_sharing_enabled":true,"jetpack_shortlink":"https:\/\/wp.me\/pe6lTn-4U6","_links":{"self":[{"href":"https:\/\/www.visit-ulcinj.com\/blog\/wp-json\/wp\/v2\/posts\/18854"}],"collection":[{"href":"https:\/\/www.visit-ulcinj.com\/blog\/wp-json\/wp\/v2\/posts"}],"about":[{"href":"https:\/\/www.visit-ulcinj.com\/blog\/wp-json\/wp\/v2\/types\/post"}],"author":[{"embeddable":true,"href":"https:\/\/www.visit-ulcinj.com\/blog\/wp-json\/wp\/v2\/users\/1"}],"replies":[{"embeddable":true,"href":"https:\/\/www.visit-ulcinj.com\/blog\/wp-json\/wp\/v2\/comments?post=18854"}],"version-history":[{"count":0,"href":"https:\/\/www.visit-ulcinj.com\/blog\/wp-json\/wp\/v2\/posts\/18854\/revisions"}],"wp:attachment":[{"href":"https:\/\/www.visit-ulcinj.com\/blog\/wp-json\/wp\/v2\/media?parent=18854"}],"wp:term":[{"taxonomy":"category","embeddable":true,"href":"https:\/\/www.visit-ulcinj.com\/blog\/wp-json\/wp\/v2\/categories?post=18854"},{"taxonomy":"post_tag","embeddable":true,"href":"https:\/\/www.visit-ulcinj.com\/blog\/wp-json\/wp\/v2\/tags?post=18854"}],"curies":[{"name":"wp","href":"https:\/\/api.w.org\/{rel}","templated":true}]}}