{"id":18859,"date":"2009-04-23T20:25:29","date_gmt":"2009-04-23T18:25:29","guid":{"rendered":"http:\/\/www.visit-ulcinj.com\/blog\/?p=18859"},"modified":"2009-04-23T20:25:29","modified_gmt":"2009-04-23T18:25:29","slug":"juna-dhe-anjeza-po-ve-re-ndryshimet","status":"publish","type":"post","link":"https:\/\/www.visit-ulcinj.com\/blog\/2009\/04\/23\/juna-dhe-anjeza-po-ve-re-ndryshimet\/","title":{"rendered":"Juna dhe Anjeza : Po v\u00eb re ndryshimet"},"content":{"rendered":"<p><em><a href=\"http:\/\/www.visit-ulcinj.com\/blog\/wp-content\/uploads\/2009\/04\/juna-anjeza-per-adelen.jpg\"><img loading=\"lazy\" class=\"alignleft size-full wp-image-18863\" title=\"juna-anjeza-per-adelen-big-brother-albania-2\" src=\"http:\/\/www.visit-ulcinj.com\/blog\/wp-content\/uploads\/2009\/04\/juna-anjeza-per-adelen.jpg\" alt=\"juna-anjeza-per-adelen-big-brother-albania-2\" width=\"300\" height=\"205\" \/><\/a>21\/04\/09 16:07<\/em><br \/>\nJuna dhe Anjeza diskutojn\u00eb p\u00ebr debatet q\u00eb jan\u00eb zhvilluar n\u00eb sht\u00ebpi dhe kryesisht p\u00ebr ato me tema tabu si seksi. Anjeza tregon se m\u00eb par\u00eb, si Adela edhe Moza largoheshin nga vendi i diskutimit, nd\u00ebrsa tani q\u00ebndrojn\u00eb, por vet\u00ebm Adela ka filluar t\u00eb flas\u00eb disi. Juna shprehet se nuk e kupton Adel\u00ebn kur flet me disa argumenta q\u00eb p\u00ebr t\u00eb jan\u00eb pa vend. Ajo thot\u00eb se Adela gjithmon\u00eb justifikohet me faktin se jetojn\u00eb n\u00eb Shqip\u00ebri dhe nuk mund t\u00eb flitet p\u00ebr k\u00ebto tema. T\u00eb dyja vajzat thon\u00eb se jan\u00eb rritur n\u00eb t\u00eb nj\u00ebjtin ambient me t\u00eb, por nuk i kan\u00eb k\u00ebto komplekse sepse nuk ka asgj\u00eb t\u00eb keqe t\u00eb flas\u00ebsh p\u00ebr dicka q\u00eb ke m\u00ebsuar nga jeta apo nga shkolla. Anjeza tregon se deri para se t\u00eb vinin banor\u00ebt e rinj, disa gj\u00ebra nuk i vinte re dhe i dukeshin normale dhe bashkohej me mendimet e tyre, nd\u00ebrsa tani, me mentalitetin e ri dhe pa komplekse t\u00eb banor\u00ebve t\u00eb rinj, arrin t\u00eb v\u00ebj\u00eb re shum\u00eb mang\u00ebsi n\u00eb konceptimin e realitetit. \u201cTani m\u00eb duken shum\u00eb t\u00eb vegj\u00ebl\u201d- thot\u00eb ajo.<\/p>\n","protected":false},"excerpt":{"rendered":"<p>21\/04\/09 16:07 Juna dhe Anjeza diskutojn\u00eb p\u00ebr debatet q\u00eb jan\u00eb zhvilluar n\u00eb sht\u00ebpi dhe kryesisht p\u00ebr ato me tema tabu si seksi. Anjeza tregon se m\u00eb par\u00eb, si Adela edhe Moza largoheshin nga vendi i diskutimit, nd\u00ebrsa tani q\u00ebndrojn\u00eb, por vet\u00ebm Adela ka filluar t\u00eb flas\u00eb disi. Juna shprehet se nuk e kupton Adel\u00ebn kur [&hellip;]<\/p>\n","protected":false},"author":1,"featured_media":0,"comment_status":"open","ping_status":"closed","sticky":false,"template":"","format":"standard","meta":{"spay_email":"","jetpack_publicize_message":"","jetpack_is_tweetstorm":false,"jetpack_publicize_feature_enabled":true},"categories":[6502],"tags":[6529,8289,5057,6506,6516,6712,7129,1442,9011,6891,6693,6887],"jetpack_publicize_connections":[],"yoast_head":"<!-- This site is optimized with the Yoast SEO plugin v19.1 - https:\/\/yoast.com\/wordpress\/plugins\/seo\/ -->\n<title>Juna dhe Anjeza : Po v\u00c3\u00ab re ndryshimet | Big Brother Albania 2<\/title>\n<meta name=\"description\" content=\"Big Brother Albania 2 - Juna dhe Anjeza diskutojn\u00c3\u00ab p\u00c3\u00abr debatet q\u00c3\u00ab jan\u00c3\u00ab zhvilluar n\u00c3\u00ab sht\u00c3\u00abpi dhe kryesisht p\u00c3\u00abr ato me tema tabu si seksi. Anjeza tregon se m\u00c3\u00ab par\u00c3\u00ab\" \/>\n<meta name=\"robots\" content=\"index, follow, max-snippet:-1, max-image-preview:large, max-video-preview:-1\" \/>\n<link rel=\"canonical\" href=\"https:\/\/www.visit-ulcinj.com\/blog\/2009\/04\/23\/juna-dhe-anjeza-po-ve-re-ndryshimet\/\" \/>\n<meta property=\"og:locale\" content=\"en_US\" \/>\n<meta property=\"og:type\" content=\"article\" \/>\n<meta property=\"og:title\" content=\"Juna dhe Anjeza : Po v\u00c3\u00ab re ndryshimet | Big Brother Albania 2\" \/>\n<meta property=\"og:description\" content=\"Big Brother Albania 2 - Juna dhe Anjeza diskutojn\u00c3\u00ab p\u00c3\u00abr debatet q\u00c3\u00ab jan\u00c3\u00ab zhvilluar n\u00c3\u00ab sht\u00c3\u00abpi dhe kryesisht p\u00c3\u00abr ato me tema tabu si seksi. Anjeza tregon se m\u00c3\u00ab par\u00c3\u00ab\" \/>\n<meta property=\"og:url\" content=\"https:\/\/www.visit-ulcinj.com\/blog\/2009\/04\/23\/juna-dhe-anjeza-po-ve-re-ndryshimet\/\" \/>\n<meta property=\"og:site_name\" content=\"Lajme nga Ulqini\" \/>\n<meta property=\"article:published_time\" content=\"2009-04-23T18:25:29+00:00\" \/>\n<meta property=\"og:image\" content=\"http:\/\/www.visit-ulcinj.com\/blog\/wp-content\/uploads\/2009\/04\/juna-anjeza-per-adelen.jpg\" \/>\n<meta name=\"twitter:label1\" content=\"Written by\" \/>\n\t<meta name=\"twitter:data1\" content=\"ulqini\" \/>\n\t<meta name=\"twitter:label2\" content=\"Est. reading time\" \/>\n\t<meta name=\"twitter:data2\" content=\"1 minute\" \/>\n<script type=\"application\/ld+json\" class=\"yoast-schema-graph\">{\"@context\":\"https:\/\/schema.org\",\"@graph\":[{\"@type\":\"WebSite\",\"@id\":\"https:\/\/www.visit-ulcinj.com\/blog\/#website\",\"url\":\"https:\/\/www.visit-ulcinj.com\/blog\/\",\"name\":\"Lajme nga Ulqini\",\"description\":\"Lajme,Vijesti,Ulqini,Ulqin,Crna Gora,Mali i Zi\",\"potentialAction\":[{\"@type\":\"SearchAction\",\"target\":{\"@type\":\"EntryPoint\",\"urlTemplate\":\"https:\/\/www.visit-ulcinj.com\/blog\/?s={search_term_string}\"},\"query-input\":\"required name=search_term_string\"}],\"inLanguage\":\"en-US\"},{\"@type\":\"ImageObject\",\"inLanguage\":\"en-US\",\"@id\":\"https:\/\/www.visit-ulcinj.com\/blog\/2009\/04\/23\/juna-dhe-anjeza-po-ve-re-ndryshimet\/#primaryimage\",\"url\":\"http:\/\/www.visit-ulcinj.com\/blog\/wp-content\/uploads\/2009\/04\/juna-anjeza-per-adelen.jpg\",\"contentUrl\":\"http:\/\/www.visit-ulcinj.com\/blog\/wp-content\/uploads\/2009\/04\/juna-anjeza-per-adelen.jpg\"},{\"@type\":\"WebPage\",\"@id\":\"https:\/\/www.visit-ulcinj.com\/blog\/2009\/04\/23\/juna-dhe-anjeza-po-ve-re-ndryshimet\/#webpage\",\"url\":\"https:\/\/www.visit-ulcinj.com\/blog\/2009\/04\/23\/juna-dhe-anjeza-po-ve-re-ndryshimet\/\",\"name\":\"Juna dhe Anjeza : Po v\u00c3\u00ab re ndryshimet | Big Brother Albania 2\",\"isPartOf\":{\"@id\":\"https:\/\/www.visit-ulcinj.com\/blog\/#website\"},\"primaryImageOfPage\":{\"@id\":\"https:\/\/www.visit-ulcinj.com\/blog\/2009\/04\/23\/juna-dhe-anjeza-po-ve-re-ndryshimet\/#primaryimage\"},\"datePublished\":\"2009-04-23T18:25:29+00:00\",\"dateModified\":\"2009-04-23T18:25:29+00:00\",\"author\":{\"@id\":\"https:\/\/www.visit-ulcinj.com\/blog\/#\/schema\/person\/dcab619c614d3038751c63bc2aadc06d\"},\"description\":\"Big Brother Albania 2 - Juna dhe Anjeza diskutojn\u00c3\u00ab p\u00c3\u00abr debatet q\u00c3\u00ab jan\u00c3\u00ab zhvilluar n\u00c3\u00ab sht\u00c3\u00abpi dhe kryesisht p\u00c3\u00abr ato me tema tabu si seksi. Anjeza tregon se m\u00c3\u00ab par\u00c3\u00ab\",\"breadcrumb\":{\"@id\":\"https:\/\/www.visit-ulcinj.com\/blog\/2009\/04\/23\/juna-dhe-anjeza-po-ve-re-ndryshimet\/#breadcrumb\"},\"inLanguage\":\"en-US\",\"potentialAction\":[{\"@type\":\"ReadAction\",\"target\":[\"https:\/\/www.visit-ulcinj.com\/blog\/2009\/04\/23\/juna-dhe-anjeza-po-ve-re-ndryshimet\/\"]}]},{\"@type\":\"BreadcrumbList\",\"@id\":\"https:\/\/www.visit-ulcinj.com\/blog\/2009\/04\/23\/juna-dhe-anjeza-po-ve-re-ndryshimet\/#breadcrumb\",\"itemListElement\":[{\"@type\":\"ListItem\",\"position\":1,\"name\":\"Juna dhe Anjeza : Po v\u00eb re ndryshimet\"}]},{\"@type\":\"Person\",\"@id\":\"https:\/\/www.visit-ulcinj.com\/blog\/#\/schema\/person\/dcab619c614d3038751c63bc2aadc06d\",\"name\":\"ulqini\",\"sameAs\":[\"http:\/\/www.visit-ulcinj.com\"],\"url\":\"https:\/\/www.visit-ulcinj.com\/blog\/author\/admin\/\"}]}<\/script>\n<!-- \/ Yoast SEO plugin. -->","yoast_head_json":{"title":"Juna dhe Anjeza : Po v\u00c3\u00ab re ndryshimet | Big Brother Albania 2","description":"Big Brother Albania 2 - Juna dhe Anjeza diskutojn\u00c3\u00ab p\u00c3\u00abr debatet q\u00c3\u00ab jan\u00c3\u00ab zhvilluar n\u00c3\u00ab sht\u00c3\u00abpi dhe kryesisht p\u00c3\u00abr ato me tema tabu si seksi. Anjeza tregon se m\u00c3\u00ab par\u00c3\u00ab","robots":{"index":"index","follow":"follow","max-snippet":"max-snippet:-1","max-image-preview":"max-image-preview:large","max-video-preview":"max-video-preview:-1"},"canonical":"https:\/\/www.visit-ulcinj.com\/blog\/2009\/04\/23\/juna-dhe-anjeza-po-ve-re-ndryshimet\/","og_locale":"en_US","og_type":"article","og_title":"Juna dhe Anjeza : Po v\u00c3\u00ab re ndryshimet | Big Brother Albania 2","og_description":"Big Brother Albania 2 - Juna dhe Anjeza diskutojn\u00c3\u00ab p\u00c3\u00abr debatet q\u00c3\u00ab jan\u00c3\u00ab zhvilluar n\u00c3\u00ab sht\u00c3\u00abpi dhe kryesisht p\u00c3\u00abr ato me tema tabu si seksi. Anjeza tregon se m\u00c3\u00ab par\u00c3\u00ab","og_url":"https:\/\/www.visit-ulcinj.com\/blog\/2009\/04\/23\/juna-dhe-anjeza-po-ve-re-ndryshimet\/","og_site_name":"Lajme nga Ulqini","article_published_time":"2009-04-23T18:25:29+00:00","og_image":[{"url":"http:\/\/www.visit-ulcinj.com\/blog\/wp-content\/uploads\/2009\/04\/juna-anjeza-per-adelen.jpg"}],"twitter_misc":{"Written by":"ulqini","Est. reading time":"1 minute"},"schema":{"@context":"https:\/\/schema.org","@graph":[{"@type":"WebSite","@id":"https:\/\/www.visit-ulcinj.com\/blog\/#website","url":"https:\/\/www.visit-ulcinj.com\/blog\/","name":"Lajme nga Ulqini","description":"Lajme,Vijesti,Ulqini,Ulqin,Crna Gora,Mali i Zi","potentialAction":[{"@type":"SearchAction","target":{"@type":"EntryPoint","urlTemplate":"https:\/\/www.visit-ulcinj.com\/blog\/?s={search_term_string}"},"query-input":"required name=search_term_string"}],"inLanguage":"en-US"},{"@type":"ImageObject","inLanguage":"en-US","@id":"https:\/\/www.visit-ulcinj.com\/blog\/2009\/04\/23\/juna-dhe-anjeza-po-ve-re-ndryshimet\/#primaryimage","url":"http:\/\/www.visit-ulcinj.com\/blog\/wp-content\/uploads\/2009\/04\/juna-anjeza-per-adelen.jpg","contentUrl":"http:\/\/www.visit-ulcinj.com\/blog\/wp-content\/uploads\/2009\/04\/juna-anjeza-per-adelen.jpg"},{"@type":"WebPage","@id":"https:\/\/www.visit-ulcinj.com\/blog\/2009\/04\/23\/juna-dhe-anjeza-po-ve-re-ndryshimet\/#webpage","url":"https:\/\/www.visit-ulcinj.com\/blog\/2009\/04\/23\/juna-dhe-anjeza-po-ve-re-ndryshimet\/","name":"Juna dhe Anjeza : Po v\u00c3\u00ab re ndryshimet | Big Brother Albania 2","isPartOf":{"@id":"https:\/\/www.visit-ulcinj.com\/blog\/#website"},"primaryImageOfPage":{"@id":"https:\/\/www.visit-ulcinj.com\/blog\/2009\/04\/23\/juna-dhe-anjeza-po-ve-re-ndryshimet\/#primaryimage"},"datePublished":"2009-04-23T18:25:29+00:00","dateModified":"2009-04-23T18:25:29+00:00","author":{"@id":"https:\/\/www.visit-ulcinj.com\/blog\/#\/schema\/person\/dcab619c614d3038751c63bc2aadc06d"},"description":"Big Brother Albania 2 - Juna dhe Anjeza diskutojn\u00c3\u00ab p\u00c3\u00abr debatet q\u00c3\u00ab jan\u00c3\u00ab zhvilluar n\u00c3\u00ab sht\u00c3\u00abpi dhe kryesisht p\u00c3\u00abr ato me tema tabu si seksi. Anjeza tregon se m\u00c3\u00ab par\u00c3\u00ab","breadcrumb":{"@id":"https:\/\/www.visit-ulcinj.com\/blog\/2009\/04\/23\/juna-dhe-anjeza-po-ve-re-ndryshimet\/#breadcrumb"},"inLanguage":"en-US","potentialAction":[{"@type":"ReadAction","target":["https:\/\/www.visit-ulcinj.com\/blog\/2009\/04\/23\/juna-dhe-anjeza-po-ve-re-ndryshimet\/"]}]},{"@type":"BreadcrumbList","@id":"https:\/\/www.visit-ulcinj.com\/blog\/2009\/04\/23\/juna-dhe-anjeza-po-ve-re-ndryshimet\/#breadcrumb","itemListElement":[{"@type":"ListItem","position":1,"name":"Juna dhe Anjeza : Po v\u00eb re ndryshimet"}]},{"@type":"Person","@id":"https:\/\/www.visit-ulcinj.com\/blog\/#\/schema\/person\/dcab619c614d3038751c63bc2aadc06d","name":"ulqini","sameAs":["http:\/\/www.visit-ulcinj.com"],"url":"https:\/\/www.visit-ulcinj.com\/blog\/author\/admin\/"}]}},"jetpack_featured_media_url":"","jetpack_sharing_enabled":true,"jetpack_shortlink":"https:\/\/wp.me\/pe6lTn-4Ub","_links":{"self":[{"href":"https:\/\/www.visit-ulcinj.com\/blog\/wp-json\/wp\/v2\/posts\/18859"}],"collection":[{"href":"https:\/\/www.visit-ulcinj.com\/blog\/wp-json\/wp\/v2\/posts"}],"about":[{"href":"https:\/\/www.visit-ulcinj.com\/blog\/wp-json\/wp\/v2\/types\/post"}],"author":[{"embeddable":true,"href":"https:\/\/www.visit-ulcinj.com\/blog\/wp-json\/wp\/v2\/users\/1"}],"replies":[{"embeddable":true,"href":"https:\/\/www.visit-ulcinj.com\/blog\/wp-json\/wp\/v2\/comments?post=18859"}],"version-history":[{"count":0,"href":"https:\/\/www.visit-ulcinj.com\/blog\/wp-json\/wp\/v2\/posts\/18859\/revisions"}],"wp:attachment":[{"href":"https:\/\/www.visit-ulcinj.com\/blog\/wp-json\/wp\/v2\/media?parent=18859"}],"wp:term":[{"taxonomy":"category","embeddable":true,"href":"https:\/\/www.visit-ulcinj.com\/blog\/wp-json\/wp\/v2\/categories?post=18859"},{"taxonomy":"post_tag","embeddable":true,"href":"https:\/\/www.visit-ulcinj.com\/blog\/wp-json\/wp\/v2\/tags?post=18859"}],"curies":[{"name":"wp","href":"https:\/\/api.w.org\/{rel}","templated":true}]}}