{"id":18867,"date":"2009-04-23T21:06:19","date_gmt":"2009-04-23T19:06:19","guid":{"rendered":"http:\/\/www.visit-ulcinj.com\/blog\/?p=18867"},"modified":"2009-04-23T21:06:19","modified_gmt":"2009-04-23T19:06:19","slug":"arjoni-dhe-juna-adela-ka-komplekse-me-veten","status":"publish","type":"post","link":"https:\/\/www.visit-ulcinj.com\/blog\/2009\/04\/23\/arjoni-dhe-juna-adela-ka-komplekse-me-veten\/","title":{"rendered":"Arjoni dhe Juna : Adela ka komplekse me veten"},"content":{"rendered":"<p>\u00a0<\/p>\n<div id=\"content\"><em><span class=\"newsdate\"><a href=\"http:\/\/www.visit-ulcinj.com\/blog\/wp-content\/uploads\/2009\/04\/junatoniarjon1234.jpg\"><img loading=\"lazy\" class=\"alignleft size-full wp-image-18868\" title=\"juna dhe arjoni big brother albania 2\" src=\"http:\/\/www.visit-ulcinj.com\/blog\/wp-content\/uploads\/2009\/04\/junatoniarjon1234.jpg\" alt=\"juna dhe arjoni big brother albania 2\" width=\"300\" height=\"205\" \/><\/a>21\/04\/09 17:15<\/span><\/em><\/p>\n<p>Gjat\u00eb diskutimit p\u00ebr jet\u00ebn brenda sht\u00ebpis\u00eb Arjoni ,Eltoni dhe Juna flasin p\u00ebr Adelajd\u00ebn. Juna mendon q\u00eb ajo \u00ebsht\u00eb nj\u00eb person i shtirur dhe k\u00ebt\u00eb gj\u00eb ia ka shprehur. Eltoni thot\u00eb:-\u201cAdela \u00ebsht\u00eb nj\u00eb person q\u00eb ka shum\u00eb komplekse me veten!\u201d Personat q\u00eb jan\u00eb me komplekse nuk marrin hapa t\u00eb tilla sic ka marr\u00eb Adelajda mendon Juna. Por Eltoni mb\u00ebshtet iden\u00eb e tij, dhe shton q\u00eb komplekset e saj jan\u00eb t\u00eb dukshem q\u00eb me fizikun , me flok\u00ebt. Junida thot\u00eb q\u00eb sipas eksperienc\u00ebs s\u00eb saj me persona t\u00eb till\u00eb me komplekse, ato nuk dalin n\u00eb publik pik\u00ebrisht p\u00ebr faktin e t\u00eb pasurit t\u00eb tyre . Ajo thot\u00eb q\u00eb shum\u00eb gj\u00ebra bien ndesh tek Adelajda, dhe p\u00ebr k\u00ebt\u00eb ajo ka arritur n\u00eb mendimin q\u00eb ajo \u00ebsht\u00eb e shtirur. Eltoni i thot\u00eb Arjonit q\u00eb e ka p\u00eblqyer n\u00eb faktin q\u00eb ai ka q\u00ebn\u00eb gjithmon\u00eb konstant n\u00eb loj\u00eb. Ai thot\u00eb q\u00eb ideja e loj\u00ebs \u00ebsht\u00eb q\u00eb t\u00eb futen tipa t\u00eb ndrysh\u00ebm , por jo p\u00ebr t\u00eb ndryshuar , por p\u00ebr t\u00eb par\u00eb se si mund t\u00eb bashkjetojn\u00eb ato bashk\u00eb. Bised\u00ebs i bashkohet dhe Anjeza e cila i thot\u00eb Jun\u00ebs q\u00eb n\u00eb momentin q\u00eb kan\u00eb hyr\u00eb banor\u00ebt e rinj \u00ebsht\u00eb b\u00ebr\u00eb dallimi i disniveleve. Junida thot\u00eb p\u00ebr Adin q\u00eb ai i di shum\u00eb mir\u00eb se si jan\u00eb gj\u00ebrat , por preferon t`i kaloj\u00eb gj\u00ebrat me humor. Eltoni thot\u00eb:-\u201cAdi po luan me momentin!\u201d Anjeza mendon q\u00eb personat q\u00eb kan\u00eb q\u00ebn\u00eb m\u00eb p\u00ebrpara n\u00eb q\u00ebnd\u00ebr t\u00eb debateve nuk jan\u00eb m\u00eb, dhe p\u00ebrmend rastin e Adelajd\u00ebs. Ato vazhdojn\u00eb diskutojn\u00eb p\u00ebr Arjanin dhe Eltoni thot\u00eb:-\u201cAi \u00ebsht\u00eb n\u00eb kriz\u00eb identiteti!\u201d<\/p><\/div>\n<div><\/div>\n","protected":false},"excerpt":{"rendered":"<p>\u00a0 21\/04\/09 17:15 Gjat\u00eb diskutimit p\u00ebr jet\u00ebn brenda sht\u00ebpis\u00eb Arjoni ,Eltoni dhe Juna flasin p\u00ebr Adelajd\u00ebn. Juna mendon q\u00eb ajo \u00ebsht\u00eb nj\u00eb person i shtirur dhe k\u00ebt\u00eb gj\u00eb ia ka shprehur. Eltoni thot\u00eb:-\u201cAdela \u00ebsht\u00eb nj\u00eb person q\u00eb ka shum\u00eb komplekse me veten!\u201d Personat q\u00eb jan\u00eb me komplekse nuk marrin hapa t\u00eb tilla sic ka marr\u00eb [&hellip;]<\/p>\n","protected":false},"author":1,"featured_media":0,"comment_status":"open","ping_status":"closed","sticky":false,"template":"","format":"standard","meta":{"spay_email":"","jetpack_publicize_message":"","jetpack_is_tweetstorm":false,"jetpack_publicize_feature_enabled":true},"categories":[6502],"tags":[6529,6525,5057,6506,6516,6712,7129,1442,9011,6891,6693,6887],"jetpack_publicize_connections":[],"yoast_head":"<!-- This site is optimized with the Yoast SEO plugin v19.1 - https:\/\/yoast.com\/wordpress\/plugins\/seo\/ -->\n<title>Arjoni dhe Juna : Adela ka komplekse me veten | Big Brother Albania 2<\/title>\n<meta name=\"description\" content=\"Big Brother Albania 2 - Gjat\u00c3\u00ab diskutimit p\u00c3\u00abr jet\u00c3\u00abn brenda sht\u00c3\u00abpis\u00c3\u00ab Arjoni ,Eltoni dhe Juna flasin p\u00c3\u00abr Adelajd\u00c3\u00abn. Juna mendon q\u00c3\u00ab ajo \u00c3\u00absht\u00c3\u00ab nj\u00c3\u00ab person i shtirur dhe k\u00c3\u00abt\u00c3\u00ab gj\u00c3\u00ab ia ka shprehur.\" \/>\n<meta name=\"robots\" content=\"index, follow, max-snippet:-1, max-image-preview:large, max-video-preview:-1\" \/>\n<link rel=\"canonical\" href=\"https:\/\/www.visit-ulcinj.com\/blog\/2009\/04\/23\/arjoni-dhe-juna-adela-ka-komplekse-me-veten\/\" \/>\n<meta property=\"og:locale\" content=\"en_US\" \/>\n<meta property=\"og:type\" content=\"article\" \/>\n<meta property=\"og:title\" content=\"Arjoni dhe Juna : Adela ka komplekse me veten | Big Brother Albania 2\" \/>\n<meta property=\"og:description\" content=\"Big Brother Albania 2 - Gjat\u00c3\u00ab diskutimit p\u00c3\u00abr jet\u00c3\u00abn brenda sht\u00c3\u00abpis\u00c3\u00ab Arjoni ,Eltoni dhe Juna flasin p\u00c3\u00abr Adelajd\u00c3\u00abn. Juna mendon q\u00c3\u00ab ajo \u00c3\u00absht\u00c3\u00ab nj\u00c3\u00ab person i shtirur dhe k\u00c3\u00abt\u00c3\u00ab gj\u00c3\u00ab ia ka shprehur.\" \/>\n<meta property=\"og:url\" content=\"https:\/\/www.visit-ulcinj.com\/blog\/2009\/04\/23\/arjoni-dhe-juna-adela-ka-komplekse-me-veten\/\" \/>\n<meta property=\"og:site_name\" content=\"Lajme nga Ulqini\" \/>\n<meta property=\"article:published_time\" content=\"2009-04-23T19:06:19+00:00\" \/>\n<meta property=\"og:image\" content=\"http:\/\/www.visit-ulcinj.com\/blog\/wp-content\/uploads\/2009\/04\/junatoniarjon1234.jpg\" \/>\n<meta name=\"twitter:label1\" content=\"Written by\" \/>\n\t<meta name=\"twitter:data1\" content=\"ulqini\" \/>\n\t<meta name=\"twitter:label2\" content=\"Est. reading time\" \/>\n\t<meta name=\"twitter:data2\" content=\"1 minute\" \/>\n<script type=\"application\/ld+json\" class=\"yoast-schema-graph\">{\"@context\":\"https:\/\/schema.org\",\"@graph\":[{\"@type\":\"WebSite\",\"@id\":\"https:\/\/www.visit-ulcinj.com\/blog\/#website\",\"url\":\"https:\/\/www.visit-ulcinj.com\/blog\/\",\"name\":\"Lajme nga Ulqini\",\"description\":\"Lajme,Vijesti,Ulqini,Ulqin,Crna Gora,Mali i Zi\",\"potentialAction\":[{\"@type\":\"SearchAction\",\"target\":{\"@type\":\"EntryPoint\",\"urlTemplate\":\"https:\/\/www.visit-ulcinj.com\/blog\/?s={search_term_string}\"},\"query-input\":\"required name=search_term_string\"}],\"inLanguage\":\"en-US\"},{\"@type\":\"ImageObject\",\"inLanguage\":\"en-US\",\"@id\":\"https:\/\/www.visit-ulcinj.com\/blog\/2009\/04\/23\/arjoni-dhe-juna-adela-ka-komplekse-me-veten\/#primaryimage\",\"url\":\"http:\/\/www.visit-ulcinj.com\/blog\/wp-content\/uploads\/2009\/04\/junatoniarjon1234.jpg\",\"contentUrl\":\"http:\/\/www.visit-ulcinj.com\/blog\/wp-content\/uploads\/2009\/04\/junatoniarjon1234.jpg\"},{\"@type\":\"WebPage\",\"@id\":\"https:\/\/www.visit-ulcinj.com\/blog\/2009\/04\/23\/arjoni-dhe-juna-adela-ka-komplekse-me-veten\/#webpage\",\"url\":\"https:\/\/www.visit-ulcinj.com\/blog\/2009\/04\/23\/arjoni-dhe-juna-adela-ka-komplekse-me-veten\/\",\"name\":\"Arjoni dhe Juna : Adela ka komplekse me veten | Big Brother Albania 2\",\"isPartOf\":{\"@id\":\"https:\/\/www.visit-ulcinj.com\/blog\/#website\"},\"primaryImageOfPage\":{\"@id\":\"https:\/\/www.visit-ulcinj.com\/blog\/2009\/04\/23\/arjoni-dhe-juna-adela-ka-komplekse-me-veten\/#primaryimage\"},\"datePublished\":\"2009-04-23T19:06:19+00:00\",\"dateModified\":\"2009-04-23T19:06:19+00:00\",\"author\":{\"@id\":\"https:\/\/www.visit-ulcinj.com\/blog\/#\/schema\/person\/dcab619c614d3038751c63bc2aadc06d\"},\"description\":\"Big Brother Albania 2 - Gjat\u00c3\u00ab diskutimit p\u00c3\u00abr jet\u00c3\u00abn brenda sht\u00c3\u00abpis\u00c3\u00ab Arjoni ,Eltoni dhe Juna flasin p\u00c3\u00abr Adelajd\u00c3\u00abn. Juna mendon q\u00c3\u00ab ajo \u00c3\u00absht\u00c3\u00ab nj\u00c3\u00ab person i shtirur dhe k\u00c3\u00abt\u00c3\u00ab gj\u00c3\u00ab ia ka shprehur.\",\"breadcrumb\":{\"@id\":\"https:\/\/www.visit-ulcinj.com\/blog\/2009\/04\/23\/arjoni-dhe-juna-adela-ka-komplekse-me-veten\/#breadcrumb\"},\"inLanguage\":\"en-US\",\"potentialAction\":[{\"@type\":\"ReadAction\",\"target\":[\"https:\/\/www.visit-ulcinj.com\/blog\/2009\/04\/23\/arjoni-dhe-juna-adela-ka-komplekse-me-veten\/\"]}]},{\"@type\":\"BreadcrumbList\",\"@id\":\"https:\/\/www.visit-ulcinj.com\/blog\/2009\/04\/23\/arjoni-dhe-juna-adela-ka-komplekse-me-veten\/#breadcrumb\",\"itemListElement\":[{\"@type\":\"ListItem\",\"position\":1,\"name\":\"Arjoni dhe Juna : Adela ka komplekse me veten\"}]},{\"@type\":\"Person\",\"@id\":\"https:\/\/www.visit-ulcinj.com\/blog\/#\/schema\/person\/dcab619c614d3038751c63bc2aadc06d\",\"name\":\"ulqini\",\"sameAs\":[\"http:\/\/www.visit-ulcinj.com\"],\"url\":\"https:\/\/www.visit-ulcinj.com\/blog\/author\/admin\/\"}]}<\/script>\n<!-- \/ Yoast SEO plugin. -->","yoast_head_json":{"title":"Arjoni dhe Juna : Adela ka komplekse me veten | Big Brother Albania 2","description":"Big Brother Albania 2 - Gjat\u00c3\u00ab diskutimit p\u00c3\u00abr jet\u00c3\u00abn brenda sht\u00c3\u00abpis\u00c3\u00ab Arjoni ,Eltoni dhe Juna flasin p\u00c3\u00abr Adelajd\u00c3\u00abn. Juna mendon q\u00c3\u00ab ajo \u00c3\u00absht\u00c3\u00ab nj\u00c3\u00ab person i shtirur dhe k\u00c3\u00abt\u00c3\u00ab gj\u00c3\u00ab ia ka shprehur.","robots":{"index":"index","follow":"follow","max-snippet":"max-snippet:-1","max-image-preview":"max-image-preview:large","max-video-preview":"max-video-preview:-1"},"canonical":"https:\/\/www.visit-ulcinj.com\/blog\/2009\/04\/23\/arjoni-dhe-juna-adela-ka-komplekse-me-veten\/","og_locale":"en_US","og_type":"article","og_title":"Arjoni dhe Juna : Adela ka komplekse me veten | Big Brother Albania 2","og_description":"Big Brother Albania 2 - Gjat\u00c3\u00ab diskutimit p\u00c3\u00abr jet\u00c3\u00abn brenda sht\u00c3\u00abpis\u00c3\u00ab Arjoni ,Eltoni dhe Juna flasin p\u00c3\u00abr Adelajd\u00c3\u00abn. Juna mendon q\u00c3\u00ab ajo \u00c3\u00absht\u00c3\u00ab nj\u00c3\u00ab person i shtirur dhe k\u00c3\u00abt\u00c3\u00ab gj\u00c3\u00ab ia ka shprehur.","og_url":"https:\/\/www.visit-ulcinj.com\/blog\/2009\/04\/23\/arjoni-dhe-juna-adela-ka-komplekse-me-veten\/","og_site_name":"Lajme nga Ulqini","article_published_time":"2009-04-23T19:06:19+00:00","og_image":[{"url":"http:\/\/www.visit-ulcinj.com\/blog\/wp-content\/uploads\/2009\/04\/junatoniarjon1234.jpg"}],"twitter_misc":{"Written by":"ulqini","Est. reading time":"1 minute"},"schema":{"@context":"https:\/\/schema.org","@graph":[{"@type":"WebSite","@id":"https:\/\/www.visit-ulcinj.com\/blog\/#website","url":"https:\/\/www.visit-ulcinj.com\/blog\/","name":"Lajme nga Ulqini","description":"Lajme,Vijesti,Ulqini,Ulqin,Crna Gora,Mali i Zi","potentialAction":[{"@type":"SearchAction","target":{"@type":"EntryPoint","urlTemplate":"https:\/\/www.visit-ulcinj.com\/blog\/?s={search_term_string}"},"query-input":"required name=search_term_string"}],"inLanguage":"en-US"},{"@type":"ImageObject","inLanguage":"en-US","@id":"https:\/\/www.visit-ulcinj.com\/blog\/2009\/04\/23\/arjoni-dhe-juna-adela-ka-komplekse-me-veten\/#primaryimage","url":"http:\/\/www.visit-ulcinj.com\/blog\/wp-content\/uploads\/2009\/04\/junatoniarjon1234.jpg","contentUrl":"http:\/\/www.visit-ulcinj.com\/blog\/wp-content\/uploads\/2009\/04\/junatoniarjon1234.jpg"},{"@type":"WebPage","@id":"https:\/\/www.visit-ulcinj.com\/blog\/2009\/04\/23\/arjoni-dhe-juna-adela-ka-komplekse-me-veten\/#webpage","url":"https:\/\/www.visit-ulcinj.com\/blog\/2009\/04\/23\/arjoni-dhe-juna-adela-ka-komplekse-me-veten\/","name":"Arjoni dhe Juna : Adela ka komplekse me veten | Big Brother Albania 2","isPartOf":{"@id":"https:\/\/www.visit-ulcinj.com\/blog\/#website"},"primaryImageOfPage":{"@id":"https:\/\/www.visit-ulcinj.com\/blog\/2009\/04\/23\/arjoni-dhe-juna-adela-ka-komplekse-me-veten\/#primaryimage"},"datePublished":"2009-04-23T19:06:19+00:00","dateModified":"2009-04-23T19:06:19+00:00","author":{"@id":"https:\/\/www.visit-ulcinj.com\/blog\/#\/schema\/person\/dcab619c614d3038751c63bc2aadc06d"},"description":"Big Brother Albania 2 - Gjat\u00c3\u00ab diskutimit p\u00c3\u00abr jet\u00c3\u00abn brenda sht\u00c3\u00abpis\u00c3\u00ab Arjoni ,Eltoni dhe Juna flasin p\u00c3\u00abr Adelajd\u00c3\u00abn. Juna mendon q\u00c3\u00ab ajo \u00c3\u00absht\u00c3\u00ab nj\u00c3\u00ab person i shtirur dhe k\u00c3\u00abt\u00c3\u00ab gj\u00c3\u00ab ia ka shprehur.","breadcrumb":{"@id":"https:\/\/www.visit-ulcinj.com\/blog\/2009\/04\/23\/arjoni-dhe-juna-adela-ka-komplekse-me-veten\/#breadcrumb"},"inLanguage":"en-US","potentialAction":[{"@type":"ReadAction","target":["https:\/\/www.visit-ulcinj.com\/blog\/2009\/04\/23\/arjoni-dhe-juna-adela-ka-komplekse-me-veten\/"]}]},{"@type":"BreadcrumbList","@id":"https:\/\/www.visit-ulcinj.com\/blog\/2009\/04\/23\/arjoni-dhe-juna-adela-ka-komplekse-me-veten\/#breadcrumb","itemListElement":[{"@type":"ListItem","position":1,"name":"Arjoni dhe Juna : Adela ka komplekse me veten"}]},{"@type":"Person","@id":"https:\/\/www.visit-ulcinj.com\/blog\/#\/schema\/person\/dcab619c614d3038751c63bc2aadc06d","name":"ulqini","sameAs":["http:\/\/www.visit-ulcinj.com"],"url":"https:\/\/www.visit-ulcinj.com\/blog\/author\/admin\/"}]}},"jetpack_featured_media_url":"","jetpack_sharing_enabled":true,"jetpack_shortlink":"https:\/\/wp.me\/pe6lTn-4Uj","_links":{"self":[{"href":"https:\/\/www.visit-ulcinj.com\/blog\/wp-json\/wp\/v2\/posts\/18867"}],"collection":[{"href":"https:\/\/www.visit-ulcinj.com\/blog\/wp-json\/wp\/v2\/posts"}],"about":[{"href":"https:\/\/www.visit-ulcinj.com\/blog\/wp-json\/wp\/v2\/types\/post"}],"author":[{"embeddable":true,"href":"https:\/\/www.visit-ulcinj.com\/blog\/wp-json\/wp\/v2\/users\/1"}],"replies":[{"embeddable":true,"href":"https:\/\/www.visit-ulcinj.com\/blog\/wp-json\/wp\/v2\/comments?post=18867"}],"version-history":[{"count":0,"href":"https:\/\/www.visit-ulcinj.com\/blog\/wp-json\/wp\/v2\/posts\/18867\/revisions"}],"wp:attachment":[{"href":"https:\/\/www.visit-ulcinj.com\/blog\/wp-json\/wp\/v2\/media?parent=18867"}],"wp:term":[{"taxonomy":"category","embeddable":true,"href":"https:\/\/www.visit-ulcinj.com\/blog\/wp-json\/wp\/v2\/categories?post=18867"},{"taxonomy":"post_tag","embeddable":true,"href":"https:\/\/www.visit-ulcinj.com\/blog\/wp-json\/wp\/v2\/tags?post=18867"}],"curies":[{"name":"wp","href":"https:\/\/api.w.org\/{rel}","templated":true}]}}