{"id":18887,"date":"2009-04-23T23:11:33","date_gmt":"2009-04-23T21:11:33","guid":{"rendered":"http:\/\/www.visit-ulcinj.com\/blog\/?p=18887"},"modified":"2009-04-23T23:11:33","modified_gmt":"2009-04-23T21:11:33","slug":"anjeza-kaluam-shume-mire","status":"publish","type":"post","link":"https:\/\/www.visit-ulcinj.com\/blog\/2009\/04\/23\/anjeza-kaluam-shume-mire\/","title":{"rendered":"Anjeza : Kaluam shum\u00eb mir\u00eb"},"content":{"rendered":"<p><em><span class=\"newsdate\"><a href=\"http:\/\/www.visit-ulcinj.com\/blog\/wp-content\/uploads\/2009\/04\/anjeza-22pril.jpg\"><img loading=\"lazy\" class=\"alignleft size-full wp-image-18888\" title=\"anjeza-22pril-big-brother-albania-2\" src=\"http:\/\/www.visit-ulcinj.com\/blog\/wp-content\/uploads\/2009\/04\/anjeza-22pril.jpg\" alt=\"anjeza-22pril-big-brother-albania-2\" width=\"300\" height=\"205\" \/><\/a>22\/04\/09 03:20<\/span><\/em><\/p>\n<p>\u201cKaluam shum\u00eb mir\u00eb!\u201d \u2013 ka komentuar Anjeza me Jun\u00ebn, Mimoz\u00ebn dhe Eltonin, momentet e kaluara jasht\u00eb me Arjonin, me rastin e dit\u00eblindjes s\u00eb tij. Ajo tha gjithashtu se kishin biseduar mbi gj\u00ebra q\u00eb nuk ia kishin th\u00ebn\u00eb m\u00eb par\u00eb nj\u00ebri-tjetrit. \u201cEdhe nes\u00ebr do t\u00eb k\u00ebnaqemi!\u201d \u2013 i ka th\u00ebn\u00eb Mimoza duke n\u00ebnkuptuar drek\u00ebn q\u00eb banor\u00ebt do t\u00eb organizojn\u00eb me rastin e dit\u00eblindjes s\u00eb Arjonit. \u201cAkoma s\u2019e kam marr\u00eb veten!\u201d \u2013 ka th\u00ebn\u00eb Anjeza. \u201cKaq shum\u00eb gj\u00ebra paskeni th\u00ebn\u00eb?- e ka pyetur Eltoni. \u201cShum\u00eb\u201d- i \u00ebsht\u00eb p\u00ebrgjigjur ajo. \u201cDas\u00ebm \u00e7una!\u201d \u2013 ka th\u00ebn\u00eb me shaka Juna. \u201cJo moj jo, thjesht u emocionova!\u201d- ia kthen Anjeza. N\u00eb m\u00ebngjes ajo i ka b\u00ebr\u00eb dhurat\u00eb Arjonit, nj\u00eb bluz\u00eb q\u00eb ai e ka p\u00eblqyer shum\u00eb.<\/p>\n","protected":false},"excerpt":{"rendered":"<p>22\/04\/09 03:20 \u201cKaluam shum\u00eb mir\u00eb!\u201d \u2013 ka komentuar Anjeza me Jun\u00ebn, Mimoz\u00ebn dhe Eltonin, momentet e kaluara jasht\u00eb me Arjonin, me rastin e dit\u00eblindjes s\u00eb tij. Ajo tha gjithashtu se kishin biseduar mbi gj\u00ebra q\u00eb nuk ia kishin th\u00ebn\u00eb m\u00eb par\u00eb nj\u00ebri-tjetrit. \u201cEdhe nes\u00ebr do t\u00eb k\u00ebnaqemi!\u201d \u2013 i ka th\u00ebn\u00eb Mimoza duke n\u00ebnkuptuar drek\u00ebn [&hellip;]<\/p>\n","protected":false},"author":1,"featured_media":0,"comment_status":"open","ping_status":"closed","sticky":false,"template":"","format":"standard","meta":{"spay_email":"","jetpack_publicize_message":"","jetpack_is_tweetstorm":false,"jetpack_publicize_feature_enabled":true},"categories":[6502],"tags":[8289,6525,5057,6506,6516,6712,7129,9116,1442,9011,6544,6891,6693,6887],"jetpack_publicize_connections":[],"yoast_head":"<!-- This site is optimized with the Yoast SEO plugin v19.1 - https:\/\/yoast.com\/wordpress\/plugins\/seo\/ -->\n<title>Anjeza : Kaluam shum\u00eb mir\u00eb - Lajme nga Ulqini<\/title>\n<meta name=\"description\" content=\"22\/04\/09 03:20 \u201cKaluam shum\u00eb mir\u00eb!\u201d \u2013 ka komentuar Anjeza me Jun\u00ebn, Mimoz\u00ebn dhe Eltonin, momentet e kaluara jasht\u00eb me Arjonin, me rastin e dit\u00eblindjes s\u00eb\" \/>\n<meta name=\"robots\" content=\"index, follow, max-snippet:-1, max-image-preview:large, max-video-preview:-1\" \/>\n<link rel=\"canonical\" href=\"https:\/\/www.visit-ulcinj.com\/blog\/2009\/04\/23\/anjeza-kaluam-shume-mire\/\" \/>\n<meta property=\"og:locale\" content=\"en_US\" \/>\n<meta property=\"og:type\" content=\"article\" \/>\n<meta property=\"og:title\" content=\"Anjeza : Kaluam shum\u00eb mir\u00eb - Lajme nga Ulqini\" \/>\n<meta property=\"og:description\" content=\"22\/04\/09 03:20 \u201cKaluam shum\u00eb mir\u00eb!\u201d \u2013 ka komentuar Anjeza me Jun\u00ebn, Mimoz\u00ebn dhe Eltonin, momentet e kaluara jasht\u00eb me Arjonin, me rastin e dit\u00eblindjes s\u00eb\" \/>\n<meta property=\"og:url\" content=\"https:\/\/www.visit-ulcinj.com\/blog\/2009\/04\/23\/anjeza-kaluam-shume-mire\/\" \/>\n<meta property=\"og:site_name\" content=\"Lajme nga Ulqini\" \/>\n<meta property=\"article:published_time\" content=\"2009-04-23T21:11:33+00:00\" \/>\n<meta property=\"og:image\" content=\"http:\/\/www.visit-ulcinj.com\/blog\/wp-content\/uploads\/2009\/04\/anjeza-22pril.jpg\" \/>\n<meta name=\"twitter:label1\" content=\"Written by\" \/>\n\t<meta name=\"twitter:data1\" content=\"ulqini\" \/>\n\t<meta name=\"twitter:label2\" content=\"Est. reading time\" \/>\n\t<meta name=\"twitter:data2\" content=\"1 minute\" \/>\n<script type=\"application\/ld+json\" class=\"yoast-schema-graph\">{\"@context\":\"https:\/\/schema.org\",\"@graph\":[{\"@type\":\"WebSite\",\"@id\":\"https:\/\/www.visit-ulcinj.com\/blog\/#website\",\"url\":\"https:\/\/www.visit-ulcinj.com\/blog\/\",\"name\":\"Lajme nga Ulqini\",\"description\":\"Lajme,Vijesti,Ulqini,Ulqin,Crna Gora,Mali i Zi\",\"potentialAction\":[{\"@type\":\"SearchAction\",\"target\":{\"@type\":\"EntryPoint\",\"urlTemplate\":\"https:\/\/www.visit-ulcinj.com\/blog\/?s={search_term_string}\"},\"query-input\":\"required name=search_term_string\"}],\"inLanguage\":\"en-US\"},{\"@type\":\"ImageObject\",\"inLanguage\":\"en-US\",\"@id\":\"https:\/\/www.visit-ulcinj.com\/blog\/2009\/04\/23\/anjeza-kaluam-shume-mire\/#primaryimage\",\"url\":\"http:\/\/www.visit-ulcinj.com\/blog\/wp-content\/uploads\/2009\/04\/anjeza-22pril.jpg\",\"contentUrl\":\"http:\/\/www.visit-ulcinj.com\/blog\/wp-content\/uploads\/2009\/04\/anjeza-22pril.jpg\"},{\"@type\":\"WebPage\",\"@id\":\"https:\/\/www.visit-ulcinj.com\/blog\/2009\/04\/23\/anjeza-kaluam-shume-mire\/#webpage\",\"url\":\"https:\/\/www.visit-ulcinj.com\/blog\/2009\/04\/23\/anjeza-kaluam-shume-mire\/\",\"name\":\"Anjeza : Kaluam shum\u00eb mir\u00eb - Lajme nga Ulqini\",\"isPartOf\":{\"@id\":\"https:\/\/www.visit-ulcinj.com\/blog\/#website\"},\"primaryImageOfPage\":{\"@id\":\"https:\/\/www.visit-ulcinj.com\/blog\/2009\/04\/23\/anjeza-kaluam-shume-mire\/#primaryimage\"},\"datePublished\":\"2009-04-23T21:11:33+00:00\",\"dateModified\":\"2009-04-23T21:11:33+00:00\",\"author\":{\"@id\":\"https:\/\/www.visit-ulcinj.com\/blog\/#\/schema\/person\/dcab619c614d3038751c63bc2aadc06d\"},\"description\":\"22\/04\/09 03:20 \u201cKaluam shum\u00eb mir\u00eb!\u201d \u2013 ka komentuar Anjeza me Jun\u00ebn, Mimoz\u00ebn dhe Eltonin, momentet e kaluara jasht\u00eb me Arjonin, me rastin e dit\u00eblindjes s\u00eb\",\"breadcrumb\":{\"@id\":\"https:\/\/www.visit-ulcinj.com\/blog\/2009\/04\/23\/anjeza-kaluam-shume-mire\/#breadcrumb\"},\"inLanguage\":\"en-US\",\"potentialAction\":[{\"@type\":\"ReadAction\",\"target\":[\"https:\/\/www.visit-ulcinj.com\/blog\/2009\/04\/23\/anjeza-kaluam-shume-mire\/\"]}]},{\"@type\":\"BreadcrumbList\",\"@id\":\"https:\/\/www.visit-ulcinj.com\/blog\/2009\/04\/23\/anjeza-kaluam-shume-mire\/#breadcrumb\",\"itemListElement\":[{\"@type\":\"ListItem\",\"position\":1,\"name\":\"Anjeza : Kaluam shum\u00eb mir\u00eb\"}]},{\"@type\":\"Person\",\"@id\":\"https:\/\/www.visit-ulcinj.com\/blog\/#\/schema\/person\/dcab619c614d3038751c63bc2aadc06d\",\"name\":\"ulqini\",\"sameAs\":[\"http:\/\/www.visit-ulcinj.com\"],\"url\":\"https:\/\/www.visit-ulcinj.com\/blog\/author\/admin\/\"}]}<\/script>\n<!-- \/ Yoast SEO plugin. -->","yoast_head_json":{"title":"Anjeza : Kaluam shum\u00eb mir\u00eb - Lajme nga Ulqini","description":"22\/04\/09 03:20 \u201cKaluam shum\u00eb mir\u00eb!\u201d \u2013 ka komentuar Anjeza me Jun\u00ebn, Mimoz\u00ebn dhe Eltonin, momentet e kaluara jasht\u00eb me Arjonin, me rastin e dit\u00eblindjes s\u00eb","robots":{"index":"index","follow":"follow","max-snippet":"max-snippet:-1","max-image-preview":"max-image-preview:large","max-video-preview":"max-video-preview:-1"},"canonical":"https:\/\/www.visit-ulcinj.com\/blog\/2009\/04\/23\/anjeza-kaluam-shume-mire\/","og_locale":"en_US","og_type":"article","og_title":"Anjeza : Kaluam shum\u00eb mir\u00eb - Lajme nga Ulqini","og_description":"22\/04\/09 03:20 \u201cKaluam shum\u00eb mir\u00eb!\u201d \u2013 ka komentuar Anjeza me Jun\u00ebn, Mimoz\u00ebn dhe Eltonin, momentet e kaluara jasht\u00eb me Arjonin, me rastin e dit\u00eblindjes s\u00eb","og_url":"https:\/\/www.visit-ulcinj.com\/blog\/2009\/04\/23\/anjeza-kaluam-shume-mire\/","og_site_name":"Lajme nga Ulqini","article_published_time":"2009-04-23T21:11:33+00:00","og_image":[{"url":"http:\/\/www.visit-ulcinj.com\/blog\/wp-content\/uploads\/2009\/04\/anjeza-22pril.jpg"}],"twitter_misc":{"Written by":"ulqini","Est. reading time":"1 minute"},"schema":{"@context":"https:\/\/schema.org","@graph":[{"@type":"WebSite","@id":"https:\/\/www.visit-ulcinj.com\/blog\/#website","url":"https:\/\/www.visit-ulcinj.com\/blog\/","name":"Lajme nga Ulqini","description":"Lajme,Vijesti,Ulqini,Ulqin,Crna Gora,Mali i Zi","potentialAction":[{"@type":"SearchAction","target":{"@type":"EntryPoint","urlTemplate":"https:\/\/www.visit-ulcinj.com\/blog\/?s={search_term_string}"},"query-input":"required name=search_term_string"}],"inLanguage":"en-US"},{"@type":"ImageObject","inLanguage":"en-US","@id":"https:\/\/www.visit-ulcinj.com\/blog\/2009\/04\/23\/anjeza-kaluam-shume-mire\/#primaryimage","url":"http:\/\/www.visit-ulcinj.com\/blog\/wp-content\/uploads\/2009\/04\/anjeza-22pril.jpg","contentUrl":"http:\/\/www.visit-ulcinj.com\/blog\/wp-content\/uploads\/2009\/04\/anjeza-22pril.jpg"},{"@type":"WebPage","@id":"https:\/\/www.visit-ulcinj.com\/blog\/2009\/04\/23\/anjeza-kaluam-shume-mire\/#webpage","url":"https:\/\/www.visit-ulcinj.com\/blog\/2009\/04\/23\/anjeza-kaluam-shume-mire\/","name":"Anjeza : Kaluam shum\u00eb mir\u00eb - Lajme nga Ulqini","isPartOf":{"@id":"https:\/\/www.visit-ulcinj.com\/blog\/#website"},"primaryImageOfPage":{"@id":"https:\/\/www.visit-ulcinj.com\/blog\/2009\/04\/23\/anjeza-kaluam-shume-mire\/#primaryimage"},"datePublished":"2009-04-23T21:11:33+00:00","dateModified":"2009-04-23T21:11:33+00:00","author":{"@id":"https:\/\/www.visit-ulcinj.com\/blog\/#\/schema\/person\/dcab619c614d3038751c63bc2aadc06d"},"description":"22\/04\/09 03:20 \u201cKaluam shum\u00eb mir\u00eb!\u201d \u2013 ka komentuar Anjeza me Jun\u00ebn, Mimoz\u00ebn dhe Eltonin, momentet e kaluara jasht\u00eb me Arjonin, me rastin e dit\u00eblindjes s\u00eb","breadcrumb":{"@id":"https:\/\/www.visit-ulcinj.com\/blog\/2009\/04\/23\/anjeza-kaluam-shume-mire\/#breadcrumb"},"inLanguage":"en-US","potentialAction":[{"@type":"ReadAction","target":["https:\/\/www.visit-ulcinj.com\/blog\/2009\/04\/23\/anjeza-kaluam-shume-mire\/"]}]},{"@type":"BreadcrumbList","@id":"https:\/\/www.visit-ulcinj.com\/blog\/2009\/04\/23\/anjeza-kaluam-shume-mire\/#breadcrumb","itemListElement":[{"@type":"ListItem","position":1,"name":"Anjeza : Kaluam shum\u00eb mir\u00eb"}]},{"@type":"Person","@id":"https:\/\/www.visit-ulcinj.com\/blog\/#\/schema\/person\/dcab619c614d3038751c63bc2aadc06d","name":"ulqini","sameAs":["http:\/\/www.visit-ulcinj.com"],"url":"https:\/\/www.visit-ulcinj.com\/blog\/author\/admin\/"}]}},"jetpack_featured_media_url":"","jetpack_sharing_enabled":true,"jetpack_shortlink":"https:\/\/wp.me\/pe6lTn-4UD","_links":{"self":[{"href":"https:\/\/www.visit-ulcinj.com\/blog\/wp-json\/wp\/v2\/posts\/18887"}],"collection":[{"href":"https:\/\/www.visit-ulcinj.com\/blog\/wp-json\/wp\/v2\/posts"}],"about":[{"href":"https:\/\/www.visit-ulcinj.com\/blog\/wp-json\/wp\/v2\/types\/post"}],"author":[{"embeddable":true,"href":"https:\/\/www.visit-ulcinj.com\/blog\/wp-json\/wp\/v2\/users\/1"}],"replies":[{"embeddable":true,"href":"https:\/\/www.visit-ulcinj.com\/blog\/wp-json\/wp\/v2\/comments?post=18887"}],"version-history":[{"count":0,"href":"https:\/\/www.visit-ulcinj.com\/blog\/wp-json\/wp\/v2\/posts\/18887\/revisions"}],"wp:attachment":[{"href":"https:\/\/www.visit-ulcinj.com\/blog\/wp-json\/wp\/v2\/media?parent=18887"}],"wp:term":[{"taxonomy":"category","embeddable":true,"href":"https:\/\/www.visit-ulcinj.com\/blog\/wp-json\/wp\/v2\/categories?post=18887"},{"taxonomy":"post_tag","embeddable":true,"href":"https:\/\/www.visit-ulcinj.com\/blog\/wp-json\/wp\/v2\/tags?post=18887"}],"curies":[{"name":"wp","href":"https:\/\/api.w.org\/{rel}","templated":true}]}}