{"id":18894,"date":"2009-04-23T23:45:47","date_gmt":"2009-04-23T21:45:47","guid":{"rendered":"http:\/\/www.visit-ulcinj.com\/blog\/?p=18894"},"modified":"2009-04-23T23:45:47","modified_gmt":"2009-04-23T21:45:47","slug":"pergjegjesia-e-adeles","status":"publish","type":"post","link":"https:\/\/www.visit-ulcinj.com\/blog\/2009\/04\/23\/pergjegjesia-e-adeles\/","title":{"rendered":"P\u00ebrgjegj\u00ebsia e Adel\u00ebs"},"content":{"rendered":"<p><em><span class=\"newsdate\"><a href=\"http:\/\/www.visit-ulcinj.com\/blog\/wp-content\/uploads\/2009\/04\/pastertia-22p.jpg\"><img loading=\"lazy\" class=\"alignleft size-full wp-image-18895\" title=\"pastertia-22p\" src=\"http:\/\/www.visit-ulcinj.com\/blog\/wp-content\/uploads\/2009\/04\/pastertia-22p.jpg\" alt=\"pastertia-22p\" width=\"300\" height=\"205\" \/><\/a>22\/04\/09 13:33<\/span><\/em><\/p>\n<p>Eltoni \u00ebsht\u00eb i nxehur me Adel\u00ebn sepse nuk kujdeset p\u00ebr past\u00ebrtin\u00eb e sht\u00ebpis\u00eb. Ai u tregon banor\u00ebve kutin\u00eb e kosit dhe lug\u00ebn q\u00eb Adela e kishte ngr\u00ebn\u00eb para tre dit\u00ebsh dhe q\u00eb ende ndodhet n\u00eb kuzhin\u00eb. Eltoni tregon se pak m\u00eb par\u00eb i kishte th\u00ebn\u00eb asaj q\u00eb ta hiqte, por Adela ia kishte kthyer se ishte m\u00ebsuar q\u00eb t\u2019ia hiqte gjithmon\u00eb Adi kur ajo i linte ashtu. Sipas tij, ajo duhet ta b\u00ebj\u00eb vet\u00eb k\u00ebt\u00eb gj\u00eb e t\u00eb mos pres\u00eb nga t\u00eb tjer\u00ebt, pasi nuk do t\u00eb b\u00ebhen djemt\u00eb vajza e vajzat djem. Juna e kund\u00ebrshton p\u00ebr konceptin e gabuar q\u00eb thot\u00eb sepse kjo gj\u00eb, sipas saj, nuk asnj\u00eb lidhje me t\u00eb q\u00ebnurit vajz\u00eb apo djal\u00eb, pasi t\u00eb gjith\u00eb duhet t\u00eb mbajn\u00eb p\u00ebrgjegj\u00ebsit\u00eb e tyre. Anjeza i thot\u00eb q\u00eb asnj\u00eb t\u00eb mos ta marr\u00eb deri sa ajo ta heq\u00eb vet\u00eb dhe n\u00ebse do duhet ta pastrojn\u00eb vendin, at\u00eb mos ta heqin. Ajo tregon se n\u00eb fillim e kishte biseduar k\u00ebt\u00eb argument me banor\u00ebt dhe ata ia kishin kthyer me t\u00eb madhe se secili shikon pun\u00ebt e veta. Ajo sjell disa shembuj p\u00ebr t\u00eb cilat kishte debatuar q\u00eb n\u00eb fillim t\u00eb q\u00ebndrimit t\u00eb saj n\u00eb sht\u00ebpi, por pa rezultat. Ari i thot\u00eb Eltonit q\u00eb t\u2019ia thot\u00eb k\u00ebt\u00eb gj\u00eb edhe Adel\u00ebs dhe ai i rithot\u00eb se ajo u tregua indiferente ndja v\u00ebrejtjes s\u00eb tij. Eltoni ka nd\u00ebr mend q\u00eb ta coj\u00eb deri n\u00eb fund k\u00ebt\u00eb c\u00ebshtje sepse past\u00ebrtia \u00ebsht\u00eb p\u00ebrgjegj\u00ebsi e t\u00eb gjith\u00ebve. Ai thot\u00eb se kur t\u00eb gjej\u00eb dicka q\u00eb nuk \u00ebsht\u00eb n\u00eb vendin e duhur, do ta marr\u00eb e do t\u00eb hedh\u00eb n\u00eb kosh, deri sa banor\u00ebt t\u00eb m\u00ebsohen me rregull dhe past\u00ebrti.<\/p>\n","protected":false},"excerpt":{"rendered":"<p>22\/04\/09 13:33 Eltoni \u00ebsht\u00eb i nxehur me Adel\u00ebn sepse nuk kujdeset p\u00ebr past\u00ebrtin\u00eb e sht\u00ebpis\u00eb. Ai u tregon banor\u00ebve kutin\u00eb e kosit dhe lug\u00ebn q\u00eb Adela e kishte ngr\u00ebn\u00eb para tre dit\u00ebsh dhe q\u00eb ende ndodhet n\u00eb kuzhin\u00eb. Eltoni tregon se pak m\u00eb par\u00eb i kishte th\u00ebn\u00eb asaj q\u00eb ta hiqte, por Adela ia kishte [&hellip;]<\/p>\n","protected":false},"author":1,"featured_media":0,"comment_status":"open","ping_status":"closed","sticky":false,"template":"","format":"standard","meta":{"spay_email":"","jetpack_publicize_message":"","jetpack_is_tweetstorm":false,"jetpack_publicize_feature_enabled":true},"categories":[6502],"tags":[6529,5057,6506,6516,6712,7129,6522,9116,1442,9011,6544,9494,6891,6693,6887],"jetpack_publicize_connections":[],"yoast_head":"<!-- This site is optimized with the Yoast SEO plugin v19.1 - https:\/\/yoast.com\/wordpress\/plugins\/seo\/ -->\n<title>P\u00c3\u00abrgjegj\u00c3\u00absia e Adel\u00c3\u00abs | Big Brother Albania 2<\/title>\n<meta name=\"description\" content=\"Big Brother Albania 2 - Eltoni \u00c3\u00absht\u00c3\u00ab i nxehur me Adel\u00c3\u00abn sepse nuk kujdeset p\u00c3\u00abr past\u00c3\u00abrtin\u00c3\u00ab e sht\u00c3\u00abpis\u00c3\u00ab. Ai u tregon banor\u00c3\u00abve kutin\u00c3\u00ab e kosit dhe lug\u00c3\u00abn q\u00c3\u00ab Adela e kishte ngr\u00c3\u00abn\u00c3\u00ab para tre dit\u00c3\u00absh dhe q\u00c3\u00ab ende ndodhet n\u00c3\u00ab kuzhin\u00c3\u00ab.\" \/>\n<meta name=\"robots\" content=\"index, follow, max-snippet:-1, max-image-preview:large, max-video-preview:-1\" \/>\n<link rel=\"canonical\" href=\"https:\/\/www.visit-ulcinj.com\/blog\/2009\/04\/23\/pergjegjesia-e-adeles\/\" \/>\n<meta property=\"og:locale\" content=\"en_US\" \/>\n<meta property=\"og:type\" content=\"article\" \/>\n<meta property=\"og:title\" content=\"P\u00c3\u00abrgjegj\u00c3\u00absia e Adel\u00c3\u00abs | Big Brother Albania 2\" \/>\n<meta property=\"og:description\" content=\"Big Brother Albania 2 - Eltoni \u00c3\u00absht\u00c3\u00ab i nxehur me Adel\u00c3\u00abn sepse nuk kujdeset p\u00c3\u00abr past\u00c3\u00abrtin\u00c3\u00ab e sht\u00c3\u00abpis\u00c3\u00ab. Ai u tregon banor\u00c3\u00abve kutin\u00c3\u00ab e kosit dhe lug\u00c3\u00abn q\u00c3\u00ab Adela e kishte ngr\u00c3\u00abn\u00c3\u00ab para tre dit\u00c3\u00absh dhe q\u00c3\u00ab ende ndodhet n\u00c3\u00ab kuzhin\u00c3\u00ab.\" \/>\n<meta property=\"og:url\" content=\"https:\/\/www.visit-ulcinj.com\/blog\/2009\/04\/23\/pergjegjesia-e-adeles\/\" \/>\n<meta property=\"og:site_name\" content=\"Lajme nga Ulqini\" \/>\n<meta property=\"article:published_time\" content=\"2009-04-23T21:45:47+00:00\" \/>\n<meta property=\"og:image\" content=\"http:\/\/www.visit-ulcinj.com\/blog\/wp-content\/uploads\/2009\/04\/pastertia-22p.jpg\" \/>\n<meta name=\"twitter:label1\" content=\"Written by\" \/>\n\t<meta name=\"twitter:data1\" content=\"ulqini\" \/>\n\t<meta name=\"twitter:label2\" content=\"Est. reading time\" \/>\n\t<meta name=\"twitter:data2\" content=\"2 minutes\" \/>\n<script type=\"application\/ld+json\" class=\"yoast-schema-graph\">{\"@context\":\"https:\/\/schema.org\",\"@graph\":[{\"@type\":\"WebSite\",\"@id\":\"https:\/\/www.visit-ulcinj.com\/blog\/#website\",\"url\":\"https:\/\/www.visit-ulcinj.com\/blog\/\",\"name\":\"Lajme nga Ulqini\",\"description\":\"Lajme,Vijesti,Ulqini,Ulqin,Crna Gora,Mali i Zi\",\"potentialAction\":[{\"@type\":\"SearchAction\",\"target\":{\"@type\":\"EntryPoint\",\"urlTemplate\":\"https:\/\/www.visit-ulcinj.com\/blog\/?s={search_term_string}\"},\"query-input\":\"required name=search_term_string\"}],\"inLanguage\":\"en-US\"},{\"@type\":\"ImageObject\",\"inLanguage\":\"en-US\",\"@id\":\"https:\/\/www.visit-ulcinj.com\/blog\/2009\/04\/23\/pergjegjesia-e-adeles\/#primaryimage\",\"url\":\"http:\/\/www.visit-ulcinj.com\/blog\/wp-content\/uploads\/2009\/04\/pastertia-22p.jpg\",\"contentUrl\":\"http:\/\/www.visit-ulcinj.com\/blog\/wp-content\/uploads\/2009\/04\/pastertia-22p.jpg\"},{\"@type\":\"WebPage\",\"@id\":\"https:\/\/www.visit-ulcinj.com\/blog\/2009\/04\/23\/pergjegjesia-e-adeles\/#webpage\",\"url\":\"https:\/\/www.visit-ulcinj.com\/blog\/2009\/04\/23\/pergjegjesia-e-adeles\/\",\"name\":\"P\u00c3\u00abrgjegj\u00c3\u00absia e Adel\u00c3\u00abs | Big Brother Albania 2\",\"isPartOf\":{\"@id\":\"https:\/\/www.visit-ulcinj.com\/blog\/#website\"},\"primaryImageOfPage\":{\"@id\":\"https:\/\/www.visit-ulcinj.com\/blog\/2009\/04\/23\/pergjegjesia-e-adeles\/#primaryimage\"},\"datePublished\":\"2009-04-23T21:45:47+00:00\",\"dateModified\":\"2009-04-23T21:45:47+00:00\",\"author\":{\"@id\":\"https:\/\/www.visit-ulcinj.com\/blog\/#\/schema\/person\/dcab619c614d3038751c63bc2aadc06d\"},\"description\":\"Big Brother Albania 2 - Eltoni \u00c3\u00absht\u00c3\u00ab i nxehur me Adel\u00c3\u00abn sepse nuk kujdeset p\u00c3\u00abr past\u00c3\u00abrtin\u00c3\u00ab e sht\u00c3\u00abpis\u00c3\u00ab. Ai u tregon banor\u00c3\u00abve kutin\u00c3\u00ab e kosit dhe lug\u00c3\u00abn q\u00c3\u00ab Adela e kishte ngr\u00c3\u00abn\u00c3\u00ab para tre dit\u00c3\u00absh dhe q\u00c3\u00ab ende ndodhet n\u00c3\u00ab kuzhin\u00c3\u00ab.\",\"breadcrumb\":{\"@id\":\"https:\/\/www.visit-ulcinj.com\/blog\/2009\/04\/23\/pergjegjesia-e-adeles\/#breadcrumb\"},\"inLanguage\":\"en-US\",\"potentialAction\":[{\"@type\":\"ReadAction\",\"target\":[\"https:\/\/www.visit-ulcinj.com\/blog\/2009\/04\/23\/pergjegjesia-e-adeles\/\"]}]},{\"@type\":\"BreadcrumbList\",\"@id\":\"https:\/\/www.visit-ulcinj.com\/blog\/2009\/04\/23\/pergjegjesia-e-adeles\/#breadcrumb\",\"itemListElement\":[{\"@type\":\"ListItem\",\"position\":1,\"name\":\"P\u00ebrgjegj\u00ebsia e Adel\u00ebs\"}]},{\"@type\":\"Person\",\"@id\":\"https:\/\/www.visit-ulcinj.com\/blog\/#\/schema\/person\/dcab619c614d3038751c63bc2aadc06d\",\"name\":\"ulqini\",\"sameAs\":[\"http:\/\/www.visit-ulcinj.com\"],\"url\":\"https:\/\/www.visit-ulcinj.com\/blog\/author\/admin\/\"}]}<\/script>\n<!-- \/ Yoast SEO plugin. -->","yoast_head_json":{"title":"P\u00c3\u00abrgjegj\u00c3\u00absia e Adel\u00c3\u00abs | Big Brother Albania 2","description":"Big Brother Albania 2 - Eltoni \u00c3\u00absht\u00c3\u00ab i nxehur me Adel\u00c3\u00abn sepse nuk kujdeset p\u00c3\u00abr past\u00c3\u00abrtin\u00c3\u00ab e sht\u00c3\u00abpis\u00c3\u00ab. Ai u tregon banor\u00c3\u00abve kutin\u00c3\u00ab e kosit dhe lug\u00c3\u00abn q\u00c3\u00ab Adela e kishte ngr\u00c3\u00abn\u00c3\u00ab para tre dit\u00c3\u00absh dhe q\u00c3\u00ab ende ndodhet n\u00c3\u00ab kuzhin\u00c3\u00ab.","robots":{"index":"index","follow":"follow","max-snippet":"max-snippet:-1","max-image-preview":"max-image-preview:large","max-video-preview":"max-video-preview:-1"},"canonical":"https:\/\/www.visit-ulcinj.com\/blog\/2009\/04\/23\/pergjegjesia-e-adeles\/","og_locale":"en_US","og_type":"article","og_title":"P\u00c3\u00abrgjegj\u00c3\u00absia e Adel\u00c3\u00abs | Big Brother Albania 2","og_description":"Big Brother Albania 2 - Eltoni \u00c3\u00absht\u00c3\u00ab i nxehur me Adel\u00c3\u00abn sepse nuk kujdeset p\u00c3\u00abr past\u00c3\u00abrtin\u00c3\u00ab e sht\u00c3\u00abpis\u00c3\u00ab. Ai u tregon banor\u00c3\u00abve kutin\u00c3\u00ab e kosit dhe lug\u00c3\u00abn q\u00c3\u00ab Adela e kishte ngr\u00c3\u00abn\u00c3\u00ab para tre dit\u00c3\u00absh dhe q\u00c3\u00ab ende ndodhet n\u00c3\u00ab kuzhin\u00c3\u00ab.","og_url":"https:\/\/www.visit-ulcinj.com\/blog\/2009\/04\/23\/pergjegjesia-e-adeles\/","og_site_name":"Lajme nga Ulqini","article_published_time":"2009-04-23T21:45:47+00:00","og_image":[{"url":"http:\/\/www.visit-ulcinj.com\/blog\/wp-content\/uploads\/2009\/04\/pastertia-22p.jpg"}],"twitter_misc":{"Written by":"ulqini","Est. reading time":"2 minutes"},"schema":{"@context":"https:\/\/schema.org","@graph":[{"@type":"WebSite","@id":"https:\/\/www.visit-ulcinj.com\/blog\/#website","url":"https:\/\/www.visit-ulcinj.com\/blog\/","name":"Lajme nga Ulqini","description":"Lajme,Vijesti,Ulqini,Ulqin,Crna Gora,Mali i Zi","potentialAction":[{"@type":"SearchAction","target":{"@type":"EntryPoint","urlTemplate":"https:\/\/www.visit-ulcinj.com\/blog\/?s={search_term_string}"},"query-input":"required name=search_term_string"}],"inLanguage":"en-US"},{"@type":"ImageObject","inLanguage":"en-US","@id":"https:\/\/www.visit-ulcinj.com\/blog\/2009\/04\/23\/pergjegjesia-e-adeles\/#primaryimage","url":"http:\/\/www.visit-ulcinj.com\/blog\/wp-content\/uploads\/2009\/04\/pastertia-22p.jpg","contentUrl":"http:\/\/www.visit-ulcinj.com\/blog\/wp-content\/uploads\/2009\/04\/pastertia-22p.jpg"},{"@type":"WebPage","@id":"https:\/\/www.visit-ulcinj.com\/blog\/2009\/04\/23\/pergjegjesia-e-adeles\/#webpage","url":"https:\/\/www.visit-ulcinj.com\/blog\/2009\/04\/23\/pergjegjesia-e-adeles\/","name":"P\u00c3\u00abrgjegj\u00c3\u00absia e Adel\u00c3\u00abs | Big Brother Albania 2","isPartOf":{"@id":"https:\/\/www.visit-ulcinj.com\/blog\/#website"},"primaryImageOfPage":{"@id":"https:\/\/www.visit-ulcinj.com\/blog\/2009\/04\/23\/pergjegjesia-e-adeles\/#primaryimage"},"datePublished":"2009-04-23T21:45:47+00:00","dateModified":"2009-04-23T21:45:47+00:00","author":{"@id":"https:\/\/www.visit-ulcinj.com\/blog\/#\/schema\/person\/dcab619c614d3038751c63bc2aadc06d"},"description":"Big Brother Albania 2 - Eltoni \u00c3\u00absht\u00c3\u00ab i nxehur me Adel\u00c3\u00abn sepse nuk kujdeset p\u00c3\u00abr past\u00c3\u00abrtin\u00c3\u00ab e sht\u00c3\u00abpis\u00c3\u00ab. Ai u tregon banor\u00c3\u00abve kutin\u00c3\u00ab e kosit dhe lug\u00c3\u00abn q\u00c3\u00ab Adela e kishte ngr\u00c3\u00abn\u00c3\u00ab para tre dit\u00c3\u00absh dhe q\u00c3\u00ab ende ndodhet n\u00c3\u00ab kuzhin\u00c3\u00ab.","breadcrumb":{"@id":"https:\/\/www.visit-ulcinj.com\/blog\/2009\/04\/23\/pergjegjesia-e-adeles\/#breadcrumb"},"inLanguage":"en-US","potentialAction":[{"@type":"ReadAction","target":["https:\/\/www.visit-ulcinj.com\/blog\/2009\/04\/23\/pergjegjesia-e-adeles\/"]}]},{"@type":"BreadcrumbList","@id":"https:\/\/www.visit-ulcinj.com\/blog\/2009\/04\/23\/pergjegjesia-e-adeles\/#breadcrumb","itemListElement":[{"@type":"ListItem","position":1,"name":"P\u00ebrgjegj\u00ebsia e Adel\u00ebs"}]},{"@type":"Person","@id":"https:\/\/www.visit-ulcinj.com\/blog\/#\/schema\/person\/dcab619c614d3038751c63bc2aadc06d","name":"ulqini","sameAs":["http:\/\/www.visit-ulcinj.com"],"url":"https:\/\/www.visit-ulcinj.com\/blog\/author\/admin\/"}]}},"jetpack_featured_media_url":"","jetpack_sharing_enabled":true,"jetpack_shortlink":"https:\/\/wp.me\/pe6lTn-4UK","_links":{"self":[{"href":"https:\/\/www.visit-ulcinj.com\/blog\/wp-json\/wp\/v2\/posts\/18894"}],"collection":[{"href":"https:\/\/www.visit-ulcinj.com\/blog\/wp-json\/wp\/v2\/posts"}],"about":[{"href":"https:\/\/www.visit-ulcinj.com\/blog\/wp-json\/wp\/v2\/types\/post"}],"author":[{"embeddable":true,"href":"https:\/\/www.visit-ulcinj.com\/blog\/wp-json\/wp\/v2\/users\/1"}],"replies":[{"embeddable":true,"href":"https:\/\/www.visit-ulcinj.com\/blog\/wp-json\/wp\/v2\/comments?post=18894"}],"version-history":[{"count":0,"href":"https:\/\/www.visit-ulcinj.com\/blog\/wp-json\/wp\/v2\/posts\/18894\/revisions"}],"wp:attachment":[{"href":"https:\/\/www.visit-ulcinj.com\/blog\/wp-json\/wp\/v2\/media?parent=18894"}],"wp:term":[{"taxonomy":"category","embeddable":true,"href":"https:\/\/www.visit-ulcinj.com\/blog\/wp-json\/wp\/v2\/categories?post=18894"},{"taxonomy":"post_tag","embeddable":true,"href":"https:\/\/www.visit-ulcinj.com\/blog\/wp-json\/wp\/v2\/tags?post=18894"}],"curies":[{"name":"wp","href":"https:\/\/api.w.org\/{rel}","templated":true}]}}