{"id":18898,"date":"2009-04-23T23:48:12","date_gmt":"2009-04-23T21:48:12","guid":{"rendered":"http:\/\/www.visit-ulcinj.com\/blog\/?p=18898"},"modified":"2009-04-23T23:48:12","modified_gmt":"2009-04-23T21:48:12","slug":"adela-dhe-mimoza-juna-ben-interesanten","status":"publish","type":"post","link":"https:\/\/www.visit-ulcinj.com\/blog\/2009\/04\/23\/adela-dhe-mimoza-juna-ben-interesanten\/","title":{"rendered":"Adela dhe Mimoza : Juna b\u00ebn interesanten"},"content":{"rendered":"<p><em><span class=\"newsdate\"><a href=\"http:\/\/www.visit-ulcinj.com\/blog\/wp-content\/uploads\/2009\/04\/mozaadelathshthper-junen.jpg\"><img loading=\"lazy\" class=\"alignleft size-full wp-image-18897\" title=\"mozaadelathshthper-junen-big-brother-albania-2\" src=\"http:\/\/www.visit-ulcinj.com\/blog\/wp-content\/uploads\/2009\/04\/mozaadelathshthper-junen.jpg\" alt=\"mozaadelathshthper-junen-big-brother-albania-2\" width=\"300\" height=\"205\" \/><\/a>22\/04\/09 14:13<\/span><\/em><\/p>\n<p>Adela dhe Moza komentojn\u00eb m\u00ebnyr\u00ebn e t\u00eb folurit t\u00eb Jun\u00ebs dhe se si i kthen ajo p\u00ebrgjigjet kur ato i thon\u00eb dicka. Adela imiton Jun\u00ebn kur pak m\u00eb par\u00eb i tha q\u00eb t\u00eb merrte rrobat e saja dhe ajo ia kishte kthyer se i kishte marr\u00eb tashm\u00eb. Edhe Moza tregon se ajo ia kthen p\u00ebrgjigjet n\u00eb nj\u00eb m\u00ebnyr\u00eb shum\u00eb t\u00eb prer\u00eb dhe si me bezdi. Adela flet gjith\u00eb inat p\u00ebr Jun\u00ebn dhe thot\u00eb q\u00eb ajo mban nj\u00eb q\u00ebndrim n\u00eb sht\u00ebpi, sikur t\u00eb ishte e zonja e sht\u00ebpis\u00eb. Ajo tregon se kur i k\u00ebrkon dicka p\u00ebr t\u00eb b\u00ebr\u00eb, ajo ia kthen se ka pun\u00eb. Adela thot\u00eb se puna e saj e vetme \u00ebsht\u00eb t\u2019i shkoj\u00eb nga mbrapa Adit. \u201cDo t\u00eb b\u00ebj\u00eb interesanten\u201d- p\u00ebrfundon Moza.<\/p>\n","protected":false},"excerpt":{"rendered":"<p>22\/04\/09 14:13 Adela dhe Moza komentojn\u00eb m\u00ebnyr\u00ebn e t\u00eb folurit t\u00eb Jun\u00ebs dhe se si i kthen ajo p\u00ebrgjigjet kur ato i thon\u00eb dicka. Adela imiton Jun\u00ebn kur pak m\u00eb par\u00eb i tha q\u00eb t\u00eb merrte rrobat e saja dhe ajo ia kishte kthyer se i kishte marr\u00eb tashm\u00eb. Edhe Moza tregon se ajo ia [&hellip;]<\/p>\n","protected":false},"author":1,"featured_media":0,"comment_status":"open","ping_status":"closed","sticky":false,"template":"","format":"standard","meta":{"spay_email":"","jetpack_publicize_message":"","jetpack_is_tweetstorm":false,"jetpack_publicize_feature_enabled":true},"categories":[6502],"tags":[6529,1414,5057,6506,6516,6712,7129,6522,9116,1442,9011,6544,6891,6693,6887],"jetpack_publicize_connections":[],"yoast_head":"<!-- This site is optimized with the Yoast SEO plugin v19.1 - https:\/\/yoast.com\/wordpress\/plugins\/seo\/ -->\n<title>Adela dhe Mimoza : Juna b\u00c3\u00abn interesanten | Big Brother Albania 2<\/title>\n<meta name=\"description\" content=\"Big Brother Albania 2 - Adela dhe Moza komentojn\u00c3\u00ab m\u00c3\u00abnyr\u00c3\u00abn e t\u00c3\u00ab folurit t\u00c3\u00ab Jun\u00c3\u00abs dhe se si i kthen ajo p\u00c3\u00abrgjigjet kur ato i thon\u00c3\u00ab dicka. Adela imiton Jun\u00c3\u00abn kur pak m\u00c3\u00ab par\u00c3\u00ab i tha q\u00c3\u00ab t\u00c3\u00ab merrte rrobat e saja dhe ajo ia kishte kthyer se i kishte marr\u00c3\u00ab tashm\u00c3\u00ab.\" \/>\n<meta name=\"robots\" content=\"index, follow, max-snippet:-1, max-image-preview:large, max-video-preview:-1\" \/>\n<link rel=\"canonical\" href=\"https:\/\/www.visit-ulcinj.com\/blog\/2009\/04\/23\/adela-dhe-mimoza-juna-ben-interesanten\/\" \/>\n<meta property=\"og:locale\" content=\"en_US\" \/>\n<meta property=\"og:type\" content=\"article\" \/>\n<meta property=\"og:title\" content=\"Adela dhe Mimoza : Juna b\u00c3\u00abn interesanten | Big Brother Albania 2\" \/>\n<meta property=\"og:description\" content=\"Big Brother Albania 2 - Adela dhe Moza komentojn\u00c3\u00ab m\u00c3\u00abnyr\u00c3\u00abn e t\u00c3\u00ab folurit t\u00c3\u00ab Jun\u00c3\u00abs dhe se si i kthen ajo p\u00c3\u00abrgjigjet kur ato i thon\u00c3\u00ab dicka. Adela imiton Jun\u00c3\u00abn kur pak m\u00c3\u00ab par\u00c3\u00ab i tha q\u00c3\u00ab t\u00c3\u00ab merrte rrobat e saja dhe ajo ia kishte kthyer se i kishte marr\u00c3\u00ab tashm\u00c3\u00ab.\" \/>\n<meta property=\"og:url\" content=\"https:\/\/www.visit-ulcinj.com\/blog\/2009\/04\/23\/adela-dhe-mimoza-juna-ben-interesanten\/\" \/>\n<meta property=\"og:site_name\" content=\"Lajme nga Ulqini\" \/>\n<meta property=\"article:published_time\" content=\"2009-04-23T21:48:12+00:00\" \/>\n<meta property=\"og:image\" content=\"http:\/\/www.visit-ulcinj.com\/blog\/wp-content\/uploads\/2009\/04\/mozaadelathshthper-junen.jpg\" \/>\n<meta name=\"twitter:label1\" content=\"Written by\" \/>\n\t<meta name=\"twitter:data1\" content=\"ulqini\" \/>\n\t<meta name=\"twitter:label2\" content=\"Est. reading time\" \/>\n\t<meta name=\"twitter:data2\" content=\"1 minute\" \/>\n<script type=\"application\/ld+json\" class=\"yoast-schema-graph\">{\"@context\":\"https:\/\/schema.org\",\"@graph\":[{\"@type\":\"WebSite\",\"@id\":\"https:\/\/www.visit-ulcinj.com\/blog\/#website\",\"url\":\"https:\/\/www.visit-ulcinj.com\/blog\/\",\"name\":\"Lajme nga Ulqini\",\"description\":\"Lajme,Vijesti,Ulqini,Ulqin,Crna Gora,Mali i Zi\",\"potentialAction\":[{\"@type\":\"SearchAction\",\"target\":{\"@type\":\"EntryPoint\",\"urlTemplate\":\"https:\/\/www.visit-ulcinj.com\/blog\/?s={search_term_string}\"},\"query-input\":\"required name=search_term_string\"}],\"inLanguage\":\"en-US\"},{\"@type\":\"ImageObject\",\"inLanguage\":\"en-US\",\"@id\":\"https:\/\/www.visit-ulcinj.com\/blog\/2009\/04\/23\/adela-dhe-mimoza-juna-ben-interesanten\/#primaryimage\",\"url\":\"http:\/\/www.visit-ulcinj.com\/blog\/wp-content\/uploads\/2009\/04\/mozaadelathshthper-junen.jpg\",\"contentUrl\":\"http:\/\/www.visit-ulcinj.com\/blog\/wp-content\/uploads\/2009\/04\/mozaadelathshthper-junen.jpg\"},{\"@type\":\"WebPage\",\"@id\":\"https:\/\/www.visit-ulcinj.com\/blog\/2009\/04\/23\/adela-dhe-mimoza-juna-ben-interesanten\/#webpage\",\"url\":\"https:\/\/www.visit-ulcinj.com\/blog\/2009\/04\/23\/adela-dhe-mimoza-juna-ben-interesanten\/\",\"name\":\"Adela dhe Mimoza : Juna b\u00c3\u00abn interesanten | Big Brother Albania 2\",\"isPartOf\":{\"@id\":\"https:\/\/www.visit-ulcinj.com\/blog\/#website\"},\"primaryImageOfPage\":{\"@id\":\"https:\/\/www.visit-ulcinj.com\/blog\/2009\/04\/23\/adela-dhe-mimoza-juna-ben-interesanten\/#primaryimage\"},\"datePublished\":\"2009-04-23T21:48:12+00:00\",\"dateModified\":\"2009-04-23T21:48:12+00:00\",\"author\":{\"@id\":\"https:\/\/www.visit-ulcinj.com\/blog\/#\/schema\/person\/dcab619c614d3038751c63bc2aadc06d\"},\"description\":\"Big Brother Albania 2 - Adela dhe Moza komentojn\u00c3\u00ab m\u00c3\u00abnyr\u00c3\u00abn e t\u00c3\u00ab folurit t\u00c3\u00ab Jun\u00c3\u00abs dhe se si i kthen ajo p\u00c3\u00abrgjigjet kur ato i thon\u00c3\u00ab dicka. Adela imiton Jun\u00c3\u00abn kur pak m\u00c3\u00ab par\u00c3\u00ab i tha q\u00c3\u00ab t\u00c3\u00ab merrte rrobat e saja dhe ajo ia kishte kthyer se i kishte marr\u00c3\u00ab tashm\u00c3\u00ab.\",\"breadcrumb\":{\"@id\":\"https:\/\/www.visit-ulcinj.com\/blog\/2009\/04\/23\/adela-dhe-mimoza-juna-ben-interesanten\/#breadcrumb\"},\"inLanguage\":\"en-US\",\"potentialAction\":[{\"@type\":\"ReadAction\",\"target\":[\"https:\/\/www.visit-ulcinj.com\/blog\/2009\/04\/23\/adela-dhe-mimoza-juna-ben-interesanten\/\"]}]},{\"@type\":\"BreadcrumbList\",\"@id\":\"https:\/\/www.visit-ulcinj.com\/blog\/2009\/04\/23\/adela-dhe-mimoza-juna-ben-interesanten\/#breadcrumb\",\"itemListElement\":[{\"@type\":\"ListItem\",\"position\":1,\"name\":\"Adela dhe Mimoza : Juna b\u00ebn interesanten\"}]},{\"@type\":\"Person\",\"@id\":\"https:\/\/www.visit-ulcinj.com\/blog\/#\/schema\/person\/dcab619c614d3038751c63bc2aadc06d\",\"name\":\"ulqini\",\"sameAs\":[\"http:\/\/www.visit-ulcinj.com\"],\"url\":\"https:\/\/www.visit-ulcinj.com\/blog\/author\/admin\/\"}]}<\/script>\n<!-- \/ Yoast SEO plugin. -->","yoast_head_json":{"title":"Adela dhe Mimoza : Juna b\u00c3\u00abn interesanten | Big Brother Albania 2","description":"Big Brother Albania 2 - Adela dhe Moza komentojn\u00c3\u00ab m\u00c3\u00abnyr\u00c3\u00abn e t\u00c3\u00ab folurit t\u00c3\u00ab Jun\u00c3\u00abs dhe se si i kthen ajo p\u00c3\u00abrgjigjet kur ato i thon\u00c3\u00ab dicka. Adela imiton Jun\u00c3\u00abn kur pak m\u00c3\u00ab par\u00c3\u00ab i tha q\u00c3\u00ab t\u00c3\u00ab merrte rrobat e saja dhe ajo ia kishte kthyer se i kishte marr\u00c3\u00ab tashm\u00c3\u00ab.","robots":{"index":"index","follow":"follow","max-snippet":"max-snippet:-1","max-image-preview":"max-image-preview:large","max-video-preview":"max-video-preview:-1"},"canonical":"https:\/\/www.visit-ulcinj.com\/blog\/2009\/04\/23\/adela-dhe-mimoza-juna-ben-interesanten\/","og_locale":"en_US","og_type":"article","og_title":"Adela dhe Mimoza : Juna b\u00c3\u00abn interesanten | Big Brother Albania 2","og_description":"Big Brother Albania 2 - Adela dhe Moza komentojn\u00c3\u00ab m\u00c3\u00abnyr\u00c3\u00abn e t\u00c3\u00ab folurit t\u00c3\u00ab Jun\u00c3\u00abs dhe se si i kthen ajo p\u00c3\u00abrgjigjet kur ato i thon\u00c3\u00ab dicka. Adela imiton Jun\u00c3\u00abn kur pak m\u00c3\u00ab par\u00c3\u00ab i tha q\u00c3\u00ab t\u00c3\u00ab merrte rrobat e saja dhe ajo ia kishte kthyer se i kishte marr\u00c3\u00ab tashm\u00c3\u00ab.","og_url":"https:\/\/www.visit-ulcinj.com\/blog\/2009\/04\/23\/adela-dhe-mimoza-juna-ben-interesanten\/","og_site_name":"Lajme nga Ulqini","article_published_time":"2009-04-23T21:48:12+00:00","og_image":[{"url":"http:\/\/www.visit-ulcinj.com\/blog\/wp-content\/uploads\/2009\/04\/mozaadelathshthper-junen.jpg"}],"twitter_misc":{"Written by":"ulqini","Est. reading time":"1 minute"},"schema":{"@context":"https:\/\/schema.org","@graph":[{"@type":"WebSite","@id":"https:\/\/www.visit-ulcinj.com\/blog\/#website","url":"https:\/\/www.visit-ulcinj.com\/blog\/","name":"Lajme nga Ulqini","description":"Lajme,Vijesti,Ulqini,Ulqin,Crna Gora,Mali i Zi","potentialAction":[{"@type":"SearchAction","target":{"@type":"EntryPoint","urlTemplate":"https:\/\/www.visit-ulcinj.com\/blog\/?s={search_term_string}"},"query-input":"required name=search_term_string"}],"inLanguage":"en-US"},{"@type":"ImageObject","inLanguage":"en-US","@id":"https:\/\/www.visit-ulcinj.com\/blog\/2009\/04\/23\/adela-dhe-mimoza-juna-ben-interesanten\/#primaryimage","url":"http:\/\/www.visit-ulcinj.com\/blog\/wp-content\/uploads\/2009\/04\/mozaadelathshthper-junen.jpg","contentUrl":"http:\/\/www.visit-ulcinj.com\/blog\/wp-content\/uploads\/2009\/04\/mozaadelathshthper-junen.jpg"},{"@type":"WebPage","@id":"https:\/\/www.visit-ulcinj.com\/blog\/2009\/04\/23\/adela-dhe-mimoza-juna-ben-interesanten\/#webpage","url":"https:\/\/www.visit-ulcinj.com\/blog\/2009\/04\/23\/adela-dhe-mimoza-juna-ben-interesanten\/","name":"Adela dhe Mimoza : Juna b\u00c3\u00abn interesanten | Big Brother Albania 2","isPartOf":{"@id":"https:\/\/www.visit-ulcinj.com\/blog\/#website"},"primaryImageOfPage":{"@id":"https:\/\/www.visit-ulcinj.com\/blog\/2009\/04\/23\/adela-dhe-mimoza-juna-ben-interesanten\/#primaryimage"},"datePublished":"2009-04-23T21:48:12+00:00","dateModified":"2009-04-23T21:48:12+00:00","author":{"@id":"https:\/\/www.visit-ulcinj.com\/blog\/#\/schema\/person\/dcab619c614d3038751c63bc2aadc06d"},"description":"Big Brother Albania 2 - Adela dhe Moza komentojn\u00c3\u00ab m\u00c3\u00abnyr\u00c3\u00abn e t\u00c3\u00ab folurit t\u00c3\u00ab Jun\u00c3\u00abs dhe se si i kthen ajo p\u00c3\u00abrgjigjet kur ato i thon\u00c3\u00ab dicka. Adela imiton Jun\u00c3\u00abn kur pak m\u00c3\u00ab par\u00c3\u00ab i tha q\u00c3\u00ab t\u00c3\u00ab merrte rrobat e saja dhe ajo ia kishte kthyer se i kishte marr\u00c3\u00ab tashm\u00c3\u00ab.","breadcrumb":{"@id":"https:\/\/www.visit-ulcinj.com\/blog\/2009\/04\/23\/adela-dhe-mimoza-juna-ben-interesanten\/#breadcrumb"},"inLanguage":"en-US","potentialAction":[{"@type":"ReadAction","target":["https:\/\/www.visit-ulcinj.com\/blog\/2009\/04\/23\/adela-dhe-mimoza-juna-ben-interesanten\/"]}]},{"@type":"BreadcrumbList","@id":"https:\/\/www.visit-ulcinj.com\/blog\/2009\/04\/23\/adela-dhe-mimoza-juna-ben-interesanten\/#breadcrumb","itemListElement":[{"@type":"ListItem","position":1,"name":"Adela dhe Mimoza : Juna b\u00ebn interesanten"}]},{"@type":"Person","@id":"https:\/\/www.visit-ulcinj.com\/blog\/#\/schema\/person\/dcab619c614d3038751c63bc2aadc06d","name":"ulqini","sameAs":["http:\/\/www.visit-ulcinj.com"],"url":"https:\/\/www.visit-ulcinj.com\/blog\/author\/admin\/"}]}},"jetpack_featured_media_url":"","jetpack_sharing_enabled":true,"jetpack_shortlink":"https:\/\/wp.me\/pe6lTn-4UO","_links":{"self":[{"href":"https:\/\/www.visit-ulcinj.com\/blog\/wp-json\/wp\/v2\/posts\/18898"}],"collection":[{"href":"https:\/\/www.visit-ulcinj.com\/blog\/wp-json\/wp\/v2\/posts"}],"about":[{"href":"https:\/\/www.visit-ulcinj.com\/blog\/wp-json\/wp\/v2\/types\/post"}],"author":[{"embeddable":true,"href":"https:\/\/www.visit-ulcinj.com\/blog\/wp-json\/wp\/v2\/users\/1"}],"replies":[{"embeddable":true,"href":"https:\/\/www.visit-ulcinj.com\/blog\/wp-json\/wp\/v2\/comments?post=18898"}],"version-history":[{"count":0,"href":"https:\/\/www.visit-ulcinj.com\/blog\/wp-json\/wp\/v2\/posts\/18898\/revisions"}],"wp:attachment":[{"href":"https:\/\/www.visit-ulcinj.com\/blog\/wp-json\/wp\/v2\/media?parent=18898"}],"wp:term":[{"taxonomy":"category","embeddable":true,"href":"https:\/\/www.visit-ulcinj.com\/blog\/wp-json\/wp\/v2\/categories?post=18898"},{"taxonomy":"post_tag","embeddable":true,"href":"https:\/\/www.visit-ulcinj.com\/blog\/wp-json\/wp\/v2\/tags?post=18898"}],"curies":[{"name":"wp","href":"https:\/\/api.w.org\/{rel}","templated":true}]}}