{"id":18901,"date":"2009-04-23T23:51:46","date_gmt":"2009-04-23T21:51:46","guid":{"rendered":"http:\/\/www.visit-ulcinj.com\/blog\/?p=18901"},"modified":"2009-04-23T23:51:46","modified_gmt":"2009-04-23T21:51:46","slug":"adelajda-mi-thuaj-ne-sy","status":"publish","type":"post","link":"https:\/\/www.visit-ulcinj.com\/blog\/2009\/04\/23\/adelajda-mi-thuaj-ne-sy\/","title":{"rendered":"Adelajda : Mi thuaj n\u00eb sy"},"content":{"rendered":"<p><em><span class=\"newsdate\"><a href=\"http:\/\/www.visit-ulcinj.com\/blog\/wp-content\/uploads\/2009\/04\/adela-sherr-me-tonin.jpg\"><img loading=\"lazy\" class=\"alignleft size-full wp-image-18902\" title=\"adela-sherr-me-tonin-big-brother-albania-2\" src=\"http:\/\/www.visit-ulcinj.com\/blog\/wp-content\/uploads\/2009\/04\/adela-sherr-me-tonin.jpg\" alt=\"adela-sherr-me-tonin-big-brother-albania-2\" width=\"300\" height=\"205\" \/><\/a>22\/04\/09 15:20<\/span><\/em><\/p>\n<p>Nd\u00ebrkoh\u00eb q\u00eb Eltoni \u00ebsht\u00eb duke diskutuar p\u00ebr sjelljen e Adel\u00ebs p\u00ebr kutin\u00eb e kosit dhe fjal\u00ebs q\u00eb tha se ia hiqte Adi, ajo vjen dhe i thot\u00eb se po e d\u00ebgjon q\u00eb nga brenda sht\u00ebpis\u00eb se cfar\u00eb po thot\u00eb ai dhe se kjo gj\u00eb nuk \u00ebsht\u00eb e drejt\u00eb, pasi ai duhet t\u2019ia thot\u00eb n\u00eb sy e jo ta komentoj\u00eb kur ajo nuk \u00ebsht\u00eb. Eltoni ia kthen se ai nuk e ka fare problem t\u2019ia thot\u00eb n\u00eb sy ato q\u00eb mendon p\u00ebr t\u00eb dhe prandaj po e ngrinte z\u00ebrin q\u00eb ajo ta d\u00ebgjonte dhe fillon t\u2019ia thot\u00eb ato q\u00eb po thoshte edhe asaj. Adela k\u00ebmb\u00ebngul se ai nuk duhet ngrej\u00eb z\u00ebrin q\u00eb ajo ta d\u00ebgjoj\u00eb, por ta th\u00ebrras\u00eb e t\u2019i thot\u00eb ato q\u00eb ka p\u00ebr t\u00eb th\u00ebn\u00eb pasi ajo nuk \u00ebsht\u00eb m\u00ebsuar q\u00eb t\u00eb flas\u00eb mbas shpin\u00eb por n\u00eb sy p\u00ebr t\u00eb tjer\u00ebt dhe nuk pretendon q\u00eb t\u2019ia b\u00ebjn\u00eb ashtu. Ajo shton se cfar\u00eb b\u00ebn me Adin, \u00ebsht\u00eb puna e saj. Eltoni nervozohet dhe i thot\u00eb se syrin nuk \u00ebsht\u00eb nevoja t\u2019ia tregoj\u00eb atij sepse e di, e njeh dhe e ka par\u00eb se si \u00ebsht\u00eb ajo. Ai e l\u00eb fjalin\u00eb p\u00ebrgjysm\u00eb duke n\u00ebnkuptuar se nuk \u00ebsht\u00eb vendi i p\u00ebrshtatsh\u00ebm q\u00eb ata ta diskutojn\u00eb k\u00ebt\u00eb gj\u00eb. Adela ia kthen se ajo ka goj\u00eb t\u00eb flas\u00eb p\u00ebr cdo gj\u00eb pasi e di se cfar\u00eb ka b\u00ebr\u00eb, por edhe Eltoni i thot\u00eb se edhe ai e di mir\u00eb se cfar\u00eb po flet.<\/p>\n","protected":false},"excerpt":{"rendered":"<p>22\/04\/09 15:20 Nd\u00ebrkoh\u00eb q\u00eb Eltoni \u00ebsht\u00eb duke diskutuar p\u00ebr sjelljen e Adel\u00ebs p\u00ebr kutin\u00eb e kosit dhe fjal\u00ebs q\u00eb tha se ia hiqte Adi, ajo vjen dhe i thot\u00eb se po e d\u00ebgjon q\u00eb nga brenda sht\u00ebpis\u00eb se cfar\u00eb po thot\u00eb ai dhe se kjo gj\u00eb nuk \u00ebsht\u00eb e drejt\u00eb, pasi ai duhet t\u2019ia thot\u00eb [&hellip;]<\/p>\n","protected":false},"author":1,"featured_media":0,"comment_status":"open","ping_status":"closed","sticky":false,"template":"","format":"standard","meta":{"spay_email":"","jetpack_publicize_message":"","jetpack_is_tweetstorm":false,"jetpack_publicize_feature_enabled":true},"categories":[6502],"tags":[6529,1414,5057,6506,6516,6712,7129,6522,9116,9495,6891,6693,6887],"jetpack_publicize_connections":[],"yoast_head":"<!-- This site is optimized with the Yoast SEO plugin v19.1 - https:\/\/yoast.com\/wordpress\/plugins\/seo\/ -->\n<title>Adelajda : Mi thuaj n\u00c3\u00ab sy | Big Brother Albania 2<\/title>\n<meta name=\"description\" content=\"Big Brother Albania 2 - Nd\u00c3\u00abrkoh\u00c3\u00ab q\u00c3\u00ab Eltoni \u00c3\u00absht\u00c3\u00ab duke diskutuar p\u00c3\u00abr sjelljen e Adel\u00c3\u00abs p\u00c3\u00abr kutin\u00c3\u00ab e kosit dhe fjal\u00c3\u00abs q\u00c3\u00ab tha se ia hiqte Adi, ajo vjen dhe i thot\u00c3\u00ab se po e d\u00c3\u00abgjon q\u00c3\u00ab nga brenda sht\u00c3\u00abpis\u00c3\u00ab se cfar\u00c3\u00ab po thot\u00c3\u00ab ai dhe se kjo gj\u00c3\u00ab nuk \u00c3\u00absht\u00c3\u00ab e drejt\u00c3\u00ab\" \/>\n<meta name=\"robots\" content=\"index, follow, max-snippet:-1, max-image-preview:large, max-video-preview:-1\" \/>\n<link rel=\"canonical\" href=\"https:\/\/www.visit-ulcinj.com\/blog\/2009\/04\/23\/adelajda-mi-thuaj-ne-sy\/\" \/>\n<meta property=\"og:locale\" content=\"en_US\" \/>\n<meta property=\"og:type\" content=\"article\" \/>\n<meta property=\"og:title\" content=\"Adelajda : Mi thuaj n\u00c3\u00ab sy | Big Brother Albania 2\" \/>\n<meta property=\"og:description\" content=\"Big Brother Albania 2 - Nd\u00c3\u00abrkoh\u00c3\u00ab q\u00c3\u00ab Eltoni \u00c3\u00absht\u00c3\u00ab duke diskutuar p\u00c3\u00abr sjelljen e Adel\u00c3\u00abs p\u00c3\u00abr kutin\u00c3\u00ab e kosit dhe fjal\u00c3\u00abs q\u00c3\u00ab tha se ia hiqte Adi, ajo vjen dhe i thot\u00c3\u00ab se po e d\u00c3\u00abgjon q\u00c3\u00ab nga brenda sht\u00c3\u00abpis\u00c3\u00ab se cfar\u00c3\u00ab po thot\u00c3\u00ab ai dhe se kjo gj\u00c3\u00ab nuk \u00c3\u00absht\u00c3\u00ab e drejt\u00c3\u00ab\" \/>\n<meta property=\"og:url\" content=\"https:\/\/www.visit-ulcinj.com\/blog\/2009\/04\/23\/adelajda-mi-thuaj-ne-sy\/\" \/>\n<meta property=\"og:site_name\" content=\"Lajme nga Ulqini\" \/>\n<meta property=\"article:published_time\" content=\"2009-04-23T21:51:46+00:00\" \/>\n<meta property=\"og:image\" content=\"http:\/\/www.visit-ulcinj.com\/blog\/wp-content\/uploads\/2009\/04\/adela-sherr-me-tonin.jpg\" \/>\n<meta name=\"twitter:label1\" content=\"Written by\" \/>\n\t<meta name=\"twitter:data1\" content=\"ulqini\" \/>\n\t<meta name=\"twitter:label2\" content=\"Est. reading time\" \/>\n\t<meta name=\"twitter:data2\" content=\"1 minute\" \/>\n<script type=\"application\/ld+json\" class=\"yoast-schema-graph\">{\"@context\":\"https:\/\/schema.org\",\"@graph\":[{\"@type\":\"WebSite\",\"@id\":\"https:\/\/www.visit-ulcinj.com\/blog\/#website\",\"url\":\"https:\/\/www.visit-ulcinj.com\/blog\/\",\"name\":\"Lajme nga Ulqini\",\"description\":\"Lajme,Vijesti,Ulqini,Ulqin,Crna Gora,Mali i Zi\",\"potentialAction\":[{\"@type\":\"SearchAction\",\"target\":{\"@type\":\"EntryPoint\",\"urlTemplate\":\"https:\/\/www.visit-ulcinj.com\/blog\/?s={search_term_string}\"},\"query-input\":\"required name=search_term_string\"}],\"inLanguage\":\"en-US\"},{\"@type\":\"ImageObject\",\"inLanguage\":\"en-US\",\"@id\":\"https:\/\/www.visit-ulcinj.com\/blog\/2009\/04\/23\/adelajda-mi-thuaj-ne-sy\/#primaryimage\",\"url\":\"http:\/\/www.visit-ulcinj.com\/blog\/wp-content\/uploads\/2009\/04\/adela-sherr-me-tonin.jpg\",\"contentUrl\":\"http:\/\/www.visit-ulcinj.com\/blog\/wp-content\/uploads\/2009\/04\/adela-sherr-me-tonin.jpg\"},{\"@type\":\"WebPage\",\"@id\":\"https:\/\/www.visit-ulcinj.com\/blog\/2009\/04\/23\/adelajda-mi-thuaj-ne-sy\/#webpage\",\"url\":\"https:\/\/www.visit-ulcinj.com\/blog\/2009\/04\/23\/adelajda-mi-thuaj-ne-sy\/\",\"name\":\"Adelajda : Mi thuaj n\u00c3\u00ab sy | Big Brother Albania 2\",\"isPartOf\":{\"@id\":\"https:\/\/www.visit-ulcinj.com\/blog\/#website\"},\"primaryImageOfPage\":{\"@id\":\"https:\/\/www.visit-ulcinj.com\/blog\/2009\/04\/23\/adelajda-mi-thuaj-ne-sy\/#primaryimage\"},\"datePublished\":\"2009-04-23T21:51:46+00:00\",\"dateModified\":\"2009-04-23T21:51:46+00:00\",\"author\":{\"@id\":\"https:\/\/www.visit-ulcinj.com\/blog\/#\/schema\/person\/dcab619c614d3038751c63bc2aadc06d\"},\"description\":\"Big Brother Albania 2 - Nd\u00c3\u00abrkoh\u00c3\u00ab q\u00c3\u00ab Eltoni \u00c3\u00absht\u00c3\u00ab duke diskutuar p\u00c3\u00abr sjelljen e Adel\u00c3\u00abs p\u00c3\u00abr kutin\u00c3\u00ab e kosit dhe fjal\u00c3\u00abs q\u00c3\u00ab tha se ia hiqte Adi, ajo vjen dhe i thot\u00c3\u00ab se po e d\u00c3\u00abgjon q\u00c3\u00ab nga brenda sht\u00c3\u00abpis\u00c3\u00ab se cfar\u00c3\u00ab po thot\u00c3\u00ab ai dhe se kjo gj\u00c3\u00ab nuk \u00c3\u00absht\u00c3\u00ab e drejt\u00c3\u00ab\",\"breadcrumb\":{\"@id\":\"https:\/\/www.visit-ulcinj.com\/blog\/2009\/04\/23\/adelajda-mi-thuaj-ne-sy\/#breadcrumb\"},\"inLanguage\":\"en-US\",\"potentialAction\":[{\"@type\":\"ReadAction\",\"target\":[\"https:\/\/www.visit-ulcinj.com\/blog\/2009\/04\/23\/adelajda-mi-thuaj-ne-sy\/\"]}]},{\"@type\":\"BreadcrumbList\",\"@id\":\"https:\/\/www.visit-ulcinj.com\/blog\/2009\/04\/23\/adelajda-mi-thuaj-ne-sy\/#breadcrumb\",\"itemListElement\":[{\"@type\":\"ListItem\",\"position\":1,\"name\":\"Adelajda : Mi thuaj n\u00eb sy\"}]},{\"@type\":\"Person\",\"@id\":\"https:\/\/www.visit-ulcinj.com\/blog\/#\/schema\/person\/dcab619c614d3038751c63bc2aadc06d\",\"name\":\"ulqini\",\"sameAs\":[\"http:\/\/www.visit-ulcinj.com\"],\"url\":\"https:\/\/www.visit-ulcinj.com\/blog\/author\/admin\/\"}]}<\/script>\n<!-- \/ Yoast SEO plugin. -->","yoast_head_json":{"title":"Adelajda : Mi thuaj n\u00c3\u00ab sy | Big Brother Albania 2","description":"Big Brother Albania 2 - Nd\u00c3\u00abrkoh\u00c3\u00ab q\u00c3\u00ab Eltoni \u00c3\u00absht\u00c3\u00ab duke diskutuar p\u00c3\u00abr sjelljen e Adel\u00c3\u00abs p\u00c3\u00abr kutin\u00c3\u00ab e kosit dhe fjal\u00c3\u00abs q\u00c3\u00ab tha se ia hiqte Adi, ajo vjen dhe i thot\u00c3\u00ab se po e d\u00c3\u00abgjon q\u00c3\u00ab nga brenda sht\u00c3\u00abpis\u00c3\u00ab se cfar\u00c3\u00ab po thot\u00c3\u00ab ai dhe se kjo gj\u00c3\u00ab nuk \u00c3\u00absht\u00c3\u00ab e drejt\u00c3\u00ab","robots":{"index":"index","follow":"follow","max-snippet":"max-snippet:-1","max-image-preview":"max-image-preview:large","max-video-preview":"max-video-preview:-1"},"canonical":"https:\/\/www.visit-ulcinj.com\/blog\/2009\/04\/23\/adelajda-mi-thuaj-ne-sy\/","og_locale":"en_US","og_type":"article","og_title":"Adelajda : Mi thuaj n\u00c3\u00ab sy | Big Brother Albania 2","og_description":"Big Brother Albania 2 - Nd\u00c3\u00abrkoh\u00c3\u00ab q\u00c3\u00ab Eltoni \u00c3\u00absht\u00c3\u00ab duke diskutuar p\u00c3\u00abr sjelljen e Adel\u00c3\u00abs p\u00c3\u00abr kutin\u00c3\u00ab e kosit dhe fjal\u00c3\u00abs q\u00c3\u00ab tha se ia hiqte Adi, ajo vjen dhe i thot\u00c3\u00ab se po e d\u00c3\u00abgjon q\u00c3\u00ab nga brenda sht\u00c3\u00abpis\u00c3\u00ab se cfar\u00c3\u00ab po thot\u00c3\u00ab ai dhe se kjo gj\u00c3\u00ab nuk \u00c3\u00absht\u00c3\u00ab e drejt\u00c3\u00ab","og_url":"https:\/\/www.visit-ulcinj.com\/blog\/2009\/04\/23\/adelajda-mi-thuaj-ne-sy\/","og_site_name":"Lajme nga Ulqini","article_published_time":"2009-04-23T21:51:46+00:00","og_image":[{"url":"http:\/\/www.visit-ulcinj.com\/blog\/wp-content\/uploads\/2009\/04\/adela-sherr-me-tonin.jpg"}],"twitter_misc":{"Written by":"ulqini","Est. reading time":"1 minute"},"schema":{"@context":"https:\/\/schema.org","@graph":[{"@type":"WebSite","@id":"https:\/\/www.visit-ulcinj.com\/blog\/#website","url":"https:\/\/www.visit-ulcinj.com\/blog\/","name":"Lajme nga Ulqini","description":"Lajme,Vijesti,Ulqini,Ulqin,Crna Gora,Mali i Zi","potentialAction":[{"@type":"SearchAction","target":{"@type":"EntryPoint","urlTemplate":"https:\/\/www.visit-ulcinj.com\/blog\/?s={search_term_string}"},"query-input":"required name=search_term_string"}],"inLanguage":"en-US"},{"@type":"ImageObject","inLanguage":"en-US","@id":"https:\/\/www.visit-ulcinj.com\/blog\/2009\/04\/23\/adelajda-mi-thuaj-ne-sy\/#primaryimage","url":"http:\/\/www.visit-ulcinj.com\/blog\/wp-content\/uploads\/2009\/04\/adela-sherr-me-tonin.jpg","contentUrl":"http:\/\/www.visit-ulcinj.com\/blog\/wp-content\/uploads\/2009\/04\/adela-sherr-me-tonin.jpg"},{"@type":"WebPage","@id":"https:\/\/www.visit-ulcinj.com\/blog\/2009\/04\/23\/adelajda-mi-thuaj-ne-sy\/#webpage","url":"https:\/\/www.visit-ulcinj.com\/blog\/2009\/04\/23\/adelajda-mi-thuaj-ne-sy\/","name":"Adelajda : Mi thuaj n\u00c3\u00ab sy | Big Brother Albania 2","isPartOf":{"@id":"https:\/\/www.visit-ulcinj.com\/blog\/#website"},"primaryImageOfPage":{"@id":"https:\/\/www.visit-ulcinj.com\/blog\/2009\/04\/23\/adelajda-mi-thuaj-ne-sy\/#primaryimage"},"datePublished":"2009-04-23T21:51:46+00:00","dateModified":"2009-04-23T21:51:46+00:00","author":{"@id":"https:\/\/www.visit-ulcinj.com\/blog\/#\/schema\/person\/dcab619c614d3038751c63bc2aadc06d"},"description":"Big Brother Albania 2 - Nd\u00c3\u00abrkoh\u00c3\u00ab q\u00c3\u00ab Eltoni \u00c3\u00absht\u00c3\u00ab duke diskutuar p\u00c3\u00abr sjelljen e Adel\u00c3\u00abs p\u00c3\u00abr kutin\u00c3\u00ab e kosit dhe fjal\u00c3\u00abs q\u00c3\u00ab tha se ia hiqte Adi, ajo vjen dhe i thot\u00c3\u00ab se po e d\u00c3\u00abgjon q\u00c3\u00ab nga brenda sht\u00c3\u00abpis\u00c3\u00ab se cfar\u00c3\u00ab po thot\u00c3\u00ab ai dhe se kjo gj\u00c3\u00ab nuk \u00c3\u00absht\u00c3\u00ab e drejt\u00c3\u00ab","breadcrumb":{"@id":"https:\/\/www.visit-ulcinj.com\/blog\/2009\/04\/23\/adelajda-mi-thuaj-ne-sy\/#breadcrumb"},"inLanguage":"en-US","potentialAction":[{"@type":"ReadAction","target":["https:\/\/www.visit-ulcinj.com\/blog\/2009\/04\/23\/adelajda-mi-thuaj-ne-sy\/"]}]},{"@type":"BreadcrumbList","@id":"https:\/\/www.visit-ulcinj.com\/blog\/2009\/04\/23\/adelajda-mi-thuaj-ne-sy\/#breadcrumb","itemListElement":[{"@type":"ListItem","position":1,"name":"Adelajda : Mi thuaj n\u00eb sy"}]},{"@type":"Person","@id":"https:\/\/www.visit-ulcinj.com\/blog\/#\/schema\/person\/dcab619c614d3038751c63bc2aadc06d","name":"ulqini","sameAs":["http:\/\/www.visit-ulcinj.com"],"url":"https:\/\/www.visit-ulcinj.com\/blog\/author\/admin\/"}]}},"jetpack_featured_media_url":"","jetpack_sharing_enabled":true,"jetpack_shortlink":"https:\/\/wp.me\/pe6lTn-4UR","_links":{"self":[{"href":"https:\/\/www.visit-ulcinj.com\/blog\/wp-json\/wp\/v2\/posts\/18901"}],"collection":[{"href":"https:\/\/www.visit-ulcinj.com\/blog\/wp-json\/wp\/v2\/posts"}],"about":[{"href":"https:\/\/www.visit-ulcinj.com\/blog\/wp-json\/wp\/v2\/types\/post"}],"author":[{"embeddable":true,"href":"https:\/\/www.visit-ulcinj.com\/blog\/wp-json\/wp\/v2\/users\/1"}],"replies":[{"embeddable":true,"href":"https:\/\/www.visit-ulcinj.com\/blog\/wp-json\/wp\/v2\/comments?post=18901"}],"version-history":[{"count":0,"href":"https:\/\/www.visit-ulcinj.com\/blog\/wp-json\/wp\/v2\/posts\/18901\/revisions"}],"wp:attachment":[{"href":"https:\/\/www.visit-ulcinj.com\/blog\/wp-json\/wp\/v2\/media?parent=18901"}],"wp:term":[{"taxonomy":"category","embeddable":true,"href":"https:\/\/www.visit-ulcinj.com\/blog\/wp-json\/wp\/v2\/categories?post=18901"},{"taxonomy":"post_tag","embeddable":true,"href":"https:\/\/www.visit-ulcinj.com\/blog\/wp-json\/wp\/v2\/tags?post=18901"}],"curies":[{"name":"wp","href":"https:\/\/api.w.org\/{rel}","templated":true}]}}