{"id":18905,"date":"2009-04-23T23:54:57","date_gmt":"2009-04-23T21:54:57","guid":{"rendered":"http:\/\/www.visit-ulcinj.com\/blog\/?p=18905"},"modified":"2009-04-23T23:54:57","modified_gmt":"2009-04-23T21:54:57","slug":"adi-duam-debate-ne-shtepi","status":"publish","type":"post","link":"https:\/\/www.visit-ulcinj.com\/blog\/2009\/04\/23\/adi-duam-debate-ne-shtepi\/","title":{"rendered":"Adi : Duam debate n\u00eb sht\u00ebpi"},"content":{"rendered":"<p><em><span class=\"newsdate\"><a href=\"http:\/\/www.visit-ulcinj.com\/blog\/wp-content\/uploads\/2009\/04\/per-debatet-ne-shtepi.jpg\"><img loading=\"lazy\" class=\"alignleft size-full wp-image-18906\" title=\"per-debatet-ne-shtepi-big-brother-albania-2\" src=\"http:\/\/www.visit-ulcinj.com\/blog\/wp-content\/uploads\/2009\/04\/per-debatet-ne-shtepi.jpg\" alt=\"per-debatet-ne-shtepi-big-brother-albania-2\" width=\"300\" height=\"205\" \/><\/a>22\/04\/09 15:30<\/span><\/em><\/p>\n<p>Adi thot\u00eb se pik\u00ebrisht k\u00ebt\u00eb gj\u00eb donte t\u00eb evitonte nga biseda, q\u00eb t\u00eb mos kishte ndonj\u00eb debat nd\u00ebrmjet banor\u00ebve. Ai thot\u00eb se problemet duhen diskutuar e jo t\u00eb b\u00ebhen debate t\u00eb fort\u00eb apo z\u00ebnka. Sipas tij debati duhet t\u00eb jet\u00eb konstruktiv e t\u00eb arrijn\u00eb t\u00eb nxjerrin vlera nga vetja e jo e kund\u00ebrta. Eltoni i thot\u00eb se ata nuk mund t\u2019i b\u00ebjn\u00eb debatet at\u00ebher\u00eb kur nuk \u00ebsht\u00eb momenti sepse ashtu i ik\u00ebn vlera. Ai thot\u00eb se n\u00ebse shikon dicka q\u00eb nuk shkon, merr spunton p\u00ebr t\u00eb b\u00ebr\u00eb nj\u00eb debat e nuk mundt \u00eb rrij\u00eb e ta krijoj\u00eb nj\u00eb t\u00eb till\u00eb. Eltoni mendon se debatet, bisedat z\u00ebnkat duhet t\u00eb vijn\u00eb vet\u00eb, e jo me detyrim apo t\u00eb programuara dhe thot\u00eb se kjo ndodhi edhe n\u00eb k\u00ebt\u00eb rast. Adi shprehet se nuk i p\u00eblqejn\u00eb debatet dhe ndaj i eviton, por t\u00eb tjer\u00ebt ia kthejn\u00eb se debatet jan\u00eb t\u00eb domosdosh\u00ebm n\u00eb k\u00ebt\u00eb loj\u00eb. \u201cDoni debate? Dakord, q\u00eb nes\u00ebr do t\u2019jua krijoj un\u00eb kushtet p\u00ebr t\u00eb tilla\u201d- thot\u00eb Adi. Ata i k\u00ebrkojn\u00eb Adit q\u00eb t\u00eb mos jet\u00eb n\u00eb pozicion mbrojtjeje p\u00ebr k\u00ebto gj\u00ebra apo t\u00eb mbroj\u00eb ndonj\u00eb banor vet\u00ebm se i leverdis sepse n\u00ebse do duan q\u00eb t\u00eb kapen me ta, \u00ebsht\u00eb gjithmon\u00eb Adi q\u00eb del n\u00eb mbrojtje t\u00eb tyre. Adi shprehet se deri tani nuk e ka b\u00ebr\u00eb nj\u00eb gj\u00eb t\u00eb till\u00eb sepse nuk ka patur rast. Ai i thot\u00eb Arit se personalisht ende nuk e ka marr\u00eb vesh debatin e tij me Moz\u00ebn, t\u00eb cil\u00ebn Ari pretendon se e ka b\u00ebr\u00eb n\u00eb sy t\u00eb t\u00eb tjer\u00ebve. Ai shton se edhe n\u00ebse nuk lejon q\u00eb t\u00eb ndodh\u00eb nj\u00eb debat, e b\u00ebn p\u00ebr t\u00eb mir\u00ebn e t\u00eb dyja pal\u00ebve e jo p\u00ebr t\u00eb mbrojtur njerin apo tjetrin. Adi sakt\u00ebson se t\u00eb gjith\u00eb jan\u00eb konkurent\u00eb n\u00eb gar\u00eb p\u00ebr nj\u00eb cmim e nuk mban an\u00ebn e askujt.<\/p>\n","protected":false},"excerpt":{"rendered":"<p>22\/04\/09 15:30 Adi thot\u00eb se pik\u00ebrisht k\u00ebt\u00eb gj\u00eb donte t\u00eb evitonte nga biseda, q\u00eb t\u00eb mos kishte ndonj\u00eb debat nd\u00ebrmjet banor\u00ebve. Ai thot\u00eb se problemet duhen diskutuar e jo t\u00eb b\u00ebhen debate t\u00eb fort\u00eb apo z\u00ebnka. Sipas tij debati duhet t\u00eb jet\u00eb konstruktiv e t\u00eb arrijn\u00eb t\u00eb nxjerrin vlera nga vetja e jo e kund\u00ebrta. [&hellip;]<\/p>\n","protected":false},"author":1,"featured_media":0,"comment_status":"open","ping_status":"closed","sticky":false,"template":"","format":"standard","meta":{"spay_email":"","jetpack_publicize_message":"","jetpack_is_tweetstorm":false,"jetpack_publicize_feature_enabled":true},"categories":[6502],"tags":[6529,1414,8784,5057,6506,6516,6712,7129,9116,6891,6693,6887],"jetpack_publicize_connections":[],"yoast_head":"<!-- This site is optimized with the Yoast SEO plugin v19.1 - https:\/\/yoast.com\/wordpress\/plugins\/seo\/ -->\n<title>Adi : Duam debate n\u00c3\u00ab sht\u00c3\u00abpi | Big Brother Albania 2<\/title>\n<meta name=\"description\" content=\"Big Brother Albania 2 - Adi thot\u00c3\u00ab se pik\u00c3\u00abrisht k\u00c3\u00abt\u00c3\u00ab gj\u00c3\u00ab donte t\u00c3\u00ab evitonte nga biseda, q\u00c3\u00ab t\u00c3\u00ab mos kishte ndonj\u00c3\u00ab debat nd\u00c3\u00abrmjet banor\u00c3\u00abve. Ai thot\u00c3\u00ab se problemet duhen diskutuar e jo t\u00c3\u00ab b\u00c3\u00abhen debate t\u00c3\u00ab fort\u00c3\u00ab apo z\u00c3\u00abnka. Sipas tij debati duhet t\u00c3\u00ab jet\u00c3\u00ab konstruktiv e t\u00c3\u00ab arrijn\u00c3\u00ab t\u00c3\u00ab nxjerrin vlera nga vetja e jo e kund\u00c3\u00abrta.\" \/>\n<meta name=\"robots\" content=\"index, follow, max-snippet:-1, max-image-preview:large, max-video-preview:-1\" \/>\n<link rel=\"canonical\" href=\"https:\/\/www.visit-ulcinj.com\/blog\/2009\/04\/23\/adi-duam-debate-ne-shtepi\/\" \/>\n<meta property=\"og:locale\" content=\"en_US\" \/>\n<meta property=\"og:type\" content=\"article\" \/>\n<meta property=\"og:title\" content=\"Adi : Duam debate n\u00c3\u00ab sht\u00c3\u00abpi | Big Brother Albania 2\" \/>\n<meta property=\"og:description\" content=\"Big Brother Albania 2 - Adi thot\u00c3\u00ab se pik\u00c3\u00abrisht k\u00c3\u00abt\u00c3\u00ab gj\u00c3\u00ab donte t\u00c3\u00ab evitonte nga biseda, q\u00c3\u00ab t\u00c3\u00ab mos kishte ndonj\u00c3\u00ab debat nd\u00c3\u00abrmjet banor\u00c3\u00abve. Ai thot\u00c3\u00ab se problemet duhen diskutuar e jo t\u00c3\u00ab b\u00c3\u00abhen debate t\u00c3\u00ab fort\u00c3\u00ab apo z\u00c3\u00abnka. Sipas tij debati duhet t\u00c3\u00ab jet\u00c3\u00ab konstruktiv e t\u00c3\u00ab arrijn\u00c3\u00ab t\u00c3\u00ab nxjerrin vlera nga vetja e jo e kund\u00c3\u00abrta.\" \/>\n<meta property=\"og:url\" content=\"https:\/\/www.visit-ulcinj.com\/blog\/2009\/04\/23\/adi-duam-debate-ne-shtepi\/\" \/>\n<meta property=\"og:site_name\" content=\"Lajme nga Ulqini\" \/>\n<meta property=\"article:published_time\" content=\"2009-04-23T21:54:57+00:00\" \/>\n<meta property=\"og:image\" content=\"http:\/\/www.visit-ulcinj.com\/blog\/wp-content\/uploads\/2009\/04\/per-debatet-ne-shtepi.jpg\" \/>\n<meta name=\"twitter:label1\" content=\"Written by\" \/>\n\t<meta name=\"twitter:data1\" content=\"ulqini\" \/>\n\t<meta name=\"twitter:label2\" content=\"Est. reading time\" \/>\n\t<meta name=\"twitter:data2\" content=\"2 minutes\" \/>\n<script type=\"application\/ld+json\" class=\"yoast-schema-graph\">{\"@context\":\"https:\/\/schema.org\",\"@graph\":[{\"@type\":\"WebSite\",\"@id\":\"https:\/\/www.visit-ulcinj.com\/blog\/#website\",\"url\":\"https:\/\/www.visit-ulcinj.com\/blog\/\",\"name\":\"Lajme nga Ulqini\",\"description\":\"Lajme,Vijesti,Ulqini,Ulqin,Crna Gora,Mali i Zi\",\"potentialAction\":[{\"@type\":\"SearchAction\",\"target\":{\"@type\":\"EntryPoint\",\"urlTemplate\":\"https:\/\/www.visit-ulcinj.com\/blog\/?s={search_term_string}\"},\"query-input\":\"required name=search_term_string\"}],\"inLanguage\":\"en-US\"},{\"@type\":\"ImageObject\",\"inLanguage\":\"en-US\",\"@id\":\"https:\/\/www.visit-ulcinj.com\/blog\/2009\/04\/23\/adi-duam-debate-ne-shtepi\/#primaryimage\",\"url\":\"http:\/\/www.visit-ulcinj.com\/blog\/wp-content\/uploads\/2009\/04\/per-debatet-ne-shtepi.jpg\",\"contentUrl\":\"http:\/\/www.visit-ulcinj.com\/blog\/wp-content\/uploads\/2009\/04\/per-debatet-ne-shtepi.jpg\"},{\"@type\":\"WebPage\",\"@id\":\"https:\/\/www.visit-ulcinj.com\/blog\/2009\/04\/23\/adi-duam-debate-ne-shtepi\/#webpage\",\"url\":\"https:\/\/www.visit-ulcinj.com\/blog\/2009\/04\/23\/adi-duam-debate-ne-shtepi\/\",\"name\":\"Adi : Duam debate n\u00c3\u00ab sht\u00c3\u00abpi | Big Brother Albania 2\",\"isPartOf\":{\"@id\":\"https:\/\/www.visit-ulcinj.com\/blog\/#website\"},\"primaryImageOfPage\":{\"@id\":\"https:\/\/www.visit-ulcinj.com\/blog\/2009\/04\/23\/adi-duam-debate-ne-shtepi\/#primaryimage\"},\"datePublished\":\"2009-04-23T21:54:57+00:00\",\"dateModified\":\"2009-04-23T21:54:57+00:00\",\"author\":{\"@id\":\"https:\/\/www.visit-ulcinj.com\/blog\/#\/schema\/person\/dcab619c614d3038751c63bc2aadc06d\"},\"description\":\"Big Brother Albania 2 - Adi thot\u00c3\u00ab se pik\u00c3\u00abrisht k\u00c3\u00abt\u00c3\u00ab gj\u00c3\u00ab donte t\u00c3\u00ab evitonte nga biseda, q\u00c3\u00ab t\u00c3\u00ab mos kishte ndonj\u00c3\u00ab debat nd\u00c3\u00abrmjet banor\u00c3\u00abve. Ai thot\u00c3\u00ab se problemet duhen diskutuar e jo t\u00c3\u00ab b\u00c3\u00abhen debate t\u00c3\u00ab fort\u00c3\u00ab apo z\u00c3\u00abnka. Sipas tij debati duhet t\u00c3\u00ab jet\u00c3\u00ab konstruktiv e t\u00c3\u00ab arrijn\u00c3\u00ab t\u00c3\u00ab nxjerrin vlera nga vetja e jo e kund\u00c3\u00abrta.\",\"breadcrumb\":{\"@id\":\"https:\/\/www.visit-ulcinj.com\/blog\/2009\/04\/23\/adi-duam-debate-ne-shtepi\/#breadcrumb\"},\"inLanguage\":\"en-US\",\"potentialAction\":[{\"@type\":\"ReadAction\",\"target\":[\"https:\/\/www.visit-ulcinj.com\/blog\/2009\/04\/23\/adi-duam-debate-ne-shtepi\/\"]}]},{\"@type\":\"BreadcrumbList\",\"@id\":\"https:\/\/www.visit-ulcinj.com\/blog\/2009\/04\/23\/adi-duam-debate-ne-shtepi\/#breadcrumb\",\"itemListElement\":[{\"@type\":\"ListItem\",\"position\":1,\"name\":\"Adi : Duam debate n\u00eb sht\u00ebpi\"}]},{\"@type\":\"Person\",\"@id\":\"https:\/\/www.visit-ulcinj.com\/blog\/#\/schema\/person\/dcab619c614d3038751c63bc2aadc06d\",\"name\":\"ulqini\",\"sameAs\":[\"http:\/\/www.visit-ulcinj.com\"],\"url\":\"https:\/\/www.visit-ulcinj.com\/blog\/author\/admin\/\"}]}<\/script>\n<!-- \/ Yoast SEO plugin. -->","yoast_head_json":{"title":"Adi : Duam debate n\u00c3\u00ab sht\u00c3\u00abpi | Big Brother Albania 2","description":"Big Brother Albania 2 - Adi thot\u00c3\u00ab se pik\u00c3\u00abrisht k\u00c3\u00abt\u00c3\u00ab gj\u00c3\u00ab donte t\u00c3\u00ab evitonte nga biseda, q\u00c3\u00ab t\u00c3\u00ab mos kishte ndonj\u00c3\u00ab debat nd\u00c3\u00abrmjet banor\u00c3\u00abve. Ai thot\u00c3\u00ab se problemet duhen diskutuar e jo t\u00c3\u00ab b\u00c3\u00abhen debate t\u00c3\u00ab fort\u00c3\u00ab apo z\u00c3\u00abnka. Sipas tij debati duhet t\u00c3\u00ab jet\u00c3\u00ab konstruktiv e t\u00c3\u00ab arrijn\u00c3\u00ab t\u00c3\u00ab nxjerrin vlera nga vetja e jo e kund\u00c3\u00abrta.","robots":{"index":"index","follow":"follow","max-snippet":"max-snippet:-1","max-image-preview":"max-image-preview:large","max-video-preview":"max-video-preview:-1"},"canonical":"https:\/\/www.visit-ulcinj.com\/blog\/2009\/04\/23\/adi-duam-debate-ne-shtepi\/","og_locale":"en_US","og_type":"article","og_title":"Adi : Duam debate n\u00c3\u00ab sht\u00c3\u00abpi | Big Brother Albania 2","og_description":"Big Brother Albania 2 - Adi thot\u00c3\u00ab se pik\u00c3\u00abrisht k\u00c3\u00abt\u00c3\u00ab gj\u00c3\u00ab donte t\u00c3\u00ab evitonte nga biseda, q\u00c3\u00ab t\u00c3\u00ab mos kishte ndonj\u00c3\u00ab debat nd\u00c3\u00abrmjet banor\u00c3\u00abve. Ai thot\u00c3\u00ab se problemet duhen diskutuar e jo t\u00c3\u00ab b\u00c3\u00abhen debate t\u00c3\u00ab fort\u00c3\u00ab apo z\u00c3\u00abnka. Sipas tij debati duhet t\u00c3\u00ab jet\u00c3\u00ab konstruktiv e t\u00c3\u00ab arrijn\u00c3\u00ab t\u00c3\u00ab nxjerrin vlera nga vetja e jo e kund\u00c3\u00abrta.","og_url":"https:\/\/www.visit-ulcinj.com\/blog\/2009\/04\/23\/adi-duam-debate-ne-shtepi\/","og_site_name":"Lajme nga Ulqini","article_published_time":"2009-04-23T21:54:57+00:00","og_image":[{"url":"http:\/\/www.visit-ulcinj.com\/blog\/wp-content\/uploads\/2009\/04\/per-debatet-ne-shtepi.jpg"}],"twitter_misc":{"Written by":"ulqini","Est. reading time":"2 minutes"},"schema":{"@context":"https:\/\/schema.org","@graph":[{"@type":"WebSite","@id":"https:\/\/www.visit-ulcinj.com\/blog\/#website","url":"https:\/\/www.visit-ulcinj.com\/blog\/","name":"Lajme nga Ulqini","description":"Lajme,Vijesti,Ulqini,Ulqin,Crna Gora,Mali i Zi","potentialAction":[{"@type":"SearchAction","target":{"@type":"EntryPoint","urlTemplate":"https:\/\/www.visit-ulcinj.com\/blog\/?s={search_term_string}"},"query-input":"required name=search_term_string"}],"inLanguage":"en-US"},{"@type":"ImageObject","inLanguage":"en-US","@id":"https:\/\/www.visit-ulcinj.com\/blog\/2009\/04\/23\/adi-duam-debate-ne-shtepi\/#primaryimage","url":"http:\/\/www.visit-ulcinj.com\/blog\/wp-content\/uploads\/2009\/04\/per-debatet-ne-shtepi.jpg","contentUrl":"http:\/\/www.visit-ulcinj.com\/blog\/wp-content\/uploads\/2009\/04\/per-debatet-ne-shtepi.jpg"},{"@type":"WebPage","@id":"https:\/\/www.visit-ulcinj.com\/blog\/2009\/04\/23\/adi-duam-debate-ne-shtepi\/#webpage","url":"https:\/\/www.visit-ulcinj.com\/blog\/2009\/04\/23\/adi-duam-debate-ne-shtepi\/","name":"Adi : Duam debate n\u00c3\u00ab sht\u00c3\u00abpi | Big Brother Albania 2","isPartOf":{"@id":"https:\/\/www.visit-ulcinj.com\/blog\/#website"},"primaryImageOfPage":{"@id":"https:\/\/www.visit-ulcinj.com\/blog\/2009\/04\/23\/adi-duam-debate-ne-shtepi\/#primaryimage"},"datePublished":"2009-04-23T21:54:57+00:00","dateModified":"2009-04-23T21:54:57+00:00","author":{"@id":"https:\/\/www.visit-ulcinj.com\/blog\/#\/schema\/person\/dcab619c614d3038751c63bc2aadc06d"},"description":"Big Brother Albania 2 - Adi thot\u00c3\u00ab se pik\u00c3\u00abrisht k\u00c3\u00abt\u00c3\u00ab gj\u00c3\u00ab donte t\u00c3\u00ab evitonte nga biseda, q\u00c3\u00ab t\u00c3\u00ab mos kishte ndonj\u00c3\u00ab debat nd\u00c3\u00abrmjet banor\u00c3\u00abve. Ai thot\u00c3\u00ab se problemet duhen diskutuar e jo t\u00c3\u00ab b\u00c3\u00abhen debate t\u00c3\u00ab fort\u00c3\u00ab apo z\u00c3\u00abnka. Sipas tij debati duhet t\u00c3\u00ab jet\u00c3\u00ab konstruktiv e t\u00c3\u00ab arrijn\u00c3\u00ab t\u00c3\u00ab nxjerrin vlera nga vetja e jo e kund\u00c3\u00abrta.","breadcrumb":{"@id":"https:\/\/www.visit-ulcinj.com\/blog\/2009\/04\/23\/adi-duam-debate-ne-shtepi\/#breadcrumb"},"inLanguage":"en-US","potentialAction":[{"@type":"ReadAction","target":["https:\/\/www.visit-ulcinj.com\/blog\/2009\/04\/23\/adi-duam-debate-ne-shtepi\/"]}]},{"@type":"BreadcrumbList","@id":"https:\/\/www.visit-ulcinj.com\/blog\/2009\/04\/23\/adi-duam-debate-ne-shtepi\/#breadcrumb","itemListElement":[{"@type":"ListItem","position":1,"name":"Adi : Duam debate n\u00eb sht\u00ebpi"}]},{"@type":"Person","@id":"https:\/\/www.visit-ulcinj.com\/blog\/#\/schema\/person\/dcab619c614d3038751c63bc2aadc06d","name":"ulqini","sameAs":["http:\/\/www.visit-ulcinj.com"],"url":"https:\/\/www.visit-ulcinj.com\/blog\/author\/admin\/"}]}},"jetpack_featured_media_url":"","jetpack_sharing_enabled":true,"jetpack_shortlink":"https:\/\/wp.me\/pe6lTn-4UV","_links":{"self":[{"href":"https:\/\/www.visit-ulcinj.com\/blog\/wp-json\/wp\/v2\/posts\/18905"}],"collection":[{"href":"https:\/\/www.visit-ulcinj.com\/blog\/wp-json\/wp\/v2\/posts"}],"about":[{"href":"https:\/\/www.visit-ulcinj.com\/blog\/wp-json\/wp\/v2\/types\/post"}],"author":[{"embeddable":true,"href":"https:\/\/www.visit-ulcinj.com\/blog\/wp-json\/wp\/v2\/users\/1"}],"replies":[{"embeddable":true,"href":"https:\/\/www.visit-ulcinj.com\/blog\/wp-json\/wp\/v2\/comments?post=18905"}],"version-history":[{"count":0,"href":"https:\/\/www.visit-ulcinj.com\/blog\/wp-json\/wp\/v2\/posts\/18905\/revisions"}],"wp:attachment":[{"href":"https:\/\/www.visit-ulcinj.com\/blog\/wp-json\/wp\/v2\/media?parent=18905"}],"wp:term":[{"taxonomy":"category","embeddable":true,"href":"https:\/\/www.visit-ulcinj.com\/blog\/wp-json\/wp\/v2\/categories?post=18905"},{"taxonomy":"post_tag","embeddable":true,"href":"https:\/\/www.visit-ulcinj.com\/blog\/wp-json\/wp\/v2\/tags?post=18905"}],"curies":[{"name":"wp","href":"https:\/\/api.w.org\/{rel}","templated":true}]}}