{"id":18908,"date":"2009-04-23T23:56:54","date_gmt":"2009-04-23T21:56:54","guid":{"rendered":"http:\/\/www.visit-ulcinj.com\/blog\/?p=18908"},"modified":"2009-04-23T23:56:54","modified_gmt":"2009-04-23T21:56:54","slug":"ari-arjoni-ben-intriga","status":"publish","type":"post","link":"https:\/\/www.visit-ulcinj.com\/blog\/2009\/04\/23\/ari-arjoni-ben-intriga\/","title":{"rendered":"Ari : Arjoni b\u00ebn intriga"},"content":{"rendered":"<p><em><span class=\"newsdate\"><a href=\"http:\/\/www.visit-ulcinj.com\/blog\/wp-content\/uploads\/2009\/04\/ari-per-arjonin-34.jpg\"><img loading=\"lazy\" class=\"alignleft size-full wp-image-18909\" title=\"ari-per-arjonin-big-brother-albania-2\" src=\"http:\/\/www.visit-ulcinj.com\/blog\/wp-content\/uploads\/2009\/04\/ari-per-arjonin-34.jpg\" alt=\"ari-per-arjonin-big-brother-albania-2\" width=\"300\" height=\"205\" \/><\/a>22\/04\/09 17:38<\/span><\/em><\/p>\n<p>Ari mendon q\u00eb Arjoni \u00ebsht\u00eb person cinik, dhe e diskuton k\u00ebt\u00eb gj\u00eb me Adin dhe Qetsorin. Ai thot\u00eb q\u00eb i ruhet shum\u00eb mar\u00ebdh\u00ebnies me t\u00eb, pasi \u00ebsht\u00eb natyra e njeriut q\u00eb ngacmon shum\u00eb. Ai i k\u00ebrkon Adit q\u00eb mos ta p\u00ebrball\u00eb me t, pasi \u00ebsht\u00eb cinizmi i tij mund ta nxjerr\u00eb jasht\u00eb kontrrollit. Ai p\u00ebrmend nj\u00eb rast ku Arjoni i kishte th\u00ebn\u00eb:-\u201cT\u00eb kan\u00eb harruar ato t\u00eb kopshtit zoologjik! Ai shton q\u00eb p\u00ebr t\u00eb \u00ebsht\u00eb shum\u00eb ofenduese. Sipas mendimit t\u00eb tij fakti q\u00eb Arjoni shkon mir\u00eb me Adin \u00ebsht\u00eb p\u00ebr arsye se nuk e konsideron si \u2018loj\u00ebn\u2019 e tij. Ari thot\u00eb q\u00eb Arjoni kishte th\u00ebn\u00eb p\u00ebr veten q\u00eb nuk \u00ebsht\u00eb vet\u00ebm i bukur dhe i zgjuar, por q\u00eb di t\u00eb b\u00ebj dhe intriga. Adi dhe Qetsori mb\u00ebshtesin iden\u00eb e Arit duke th\u00ebn\u00eb q\u00eb Arjoni e ka th\u00ebn\u00eb shpesh her\u00eb k\u00ebt\u00eb gj\u00eb. Adi thot\u00eb q\u00eb ai \u00ebsht\u00eb shum\u00eb i vog\u00ebl, dhe nuk i shkon intriga. Ari thot\u00eb q\u00eb nuk ka besim tek njer\u00ebzit q\u00eb p\u00eblqejn\u00eb intrigat.<\/p>\n","protected":false},"excerpt":{"rendered":"<p>22\/04\/09 17:38 Ari mendon q\u00eb Arjoni \u00ebsht\u00eb person cinik, dhe e diskuton k\u00ebt\u00eb gj\u00eb me Adin dhe Qetsorin. Ai thot\u00eb q\u00eb i ruhet shum\u00eb mar\u00ebdh\u00ebnies me t\u00eb, pasi \u00ebsht\u00eb natyra e njeriut q\u00eb ngacmon shum\u00eb. Ai i k\u00ebrkon Adit q\u00eb mos ta p\u00ebrball\u00eb me t, pasi \u00ebsht\u00eb cinizmi i tij mund ta nxjerr\u00eb jasht\u00eb kontrrollit. [&hellip;]<\/p>\n","protected":false},"author":1,"featured_media":0,"comment_status":"open","ping_status":"closed","sticky":false,"template":"","format":"standard","meta":{"spay_email":"","jetpack_publicize_message":"","jetpack_is_tweetstorm":false,"jetpack_publicize_feature_enabled":true},"categories":[6502],"tags":[1414,8784,8934,6525,5057,6506,6516,6712,7129,6891,6693,6887],"jetpack_publicize_connections":[],"yoast_head":"<!-- This site is optimized with the Yoast SEO plugin v19.1 - https:\/\/yoast.com\/wordpress\/plugins\/seo\/ -->\n<title>Ari : Arjoni b\u00c3\u00abn intriga | Big Brother Albania 2<\/title>\n<meta name=\"description\" content=\"Big Brother Albania 2 - Ari mendon q\u00c3\u00ab Arjoni \u00c3\u00absht\u00c3\u00ab person cinik, dhe e diskuton k\u00c3\u00abt\u00c3\u00ab gj\u00c3\u00ab me Adin dhe Qetsorin. Ai thot\u00c3\u00ab q\u00c3\u00ab i ruhet shum\u00c3\u00ab mar\u00c3\u00abdh\u00c3\u00abnies me t\u00c3\u00ab\" \/>\n<meta name=\"robots\" content=\"index, follow, max-snippet:-1, max-image-preview:large, max-video-preview:-1\" \/>\n<link rel=\"canonical\" href=\"https:\/\/www.visit-ulcinj.com\/blog\/2009\/04\/23\/ari-arjoni-ben-intriga\/\" \/>\n<meta property=\"og:locale\" content=\"en_US\" \/>\n<meta property=\"og:type\" content=\"article\" \/>\n<meta property=\"og:title\" content=\"Ari : Arjoni b\u00c3\u00abn intriga | Big Brother Albania 2\" \/>\n<meta property=\"og:description\" content=\"Big Brother Albania 2 - Ari mendon q\u00c3\u00ab Arjoni \u00c3\u00absht\u00c3\u00ab person cinik, dhe e diskuton k\u00c3\u00abt\u00c3\u00ab gj\u00c3\u00ab me Adin dhe Qetsorin. Ai thot\u00c3\u00ab q\u00c3\u00ab i ruhet shum\u00c3\u00ab mar\u00c3\u00abdh\u00c3\u00abnies me t\u00c3\u00ab\" \/>\n<meta property=\"og:url\" content=\"https:\/\/www.visit-ulcinj.com\/blog\/2009\/04\/23\/ari-arjoni-ben-intriga\/\" \/>\n<meta property=\"og:site_name\" content=\"Lajme nga Ulqini\" \/>\n<meta property=\"article:published_time\" content=\"2009-04-23T21:56:54+00:00\" \/>\n<meta property=\"og:image\" content=\"http:\/\/www.visit-ulcinj.com\/blog\/wp-content\/uploads\/2009\/04\/ari-per-arjonin-34.jpg\" \/>\n<meta name=\"twitter:label1\" content=\"Written by\" \/>\n\t<meta name=\"twitter:data1\" content=\"ulqini\" \/>\n\t<meta name=\"twitter:label2\" content=\"Est. reading time\" \/>\n\t<meta name=\"twitter:data2\" content=\"1 minute\" \/>\n<script type=\"application\/ld+json\" class=\"yoast-schema-graph\">{\"@context\":\"https:\/\/schema.org\",\"@graph\":[{\"@type\":\"WebSite\",\"@id\":\"https:\/\/www.visit-ulcinj.com\/blog\/#website\",\"url\":\"https:\/\/www.visit-ulcinj.com\/blog\/\",\"name\":\"Lajme nga Ulqini\",\"description\":\"Lajme,Vijesti,Ulqini,Ulqin,Crna Gora,Mali i Zi\",\"potentialAction\":[{\"@type\":\"SearchAction\",\"target\":{\"@type\":\"EntryPoint\",\"urlTemplate\":\"https:\/\/www.visit-ulcinj.com\/blog\/?s={search_term_string}\"},\"query-input\":\"required name=search_term_string\"}],\"inLanguage\":\"en-US\"},{\"@type\":\"ImageObject\",\"inLanguage\":\"en-US\",\"@id\":\"https:\/\/www.visit-ulcinj.com\/blog\/2009\/04\/23\/ari-arjoni-ben-intriga\/#primaryimage\",\"url\":\"http:\/\/www.visit-ulcinj.com\/blog\/wp-content\/uploads\/2009\/04\/ari-per-arjonin-34.jpg\",\"contentUrl\":\"http:\/\/www.visit-ulcinj.com\/blog\/wp-content\/uploads\/2009\/04\/ari-per-arjonin-34.jpg\"},{\"@type\":\"WebPage\",\"@id\":\"https:\/\/www.visit-ulcinj.com\/blog\/2009\/04\/23\/ari-arjoni-ben-intriga\/#webpage\",\"url\":\"https:\/\/www.visit-ulcinj.com\/blog\/2009\/04\/23\/ari-arjoni-ben-intriga\/\",\"name\":\"Ari : Arjoni b\u00c3\u00abn intriga | Big Brother Albania 2\",\"isPartOf\":{\"@id\":\"https:\/\/www.visit-ulcinj.com\/blog\/#website\"},\"primaryImageOfPage\":{\"@id\":\"https:\/\/www.visit-ulcinj.com\/blog\/2009\/04\/23\/ari-arjoni-ben-intriga\/#primaryimage\"},\"datePublished\":\"2009-04-23T21:56:54+00:00\",\"dateModified\":\"2009-04-23T21:56:54+00:00\",\"author\":{\"@id\":\"https:\/\/www.visit-ulcinj.com\/blog\/#\/schema\/person\/dcab619c614d3038751c63bc2aadc06d\"},\"description\":\"Big Brother Albania 2 - Ari mendon q\u00c3\u00ab Arjoni \u00c3\u00absht\u00c3\u00ab person cinik, dhe e diskuton k\u00c3\u00abt\u00c3\u00ab gj\u00c3\u00ab me Adin dhe Qetsorin. Ai thot\u00c3\u00ab q\u00c3\u00ab i ruhet shum\u00c3\u00ab mar\u00c3\u00abdh\u00c3\u00abnies me t\u00c3\u00ab\",\"breadcrumb\":{\"@id\":\"https:\/\/www.visit-ulcinj.com\/blog\/2009\/04\/23\/ari-arjoni-ben-intriga\/#breadcrumb\"},\"inLanguage\":\"en-US\",\"potentialAction\":[{\"@type\":\"ReadAction\",\"target\":[\"https:\/\/www.visit-ulcinj.com\/blog\/2009\/04\/23\/ari-arjoni-ben-intriga\/\"]}]},{\"@type\":\"BreadcrumbList\",\"@id\":\"https:\/\/www.visit-ulcinj.com\/blog\/2009\/04\/23\/ari-arjoni-ben-intriga\/#breadcrumb\",\"itemListElement\":[{\"@type\":\"ListItem\",\"position\":1,\"name\":\"Ari : Arjoni b\u00ebn intriga\"}]},{\"@type\":\"Person\",\"@id\":\"https:\/\/www.visit-ulcinj.com\/blog\/#\/schema\/person\/dcab619c614d3038751c63bc2aadc06d\",\"name\":\"ulqini\",\"sameAs\":[\"http:\/\/www.visit-ulcinj.com\"],\"url\":\"https:\/\/www.visit-ulcinj.com\/blog\/author\/admin\/\"}]}<\/script>\n<!-- \/ Yoast SEO plugin. -->","yoast_head_json":{"title":"Ari : Arjoni b\u00c3\u00abn intriga | Big Brother Albania 2","description":"Big Brother Albania 2 - Ari mendon q\u00c3\u00ab Arjoni \u00c3\u00absht\u00c3\u00ab person cinik, dhe e diskuton k\u00c3\u00abt\u00c3\u00ab gj\u00c3\u00ab me Adin dhe Qetsorin. Ai thot\u00c3\u00ab q\u00c3\u00ab i ruhet shum\u00c3\u00ab mar\u00c3\u00abdh\u00c3\u00abnies me t\u00c3\u00ab","robots":{"index":"index","follow":"follow","max-snippet":"max-snippet:-1","max-image-preview":"max-image-preview:large","max-video-preview":"max-video-preview:-1"},"canonical":"https:\/\/www.visit-ulcinj.com\/blog\/2009\/04\/23\/ari-arjoni-ben-intriga\/","og_locale":"en_US","og_type":"article","og_title":"Ari : Arjoni b\u00c3\u00abn intriga | Big Brother Albania 2","og_description":"Big Brother Albania 2 - Ari mendon q\u00c3\u00ab Arjoni \u00c3\u00absht\u00c3\u00ab person cinik, dhe e diskuton k\u00c3\u00abt\u00c3\u00ab gj\u00c3\u00ab me Adin dhe Qetsorin. Ai thot\u00c3\u00ab q\u00c3\u00ab i ruhet shum\u00c3\u00ab mar\u00c3\u00abdh\u00c3\u00abnies me t\u00c3\u00ab","og_url":"https:\/\/www.visit-ulcinj.com\/blog\/2009\/04\/23\/ari-arjoni-ben-intriga\/","og_site_name":"Lajme nga Ulqini","article_published_time":"2009-04-23T21:56:54+00:00","og_image":[{"url":"http:\/\/www.visit-ulcinj.com\/blog\/wp-content\/uploads\/2009\/04\/ari-per-arjonin-34.jpg"}],"twitter_misc":{"Written by":"ulqini","Est. reading time":"1 minute"},"schema":{"@context":"https:\/\/schema.org","@graph":[{"@type":"WebSite","@id":"https:\/\/www.visit-ulcinj.com\/blog\/#website","url":"https:\/\/www.visit-ulcinj.com\/blog\/","name":"Lajme nga Ulqini","description":"Lajme,Vijesti,Ulqini,Ulqin,Crna Gora,Mali i Zi","potentialAction":[{"@type":"SearchAction","target":{"@type":"EntryPoint","urlTemplate":"https:\/\/www.visit-ulcinj.com\/blog\/?s={search_term_string}"},"query-input":"required name=search_term_string"}],"inLanguage":"en-US"},{"@type":"ImageObject","inLanguage":"en-US","@id":"https:\/\/www.visit-ulcinj.com\/blog\/2009\/04\/23\/ari-arjoni-ben-intriga\/#primaryimage","url":"http:\/\/www.visit-ulcinj.com\/blog\/wp-content\/uploads\/2009\/04\/ari-per-arjonin-34.jpg","contentUrl":"http:\/\/www.visit-ulcinj.com\/blog\/wp-content\/uploads\/2009\/04\/ari-per-arjonin-34.jpg"},{"@type":"WebPage","@id":"https:\/\/www.visit-ulcinj.com\/blog\/2009\/04\/23\/ari-arjoni-ben-intriga\/#webpage","url":"https:\/\/www.visit-ulcinj.com\/blog\/2009\/04\/23\/ari-arjoni-ben-intriga\/","name":"Ari : Arjoni b\u00c3\u00abn intriga | Big Brother Albania 2","isPartOf":{"@id":"https:\/\/www.visit-ulcinj.com\/blog\/#website"},"primaryImageOfPage":{"@id":"https:\/\/www.visit-ulcinj.com\/blog\/2009\/04\/23\/ari-arjoni-ben-intriga\/#primaryimage"},"datePublished":"2009-04-23T21:56:54+00:00","dateModified":"2009-04-23T21:56:54+00:00","author":{"@id":"https:\/\/www.visit-ulcinj.com\/blog\/#\/schema\/person\/dcab619c614d3038751c63bc2aadc06d"},"description":"Big Brother Albania 2 - Ari mendon q\u00c3\u00ab Arjoni \u00c3\u00absht\u00c3\u00ab person cinik, dhe e diskuton k\u00c3\u00abt\u00c3\u00ab gj\u00c3\u00ab me Adin dhe Qetsorin. Ai thot\u00c3\u00ab q\u00c3\u00ab i ruhet shum\u00c3\u00ab mar\u00c3\u00abdh\u00c3\u00abnies me t\u00c3\u00ab","breadcrumb":{"@id":"https:\/\/www.visit-ulcinj.com\/blog\/2009\/04\/23\/ari-arjoni-ben-intriga\/#breadcrumb"},"inLanguage":"en-US","potentialAction":[{"@type":"ReadAction","target":["https:\/\/www.visit-ulcinj.com\/blog\/2009\/04\/23\/ari-arjoni-ben-intriga\/"]}]},{"@type":"BreadcrumbList","@id":"https:\/\/www.visit-ulcinj.com\/blog\/2009\/04\/23\/ari-arjoni-ben-intriga\/#breadcrumb","itemListElement":[{"@type":"ListItem","position":1,"name":"Ari : Arjoni b\u00ebn intriga"}]},{"@type":"Person","@id":"https:\/\/www.visit-ulcinj.com\/blog\/#\/schema\/person\/dcab619c614d3038751c63bc2aadc06d","name":"ulqini","sameAs":["http:\/\/www.visit-ulcinj.com"],"url":"https:\/\/www.visit-ulcinj.com\/blog\/author\/admin\/"}]}},"jetpack_featured_media_url":"","jetpack_sharing_enabled":true,"jetpack_shortlink":"https:\/\/wp.me\/pe6lTn-4UY","_links":{"self":[{"href":"https:\/\/www.visit-ulcinj.com\/blog\/wp-json\/wp\/v2\/posts\/18908"}],"collection":[{"href":"https:\/\/www.visit-ulcinj.com\/blog\/wp-json\/wp\/v2\/posts"}],"about":[{"href":"https:\/\/www.visit-ulcinj.com\/blog\/wp-json\/wp\/v2\/types\/post"}],"author":[{"embeddable":true,"href":"https:\/\/www.visit-ulcinj.com\/blog\/wp-json\/wp\/v2\/users\/1"}],"replies":[{"embeddable":true,"href":"https:\/\/www.visit-ulcinj.com\/blog\/wp-json\/wp\/v2\/comments?post=18908"}],"version-history":[{"count":0,"href":"https:\/\/www.visit-ulcinj.com\/blog\/wp-json\/wp\/v2\/posts\/18908\/revisions"}],"wp:attachment":[{"href":"https:\/\/www.visit-ulcinj.com\/blog\/wp-json\/wp\/v2\/media?parent=18908"}],"wp:term":[{"taxonomy":"category","embeddable":true,"href":"https:\/\/www.visit-ulcinj.com\/blog\/wp-json\/wp\/v2\/categories?post=18908"},{"taxonomy":"post_tag","embeddable":true,"href":"https:\/\/www.visit-ulcinj.com\/blog\/wp-json\/wp\/v2\/tags?post=18908"}],"curies":[{"name":"wp","href":"https:\/\/api.w.org\/{rel}","templated":true}]}}