{"id":18911,"date":"2009-04-23T09:00:06","date_gmt":"2009-04-23T07:00:06","guid":{"rendered":"http:\/\/www.visit-ulcinj.com\/blog\/?p=18911"},"modified":"2009-04-26T03:08:52","modified_gmt":"2009-04-26T01:08:52","slug":"bjordi-te-ndricon-figuren","status":"publish","type":"post","link":"https:\/\/www.visit-ulcinj.com\/blog\/2009\/04\/23\/bjordi-te-ndricon-figuren\/","title":{"rendered":"Bjordi t\u00eb ndricon figur\u00ebn"},"content":{"rendered":"<p><em><span class=\"newsdate\"><a href=\"http:\/\/www.visit-ulcinj.com\/blog\/wp-content\/uploads\/2009\/04\/ariadelaadibjordi22.jpg\"><img loading=\"lazy\" class=\"alignleft size-full wp-image-18912\" title=\"ari-bjordi-adela-big-brother-albania-2\" src=\"http:\/\/www.visit-ulcinj.com\/blog\/wp-content\/uploads\/2009\/04\/ariadelaadibjordi22.jpg\" alt=\"ari-bjordi-adela-big-brother-albania-2\" width=\"300\" height=\"205\" \/><\/a>22\/04\/09 18:15<\/span><\/em><\/p>\n<p>Duke diskutuar p\u00ebr 70mij\u00eb eurot Adelajda i thot\u00eb Adit me shaka q\u00eb ai do q\u00eb ta fitoj\u00eb cmimin duke fjetur gjum\u00eb. Ari mb\u00ebshtet mendimin e saj dhe vazhdon shakan\u00eb duke th\u00ebn\u00eb:-\u201cAdela po b\u00ebn evolucion !\u201d Adi dhe Ari ngacmojn\u00eb Adelajd\u00ebn dhe i thon\u00eb:-\u201cKe Bjordin n\u00eb krah\u00eb q\u00eb t\u00eb ndricon figur\u00ebn!\u201d Adelajda nuk e pranon k\u00ebt\u00eb gj\u00eb duke th\u00ebn\u00eb q\u00eb figura q\u00eb ka krijuar brenda sht\u00ebpis\u00eb nuk \u00ebsht\u00eb nga ndikimi i Bjordit. Biseda e tyre kalon tek finalja e \u201cBig Brother\u201d. Bjordi i thot\u00eb Arit q\u00eb mendon se ai do jet\u00eb banori i par\u00eb q\u00eb do shkoj\u00eb n\u00eb finale.<\/p>\n","protected":false},"excerpt":{"rendered":"<p>22\/04\/09 18:15 Duke diskutuar p\u00ebr 70mij\u00eb eurot Adelajda i thot\u00eb Adit me shaka q\u00eb ai do q\u00eb ta fitoj\u00eb cmimin duke fjetur gjum\u00eb. Ari mb\u00ebshtet mendimin e saj dhe vazhdon shakan\u00eb duke th\u00ebn\u00eb:-\u201cAdela po b\u00ebn evolucion !\u201d Adi dhe Ari ngacmojn\u00eb Adelajd\u00ebn dhe i thon\u00eb:-\u201cKe Bjordin n\u00eb krah\u00eb q\u00eb t\u00eb ndricon figur\u00ebn!\u201d Adelajda nuk e [&hellip;]<\/p>\n","protected":false},"author":1,"featured_media":0,"comment_status":"open","ping_status":"closed","sticky":false,"template":"","format":"standard","meta":{"spay_email":"","jetpack_publicize_message":"","jetpack_is_tweetstorm":false,"jetpack_publicize_feature_enabled":true},"categories":[6502],"tags":[6529,1414,8784,8934,5057,6506,6516,6712,7129,6522,6891,6693,6887],"jetpack_publicize_connections":[],"yoast_head":"<!-- This site is optimized with the Yoast SEO plugin v19.1 - https:\/\/yoast.com\/wordpress\/plugins\/seo\/ -->\n<title>Bjordi t\u00c3\u00ab ndricon figur\u00c3\u00abn | Big Brother Albania 2<\/title>\n<meta name=\"description\" content=\"Big Brother Albania 2 - Duke diskutuar p\u00c3\u00abr 70mij\u00c3\u00ab eurot Adelajda i thot\u00c3\u00ab Adit me shaka q\u00c3\u00ab ai do q\u00c3\u00ab ta fitoj\u00c3\u00ab cmimin duke fjetur gjum\u00c3\u00ab. Ari mb\u00c3\u00abshtet mendimin e saj dhe vazhdon shakan\u00c3\u00ab duke th\u00c3\u00abn\u00c3\u00ab\" \/>\n<meta name=\"robots\" content=\"index, follow, max-snippet:-1, max-image-preview:large, max-video-preview:-1\" \/>\n<link rel=\"canonical\" href=\"https:\/\/www.visit-ulcinj.com\/blog\/2009\/04\/23\/bjordi-te-ndricon-figuren\/\" \/>\n<meta property=\"og:locale\" content=\"en_US\" \/>\n<meta property=\"og:type\" content=\"article\" \/>\n<meta property=\"og:title\" content=\"Bjordi t\u00c3\u00ab ndricon figur\u00c3\u00abn | Big Brother Albania 2\" \/>\n<meta property=\"og:description\" content=\"Big Brother Albania 2 - Duke diskutuar p\u00c3\u00abr 70mij\u00c3\u00ab eurot Adelajda i thot\u00c3\u00ab Adit me shaka q\u00c3\u00ab ai do q\u00c3\u00ab ta fitoj\u00c3\u00ab cmimin duke fjetur gjum\u00c3\u00ab. Ari mb\u00c3\u00abshtet mendimin e saj dhe vazhdon shakan\u00c3\u00ab duke th\u00c3\u00abn\u00c3\u00ab\" \/>\n<meta property=\"og:url\" content=\"https:\/\/www.visit-ulcinj.com\/blog\/2009\/04\/23\/bjordi-te-ndricon-figuren\/\" \/>\n<meta property=\"og:site_name\" content=\"Lajme nga Ulqini\" \/>\n<meta property=\"article:published_time\" content=\"2009-04-23T07:00:06+00:00\" \/>\n<meta property=\"article:modified_time\" content=\"2009-04-26T01:08:52+00:00\" \/>\n<meta property=\"og:image\" content=\"http:\/\/www.visit-ulcinj.com\/blog\/wp-content\/uploads\/2009\/04\/ariadelaadibjordi22.jpg\" \/>\n<meta name=\"twitter:label1\" content=\"Written by\" \/>\n\t<meta name=\"twitter:data1\" content=\"ulqini\" \/>\n\t<meta name=\"twitter:label2\" content=\"Est. reading time\" \/>\n\t<meta name=\"twitter:data2\" content=\"1 minute\" \/>\n<script type=\"application\/ld+json\" class=\"yoast-schema-graph\">{\"@context\":\"https:\/\/schema.org\",\"@graph\":[{\"@type\":\"WebSite\",\"@id\":\"https:\/\/www.visit-ulcinj.com\/blog\/#website\",\"url\":\"https:\/\/www.visit-ulcinj.com\/blog\/\",\"name\":\"Lajme nga Ulqini\",\"description\":\"Lajme,Vijesti,Ulqini,Ulqin,Crna Gora,Mali i Zi\",\"potentialAction\":[{\"@type\":\"SearchAction\",\"target\":{\"@type\":\"EntryPoint\",\"urlTemplate\":\"https:\/\/www.visit-ulcinj.com\/blog\/?s={search_term_string}\"},\"query-input\":\"required name=search_term_string\"}],\"inLanguage\":\"en-US\"},{\"@type\":\"ImageObject\",\"inLanguage\":\"en-US\",\"@id\":\"https:\/\/www.visit-ulcinj.com\/blog\/2009\/04\/23\/bjordi-te-ndricon-figuren\/#primaryimage\",\"url\":\"http:\/\/www.visit-ulcinj.com\/blog\/wp-content\/uploads\/2009\/04\/ariadelaadibjordi22.jpg\",\"contentUrl\":\"http:\/\/www.visit-ulcinj.com\/blog\/wp-content\/uploads\/2009\/04\/ariadelaadibjordi22.jpg\"},{\"@type\":\"WebPage\",\"@id\":\"https:\/\/www.visit-ulcinj.com\/blog\/2009\/04\/23\/bjordi-te-ndricon-figuren\/#webpage\",\"url\":\"https:\/\/www.visit-ulcinj.com\/blog\/2009\/04\/23\/bjordi-te-ndricon-figuren\/\",\"name\":\"Bjordi t\u00c3\u00ab ndricon figur\u00c3\u00abn | Big Brother Albania 2\",\"isPartOf\":{\"@id\":\"https:\/\/www.visit-ulcinj.com\/blog\/#website\"},\"primaryImageOfPage\":{\"@id\":\"https:\/\/www.visit-ulcinj.com\/blog\/2009\/04\/23\/bjordi-te-ndricon-figuren\/#primaryimage\"},\"datePublished\":\"2009-04-23T07:00:06+00:00\",\"dateModified\":\"2009-04-26T01:08:52+00:00\",\"author\":{\"@id\":\"https:\/\/www.visit-ulcinj.com\/blog\/#\/schema\/person\/dcab619c614d3038751c63bc2aadc06d\"},\"description\":\"Big Brother Albania 2 - Duke diskutuar p\u00c3\u00abr 70mij\u00c3\u00ab eurot Adelajda i thot\u00c3\u00ab Adit me shaka q\u00c3\u00ab ai do q\u00c3\u00ab ta fitoj\u00c3\u00ab cmimin duke fjetur gjum\u00c3\u00ab. Ari mb\u00c3\u00abshtet mendimin e saj dhe vazhdon shakan\u00c3\u00ab duke th\u00c3\u00abn\u00c3\u00ab\",\"breadcrumb\":{\"@id\":\"https:\/\/www.visit-ulcinj.com\/blog\/2009\/04\/23\/bjordi-te-ndricon-figuren\/#breadcrumb\"},\"inLanguage\":\"en-US\",\"potentialAction\":[{\"@type\":\"ReadAction\",\"target\":[\"https:\/\/www.visit-ulcinj.com\/blog\/2009\/04\/23\/bjordi-te-ndricon-figuren\/\"]}]},{\"@type\":\"BreadcrumbList\",\"@id\":\"https:\/\/www.visit-ulcinj.com\/blog\/2009\/04\/23\/bjordi-te-ndricon-figuren\/#breadcrumb\",\"itemListElement\":[{\"@type\":\"ListItem\",\"position\":1,\"name\":\"Bjordi t\u00eb ndricon figur\u00ebn\"}]},{\"@type\":\"Person\",\"@id\":\"https:\/\/www.visit-ulcinj.com\/blog\/#\/schema\/person\/dcab619c614d3038751c63bc2aadc06d\",\"name\":\"ulqini\",\"sameAs\":[\"http:\/\/www.visit-ulcinj.com\"],\"url\":\"https:\/\/www.visit-ulcinj.com\/blog\/author\/admin\/\"}]}<\/script>\n<!-- \/ Yoast SEO plugin. -->","yoast_head_json":{"title":"Bjordi t\u00c3\u00ab ndricon figur\u00c3\u00abn | Big Brother Albania 2","description":"Big Brother Albania 2 - Duke diskutuar p\u00c3\u00abr 70mij\u00c3\u00ab eurot Adelajda i thot\u00c3\u00ab Adit me shaka q\u00c3\u00ab ai do q\u00c3\u00ab ta fitoj\u00c3\u00ab cmimin duke fjetur gjum\u00c3\u00ab. Ari mb\u00c3\u00abshtet mendimin e saj dhe vazhdon shakan\u00c3\u00ab duke th\u00c3\u00abn\u00c3\u00ab","robots":{"index":"index","follow":"follow","max-snippet":"max-snippet:-1","max-image-preview":"max-image-preview:large","max-video-preview":"max-video-preview:-1"},"canonical":"https:\/\/www.visit-ulcinj.com\/blog\/2009\/04\/23\/bjordi-te-ndricon-figuren\/","og_locale":"en_US","og_type":"article","og_title":"Bjordi t\u00c3\u00ab ndricon figur\u00c3\u00abn | Big Brother Albania 2","og_description":"Big Brother Albania 2 - Duke diskutuar p\u00c3\u00abr 70mij\u00c3\u00ab eurot Adelajda i thot\u00c3\u00ab Adit me shaka q\u00c3\u00ab ai do q\u00c3\u00ab ta fitoj\u00c3\u00ab cmimin duke fjetur gjum\u00c3\u00ab. Ari mb\u00c3\u00abshtet mendimin e saj dhe vazhdon shakan\u00c3\u00ab duke th\u00c3\u00abn\u00c3\u00ab","og_url":"https:\/\/www.visit-ulcinj.com\/blog\/2009\/04\/23\/bjordi-te-ndricon-figuren\/","og_site_name":"Lajme nga Ulqini","article_published_time":"2009-04-23T07:00:06+00:00","article_modified_time":"2009-04-26T01:08:52+00:00","og_image":[{"url":"http:\/\/www.visit-ulcinj.com\/blog\/wp-content\/uploads\/2009\/04\/ariadelaadibjordi22.jpg"}],"twitter_misc":{"Written by":"ulqini","Est. reading time":"1 minute"},"schema":{"@context":"https:\/\/schema.org","@graph":[{"@type":"WebSite","@id":"https:\/\/www.visit-ulcinj.com\/blog\/#website","url":"https:\/\/www.visit-ulcinj.com\/blog\/","name":"Lajme nga Ulqini","description":"Lajme,Vijesti,Ulqini,Ulqin,Crna Gora,Mali i Zi","potentialAction":[{"@type":"SearchAction","target":{"@type":"EntryPoint","urlTemplate":"https:\/\/www.visit-ulcinj.com\/blog\/?s={search_term_string}"},"query-input":"required name=search_term_string"}],"inLanguage":"en-US"},{"@type":"ImageObject","inLanguage":"en-US","@id":"https:\/\/www.visit-ulcinj.com\/blog\/2009\/04\/23\/bjordi-te-ndricon-figuren\/#primaryimage","url":"http:\/\/www.visit-ulcinj.com\/blog\/wp-content\/uploads\/2009\/04\/ariadelaadibjordi22.jpg","contentUrl":"http:\/\/www.visit-ulcinj.com\/blog\/wp-content\/uploads\/2009\/04\/ariadelaadibjordi22.jpg"},{"@type":"WebPage","@id":"https:\/\/www.visit-ulcinj.com\/blog\/2009\/04\/23\/bjordi-te-ndricon-figuren\/#webpage","url":"https:\/\/www.visit-ulcinj.com\/blog\/2009\/04\/23\/bjordi-te-ndricon-figuren\/","name":"Bjordi t\u00c3\u00ab ndricon figur\u00c3\u00abn | Big Brother Albania 2","isPartOf":{"@id":"https:\/\/www.visit-ulcinj.com\/blog\/#website"},"primaryImageOfPage":{"@id":"https:\/\/www.visit-ulcinj.com\/blog\/2009\/04\/23\/bjordi-te-ndricon-figuren\/#primaryimage"},"datePublished":"2009-04-23T07:00:06+00:00","dateModified":"2009-04-26T01:08:52+00:00","author":{"@id":"https:\/\/www.visit-ulcinj.com\/blog\/#\/schema\/person\/dcab619c614d3038751c63bc2aadc06d"},"description":"Big Brother Albania 2 - Duke diskutuar p\u00c3\u00abr 70mij\u00c3\u00ab eurot Adelajda i thot\u00c3\u00ab Adit me shaka q\u00c3\u00ab ai do q\u00c3\u00ab ta fitoj\u00c3\u00ab cmimin duke fjetur gjum\u00c3\u00ab. Ari mb\u00c3\u00abshtet mendimin e saj dhe vazhdon shakan\u00c3\u00ab duke th\u00c3\u00abn\u00c3\u00ab","breadcrumb":{"@id":"https:\/\/www.visit-ulcinj.com\/blog\/2009\/04\/23\/bjordi-te-ndricon-figuren\/#breadcrumb"},"inLanguage":"en-US","potentialAction":[{"@type":"ReadAction","target":["https:\/\/www.visit-ulcinj.com\/blog\/2009\/04\/23\/bjordi-te-ndricon-figuren\/"]}]},{"@type":"BreadcrumbList","@id":"https:\/\/www.visit-ulcinj.com\/blog\/2009\/04\/23\/bjordi-te-ndricon-figuren\/#breadcrumb","itemListElement":[{"@type":"ListItem","position":1,"name":"Bjordi t\u00eb ndricon figur\u00ebn"}]},{"@type":"Person","@id":"https:\/\/www.visit-ulcinj.com\/blog\/#\/schema\/person\/dcab619c614d3038751c63bc2aadc06d","name":"ulqini","sameAs":["http:\/\/www.visit-ulcinj.com"],"url":"https:\/\/www.visit-ulcinj.com\/blog\/author\/admin\/"}]}},"jetpack_featured_media_url":"","jetpack_sharing_enabled":true,"jetpack_shortlink":"https:\/\/wp.me\/pe6lTn-4V1","_links":{"self":[{"href":"https:\/\/www.visit-ulcinj.com\/blog\/wp-json\/wp\/v2\/posts\/18911"}],"collection":[{"href":"https:\/\/www.visit-ulcinj.com\/blog\/wp-json\/wp\/v2\/posts"}],"about":[{"href":"https:\/\/www.visit-ulcinj.com\/blog\/wp-json\/wp\/v2\/types\/post"}],"author":[{"embeddable":true,"href":"https:\/\/www.visit-ulcinj.com\/blog\/wp-json\/wp\/v2\/users\/1"}],"replies":[{"embeddable":true,"href":"https:\/\/www.visit-ulcinj.com\/blog\/wp-json\/wp\/v2\/comments?post=18911"}],"version-history":[{"count":0,"href":"https:\/\/www.visit-ulcinj.com\/blog\/wp-json\/wp\/v2\/posts\/18911\/revisions"}],"wp:attachment":[{"href":"https:\/\/www.visit-ulcinj.com\/blog\/wp-json\/wp\/v2\/media?parent=18911"}],"wp:term":[{"taxonomy":"category","embeddable":true,"href":"https:\/\/www.visit-ulcinj.com\/blog\/wp-json\/wp\/v2\/categories?post=18911"},{"taxonomy":"post_tag","embeddable":true,"href":"https:\/\/www.visit-ulcinj.com\/blog\/wp-json\/wp\/v2\/tags?post=18911"}],"curies":[{"name":"wp","href":"https:\/\/api.w.org\/{rel}","templated":true}]}}