{"id":18914,"date":"2009-04-24T00:00:54","date_gmt":"2009-04-23T22:00:54","guid":{"rendered":"http:\/\/www.visit-ulcinj.com\/blog\/?p=18914"},"modified":"2009-04-24T00:00:54","modified_gmt":"2009-04-23T22:00:54","slug":"ditelindja-e-arjonit","status":"publish","type":"post","link":"https:\/\/www.visit-ulcinj.com\/blog\/2009\/04\/24\/ditelindja-e-arjonit\/","title":{"rendered":"Dit\u00eblindja e Arjonit"},"content":{"rendered":"<p><em><span class=\"newsdate\"><a href=\"http:\/\/www.visit-ulcinj.com\/blog\/wp-content\/uploads\/2009\/04\/ditelindja-e-arjonit.jpg\"><img loading=\"lazy\" class=\"alignleft size-full wp-image-18915\" title=\"ditelindja-e-arjonit-big-brother-albania-2\" src=\"http:\/\/www.visit-ulcinj.com\/blog\/wp-content\/uploads\/2009\/04\/ditelindja-e-arjonit.jpg\" alt=\"ditelindja-e-arjonit-big-brother-albania-2\" width=\"300\" height=\"205\" \/><\/a>22\/04\/09 20:57<\/span><\/em><\/p>\n<p>Arjoni \u00ebsht\u00eb nj\u00eb nga banor\u00ebt i cili ka festuar dit\u00eblindjen e tij brenda sht\u00ebpis\u00eb. P\u00ebr k\u00ebt\u00eb \u201cBig Brother\u201d i kishte p\u00ebrgatitur nj\u00eb surpriz\u00eb me k\u00ebt\u00eb rast, duke i organizuar nj\u00eb fest\u00eb. Banor\u00ebt ishin t\u00eb veshur si kinez\u00eb p\u00ebr shkak t\u00eb prov\u00ebs. Ato urimin e dhan\u00eb n\u00eb nj\u00eb form\u00eb t\u00eb vecant\u00eb duke imituar kinez\u00ebt.<\/p>\n","protected":false},"excerpt":{"rendered":"<p>22\/04\/09 20:57 Arjoni \u00ebsht\u00eb nj\u00eb nga banor\u00ebt i cili ka festuar dit\u00eblindjen e tij brenda sht\u00ebpis\u00eb. P\u00ebr k\u00ebt\u00eb \u201cBig Brother\u201d i kishte p\u00ebrgatitur nj\u00eb surpriz\u00eb me k\u00ebt\u00eb rast, duke i organizuar nj\u00eb fest\u00eb. Banor\u00ebt ishin t\u00eb veshur si kinez\u00eb p\u00ebr shkak t\u00eb prov\u00ebs. Ato urimin e dhan\u00eb n\u00eb nj\u00eb form\u00eb t\u00eb vecant\u00eb duke imituar kinez\u00ebt.<\/p>\n","protected":false},"author":1,"featured_media":0,"comment_status":"open","ping_status":"closed","sticky":false,"template":"","format":"standard","meta":{"spay_email":"","jetpack_publicize_message":"","jetpack_is_tweetstorm":false,"jetpack_publicize_feature_enabled":true},"categories":[6502],"tags":[8289,6525,5057,6506,6516,6712,7129,9496,9469,6891,6693,6887],"jetpack_publicize_connections":[],"yoast_head":"<!-- This site is optimized with the Yoast SEO plugin v19.1 - https:\/\/yoast.com\/wordpress\/plugins\/seo\/ -->\n<title>Dit\u00c3\u00ablindja e Arjonit | Big Brother Albania 2<\/title>\n<meta name=\"description\" content=\"Big Brother Albania 2 - Arjoni \u00c3\u00absht\u00c3\u00ab nj\u00c3\u00ab nga banor\u00c3\u00abt i cili ka festuar dit\u00c3\u00ablindjen e tij brenda sht\u00c3\u00abpis\u00c3\u00ab. P\u00c3\u00abr k\u00c3\u00abt\u00c3\u00ab \u00e2\u20ac\u0153Big Brother\u00e2\u20ac\u009d i kishte p\u00c3\u00abrgatitur nj\u00c3\u00ab surpriz\u00c3\u00ab me k\u00c3\u00abt\u00c3\u00ab rast, duke i organizuar nj\u00c3\u00ab fest\u00c3\u00ab. Banor\u00c3\u00abt ishin t\u00c3\u00ab veshur si kinez\u00c3\u00ab p\u00c3\u00abr shkak t\u00c3\u00ab prov\u00c3\u00abs. Ato urimin e dhan\u00c3\u00ab n\u00c3\u00ab nj\u00c3\u00ab form\u00c3\u00ab t\u00c3\u00ab vecant\u00c3\u00ab duke imituar kinez\u00c3\u00abt.\" \/>\n<meta name=\"robots\" content=\"index, follow, max-snippet:-1, max-image-preview:large, max-video-preview:-1\" \/>\n<link rel=\"canonical\" href=\"https:\/\/www.visit-ulcinj.com\/blog\/2009\/04\/24\/ditelindja-e-arjonit\/\" \/>\n<meta property=\"og:locale\" content=\"en_US\" \/>\n<meta property=\"og:type\" content=\"article\" \/>\n<meta property=\"og:title\" content=\"Dit\u00c3\u00ablindja e Arjonit | Big Brother Albania 2\" \/>\n<meta property=\"og:description\" content=\"Big Brother Albania 2 - Arjoni \u00c3\u00absht\u00c3\u00ab nj\u00c3\u00ab nga banor\u00c3\u00abt i cili ka festuar dit\u00c3\u00ablindjen e tij brenda sht\u00c3\u00abpis\u00c3\u00ab. P\u00c3\u00abr k\u00c3\u00abt\u00c3\u00ab \u00e2\u20ac\u0153Big Brother\u00e2\u20ac\u009d i kishte p\u00c3\u00abrgatitur nj\u00c3\u00ab surpriz\u00c3\u00ab me k\u00c3\u00abt\u00c3\u00ab rast, duke i organizuar nj\u00c3\u00ab fest\u00c3\u00ab. Banor\u00c3\u00abt ishin t\u00c3\u00ab veshur si kinez\u00c3\u00ab p\u00c3\u00abr shkak t\u00c3\u00ab prov\u00c3\u00abs. Ato urimin e dhan\u00c3\u00ab n\u00c3\u00ab nj\u00c3\u00ab form\u00c3\u00ab t\u00c3\u00ab vecant\u00c3\u00ab duke imituar kinez\u00c3\u00abt.\" \/>\n<meta property=\"og:url\" content=\"https:\/\/www.visit-ulcinj.com\/blog\/2009\/04\/24\/ditelindja-e-arjonit\/\" \/>\n<meta property=\"og:site_name\" content=\"Lajme nga Ulqini\" \/>\n<meta property=\"article:published_time\" content=\"2009-04-23T22:00:54+00:00\" \/>\n<meta property=\"og:image\" content=\"http:\/\/www.visit-ulcinj.com\/blog\/wp-content\/uploads\/2009\/04\/ditelindja-e-arjonit.jpg\" \/>\n<meta name=\"twitter:label1\" content=\"Written by\" \/>\n\t<meta name=\"twitter:data1\" content=\"ulqini\" \/>\n<script type=\"application\/ld+json\" class=\"yoast-schema-graph\">{\"@context\":\"https:\/\/schema.org\",\"@graph\":[{\"@type\":\"WebSite\",\"@id\":\"https:\/\/www.visit-ulcinj.com\/blog\/#website\",\"url\":\"https:\/\/www.visit-ulcinj.com\/blog\/\",\"name\":\"Lajme nga Ulqini\",\"description\":\"Lajme,Vijesti,Ulqini,Ulqin,Crna Gora,Mali i Zi\",\"potentialAction\":[{\"@type\":\"SearchAction\",\"target\":{\"@type\":\"EntryPoint\",\"urlTemplate\":\"https:\/\/www.visit-ulcinj.com\/blog\/?s={search_term_string}\"},\"query-input\":\"required name=search_term_string\"}],\"inLanguage\":\"en-US\"},{\"@type\":\"ImageObject\",\"inLanguage\":\"en-US\",\"@id\":\"https:\/\/www.visit-ulcinj.com\/blog\/2009\/04\/24\/ditelindja-e-arjonit\/#primaryimage\",\"url\":\"http:\/\/www.visit-ulcinj.com\/blog\/wp-content\/uploads\/2009\/04\/ditelindja-e-arjonit.jpg\",\"contentUrl\":\"http:\/\/www.visit-ulcinj.com\/blog\/wp-content\/uploads\/2009\/04\/ditelindja-e-arjonit.jpg\"},{\"@type\":\"WebPage\",\"@id\":\"https:\/\/www.visit-ulcinj.com\/blog\/2009\/04\/24\/ditelindja-e-arjonit\/#webpage\",\"url\":\"https:\/\/www.visit-ulcinj.com\/blog\/2009\/04\/24\/ditelindja-e-arjonit\/\",\"name\":\"Dit\u00c3\u00ablindja e Arjonit | Big Brother Albania 2\",\"isPartOf\":{\"@id\":\"https:\/\/www.visit-ulcinj.com\/blog\/#website\"},\"primaryImageOfPage\":{\"@id\":\"https:\/\/www.visit-ulcinj.com\/blog\/2009\/04\/24\/ditelindja-e-arjonit\/#primaryimage\"},\"datePublished\":\"2009-04-23T22:00:54+00:00\",\"dateModified\":\"2009-04-23T22:00:54+00:00\",\"author\":{\"@id\":\"https:\/\/www.visit-ulcinj.com\/blog\/#\/schema\/person\/dcab619c614d3038751c63bc2aadc06d\"},\"description\":\"Big Brother Albania 2 - Arjoni \u00c3\u00absht\u00c3\u00ab nj\u00c3\u00ab nga banor\u00c3\u00abt i cili ka festuar dit\u00c3\u00ablindjen e tij brenda sht\u00c3\u00abpis\u00c3\u00ab. P\u00c3\u00abr k\u00c3\u00abt\u00c3\u00ab \u00e2\u20ac\u0153Big Brother\u00e2\u20ac\u009d i kishte p\u00c3\u00abrgatitur nj\u00c3\u00ab surpriz\u00c3\u00ab me k\u00c3\u00abt\u00c3\u00ab rast, duke i organizuar nj\u00c3\u00ab fest\u00c3\u00ab. Banor\u00c3\u00abt ishin t\u00c3\u00ab veshur si kinez\u00c3\u00ab p\u00c3\u00abr shkak t\u00c3\u00ab prov\u00c3\u00abs. Ato urimin e dhan\u00c3\u00ab n\u00c3\u00ab nj\u00c3\u00ab form\u00c3\u00ab t\u00c3\u00ab vecant\u00c3\u00ab duke imituar kinez\u00c3\u00abt.\",\"breadcrumb\":{\"@id\":\"https:\/\/www.visit-ulcinj.com\/blog\/2009\/04\/24\/ditelindja-e-arjonit\/#breadcrumb\"},\"inLanguage\":\"en-US\",\"potentialAction\":[{\"@type\":\"ReadAction\",\"target\":[\"https:\/\/www.visit-ulcinj.com\/blog\/2009\/04\/24\/ditelindja-e-arjonit\/\"]}]},{\"@type\":\"BreadcrumbList\",\"@id\":\"https:\/\/www.visit-ulcinj.com\/blog\/2009\/04\/24\/ditelindja-e-arjonit\/#breadcrumb\",\"itemListElement\":[{\"@type\":\"ListItem\",\"position\":1,\"name\":\"Dit\u00eblindja e Arjonit\"}]},{\"@type\":\"Person\",\"@id\":\"https:\/\/www.visit-ulcinj.com\/blog\/#\/schema\/person\/dcab619c614d3038751c63bc2aadc06d\",\"name\":\"ulqini\",\"sameAs\":[\"http:\/\/www.visit-ulcinj.com\"],\"url\":\"https:\/\/www.visit-ulcinj.com\/blog\/author\/admin\/\"}]}<\/script>\n<!-- \/ Yoast SEO plugin. -->","yoast_head_json":{"title":"Dit\u00c3\u00ablindja e Arjonit | Big Brother Albania 2","description":"Big Brother Albania 2 - Arjoni \u00c3\u00absht\u00c3\u00ab nj\u00c3\u00ab nga banor\u00c3\u00abt i cili ka festuar dit\u00c3\u00ablindjen e tij brenda sht\u00c3\u00abpis\u00c3\u00ab. P\u00c3\u00abr k\u00c3\u00abt\u00c3\u00ab \u00e2\u20ac\u0153Big Brother\u00e2\u20ac\u009d i kishte p\u00c3\u00abrgatitur nj\u00c3\u00ab surpriz\u00c3\u00ab me k\u00c3\u00abt\u00c3\u00ab rast, duke i organizuar nj\u00c3\u00ab fest\u00c3\u00ab. Banor\u00c3\u00abt ishin t\u00c3\u00ab veshur si kinez\u00c3\u00ab p\u00c3\u00abr shkak t\u00c3\u00ab prov\u00c3\u00abs. Ato urimin e dhan\u00c3\u00ab n\u00c3\u00ab nj\u00c3\u00ab form\u00c3\u00ab t\u00c3\u00ab vecant\u00c3\u00ab duke imituar kinez\u00c3\u00abt.","robots":{"index":"index","follow":"follow","max-snippet":"max-snippet:-1","max-image-preview":"max-image-preview:large","max-video-preview":"max-video-preview:-1"},"canonical":"https:\/\/www.visit-ulcinj.com\/blog\/2009\/04\/24\/ditelindja-e-arjonit\/","og_locale":"en_US","og_type":"article","og_title":"Dit\u00c3\u00ablindja e Arjonit | Big Brother Albania 2","og_description":"Big Brother Albania 2 - Arjoni \u00c3\u00absht\u00c3\u00ab nj\u00c3\u00ab nga banor\u00c3\u00abt i cili ka festuar dit\u00c3\u00ablindjen e tij brenda sht\u00c3\u00abpis\u00c3\u00ab. P\u00c3\u00abr k\u00c3\u00abt\u00c3\u00ab \u00e2\u20ac\u0153Big Brother\u00e2\u20ac\u009d i kishte p\u00c3\u00abrgatitur nj\u00c3\u00ab surpriz\u00c3\u00ab me k\u00c3\u00abt\u00c3\u00ab rast, duke i organizuar nj\u00c3\u00ab fest\u00c3\u00ab. Banor\u00c3\u00abt ishin t\u00c3\u00ab veshur si kinez\u00c3\u00ab p\u00c3\u00abr shkak t\u00c3\u00ab prov\u00c3\u00abs. Ato urimin e dhan\u00c3\u00ab n\u00c3\u00ab nj\u00c3\u00ab form\u00c3\u00ab t\u00c3\u00ab vecant\u00c3\u00ab duke imituar kinez\u00c3\u00abt.","og_url":"https:\/\/www.visit-ulcinj.com\/blog\/2009\/04\/24\/ditelindja-e-arjonit\/","og_site_name":"Lajme nga Ulqini","article_published_time":"2009-04-23T22:00:54+00:00","og_image":[{"url":"http:\/\/www.visit-ulcinj.com\/blog\/wp-content\/uploads\/2009\/04\/ditelindja-e-arjonit.jpg"}],"twitter_misc":{"Written by":"ulqini"},"schema":{"@context":"https:\/\/schema.org","@graph":[{"@type":"WebSite","@id":"https:\/\/www.visit-ulcinj.com\/blog\/#website","url":"https:\/\/www.visit-ulcinj.com\/blog\/","name":"Lajme nga Ulqini","description":"Lajme,Vijesti,Ulqini,Ulqin,Crna Gora,Mali i Zi","potentialAction":[{"@type":"SearchAction","target":{"@type":"EntryPoint","urlTemplate":"https:\/\/www.visit-ulcinj.com\/blog\/?s={search_term_string}"},"query-input":"required name=search_term_string"}],"inLanguage":"en-US"},{"@type":"ImageObject","inLanguage":"en-US","@id":"https:\/\/www.visit-ulcinj.com\/blog\/2009\/04\/24\/ditelindja-e-arjonit\/#primaryimage","url":"http:\/\/www.visit-ulcinj.com\/blog\/wp-content\/uploads\/2009\/04\/ditelindja-e-arjonit.jpg","contentUrl":"http:\/\/www.visit-ulcinj.com\/blog\/wp-content\/uploads\/2009\/04\/ditelindja-e-arjonit.jpg"},{"@type":"WebPage","@id":"https:\/\/www.visit-ulcinj.com\/blog\/2009\/04\/24\/ditelindja-e-arjonit\/#webpage","url":"https:\/\/www.visit-ulcinj.com\/blog\/2009\/04\/24\/ditelindja-e-arjonit\/","name":"Dit\u00c3\u00ablindja e Arjonit | Big Brother Albania 2","isPartOf":{"@id":"https:\/\/www.visit-ulcinj.com\/blog\/#website"},"primaryImageOfPage":{"@id":"https:\/\/www.visit-ulcinj.com\/blog\/2009\/04\/24\/ditelindja-e-arjonit\/#primaryimage"},"datePublished":"2009-04-23T22:00:54+00:00","dateModified":"2009-04-23T22:00:54+00:00","author":{"@id":"https:\/\/www.visit-ulcinj.com\/blog\/#\/schema\/person\/dcab619c614d3038751c63bc2aadc06d"},"description":"Big Brother Albania 2 - Arjoni \u00c3\u00absht\u00c3\u00ab nj\u00c3\u00ab nga banor\u00c3\u00abt i cili ka festuar dit\u00c3\u00ablindjen e tij brenda sht\u00c3\u00abpis\u00c3\u00ab. P\u00c3\u00abr k\u00c3\u00abt\u00c3\u00ab \u00e2\u20ac\u0153Big Brother\u00e2\u20ac\u009d i kishte p\u00c3\u00abrgatitur nj\u00c3\u00ab surpriz\u00c3\u00ab me k\u00c3\u00abt\u00c3\u00ab rast, duke i organizuar nj\u00c3\u00ab fest\u00c3\u00ab. Banor\u00c3\u00abt ishin t\u00c3\u00ab veshur si kinez\u00c3\u00ab p\u00c3\u00abr shkak t\u00c3\u00ab prov\u00c3\u00abs. Ato urimin e dhan\u00c3\u00ab n\u00c3\u00ab nj\u00c3\u00ab form\u00c3\u00ab t\u00c3\u00ab vecant\u00c3\u00ab duke imituar kinez\u00c3\u00abt.","breadcrumb":{"@id":"https:\/\/www.visit-ulcinj.com\/blog\/2009\/04\/24\/ditelindja-e-arjonit\/#breadcrumb"},"inLanguage":"en-US","potentialAction":[{"@type":"ReadAction","target":["https:\/\/www.visit-ulcinj.com\/blog\/2009\/04\/24\/ditelindja-e-arjonit\/"]}]},{"@type":"BreadcrumbList","@id":"https:\/\/www.visit-ulcinj.com\/blog\/2009\/04\/24\/ditelindja-e-arjonit\/#breadcrumb","itemListElement":[{"@type":"ListItem","position":1,"name":"Dit\u00eblindja e Arjonit"}]},{"@type":"Person","@id":"https:\/\/www.visit-ulcinj.com\/blog\/#\/schema\/person\/dcab619c614d3038751c63bc2aadc06d","name":"ulqini","sameAs":["http:\/\/www.visit-ulcinj.com"],"url":"https:\/\/www.visit-ulcinj.com\/blog\/author\/admin\/"}]}},"jetpack_featured_media_url":"","jetpack_sharing_enabled":true,"jetpack_shortlink":"https:\/\/wp.me\/pe6lTn-4V4","_links":{"self":[{"href":"https:\/\/www.visit-ulcinj.com\/blog\/wp-json\/wp\/v2\/posts\/18914"}],"collection":[{"href":"https:\/\/www.visit-ulcinj.com\/blog\/wp-json\/wp\/v2\/posts"}],"about":[{"href":"https:\/\/www.visit-ulcinj.com\/blog\/wp-json\/wp\/v2\/types\/post"}],"author":[{"embeddable":true,"href":"https:\/\/www.visit-ulcinj.com\/blog\/wp-json\/wp\/v2\/users\/1"}],"replies":[{"embeddable":true,"href":"https:\/\/www.visit-ulcinj.com\/blog\/wp-json\/wp\/v2\/comments?post=18914"}],"version-history":[{"count":0,"href":"https:\/\/www.visit-ulcinj.com\/blog\/wp-json\/wp\/v2\/posts\/18914\/revisions"}],"wp:attachment":[{"href":"https:\/\/www.visit-ulcinj.com\/blog\/wp-json\/wp\/v2\/media?parent=18914"}],"wp:term":[{"taxonomy":"category","embeddable":true,"href":"https:\/\/www.visit-ulcinj.com\/blog\/wp-json\/wp\/v2\/categories?post=18914"},{"taxonomy":"post_tag","embeddable":true,"href":"https:\/\/www.visit-ulcinj.com\/blog\/wp-json\/wp\/v2\/tags?post=18914"}],"curies":[{"name":"wp","href":"https:\/\/api.w.org\/{rel}","templated":true}]}}