{"id":18930,"date":"2009-04-24T09:00:03","date_gmt":"2009-04-24T07:00:03","guid":{"rendered":"http:\/\/www.visit-ulcinj.com\/blog\/?p=18930"},"modified":"2009-04-26T03:10:03","modified_gmt":"2009-04-26T01:10:03","slug":"adelajda-kam-vuajtur-shume","status":"publish","type":"post","link":"https:\/\/www.visit-ulcinj.com\/blog\/2009\/04\/24\/adelajda-kam-vuajtur-shume\/","title":{"rendered":"Adelajda : Kam vuajtur shum\u00eb"},"content":{"rendered":"<p><em><span class=\"newsdate\"><a href=\"http:\/\/www.visit-ulcinj.com\/blog\/wp-content\/uploads\/2009\/04\/adelajda-dhe-qetsori23prill-copy.jpg\"><img loading=\"lazy\" class=\"alignleft size-full wp-image-18931\" title=\"adelajda-dhe-qetsori23prill-copy\" src=\"http:\/\/www.visit-ulcinj.com\/blog\/wp-content\/uploads\/2009\/04\/adelajda-dhe-qetsori23prill-copy.jpg\" alt=\"adelajda-dhe-qetsori23prill-copy\" width=\"300\" height=\"205\" \/><\/a>23\/04\/09 03:20<\/span><\/em><\/p>\n<p>\u201cNdonj\u00ebher\u00eb m\u00eb vjen keq p\u00ebr veten,- i ka th\u00ebn\u00eb Adelajda Qetsorit, sepse jam rritur p\u00ebrpara kohe!\u201d Ajo ka shtuar m\u00eb pas se kjo kishte t\u00eb mirat e veta. Qetsori i \u00ebsht\u00eb p\u00ebrgjigjur se kur t\u00eb ishin jasht\u00eb, do t\u00eb flisnin m\u00eb mir\u00eb e do t\u2019i kuptonin m\u00eb mir\u00eb gj\u00ebrat. Ajo i ka th\u00ebn\u00eb se kur t\u00eb ishin jasht\u00eb, do t\u2019u tregonte shum\u00eb gj\u00ebra dhe vet\u00ebm at\u00ebher\u00eb ata do ta kuptonin tamam, nj\u00ebher\u00eb e mir\u00eb dhe do t\u2019i thonin se nuk kishte pasur faj. \u201cUn\u00eb kam vuajtur gjith\u00eb ato vite, jam lodhur, jam p\u00ebrpjekur t\u2019i ndryshoj gj\u00ebrat. Kam vuajtur v\u00ebrtet!\u201d<\/p>\n","protected":false},"excerpt":{"rendered":"<p>23\/04\/09 03:20 \u201cNdonj\u00ebher\u00eb m\u00eb vjen keq p\u00ebr veten,- i ka th\u00ebn\u00eb Adelajda Qetsorit, sepse jam rritur p\u00ebrpara kohe!\u201d Ajo ka shtuar m\u00eb pas se kjo kishte t\u00eb mirat e veta. Qetsori i \u00ebsht\u00eb p\u00ebrgjigjur se kur t\u00eb ishin jasht\u00eb, do t\u00eb flisnin m\u00eb mir\u00eb e do t\u2019i kuptonin m\u00eb mir\u00eb gj\u00ebrat. Ajo i ka th\u00ebn\u00eb [&hellip;]<\/p>\n","protected":false},"author":1,"featured_media":0,"comment_status":"open","ping_status":"closed","sticky":false,"template":"","format":"standard","meta":{"spay_email":"","jetpack_publicize_message":"","jetpack_is_tweetstorm":false,"jetpack_publicize_feature_enabled":true},"categories":[6502],"tags":[6529,5057,6506,6516,6712,7129,6522,8276,6891,6693,6887],"jetpack_publicize_connections":[],"yoast_head":"<!-- This site is optimized with the Yoast SEO plugin v19.1 - https:\/\/yoast.com\/wordpress\/plugins\/seo\/ -->\n<title>Adelajda : Kam vuajtur shum\u00c3\u00ab | Big Brother Albania 2<\/title>\n<meta name=\"description\" content=\"Big Brother Albania 2 - \u00e2\u20ac\u0153Ndonj\u00c3\u00abher\u00c3\u00ab m\u00c3\u00ab vjen keq p\u00c3\u00abr veten,- i ka th\u00c3\u00abn\u00c3\u00ab Adelajda Qetsorit, sepse jam rritur p\u00c3\u00abrpara kohe!\u00e2\u20ac\u009d Ajo ka shtuar m\u00c3\u00ab pas se kjo kishte t\u00c3\u00ab mirat e veta.\" \/>\n<meta name=\"robots\" content=\"index, follow, max-snippet:-1, max-image-preview:large, max-video-preview:-1\" \/>\n<link rel=\"canonical\" href=\"https:\/\/www.visit-ulcinj.com\/blog\/2009\/04\/24\/adelajda-kam-vuajtur-shume\/\" \/>\n<meta property=\"og:locale\" content=\"en_US\" \/>\n<meta property=\"og:type\" content=\"article\" \/>\n<meta property=\"og:title\" content=\"Adelajda : Kam vuajtur shum\u00c3\u00ab | Big Brother Albania 2\" \/>\n<meta property=\"og:description\" content=\"Big Brother Albania 2 - \u00e2\u20ac\u0153Ndonj\u00c3\u00abher\u00c3\u00ab m\u00c3\u00ab vjen keq p\u00c3\u00abr veten,- i ka th\u00c3\u00abn\u00c3\u00ab Adelajda Qetsorit, sepse jam rritur p\u00c3\u00abrpara kohe!\u00e2\u20ac\u009d Ajo ka shtuar m\u00c3\u00ab pas se kjo kishte t\u00c3\u00ab mirat e veta.\" \/>\n<meta property=\"og:url\" content=\"https:\/\/www.visit-ulcinj.com\/blog\/2009\/04\/24\/adelajda-kam-vuajtur-shume\/\" \/>\n<meta property=\"og:site_name\" content=\"Lajme nga Ulqini\" \/>\n<meta property=\"article:published_time\" content=\"2009-04-24T07:00:03+00:00\" \/>\n<meta property=\"article:modified_time\" content=\"2009-04-26T01:10:03+00:00\" \/>\n<meta property=\"og:image\" content=\"http:\/\/www.visit-ulcinj.com\/blog\/wp-content\/uploads\/2009\/04\/adelajda-dhe-qetsori23prill-copy.jpg\" \/>\n<meta name=\"twitter:label1\" content=\"Written by\" \/>\n\t<meta name=\"twitter:data1\" content=\"ulqini\" \/>\n\t<meta name=\"twitter:label2\" content=\"Est. reading time\" \/>\n\t<meta name=\"twitter:data2\" content=\"1 minute\" \/>\n<script type=\"application\/ld+json\" class=\"yoast-schema-graph\">{\"@context\":\"https:\/\/schema.org\",\"@graph\":[{\"@type\":\"WebSite\",\"@id\":\"https:\/\/www.visit-ulcinj.com\/blog\/#website\",\"url\":\"https:\/\/www.visit-ulcinj.com\/blog\/\",\"name\":\"Lajme nga Ulqini\",\"description\":\"Lajme,Vijesti,Ulqini,Ulqin,Crna Gora,Mali i Zi\",\"potentialAction\":[{\"@type\":\"SearchAction\",\"target\":{\"@type\":\"EntryPoint\",\"urlTemplate\":\"https:\/\/www.visit-ulcinj.com\/blog\/?s={search_term_string}\"},\"query-input\":\"required name=search_term_string\"}],\"inLanguage\":\"en-US\"},{\"@type\":\"ImageObject\",\"inLanguage\":\"en-US\",\"@id\":\"https:\/\/www.visit-ulcinj.com\/blog\/2009\/04\/24\/adelajda-kam-vuajtur-shume\/#primaryimage\",\"url\":\"http:\/\/www.visit-ulcinj.com\/blog\/wp-content\/uploads\/2009\/04\/adelajda-dhe-qetsori23prill-copy.jpg\",\"contentUrl\":\"http:\/\/www.visit-ulcinj.com\/blog\/wp-content\/uploads\/2009\/04\/adelajda-dhe-qetsori23prill-copy.jpg\"},{\"@type\":\"WebPage\",\"@id\":\"https:\/\/www.visit-ulcinj.com\/blog\/2009\/04\/24\/adelajda-kam-vuajtur-shume\/#webpage\",\"url\":\"https:\/\/www.visit-ulcinj.com\/blog\/2009\/04\/24\/adelajda-kam-vuajtur-shume\/\",\"name\":\"Adelajda : Kam vuajtur shum\u00c3\u00ab | Big Brother Albania 2\",\"isPartOf\":{\"@id\":\"https:\/\/www.visit-ulcinj.com\/blog\/#website\"},\"primaryImageOfPage\":{\"@id\":\"https:\/\/www.visit-ulcinj.com\/blog\/2009\/04\/24\/adelajda-kam-vuajtur-shume\/#primaryimage\"},\"datePublished\":\"2009-04-24T07:00:03+00:00\",\"dateModified\":\"2009-04-26T01:10:03+00:00\",\"author\":{\"@id\":\"https:\/\/www.visit-ulcinj.com\/blog\/#\/schema\/person\/dcab619c614d3038751c63bc2aadc06d\"},\"description\":\"Big Brother Albania 2 - \u00e2\u20ac\u0153Ndonj\u00c3\u00abher\u00c3\u00ab m\u00c3\u00ab vjen keq p\u00c3\u00abr veten,- i ka th\u00c3\u00abn\u00c3\u00ab Adelajda Qetsorit, sepse jam rritur p\u00c3\u00abrpara kohe!\u00e2\u20ac\u009d Ajo ka shtuar m\u00c3\u00ab pas se kjo kishte t\u00c3\u00ab mirat e veta.\",\"breadcrumb\":{\"@id\":\"https:\/\/www.visit-ulcinj.com\/blog\/2009\/04\/24\/adelajda-kam-vuajtur-shume\/#breadcrumb\"},\"inLanguage\":\"en-US\",\"potentialAction\":[{\"@type\":\"ReadAction\",\"target\":[\"https:\/\/www.visit-ulcinj.com\/blog\/2009\/04\/24\/adelajda-kam-vuajtur-shume\/\"]}]},{\"@type\":\"BreadcrumbList\",\"@id\":\"https:\/\/www.visit-ulcinj.com\/blog\/2009\/04\/24\/adelajda-kam-vuajtur-shume\/#breadcrumb\",\"itemListElement\":[{\"@type\":\"ListItem\",\"position\":1,\"name\":\"Adelajda : Kam vuajtur shum\u00eb\"}]},{\"@type\":\"Person\",\"@id\":\"https:\/\/www.visit-ulcinj.com\/blog\/#\/schema\/person\/dcab619c614d3038751c63bc2aadc06d\",\"name\":\"ulqini\",\"sameAs\":[\"http:\/\/www.visit-ulcinj.com\"],\"url\":\"https:\/\/www.visit-ulcinj.com\/blog\/author\/admin\/\"}]}<\/script>\n<!-- \/ Yoast SEO plugin. -->","yoast_head_json":{"title":"Adelajda : Kam vuajtur shum\u00c3\u00ab | Big Brother Albania 2","description":"Big Brother Albania 2 - \u00e2\u20ac\u0153Ndonj\u00c3\u00abher\u00c3\u00ab m\u00c3\u00ab vjen keq p\u00c3\u00abr veten,- i ka th\u00c3\u00abn\u00c3\u00ab Adelajda Qetsorit, sepse jam rritur p\u00c3\u00abrpara kohe!\u00e2\u20ac\u009d Ajo ka shtuar m\u00c3\u00ab pas se kjo kishte t\u00c3\u00ab mirat e veta.","robots":{"index":"index","follow":"follow","max-snippet":"max-snippet:-1","max-image-preview":"max-image-preview:large","max-video-preview":"max-video-preview:-1"},"canonical":"https:\/\/www.visit-ulcinj.com\/blog\/2009\/04\/24\/adelajda-kam-vuajtur-shume\/","og_locale":"en_US","og_type":"article","og_title":"Adelajda : Kam vuajtur shum\u00c3\u00ab | Big Brother Albania 2","og_description":"Big Brother Albania 2 - \u00e2\u20ac\u0153Ndonj\u00c3\u00abher\u00c3\u00ab m\u00c3\u00ab vjen keq p\u00c3\u00abr veten,- i ka th\u00c3\u00abn\u00c3\u00ab Adelajda Qetsorit, sepse jam rritur p\u00c3\u00abrpara kohe!\u00e2\u20ac\u009d Ajo ka shtuar m\u00c3\u00ab pas se kjo kishte t\u00c3\u00ab mirat e veta.","og_url":"https:\/\/www.visit-ulcinj.com\/blog\/2009\/04\/24\/adelajda-kam-vuajtur-shume\/","og_site_name":"Lajme nga Ulqini","article_published_time":"2009-04-24T07:00:03+00:00","article_modified_time":"2009-04-26T01:10:03+00:00","og_image":[{"url":"http:\/\/www.visit-ulcinj.com\/blog\/wp-content\/uploads\/2009\/04\/adelajda-dhe-qetsori23prill-copy.jpg"}],"twitter_misc":{"Written by":"ulqini","Est. reading time":"1 minute"},"schema":{"@context":"https:\/\/schema.org","@graph":[{"@type":"WebSite","@id":"https:\/\/www.visit-ulcinj.com\/blog\/#website","url":"https:\/\/www.visit-ulcinj.com\/blog\/","name":"Lajme nga Ulqini","description":"Lajme,Vijesti,Ulqini,Ulqin,Crna Gora,Mali i Zi","potentialAction":[{"@type":"SearchAction","target":{"@type":"EntryPoint","urlTemplate":"https:\/\/www.visit-ulcinj.com\/blog\/?s={search_term_string}"},"query-input":"required name=search_term_string"}],"inLanguage":"en-US"},{"@type":"ImageObject","inLanguage":"en-US","@id":"https:\/\/www.visit-ulcinj.com\/blog\/2009\/04\/24\/adelajda-kam-vuajtur-shume\/#primaryimage","url":"http:\/\/www.visit-ulcinj.com\/blog\/wp-content\/uploads\/2009\/04\/adelajda-dhe-qetsori23prill-copy.jpg","contentUrl":"http:\/\/www.visit-ulcinj.com\/blog\/wp-content\/uploads\/2009\/04\/adelajda-dhe-qetsori23prill-copy.jpg"},{"@type":"WebPage","@id":"https:\/\/www.visit-ulcinj.com\/blog\/2009\/04\/24\/adelajda-kam-vuajtur-shume\/#webpage","url":"https:\/\/www.visit-ulcinj.com\/blog\/2009\/04\/24\/adelajda-kam-vuajtur-shume\/","name":"Adelajda : Kam vuajtur shum\u00c3\u00ab | Big Brother Albania 2","isPartOf":{"@id":"https:\/\/www.visit-ulcinj.com\/blog\/#website"},"primaryImageOfPage":{"@id":"https:\/\/www.visit-ulcinj.com\/blog\/2009\/04\/24\/adelajda-kam-vuajtur-shume\/#primaryimage"},"datePublished":"2009-04-24T07:00:03+00:00","dateModified":"2009-04-26T01:10:03+00:00","author":{"@id":"https:\/\/www.visit-ulcinj.com\/blog\/#\/schema\/person\/dcab619c614d3038751c63bc2aadc06d"},"description":"Big Brother Albania 2 - \u00e2\u20ac\u0153Ndonj\u00c3\u00abher\u00c3\u00ab m\u00c3\u00ab vjen keq p\u00c3\u00abr veten,- i ka th\u00c3\u00abn\u00c3\u00ab Adelajda Qetsorit, sepse jam rritur p\u00c3\u00abrpara kohe!\u00e2\u20ac\u009d Ajo ka shtuar m\u00c3\u00ab pas se kjo kishte t\u00c3\u00ab mirat e veta.","breadcrumb":{"@id":"https:\/\/www.visit-ulcinj.com\/blog\/2009\/04\/24\/adelajda-kam-vuajtur-shume\/#breadcrumb"},"inLanguage":"en-US","potentialAction":[{"@type":"ReadAction","target":["https:\/\/www.visit-ulcinj.com\/blog\/2009\/04\/24\/adelajda-kam-vuajtur-shume\/"]}]},{"@type":"BreadcrumbList","@id":"https:\/\/www.visit-ulcinj.com\/blog\/2009\/04\/24\/adelajda-kam-vuajtur-shume\/#breadcrumb","itemListElement":[{"@type":"ListItem","position":1,"name":"Adelajda : Kam vuajtur shum\u00eb"}]},{"@type":"Person","@id":"https:\/\/www.visit-ulcinj.com\/blog\/#\/schema\/person\/dcab619c614d3038751c63bc2aadc06d","name":"ulqini","sameAs":["http:\/\/www.visit-ulcinj.com"],"url":"https:\/\/www.visit-ulcinj.com\/blog\/author\/admin\/"}]}},"jetpack_featured_media_url":"","jetpack_sharing_enabled":true,"jetpack_shortlink":"https:\/\/wp.me\/pe6lTn-4Vk","_links":{"self":[{"href":"https:\/\/www.visit-ulcinj.com\/blog\/wp-json\/wp\/v2\/posts\/18930"}],"collection":[{"href":"https:\/\/www.visit-ulcinj.com\/blog\/wp-json\/wp\/v2\/posts"}],"about":[{"href":"https:\/\/www.visit-ulcinj.com\/blog\/wp-json\/wp\/v2\/types\/post"}],"author":[{"embeddable":true,"href":"https:\/\/www.visit-ulcinj.com\/blog\/wp-json\/wp\/v2\/users\/1"}],"replies":[{"embeddable":true,"href":"https:\/\/www.visit-ulcinj.com\/blog\/wp-json\/wp\/v2\/comments?post=18930"}],"version-history":[{"count":0,"href":"https:\/\/www.visit-ulcinj.com\/blog\/wp-json\/wp\/v2\/posts\/18930\/revisions"}],"wp:attachment":[{"href":"https:\/\/www.visit-ulcinj.com\/blog\/wp-json\/wp\/v2\/media?parent=18930"}],"wp:term":[{"taxonomy":"category","embeddable":true,"href":"https:\/\/www.visit-ulcinj.com\/blog\/wp-json\/wp\/v2\/categories?post=18930"},{"taxonomy":"post_tag","embeddable":true,"href":"https:\/\/www.visit-ulcinj.com\/blog\/wp-json\/wp\/v2\/tags?post=18930"}],"curies":[{"name":"wp","href":"https:\/\/api.w.org\/{rel}","templated":true}]}}