{"id":18936,"date":"2009-04-24T12:00:33","date_gmt":"2009-04-24T10:00:33","guid":{"rendered":"http:\/\/www.visit-ulcinj.com\/blog\/?p=18936"},"modified":"2009-04-26T03:05:28","modified_gmt":"2009-04-26T01:05:28","slug":"z%e1%ba%b7o-sh%e1%ba%a3ng-h%e1%ba%b7o-%e2%80%93-miremengjes","status":"publish","type":"post","link":"https:\/\/www.visit-ulcinj.com\/blog\/2009\/04\/24\/z%e1%ba%b7o-sh%e1%ba%a3ng-h%e1%ba%b7o-%e2%80%93-miremengjes\/","title":{"rendered":"Z?o sh?ng h?o \u2013 Mir\u00ebm\u00ebngjes"},"content":{"rendered":"<p><em><span class=\"newsdate\"><a href=\"http:\/\/www.visit-ulcinj.com\/blog\/wp-content\/uploads\/2009\/04\/adi-ne-mengjes-23-prill-copy.jpg\"><img loading=\"lazy\" class=\"alignleft size-full wp-image-18937\" title=\"adi-ne-mengjes-23-prill-big-brother-albania-2\" src=\"http:\/\/www.visit-ulcinj.com\/blog\/wp-content\/uploads\/2009\/04\/adi-ne-mengjes-23-prill-copy.jpg\" alt=\"adi-ne-mengjes-23-prill-big-brother-albania-2\" width=\"300\" height=\"205\" \/><\/a>23\/04\/09 10:00<\/span><\/em><\/p>\n<p>T\u00eb par\u00ebt q\u00eb jan\u00eb zgjuar nga banor\u00ebt edhe pse kan\u00eb vazhduar t\u00eb q\u00ebndrojn\u00eb n\u00eb shtratet e tyre, kan\u00eb qen\u00eb Adi dhe Juna. Adi ka filluar m\u00eb pas t\u00eb ngacmoj\u00eb banor\u00ebt e tjer\u00eb, p\u00ebr t\u2019i zgjuar edhe ata nga gjumi. Ai ka hedhur p\u00ebrsip\u00ebr nj\u00eb batanije dhe me letr\u00ebn ku kishte sh\u00ebnuar dje leksionet e gjuh\u00ebs kineze, ka shkuar n\u00ebp\u00ebr krevatet e banor\u00ebve p\u00ebr t\u2019ia th\u00ebn\u00eb Mir\u00ebm\u00ebngjes, si nj\u00eb aziatik i v\u00ebrtet\u00eb.<\/p>\n","protected":false},"excerpt":{"rendered":"<p>23\/04\/09 10:00 T\u00eb par\u00ebt q\u00eb jan\u00eb zgjuar nga banor\u00ebt edhe pse kan\u00eb vazhduar t\u00eb q\u00ebndrojn\u00eb n\u00eb shtratet e tyre, kan\u00eb qen\u00eb Adi dhe Juna. Adi ka filluar m\u00eb pas t\u00eb ngacmoj\u00eb banor\u00ebt e tjer\u00eb, p\u00ebr t\u2019i zgjuar edhe ata nga gjumi. Ai ka hedhur p\u00ebrsip\u00ebr nj\u00eb batanije dhe me letr\u00ebn ku kishte sh\u00ebnuar dje leksionet [&hellip;]<\/p>\n","protected":false},"author":1,"featured_media":0,"comment_status":"open","ping_status":"closed","sticky":false,"template":"","format":"standard","meta":{"spay_email":"","jetpack_publicize_message":"","jetpack_is_tweetstorm":false,"jetpack_publicize_feature_enabled":true},"categories":[6502],"tags":[1414,5057,6506,6516,6712,7129,1442,9011,9502,6891,6693,6887,9503],"jetpack_publicize_connections":[],"yoast_head":"<!-- This site is optimized with the Yoast SEO plugin v19.1 - https:\/\/yoast.com\/wordpress\/plugins\/seo\/ -->\n<title>Z\u00e1\u00ba\u00b7o sh\u00e1\u00ba\u00a3ng h\u00e1\u00ba\u00b7o \u00e2\u20ac\u201cMir\u00c3\u00abm\u00c3\u00abngjes | Big Brother Albania 2<\/title>\n<meta name=\"description\" content=\"Big Brother Albania 2 - T\u00c3\u00ab par\u00c3\u00abt q\u00c3\u00ab jan\u00c3\u00ab zgjuar nga banor\u00c3\u00abt edhe pse kan\u00c3\u00ab vazhduar t\u00c3\u00ab q\u00c3\u00abndrojn\u00c3\u00ab n\u00c3\u00ab shtratet e tyre, kan\u00c3\u00ab qen\u00c3\u00ab Adi dhe Juna\" \/>\n<meta name=\"robots\" content=\"index, follow, max-snippet:-1, max-image-preview:large, max-video-preview:-1\" \/>\n<link rel=\"canonical\" href=\"https:\/\/www.visit-ulcinj.com\/blog\/2009\/04\/24\/z\u1eb7o-sh\u1ea3ng-h\u1eb7o-\u2013-miremengjes\/\" \/>\n<meta property=\"og:locale\" content=\"en_US\" \/>\n<meta property=\"og:type\" content=\"article\" \/>\n<meta property=\"og:title\" content=\"Z\u00e1\u00ba\u00b7o sh\u00e1\u00ba\u00a3ng h\u00e1\u00ba\u00b7o \u00e2\u20ac\u201cMir\u00c3\u00abm\u00c3\u00abngjes | Big Brother Albania 2\" \/>\n<meta property=\"og:description\" content=\"Big Brother Albania 2 - T\u00c3\u00ab par\u00c3\u00abt q\u00c3\u00ab jan\u00c3\u00ab zgjuar nga banor\u00c3\u00abt edhe pse kan\u00c3\u00ab vazhduar t\u00c3\u00ab q\u00c3\u00abndrojn\u00c3\u00ab n\u00c3\u00ab shtratet e tyre, kan\u00c3\u00ab qen\u00c3\u00ab Adi dhe Juna\" \/>\n<meta property=\"og:url\" content=\"https:\/\/www.visit-ulcinj.com\/blog\/2009\/04\/24\/z\u1eb7o-sh\u1ea3ng-h\u1eb7o-\u2013-miremengjes\/\" \/>\n<meta property=\"og:site_name\" content=\"Lajme nga Ulqini\" \/>\n<meta property=\"article:published_time\" content=\"2009-04-24T10:00:33+00:00\" \/>\n<meta property=\"article:modified_time\" content=\"2009-04-26T01:05:28+00:00\" \/>\n<meta property=\"og:image\" content=\"http:\/\/www.visit-ulcinj.com\/blog\/wp-content\/uploads\/2009\/04\/adi-ne-mengjes-23-prill-copy.jpg\" \/>\n<meta name=\"twitter:label1\" content=\"Written by\" \/>\n\t<meta name=\"twitter:data1\" content=\"ulqini\" \/>\n<script type=\"application\/ld+json\" class=\"yoast-schema-graph\">{\"@context\":\"https:\/\/schema.org\",\"@graph\":[{\"@type\":\"WebSite\",\"@id\":\"https:\/\/www.visit-ulcinj.com\/blog\/#website\",\"url\":\"https:\/\/www.visit-ulcinj.com\/blog\/\",\"name\":\"Lajme nga Ulqini\",\"description\":\"Lajme,Vijesti,Ulqini,Ulqin,Crna Gora,Mali i Zi\",\"potentialAction\":[{\"@type\":\"SearchAction\",\"target\":{\"@type\":\"EntryPoint\",\"urlTemplate\":\"https:\/\/www.visit-ulcinj.com\/blog\/?s={search_term_string}\"},\"query-input\":\"required name=search_term_string\"}],\"inLanguage\":\"en-US\"},{\"@type\":\"ImageObject\",\"inLanguage\":\"en-US\",\"@id\":\"https:\/\/www.visit-ulcinj.com\/blog\/2009\/04\/24\/z%e1%ba%b7o-sh%e1%ba%a3ng-h%e1%ba%b7o-%e2%80%93-miremengjes\/#primaryimage\",\"url\":\"http:\/\/www.visit-ulcinj.com\/blog\/wp-content\/uploads\/2009\/04\/adi-ne-mengjes-23-prill-copy.jpg\",\"contentUrl\":\"http:\/\/www.visit-ulcinj.com\/blog\/wp-content\/uploads\/2009\/04\/adi-ne-mengjes-23-prill-copy.jpg\"},{\"@type\":\"WebPage\",\"@id\":\"https:\/\/www.visit-ulcinj.com\/blog\/2009\/04\/24\/z%e1%ba%b7o-sh%e1%ba%a3ng-h%e1%ba%b7o-%e2%80%93-miremengjes\/#webpage\",\"url\":\"https:\/\/www.visit-ulcinj.com\/blog\/2009\/04\/24\/z%e1%ba%b7o-sh%e1%ba%a3ng-h%e1%ba%b7o-%e2%80%93-miremengjes\/\",\"name\":\"Z\u00e1\u00ba\u00b7o sh\u00e1\u00ba\u00a3ng h\u00e1\u00ba\u00b7o \u00e2\u20ac\u201cMir\u00c3\u00abm\u00c3\u00abngjes | Big Brother Albania 2\",\"isPartOf\":{\"@id\":\"https:\/\/www.visit-ulcinj.com\/blog\/#website\"},\"primaryImageOfPage\":{\"@id\":\"https:\/\/www.visit-ulcinj.com\/blog\/2009\/04\/24\/z%e1%ba%b7o-sh%e1%ba%a3ng-h%e1%ba%b7o-%e2%80%93-miremengjes\/#primaryimage\"},\"datePublished\":\"2009-04-24T10:00:33+00:00\",\"dateModified\":\"2009-04-26T01:05:28+00:00\",\"author\":{\"@id\":\"https:\/\/www.visit-ulcinj.com\/blog\/#\/schema\/person\/dcab619c614d3038751c63bc2aadc06d\"},\"description\":\"Big Brother Albania 2 - T\u00c3\u00ab par\u00c3\u00abt q\u00c3\u00ab jan\u00c3\u00ab zgjuar nga banor\u00c3\u00abt edhe pse kan\u00c3\u00ab vazhduar t\u00c3\u00ab q\u00c3\u00abndrojn\u00c3\u00ab n\u00c3\u00ab shtratet e tyre, kan\u00c3\u00ab qen\u00c3\u00ab Adi dhe Juna\",\"breadcrumb\":{\"@id\":\"https:\/\/www.visit-ulcinj.com\/blog\/2009\/04\/24\/z%e1%ba%b7o-sh%e1%ba%a3ng-h%e1%ba%b7o-%e2%80%93-miremengjes\/#breadcrumb\"},\"inLanguage\":\"en-US\",\"potentialAction\":[{\"@type\":\"ReadAction\",\"target\":[\"https:\/\/www.visit-ulcinj.com\/blog\/2009\/04\/24\/z%e1%ba%b7o-sh%e1%ba%a3ng-h%e1%ba%b7o-%e2%80%93-miremengjes\/\"]}]},{\"@type\":\"BreadcrumbList\",\"@id\":\"https:\/\/www.visit-ulcinj.com\/blog\/2009\/04\/24\/z%e1%ba%b7o-sh%e1%ba%a3ng-h%e1%ba%b7o-%e2%80%93-miremengjes\/#breadcrumb\",\"itemListElement\":[{\"@type\":\"ListItem\",\"position\":1,\"name\":\"Z?o sh?ng h?o \u2013 Mir\u00ebm\u00ebngjes\"}]},{\"@type\":\"Person\",\"@id\":\"https:\/\/www.visit-ulcinj.com\/blog\/#\/schema\/person\/dcab619c614d3038751c63bc2aadc06d\",\"name\":\"ulqini\",\"sameAs\":[\"http:\/\/www.visit-ulcinj.com\"],\"url\":\"https:\/\/www.visit-ulcinj.com\/blog\/author\/admin\/\"}]}<\/script>\n<!-- \/ Yoast SEO plugin. -->","yoast_head_json":{"title":"Z\u00e1\u00ba\u00b7o sh\u00e1\u00ba\u00a3ng h\u00e1\u00ba\u00b7o \u00e2\u20ac\u201cMir\u00c3\u00abm\u00c3\u00abngjes | Big Brother Albania 2","description":"Big Brother Albania 2 - T\u00c3\u00ab par\u00c3\u00abt q\u00c3\u00ab jan\u00c3\u00ab zgjuar nga banor\u00c3\u00abt edhe pse kan\u00c3\u00ab vazhduar t\u00c3\u00ab q\u00c3\u00abndrojn\u00c3\u00ab n\u00c3\u00ab shtratet e tyre, kan\u00c3\u00ab qen\u00c3\u00ab Adi dhe Juna","robots":{"index":"index","follow":"follow","max-snippet":"max-snippet:-1","max-image-preview":"max-image-preview:large","max-video-preview":"max-video-preview:-1"},"canonical":"https:\/\/www.visit-ulcinj.com\/blog\/2009\/04\/24\/z\u1eb7o-sh\u1ea3ng-h\u1eb7o-\u2013-miremengjes\/","og_locale":"en_US","og_type":"article","og_title":"Z\u00e1\u00ba\u00b7o sh\u00e1\u00ba\u00a3ng h\u00e1\u00ba\u00b7o \u00e2\u20ac\u201cMir\u00c3\u00abm\u00c3\u00abngjes | Big Brother Albania 2","og_description":"Big Brother Albania 2 - T\u00c3\u00ab par\u00c3\u00abt q\u00c3\u00ab jan\u00c3\u00ab zgjuar nga banor\u00c3\u00abt edhe pse kan\u00c3\u00ab vazhduar t\u00c3\u00ab q\u00c3\u00abndrojn\u00c3\u00ab n\u00c3\u00ab shtratet e tyre, kan\u00c3\u00ab qen\u00c3\u00ab Adi dhe Juna","og_url":"https:\/\/www.visit-ulcinj.com\/blog\/2009\/04\/24\/z\u1eb7o-sh\u1ea3ng-h\u1eb7o-\u2013-miremengjes\/","og_site_name":"Lajme nga Ulqini","article_published_time":"2009-04-24T10:00:33+00:00","article_modified_time":"2009-04-26T01:05:28+00:00","og_image":[{"url":"http:\/\/www.visit-ulcinj.com\/blog\/wp-content\/uploads\/2009\/04\/adi-ne-mengjes-23-prill-copy.jpg"}],"twitter_misc":{"Written by":"ulqini"},"schema":{"@context":"https:\/\/schema.org","@graph":[{"@type":"WebSite","@id":"https:\/\/www.visit-ulcinj.com\/blog\/#website","url":"https:\/\/www.visit-ulcinj.com\/blog\/","name":"Lajme nga Ulqini","description":"Lajme,Vijesti,Ulqini,Ulqin,Crna Gora,Mali i Zi","potentialAction":[{"@type":"SearchAction","target":{"@type":"EntryPoint","urlTemplate":"https:\/\/www.visit-ulcinj.com\/blog\/?s={search_term_string}"},"query-input":"required name=search_term_string"}],"inLanguage":"en-US"},{"@type":"ImageObject","inLanguage":"en-US","@id":"https:\/\/www.visit-ulcinj.com\/blog\/2009\/04\/24\/z%e1%ba%b7o-sh%e1%ba%a3ng-h%e1%ba%b7o-%e2%80%93-miremengjes\/#primaryimage","url":"http:\/\/www.visit-ulcinj.com\/blog\/wp-content\/uploads\/2009\/04\/adi-ne-mengjes-23-prill-copy.jpg","contentUrl":"http:\/\/www.visit-ulcinj.com\/blog\/wp-content\/uploads\/2009\/04\/adi-ne-mengjes-23-prill-copy.jpg"},{"@type":"WebPage","@id":"https:\/\/www.visit-ulcinj.com\/blog\/2009\/04\/24\/z%e1%ba%b7o-sh%e1%ba%a3ng-h%e1%ba%b7o-%e2%80%93-miremengjes\/#webpage","url":"https:\/\/www.visit-ulcinj.com\/blog\/2009\/04\/24\/z%e1%ba%b7o-sh%e1%ba%a3ng-h%e1%ba%b7o-%e2%80%93-miremengjes\/","name":"Z\u00e1\u00ba\u00b7o sh\u00e1\u00ba\u00a3ng h\u00e1\u00ba\u00b7o \u00e2\u20ac\u201cMir\u00c3\u00abm\u00c3\u00abngjes | Big Brother Albania 2","isPartOf":{"@id":"https:\/\/www.visit-ulcinj.com\/blog\/#website"},"primaryImageOfPage":{"@id":"https:\/\/www.visit-ulcinj.com\/blog\/2009\/04\/24\/z%e1%ba%b7o-sh%e1%ba%a3ng-h%e1%ba%b7o-%e2%80%93-miremengjes\/#primaryimage"},"datePublished":"2009-04-24T10:00:33+00:00","dateModified":"2009-04-26T01:05:28+00:00","author":{"@id":"https:\/\/www.visit-ulcinj.com\/blog\/#\/schema\/person\/dcab619c614d3038751c63bc2aadc06d"},"description":"Big Brother Albania 2 - T\u00c3\u00ab par\u00c3\u00abt q\u00c3\u00ab jan\u00c3\u00ab zgjuar nga banor\u00c3\u00abt edhe pse kan\u00c3\u00ab vazhduar t\u00c3\u00ab q\u00c3\u00abndrojn\u00c3\u00ab n\u00c3\u00ab shtratet e tyre, kan\u00c3\u00ab qen\u00c3\u00ab Adi dhe Juna","breadcrumb":{"@id":"https:\/\/www.visit-ulcinj.com\/blog\/2009\/04\/24\/z%e1%ba%b7o-sh%e1%ba%a3ng-h%e1%ba%b7o-%e2%80%93-miremengjes\/#breadcrumb"},"inLanguage":"en-US","potentialAction":[{"@type":"ReadAction","target":["https:\/\/www.visit-ulcinj.com\/blog\/2009\/04\/24\/z%e1%ba%b7o-sh%e1%ba%a3ng-h%e1%ba%b7o-%e2%80%93-miremengjes\/"]}]},{"@type":"BreadcrumbList","@id":"https:\/\/www.visit-ulcinj.com\/blog\/2009\/04\/24\/z%e1%ba%b7o-sh%e1%ba%a3ng-h%e1%ba%b7o-%e2%80%93-miremengjes\/#breadcrumb","itemListElement":[{"@type":"ListItem","position":1,"name":"Z?o sh?ng h?o \u2013 Mir\u00ebm\u00ebngjes"}]},{"@type":"Person","@id":"https:\/\/www.visit-ulcinj.com\/blog\/#\/schema\/person\/dcab619c614d3038751c63bc2aadc06d","name":"ulqini","sameAs":["http:\/\/www.visit-ulcinj.com"],"url":"https:\/\/www.visit-ulcinj.com\/blog\/author\/admin\/"}]}},"jetpack_featured_media_url":"","jetpack_sharing_enabled":true,"jetpack_shortlink":"https:\/\/wp.me\/pe6lTn-4Vq","_links":{"self":[{"href":"https:\/\/www.visit-ulcinj.com\/blog\/wp-json\/wp\/v2\/posts\/18936"}],"collection":[{"href":"https:\/\/www.visit-ulcinj.com\/blog\/wp-json\/wp\/v2\/posts"}],"about":[{"href":"https:\/\/www.visit-ulcinj.com\/blog\/wp-json\/wp\/v2\/types\/post"}],"author":[{"embeddable":true,"href":"https:\/\/www.visit-ulcinj.com\/blog\/wp-json\/wp\/v2\/users\/1"}],"replies":[{"embeddable":true,"href":"https:\/\/www.visit-ulcinj.com\/blog\/wp-json\/wp\/v2\/comments?post=18936"}],"version-history":[{"count":0,"href":"https:\/\/www.visit-ulcinj.com\/blog\/wp-json\/wp\/v2\/posts\/18936\/revisions"}],"wp:attachment":[{"href":"https:\/\/www.visit-ulcinj.com\/blog\/wp-json\/wp\/v2\/media?parent=18936"}],"wp:term":[{"taxonomy":"category","embeddable":true,"href":"https:\/\/www.visit-ulcinj.com\/blog\/wp-json\/wp\/v2\/categories?post=18936"},{"taxonomy":"post_tag","embeddable":true,"href":"https:\/\/www.visit-ulcinj.com\/blog\/wp-json\/wp\/v2\/tags?post=18936"}],"curies":[{"name":"wp","href":"https:\/\/api.w.org\/{rel}","templated":true}]}}