{"id":18939,"date":"2009-04-24T12:00:54","date_gmt":"2009-04-24T10:00:54","guid":{"rendered":"http:\/\/www.visit-ulcinj.com\/blog\/?p=18939"},"modified":"2009-04-24T00:35:21","modified_gmt":"2009-04-23T22:35:21","slug":"adela-dhe-moza-mungon-komunikimi","status":"publish","type":"post","link":"https:\/\/www.visit-ulcinj.com\/blog\/2009\/04\/24\/adela-dhe-moza-mungon-komunikimi\/","title":{"rendered":"Adela dhe Moza : Mungon komunikimi"},"content":{"rendered":"<p><em><span class=\"newsdate\"><a href=\"http:\/\/www.visit-ulcinj.com\/blog\/wp-content\/uploads\/2009\/04\/per-kalimin-e-kohes.jpg\"><img loading=\"lazy\" class=\"alignleft size-full wp-image-18940\" title=\"per-kalimin-e-kohes-big-brother-albania-2\" src=\"http:\/\/www.visit-ulcinj.com\/blog\/wp-content\/uploads\/2009\/04\/per-kalimin-e-kohes.jpg\" alt=\"per-kalimin-e-kohes-big-brother-albania-2\" width=\"300\" height=\"205\" \/><\/a>23\/04\/09 14:30<\/span><\/em><\/p>\n<p>Ari u thot\u00eb Adel\u00ebs dhe Moz\u00ebs se nuk duhet q\u00eb vet\u00ebm t\u00eb flen\u00eb gjum n\u00eb sht\u00ebpi. Adela ia kthen se duhet t\u2019i mbaj\u00eb ai me biseda ato sepse ato nuk kan\u00eb m\u00eb se cfar\u00eb t\u00eb thon\u00eb, nd\u00ebrsa ai ka ardhur m\u00eb von\u00eb e ka m\u00eb shum\u00eb p\u00ebr t\u00eb treguar. Ari i m\u00ebrzitur me vajzat, shprehet se me nj\u00ebr\u00ebn (Moz\u00ebn) nuk mund t\u00eb flas\u00eb e t\u00eb q\u00ebndroj\u00eb af\u00ebr se nuk e lejon, me tjetr\u00ebn (Adel\u00ebn) nuk i rastis t\u00eb bisedoj\u00eb se ajo rri vet\u00ebm me Bjordin n\u00eb dhom\u00eb. Adela nuk e pranon k\u00ebt\u00eb gj\u00eb dhe thot\u00eb se edhe kur vjen t\u00eb bisedoj\u00eb m\u00eb ndonj\u00eb, ata mund t\u00eb jen\u00eb duke biseduar p\u00ebr gj\u00ebra kot dhe ndaj largohet s\u00ebrish. P\u00ebr Bjordin ajo e pranon se ai rri vet\u00ebm n\u00eb dhom\u00eb. Ari thot\u00eb se edhe pse jan\u00eb dhjet\u00eb banor\u00eb, ata jan\u00eb ndar\u00eb n\u00eb klane dhe nuk rrin\u00eb m\u00eb t\u00eb gjith\u00eb bashk\u00eb, por secili me at\u00eb q\u00eb d\u00ebshiron. Edhe Moza edhe Adi, justifikohen se nuk kan\u00eb cfar\u00eb t\u00eb b\u00ebjn\u00eb e me k\u00eb t\u00eb rrin\u00eb e ndaj m\u00eb shum\u00eb flen\u00eb gjum se sa rrin\u00eb zgjuar. Adi thot\u00eb se Ari ka t\u00eb drejt\u00eb q\u00eb m\u00ebrzitet sepse edhe ai nuk e gjen hapsir\u00ebn e duhur p\u00ebr t\u00eb b\u00ebr\u00eb debate dhe diskutime. Ai shprehet se nuk ka mosh\u00eb p\u00ebr t\u00eb biseduar me Moz\u00ebn apo Adel\u00ebn, por \u00ebsht\u00eb i detyruar se k\u00ebto jan\u00eb kushtet dhe se jan\u00eb 70 mij\u00eb euro n\u00eb loj\u00eb. Ari mendon se parat\u00eb jan\u00eb shum\u00eb larg p\u00ebr t\u2019u menduar; p\u00ebr t\u00eb e r\u00ebnd\u00ebsishme \u00ebsht\u00eb t\u00eb kaloj\u00eb dit\u00ebn. P\u00ebr t\u00eb, m\u00ebnyra e vetme p\u00ebr t\u00eb kaluar koh\u00ebn \u00ebsht\u00eb komunikimi. Adi, duke u nisur nga kjo shprehje, i thot\u00eb se ai nj\u00eb der\u00eb komunikimi e mbylli, por Ari ia kthen se nuk e b\u00ebri ai at\u00eb zgjedhje, por Juna. Ai i thot\u00eb se ato se cfar\u00eb mendoi t\u2019ia thoshte asaj ia tha n\u00eb sy, nd\u00ebrsa ajo nuk pati kurajon q\u00eb t\u00eb p\u00ebrballej me t\u00eb, por preferoi q\u00eb t\u2019ia thoshte t\u00eb tjer\u00ebve mbrapa krah\u00ebve, duke treguar k\u00ebshtu nj\u00eb an\u00eb t\u00eb vetes s\u00eb saj. Ari tregon se dhe kur ndodhen n\u00eb mes t\u00eb nj\u00eb diskutimi me t\u00eb gjith\u00eb banor\u00ebt, ajo nuk i flet, nd\u00ebrsa ai mundohet q\u00eb ta fus\u00eb edhe at\u00eb ose veten brenda atij diskutimi. Ai merr si shembull kur ajo fliste me Sorin q\u00eb ta d\u00ebgjonte ai, kur biseda duhej b\u00ebr\u00eb me t\u00eb sepse sipas tij, kjo \u00ebsht\u00eb munges\u00eb edukate. Ari tregon se nuk i p\u00eblqeu zgjedhja e saj q\u00eb pas nj\u00eb mbledhje me pes\u00eb veta t\u00eb tjer\u00eb, i thot\u00eb atij se kam vendosur q\u00eb t\u00eb t\u00eb mos flas\u00eb m\u00eb. Ai mendon se k\u00ebt\u00eb gj\u00eb duhet ta diskutonin t\u00eb dy n\u00eb sy e jo t\u00eb vepronte ashtu.<\/p>\n","protected":false},"excerpt":{"rendered":"<p>23\/04\/09 14:30 Ari u thot\u00eb Adel\u00ebs dhe Moz\u00ebs se nuk duhet q\u00eb vet\u00ebm t\u00eb flen\u00eb gjum n\u00eb sht\u00ebpi. Adela ia kthen se duhet t\u2019i mbaj\u00eb ai me biseda ato sepse ato nuk kan\u00eb m\u00eb se cfar\u00eb t\u00eb thon\u00eb, nd\u00ebrsa ai ka ardhur m\u00eb von\u00eb e ka m\u00eb shum\u00eb p\u00ebr t\u00eb treguar. Ari i m\u00ebrzitur me [&hellip;]<\/p>\n","protected":false},"author":1,"featured_media":0,"comment_status":"open","ping_status":"closed","sticky":false,"template":"","format":"standard","meta":{"spay_email":"","jetpack_publicize_message":"","jetpack_is_tweetstorm":false,"jetpack_publicize_feature_enabled":true},"categories":[6502],"tags":[6529,8934,5057,6506,6516,6712,7129,6522,9504,6891,6693,6887],"jetpack_publicize_connections":[],"yoast_head":"<!-- This site is optimized with the Yoast SEO plugin v19.1 - https:\/\/yoast.com\/wordpress\/plugins\/seo\/ -->\n<title>Adela dhe Moza : Mungon komunikimi | Big Brother Albania 2<\/title>\n<meta name=\"description\" content=\"Big Brother Albania 2 - Ari u thot\u00c3\u00ab Adel\u00c3\u00abs dhe Moz\u00c3\u00abs se nuk duhet q\u00c3\u00ab vet\u00c3\u00abm t\u00c3\u00ab flen\u00c3\u00ab gjum n\u00c3\u00ab sht\u00c3\u00abpi. Adela ia kthen se duhet t\u00e2\u20ac\u2122i mbaj\u00c3\u00ab ai me biseda ato sepse ato nuk kan\u00c3\u00ab m\u00c3\u00ab se cfar\u00c3\u00ab t\u00c3\u00ab thon\u00c3\u00ab\" \/>\n<meta name=\"robots\" content=\"index, follow, max-snippet:-1, max-image-preview:large, max-video-preview:-1\" \/>\n<link rel=\"canonical\" href=\"https:\/\/www.visit-ulcinj.com\/blog\/2009\/04\/24\/adela-dhe-moza-mungon-komunikimi\/\" \/>\n<meta property=\"og:locale\" content=\"en_US\" \/>\n<meta property=\"og:type\" content=\"article\" \/>\n<meta property=\"og:title\" content=\"Adela dhe Moza : Mungon komunikimi | Big Brother Albania 2\" \/>\n<meta property=\"og:description\" content=\"Big Brother Albania 2 - Ari u thot\u00c3\u00ab Adel\u00c3\u00abs dhe Moz\u00c3\u00abs se nuk duhet q\u00c3\u00ab vet\u00c3\u00abm t\u00c3\u00ab flen\u00c3\u00ab gjum n\u00c3\u00ab sht\u00c3\u00abpi. Adela ia kthen se duhet t\u00e2\u20ac\u2122i mbaj\u00c3\u00ab ai me biseda ato sepse ato nuk kan\u00c3\u00ab m\u00c3\u00ab se cfar\u00c3\u00ab t\u00c3\u00ab thon\u00c3\u00ab\" \/>\n<meta property=\"og:url\" content=\"https:\/\/www.visit-ulcinj.com\/blog\/2009\/04\/24\/adela-dhe-moza-mungon-komunikimi\/\" \/>\n<meta property=\"og:site_name\" content=\"Lajme nga Ulqini\" \/>\n<meta property=\"article:published_time\" content=\"2009-04-24T10:00:54+00:00\" \/>\n<meta property=\"article:modified_time\" content=\"2009-04-23T22:35:21+00:00\" \/>\n<meta property=\"og:image\" content=\"http:\/\/www.visit-ulcinj.com\/blog\/wp-content\/uploads\/2009\/04\/per-kalimin-e-kohes.jpg\" \/>\n<meta name=\"twitter:label1\" content=\"Written by\" \/>\n\t<meta name=\"twitter:data1\" content=\"ulqini\" \/>\n\t<meta name=\"twitter:label2\" content=\"Est. reading time\" \/>\n\t<meta name=\"twitter:data2\" content=\"2 minutes\" \/>\n<script type=\"application\/ld+json\" class=\"yoast-schema-graph\">{\"@context\":\"https:\/\/schema.org\",\"@graph\":[{\"@type\":\"WebSite\",\"@id\":\"https:\/\/www.visit-ulcinj.com\/blog\/#website\",\"url\":\"https:\/\/www.visit-ulcinj.com\/blog\/\",\"name\":\"Lajme nga Ulqini\",\"description\":\"Lajme,Vijesti,Ulqini,Ulqin,Crna Gora,Mali i Zi\",\"potentialAction\":[{\"@type\":\"SearchAction\",\"target\":{\"@type\":\"EntryPoint\",\"urlTemplate\":\"https:\/\/www.visit-ulcinj.com\/blog\/?s={search_term_string}\"},\"query-input\":\"required name=search_term_string\"}],\"inLanguage\":\"en-US\"},{\"@type\":\"ImageObject\",\"inLanguage\":\"en-US\",\"@id\":\"https:\/\/www.visit-ulcinj.com\/blog\/2009\/04\/24\/adela-dhe-moza-mungon-komunikimi\/#primaryimage\",\"url\":\"http:\/\/www.visit-ulcinj.com\/blog\/wp-content\/uploads\/2009\/04\/per-kalimin-e-kohes.jpg\",\"contentUrl\":\"http:\/\/www.visit-ulcinj.com\/blog\/wp-content\/uploads\/2009\/04\/per-kalimin-e-kohes.jpg\"},{\"@type\":\"WebPage\",\"@id\":\"https:\/\/www.visit-ulcinj.com\/blog\/2009\/04\/24\/adela-dhe-moza-mungon-komunikimi\/#webpage\",\"url\":\"https:\/\/www.visit-ulcinj.com\/blog\/2009\/04\/24\/adela-dhe-moza-mungon-komunikimi\/\",\"name\":\"Adela dhe Moza : Mungon komunikimi | Big Brother Albania 2\",\"isPartOf\":{\"@id\":\"https:\/\/www.visit-ulcinj.com\/blog\/#website\"},\"primaryImageOfPage\":{\"@id\":\"https:\/\/www.visit-ulcinj.com\/blog\/2009\/04\/24\/adela-dhe-moza-mungon-komunikimi\/#primaryimage\"},\"datePublished\":\"2009-04-24T10:00:54+00:00\",\"dateModified\":\"2009-04-23T22:35:21+00:00\",\"author\":{\"@id\":\"https:\/\/www.visit-ulcinj.com\/blog\/#\/schema\/person\/dcab619c614d3038751c63bc2aadc06d\"},\"description\":\"Big Brother Albania 2 - Ari u thot\u00c3\u00ab Adel\u00c3\u00abs dhe Moz\u00c3\u00abs se nuk duhet q\u00c3\u00ab vet\u00c3\u00abm t\u00c3\u00ab flen\u00c3\u00ab gjum n\u00c3\u00ab sht\u00c3\u00abpi. Adela ia kthen se duhet t\u00e2\u20ac\u2122i mbaj\u00c3\u00ab ai me biseda ato sepse ato nuk kan\u00c3\u00ab m\u00c3\u00ab se cfar\u00c3\u00ab t\u00c3\u00ab thon\u00c3\u00ab\",\"breadcrumb\":{\"@id\":\"https:\/\/www.visit-ulcinj.com\/blog\/2009\/04\/24\/adela-dhe-moza-mungon-komunikimi\/#breadcrumb\"},\"inLanguage\":\"en-US\",\"potentialAction\":[{\"@type\":\"ReadAction\",\"target\":[\"https:\/\/www.visit-ulcinj.com\/blog\/2009\/04\/24\/adela-dhe-moza-mungon-komunikimi\/\"]}]},{\"@type\":\"BreadcrumbList\",\"@id\":\"https:\/\/www.visit-ulcinj.com\/blog\/2009\/04\/24\/adela-dhe-moza-mungon-komunikimi\/#breadcrumb\",\"itemListElement\":[{\"@type\":\"ListItem\",\"position\":1,\"name\":\"Adela dhe Moza : Mungon komunikimi\"}]},{\"@type\":\"Person\",\"@id\":\"https:\/\/www.visit-ulcinj.com\/blog\/#\/schema\/person\/dcab619c614d3038751c63bc2aadc06d\",\"name\":\"ulqini\",\"sameAs\":[\"http:\/\/www.visit-ulcinj.com\"],\"url\":\"https:\/\/www.visit-ulcinj.com\/blog\/author\/admin\/\"}]}<\/script>\n<!-- \/ Yoast SEO plugin. -->","yoast_head_json":{"title":"Adela dhe Moza : Mungon komunikimi | Big Brother Albania 2","description":"Big Brother Albania 2 - Ari u thot\u00c3\u00ab Adel\u00c3\u00abs dhe Moz\u00c3\u00abs se nuk duhet q\u00c3\u00ab vet\u00c3\u00abm t\u00c3\u00ab flen\u00c3\u00ab gjum n\u00c3\u00ab sht\u00c3\u00abpi. Adela ia kthen se duhet t\u00e2\u20ac\u2122i mbaj\u00c3\u00ab ai me biseda ato sepse ato nuk kan\u00c3\u00ab m\u00c3\u00ab se cfar\u00c3\u00ab t\u00c3\u00ab thon\u00c3\u00ab","robots":{"index":"index","follow":"follow","max-snippet":"max-snippet:-1","max-image-preview":"max-image-preview:large","max-video-preview":"max-video-preview:-1"},"canonical":"https:\/\/www.visit-ulcinj.com\/blog\/2009\/04\/24\/adela-dhe-moza-mungon-komunikimi\/","og_locale":"en_US","og_type":"article","og_title":"Adela dhe Moza : Mungon komunikimi | Big Brother Albania 2","og_description":"Big Brother Albania 2 - Ari u thot\u00c3\u00ab Adel\u00c3\u00abs dhe Moz\u00c3\u00abs se nuk duhet q\u00c3\u00ab vet\u00c3\u00abm t\u00c3\u00ab flen\u00c3\u00ab gjum n\u00c3\u00ab sht\u00c3\u00abpi. Adela ia kthen se duhet t\u00e2\u20ac\u2122i mbaj\u00c3\u00ab ai me biseda ato sepse ato nuk kan\u00c3\u00ab m\u00c3\u00ab se cfar\u00c3\u00ab t\u00c3\u00ab thon\u00c3\u00ab","og_url":"https:\/\/www.visit-ulcinj.com\/blog\/2009\/04\/24\/adela-dhe-moza-mungon-komunikimi\/","og_site_name":"Lajme nga Ulqini","article_published_time":"2009-04-24T10:00:54+00:00","article_modified_time":"2009-04-23T22:35:21+00:00","og_image":[{"url":"http:\/\/www.visit-ulcinj.com\/blog\/wp-content\/uploads\/2009\/04\/per-kalimin-e-kohes.jpg"}],"twitter_misc":{"Written by":"ulqini","Est. reading time":"2 minutes"},"schema":{"@context":"https:\/\/schema.org","@graph":[{"@type":"WebSite","@id":"https:\/\/www.visit-ulcinj.com\/blog\/#website","url":"https:\/\/www.visit-ulcinj.com\/blog\/","name":"Lajme nga Ulqini","description":"Lajme,Vijesti,Ulqini,Ulqin,Crna Gora,Mali i Zi","potentialAction":[{"@type":"SearchAction","target":{"@type":"EntryPoint","urlTemplate":"https:\/\/www.visit-ulcinj.com\/blog\/?s={search_term_string}"},"query-input":"required name=search_term_string"}],"inLanguage":"en-US"},{"@type":"ImageObject","inLanguage":"en-US","@id":"https:\/\/www.visit-ulcinj.com\/blog\/2009\/04\/24\/adela-dhe-moza-mungon-komunikimi\/#primaryimage","url":"http:\/\/www.visit-ulcinj.com\/blog\/wp-content\/uploads\/2009\/04\/per-kalimin-e-kohes.jpg","contentUrl":"http:\/\/www.visit-ulcinj.com\/blog\/wp-content\/uploads\/2009\/04\/per-kalimin-e-kohes.jpg"},{"@type":"WebPage","@id":"https:\/\/www.visit-ulcinj.com\/blog\/2009\/04\/24\/adela-dhe-moza-mungon-komunikimi\/#webpage","url":"https:\/\/www.visit-ulcinj.com\/blog\/2009\/04\/24\/adela-dhe-moza-mungon-komunikimi\/","name":"Adela dhe Moza : Mungon komunikimi | Big Brother Albania 2","isPartOf":{"@id":"https:\/\/www.visit-ulcinj.com\/blog\/#website"},"primaryImageOfPage":{"@id":"https:\/\/www.visit-ulcinj.com\/blog\/2009\/04\/24\/adela-dhe-moza-mungon-komunikimi\/#primaryimage"},"datePublished":"2009-04-24T10:00:54+00:00","dateModified":"2009-04-23T22:35:21+00:00","author":{"@id":"https:\/\/www.visit-ulcinj.com\/blog\/#\/schema\/person\/dcab619c614d3038751c63bc2aadc06d"},"description":"Big Brother Albania 2 - Ari u thot\u00c3\u00ab Adel\u00c3\u00abs dhe Moz\u00c3\u00abs se nuk duhet q\u00c3\u00ab vet\u00c3\u00abm t\u00c3\u00ab flen\u00c3\u00ab gjum n\u00c3\u00ab sht\u00c3\u00abpi. Adela ia kthen se duhet t\u00e2\u20ac\u2122i mbaj\u00c3\u00ab ai me biseda ato sepse ato nuk kan\u00c3\u00ab m\u00c3\u00ab se cfar\u00c3\u00ab t\u00c3\u00ab thon\u00c3\u00ab","breadcrumb":{"@id":"https:\/\/www.visit-ulcinj.com\/blog\/2009\/04\/24\/adela-dhe-moza-mungon-komunikimi\/#breadcrumb"},"inLanguage":"en-US","potentialAction":[{"@type":"ReadAction","target":["https:\/\/www.visit-ulcinj.com\/blog\/2009\/04\/24\/adela-dhe-moza-mungon-komunikimi\/"]}]},{"@type":"BreadcrumbList","@id":"https:\/\/www.visit-ulcinj.com\/blog\/2009\/04\/24\/adela-dhe-moza-mungon-komunikimi\/#breadcrumb","itemListElement":[{"@type":"ListItem","position":1,"name":"Adela dhe Moza : Mungon komunikimi"}]},{"@type":"Person","@id":"https:\/\/www.visit-ulcinj.com\/blog\/#\/schema\/person\/dcab619c614d3038751c63bc2aadc06d","name":"ulqini","sameAs":["http:\/\/www.visit-ulcinj.com"],"url":"https:\/\/www.visit-ulcinj.com\/blog\/author\/admin\/"}]}},"jetpack_featured_media_url":"","jetpack_sharing_enabled":true,"jetpack_shortlink":"https:\/\/wp.me\/pe6lTn-4Vt","_links":{"self":[{"href":"https:\/\/www.visit-ulcinj.com\/blog\/wp-json\/wp\/v2\/posts\/18939"}],"collection":[{"href":"https:\/\/www.visit-ulcinj.com\/blog\/wp-json\/wp\/v2\/posts"}],"about":[{"href":"https:\/\/www.visit-ulcinj.com\/blog\/wp-json\/wp\/v2\/types\/post"}],"author":[{"embeddable":true,"href":"https:\/\/www.visit-ulcinj.com\/blog\/wp-json\/wp\/v2\/users\/1"}],"replies":[{"embeddable":true,"href":"https:\/\/www.visit-ulcinj.com\/blog\/wp-json\/wp\/v2\/comments?post=18939"}],"version-history":[{"count":0,"href":"https:\/\/www.visit-ulcinj.com\/blog\/wp-json\/wp\/v2\/posts\/18939\/revisions"}],"wp:attachment":[{"href":"https:\/\/www.visit-ulcinj.com\/blog\/wp-json\/wp\/v2\/media?parent=18939"}],"wp:term":[{"taxonomy":"category","embeddable":true,"href":"https:\/\/www.visit-ulcinj.com\/blog\/wp-json\/wp\/v2\/categories?post=18939"},{"taxonomy":"post_tag","embeddable":true,"href":"https:\/\/www.visit-ulcinj.com\/blog\/wp-json\/wp\/v2\/tags?post=18939"}],"curies":[{"name":"wp","href":"https:\/\/api.w.org\/{rel}","templated":true}]}}