{"id":18969,"date":"2009-04-24T15:23:33","date_gmt":"2009-04-24T13:23:33","guid":{"rendered":"http:\/\/www.visit-ulcinj.com\/blog\/?p=18969"},"modified":"2009-04-29T09:29:02","modified_gmt":"2009-04-29T07:29:02","slug":"hajdinaga-priti-delegacionin-e-bashkesise-islame-te-malit-te-zi-te-kryesuar-nga-reisi-rifat-fejziq","status":"publish","type":"post","link":"https:\/\/www.visit-ulcinj.com\/blog\/2009\/04\/24\/hajdinaga-priti-delegacionin-e-bashkesise-islame-te-malit-te-zi-te-kryesuar-nga-reisi-rifat-fejziq\/","title":{"rendered":"Hajdinaga priti delegacionin e Bashk\u00ebsis\u00eb Islame t\u00eb Malit t\u00eb Zi t\u00eb kryesuar nga Reisi Rifat Fejziq"},"content":{"rendered":"<p><a href=\"http:\/\/www.visit-ulcinj.com\/blog\/wp-content\/uploads\/2009\/04\/gezim-hajdinaga-priti-delegacionin-e-bashkesise-islame-te-malit-te-zi-te-kryesuar-nga-reisi-rifat-fejziq.jpg\"><img loading=\"lazy\" class=\"alignleft size-full wp-image-18970\" title=\"gezim-hajdinaga-priti-delegacionin-e-bashkesise-islame-te-malit-te-zi-te-kryesuar-nga-reisi-rifat-fejziq\" src=\"http:\/\/www.visit-ulcinj.com\/blog\/wp-content\/uploads\/2009\/04\/gezim-hajdinaga-priti-delegacionin-e-bashkesise-islame-te-malit-te-zi-te-kryesuar-nga-reisi-rifat-fejziq.jpg\" alt=\"gezim-hajdinaga-priti-delegacionin-e-bashkesise-islame-te-malit-te-zi-te-kryesuar-nga-reisi-rifat-fejziq\" width=\"570\" height=\"400\" \/><\/a>Kryetari i Komun\u00ebs s\u00eb Ulqinit z. G\u00ebzim Hajdinaga dhe bashk\u00ebpun\u00ebtor\u00ebt e tij priten n\u00eb nj\u00eb takim pune delegacionin e Bashk\u00ebsis\u00eb Islame t\u00eb Malit t\u00eb Zi t\u00eb kryesuar nga Reisi Rifat Fejziq.<br \/>\n.<\/p>\n<p><a href=\"http:\/\/www.visit-ulcinj.com\/blog\/wp-content\/uploads\/2009\/04\/gezim-hajdinaga-priti-delegacionin-e-bashkesise-islame-te-malit-te-zi-te-kryesuar-nga-reisi-rifat-fejziq1.jpg\"><img loading=\"lazy\" class=\"alignright size-thumbnail wp-image-18971\" title=\"gezim-hajdinaga-priti-delegacionin-e-bashkesise-islame-te-malit-te-zi-te-kryesuar-nga-reisi-rifat-fejziq1\" src=\"http:\/\/www.visit-ulcinj.com\/blog\/wp-content\/uploads\/2009\/04\/gezim-hajdinaga-priti-delegacionin-e-bashkesise-islame-te-malit-te-zi-te-kryesuar-nga-reisi-rifat-fejziq1-150x150.jpg\" alt=\"gezim-hajdinaga-priti-delegacionin-e-bashkesise-islame-te-malit-te-zi-te-kryesuar-nga-reisi-rifat-fejziq1\" width=\"150\" height=\"150\" \/><\/a>Fillimisht mysafir\u00ebt vler\u00ebsuan lart\u00eb ndihmes\u00ebn dhe kontributin e dh\u00ebn\u00eb nga ana e Kryetarit Hajdinaga n\u00eb zgjidhjen e \u00e7\u00ebshtjeve t\u00eb r\u00ebnd\u00ebsishme q\u00eb preokupojn\u00eb Bashk\u00ebsin\u00eb Islame dhe paralajm\u00ebruan q\u00eb s\u00ebshpejti atij do t\u2019i dakordohet edhe mir\u00ebnjohje e ve\u00e7ant\u00eb.<br \/>\nM\u00eb pas delegacioni n\u00eb fjal\u00eb u ndal dhe foli p\u00ebr projektet q\u00eb parasheh t\u00eb realizoj\u00eb n\u00eb nj\u00eb t\u00eb ardhme t\u00eb af\u00ebrt dhe ku k\u00ebrkohet\u00a0 ndihma e komun\u00ebs.<\/p>\n<p><a href=\"http:\/\/www.visit-ulcinj.com\/blog\/wp-content\/uploads\/2009\/04\/gezim-hajdinaga-priti-delegacionin-e-bashkesise-islame-te-malit-te-zi-te-kryesuar-nga-reisi-rifat-fejziq2.jpg\"><img loading=\"lazy\" class=\"alignleft size-thumbnail wp-image-18972\" title=\"gezim-hajdinaga-priti-delegacionin-e-bashkesise-islame-te-malit-te-zi-te-kryesuar-nga-reisi-rifat-fejziq2\" src=\"http:\/\/www.visit-ulcinj.com\/blog\/wp-content\/uploads\/2009\/04\/gezim-hajdinaga-priti-delegacionin-e-bashkesise-islame-te-malit-te-zi-te-kryesuar-nga-reisi-rifat-fejziq2-150x150.jpg\" alt=\"gezim-hajdinaga-priti-delegacionin-e-bashkesise-islame-te-malit-te-zi-te-kryesuar-nga-reisi-rifat-fejziq2\" width=\"150\" height=\"150\" \/><\/a><br \/>\nNga ana tjet\u00ebr Kryetari Hajdinaga falenderoi mysafir\u00ebt dhe theksoi\u00a0 q\u00eb Bashk\u00ebsia Islame dhe komunitetet e tjera q\u00eb jetojn\u00eb n\u00eb Ulqin e q\u00eb p\u00ebr te paraqesin pasuri p\u00ebrher\u00eb mund t\u00eb llogarisin n\u00eb ndihm\u00ebn e pakursuer t\u00eb tij dhe t\u00eb ekzekutivit q\u00eb drejton, konform normave\u00a0 ligjore.<\/p>\n<p>Ishte konstatim i p\u00ebrbashk\u00ebt q\u00eb kur ekziston d\u00ebshira dhe angazhimi i t\u00eb gjith\u00eb subjekteve mund t\u00eb realizohen projekte me vler\u00eb jo\u00a0 vet\u00ebm p\u00ebr besimtar\u00ebt e konfesioneve t\u00eb ndrysh\u00ebm por edhe q\u00eb kan\u00eb vlera t\u00eb p\u00ebrgjithshme p\u00ebr qytetin.<br \/>\n.<\/p>\n<p><strong><br \/>\nMunicipality of Ulcinj \/ Ulqin &#8211; Montenegro<br \/>\nArsllan Hajdinaga<\/strong><\/p>\n\n\t\t<style type=\"text\/css\">\n\t\t\t#gallery-1 {\n\t\t\t\tmargin: auto;\n\t\t\t}\n\t\t\t#gallery-1 .gallery-item {\n\t\t\t\tfloat: left;\n\t\t\t\tmargin-top: 10px;\n\t\t\t\ttext-align: center;\n\t\t\t\twidth: 33%;\n\t\t\t}\n\t\t\t#gallery-1 img {\n\t\t\t\tborder: 2px solid #cfcfcf;\n\t\t\t}\n\t\t\t#gallery-1 .gallery-caption {\n\t\t\t\tmargin-left: 0;\n\t\t\t}\n\t\t\t\/* see gallery_shortcode() in wp-includes\/media.php *\/\n\t\t<\/style>\n\t\t<div id='gallery-1' class='gallery galleryid-18969 gallery-columns-3 gallery-size-thumbnail'><dl class='gallery-item'>\n\t\t\t<dt class='gallery-icon landscape'>\n\t\t\t\t<a href='https:\/\/www.visit-ulcinj.com\/blog\/2009\/04\/24\/hajdinaga-priti-delegacionin-e-bashkesise-islame-te-malit-te-zi-te-kryesuar-nga-reisi-rifat-fejziq\/gezim-hajdinaga-priti-delegacionin-e-bashkesise-islame-te-malit-te-zi-te-kryesuar-nga-reisi-rifat-fejziq\/'><img width=\"150\" height=\"150\" src=\"https:\/\/www.visit-ulcinj.com\/blog\/wp-content\/uploads\/2009\/04\/gezim-hajdinaga-priti-delegacionin-e-bashkesise-islame-te-malit-te-zi-te-kryesuar-nga-reisi-rifat-fejziq-150x150.jpg\" class=\"attachment-thumbnail size-thumbnail\" alt=\"\" loading=\"lazy\" \/><\/a>\n\t\t\t<\/dt><\/dl><dl class='gallery-item'>\n\t\t\t<dt class='gallery-icon landscape'>\n\t\t\t\t<a href='https:\/\/www.visit-ulcinj.com\/blog\/2009\/04\/24\/hajdinaga-priti-delegacionin-e-bashkesise-islame-te-malit-te-zi-te-kryesuar-nga-reisi-rifat-fejziq\/gezim-hajdinaga-priti-delegacionin-e-bashkesise-islame-te-malit-te-zi-te-kryesuar-nga-reisi-rifat-fejziq1\/'><img width=\"150\" height=\"150\" src=\"https:\/\/www.visit-ulcinj.com\/blog\/wp-content\/uploads\/2009\/04\/gezim-hajdinaga-priti-delegacionin-e-bashkesise-islame-te-malit-te-zi-te-kryesuar-nga-reisi-rifat-fejziq1-150x150.jpg\" class=\"attachment-thumbnail size-thumbnail\" alt=\"\" loading=\"lazy\" \/><\/a>\n\t\t\t<\/dt><\/dl><dl class='gallery-item'>\n\t\t\t<dt class='gallery-icon landscape'>\n\t\t\t\t<a href='https:\/\/www.visit-ulcinj.com\/blog\/2009\/04\/24\/hajdinaga-priti-delegacionin-e-bashkesise-islame-te-malit-te-zi-te-kryesuar-nga-reisi-rifat-fejziq\/gezim-hajdinaga-priti-delegacionin-e-bashkesise-islame-te-malit-te-zi-te-kryesuar-nga-reisi-rifat-fejziq2\/'><img width=\"150\" height=\"150\" src=\"https:\/\/www.visit-ulcinj.com\/blog\/wp-content\/uploads\/2009\/04\/gezim-hajdinaga-priti-delegacionin-e-bashkesise-islame-te-malit-te-zi-te-kryesuar-nga-reisi-rifat-fejziq2-150x150.jpg\" class=\"attachment-thumbnail size-thumbnail\" alt=\"\" loading=\"lazy\" \/><\/a>\n\t\t\t<\/dt><\/dl><br style=\"clear: both\" \/>\n\t\t<\/div>\n\n","protected":false},"excerpt":{"rendered":"<p>Kryetari i Komun\u00ebs s\u00eb Ulqinit z. G\u00ebzim Hajdinaga dhe bashk\u00ebpun\u00ebtor\u00ebt e tij priten n\u00eb nj\u00eb takim pune delegacionin e Bashk\u00ebsis\u00eb Islame t\u00eb Malit t\u00eb Zi t\u00eb kryesuar nga Reisi Rifat Fejziq. . Fillimisht mysafir\u00ebt vler\u00ebsuan lart\u00eb ndihmes\u00ebn dhe kontributin e dh\u00ebn\u00eb nga ana e Kryetarit Hajdinaga n\u00eb zgjidhjen e \u00e7\u00ebshtjeve t\u00eb r\u00ebnd\u00ebsishme q\u00eb preokupojn\u00eb Bashk\u00ebsin\u00eb [&hellip;]<\/p>\n","protected":false},"author":1,"featured_media":0,"comment_status":"open","ping_status":"closed","sticky":false,"template":"","format":"standard","meta":{"spay_email":"","jetpack_publicize_message":"","jetpack_is_tweetstorm":false,"jetpack_publicize_feature_enabled":true},"categories":[1],"tags":[7630,9509,95,7629,9510,200],"jetpack_publicize_connections":[],"yoast_head":"<!-- This site is optimized with the Yoast SEO plugin v19.1 - https:\/\/yoast.com\/wordpress\/plugins\/seo\/ -->\n<title>Hajdinaga priti delegacionin e Bashk\u00c3\u00absis\u00c3\u00ab Islame t\u00c3\u00ab Malit t\u00c3\u00ab Zi t\u00c3\u00ab kryesuar nga Reisi Rifat Fejziq<\/title>\n<meta name=\"description\" content=\"Hajdinaga priti delegacionin e Bashk\u00c3\u00absis\u00c3\u00ab Islame t\u00c3\u00ab Malit t\u00c3\u00ab Zi t\u00c3\u00ab kryesuar nga Reisi Rifat Fejziq\" \/>\n<meta name=\"robots\" content=\"index, follow, max-snippet:-1, max-image-preview:large, max-video-preview:-1\" \/>\n<link rel=\"canonical\" href=\"https:\/\/www.visit-ulcinj.com\/blog\/2009\/04\/24\/hajdinaga-priti-delegacionin-e-bashkesise-islame-te-malit-te-zi-te-kryesuar-nga-reisi-rifat-fejziq\/\" \/>\n<meta property=\"og:locale\" content=\"en_US\" \/>\n<meta property=\"og:type\" content=\"article\" \/>\n<meta property=\"og:title\" content=\"Hajdinaga priti delegacionin e Bashk\u00c3\u00absis\u00c3\u00ab Islame t\u00c3\u00ab Malit t\u00c3\u00ab Zi t\u00c3\u00ab kryesuar nga Reisi Rifat Fejziq\" \/>\n<meta property=\"og:description\" content=\"Hajdinaga priti delegacionin e Bashk\u00c3\u00absis\u00c3\u00ab Islame t\u00c3\u00ab Malit t\u00c3\u00ab Zi t\u00c3\u00ab kryesuar nga Reisi Rifat Fejziq\" \/>\n<meta property=\"og:url\" content=\"https:\/\/www.visit-ulcinj.com\/blog\/2009\/04\/24\/hajdinaga-priti-delegacionin-e-bashkesise-islame-te-malit-te-zi-te-kryesuar-nga-reisi-rifat-fejziq\/\" \/>\n<meta property=\"og:site_name\" content=\"Lajme nga Ulqini\" \/>\n<meta property=\"article:published_time\" content=\"2009-04-24T13:23:33+00:00\" \/>\n<meta property=\"article:modified_time\" content=\"2009-04-29T07:29:02+00:00\" \/>\n<meta property=\"og:image\" content=\"https:\/\/www.visit-ulcinj.com\/blog\/wp-content\/uploads\/2009\/04\/gezim-hajdinaga-priti-delegacionin-e-bashkesise-islame-te-malit-te-zi-te-kryesuar-nga-reisi-rifat-fejziq-150x150.jpg\" \/>\n<meta name=\"twitter:label1\" content=\"Written by\" \/>\n\t<meta name=\"twitter:data1\" content=\"ulqini\" \/>\n\t<meta name=\"twitter:label2\" content=\"Est. reading time\" \/>\n\t<meta name=\"twitter:data2\" content=\"1 minute\" \/>\n<script type=\"application\/ld+json\" class=\"yoast-schema-graph\">{\"@context\":\"https:\/\/schema.org\",\"@graph\":[{\"@type\":\"WebSite\",\"@id\":\"https:\/\/www.visit-ulcinj.com\/blog\/#website\",\"url\":\"https:\/\/www.visit-ulcinj.com\/blog\/\",\"name\":\"Lajme nga Ulqini\",\"description\":\"Lajme,Vijesti,Ulqini,Ulqin,Crna Gora,Mali i Zi\",\"potentialAction\":[{\"@type\":\"SearchAction\",\"target\":{\"@type\":\"EntryPoint\",\"urlTemplate\":\"https:\/\/www.visit-ulcinj.com\/blog\/?s={search_term_string}\"},\"query-input\":\"required name=search_term_string\"}],\"inLanguage\":\"en-US\"},{\"@type\":\"ImageObject\",\"inLanguage\":\"en-US\",\"@id\":\"https:\/\/www.visit-ulcinj.com\/blog\/2009\/04\/24\/hajdinaga-priti-delegacionin-e-bashkesise-islame-te-malit-te-zi-te-kryesuar-nga-reisi-rifat-fejziq\/#primaryimage\",\"url\":\"https:\/\/www.visit-ulcinj.com\/blog\/wp-content\/uploads\/2009\/04\/gezim-hajdinaga-priti-delegacionin-e-bashkesise-islame-te-malit-te-zi-te-kryesuar-nga-reisi-rifat-fejziq.jpg\",\"contentUrl\":\"https:\/\/www.visit-ulcinj.com\/blog\/wp-content\/uploads\/2009\/04\/gezim-hajdinaga-priti-delegacionin-e-bashkesise-islame-te-malit-te-zi-te-kryesuar-nga-reisi-rifat-fejziq.jpg\",\"width\":\"1024\",\"height\":\"768\"},{\"@type\":\"WebPage\",\"@id\":\"https:\/\/www.visit-ulcinj.com\/blog\/2009\/04\/24\/hajdinaga-priti-delegacionin-e-bashkesise-islame-te-malit-te-zi-te-kryesuar-nga-reisi-rifat-fejziq\/#webpage\",\"url\":\"https:\/\/www.visit-ulcinj.com\/blog\/2009\/04\/24\/hajdinaga-priti-delegacionin-e-bashkesise-islame-te-malit-te-zi-te-kryesuar-nga-reisi-rifat-fejziq\/\",\"name\":\"Hajdinaga priti delegacionin e Bashk\u00c3\u00absis\u00c3\u00ab Islame t\u00c3\u00ab Malit t\u00c3\u00ab Zi t\u00c3\u00ab kryesuar nga Reisi Rifat Fejziq\",\"isPartOf\":{\"@id\":\"https:\/\/www.visit-ulcinj.com\/blog\/#website\"},\"primaryImageOfPage\":{\"@id\":\"https:\/\/www.visit-ulcinj.com\/blog\/2009\/04\/24\/hajdinaga-priti-delegacionin-e-bashkesise-islame-te-malit-te-zi-te-kryesuar-nga-reisi-rifat-fejziq\/#primaryimage\"},\"datePublished\":\"2009-04-24T13:23:33+00:00\",\"dateModified\":\"2009-04-29T07:29:02+00:00\",\"author\":{\"@id\":\"https:\/\/www.visit-ulcinj.com\/blog\/#\/schema\/person\/dcab619c614d3038751c63bc2aadc06d\"},\"description\":\"Hajdinaga priti delegacionin e Bashk\u00c3\u00absis\u00c3\u00ab Islame t\u00c3\u00ab Malit t\u00c3\u00ab Zi t\u00c3\u00ab kryesuar nga Reisi Rifat Fejziq\",\"breadcrumb\":{\"@id\":\"https:\/\/www.visit-ulcinj.com\/blog\/2009\/04\/24\/hajdinaga-priti-delegacionin-e-bashkesise-islame-te-malit-te-zi-te-kryesuar-nga-reisi-rifat-fejziq\/#breadcrumb\"},\"inLanguage\":\"en-US\",\"potentialAction\":[{\"@type\":\"ReadAction\",\"target\":[\"https:\/\/www.visit-ulcinj.com\/blog\/2009\/04\/24\/hajdinaga-priti-delegacionin-e-bashkesise-islame-te-malit-te-zi-te-kryesuar-nga-reisi-rifat-fejziq\/\"]}]},{\"@type\":\"BreadcrumbList\",\"@id\":\"https:\/\/www.visit-ulcinj.com\/blog\/2009\/04\/24\/hajdinaga-priti-delegacionin-e-bashkesise-islame-te-malit-te-zi-te-kryesuar-nga-reisi-rifat-fejziq\/#breadcrumb\",\"itemListElement\":[{\"@type\":\"ListItem\",\"position\":1,\"name\":\"Hajdinaga priti delegacionin e Bashk\u00ebsis\u00eb Islame t\u00eb Malit t\u00eb Zi t\u00eb kryesuar nga Reisi Rifat Fejziq\"}]},{\"@type\":\"Person\",\"@id\":\"https:\/\/www.visit-ulcinj.com\/blog\/#\/schema\/person\/dcab619c614d3038751c63bc2aadc06d\",\"name\":\"ulqini\",\"sameAs\":[\"http:\/\/www.visit-ulcinj.com\"],\"url\":\"https:\/\/www.visit-ulcinj.com\/blog\/author\/admin\/\"}]}<\/script>\n<!-- \/ Yoast SEO plugin. -->","yoast_head_json":{"title":"Hajdinaga priti delegacionin e Bashk\u00c3\u00absis\u00c3\u00ab Islame t\u00c3\u00ab Malit t\u00c3\u00ab Zi t\u00c3\u00ab kryesuar nga Reisi Rifat Fejziq","description":"Hajdinaga priti delegacionin e Bashk\u00c3\u00absis\u00c3\u00ab Islame t\u00c3\u00ab Malit t\u00c3\u00ab Zi t\u00c3\u00ab kryesuar nga Reisi Rifat Fejziq","robots":{"index":"index","follow":"follow","max-snippet":"max-snippet:-1","max-image-preview":"max-image-preview:large","max-video-preview":"max-video-preview:-1"},"canonical":"https:\/\/www.visit-ulcinj.com\/blog\/2009\/04\/24\/hajdinaga-priti-delegacionin-e-bashkesise-islame-te-malit-te-zi-te-kryesuar-nga-reisi-rifat-fejziq\/","og_locale":"en_US","og_type":"article","og_title":"Hajdinaga priti delegacionin e Bashk\u00c3\u00absis\u00c3\u00ab Islame t\u00c3\u00ab Malit t\u00c3\u00ab Zi t\u00c3\u00ab kryesuar nga Reisi Rifat Fejziq","og_description":"Hajdinaga priti delegacionin e Bashk\u00c3\u00absis\u00c3\u00ab Islame t\u00c3\u00ab Malit t\u00c3\u00ab Zi t\u00c3\u00ab kryesuar nga Reisi Rifat Fejziq","og_url":"https:\/\/www.visit-ulcinj.com\/blog\/2009\/04\/24\/hajdinaga-priti-delegacionin-e-bashkesise-islame-te-malit-te-zi-te-kryesuar-nga-reisi-rifat-fejziq\/","og_site_name":"Lajme nga Ulqini","article_published_time":"2009-04-24T13:23:33+00:00","article_modified_time":"2009-04-29T07:29:02+00:00","og_image":[{"url":"https:\/\/www.visit-ulcinj.com\/blog\/wp-content\/uploads\/2009\/04\/gezim-hajdinaga-priti-delegacionin-e-bashkesise-islame-te-malit-te-zi-te-kryesuar-nga-reisi-rifat-fejziq-150x150.jpg"}],"twitter_misc":{"Written by":"ulqini","Est. reading time":"1 minute"},"schema":{"@context":"https:\/\/schema.org","@graph":[{"@type":"WebSite","@id":"https:\/\/www.visit-ulcinj.com\/blog\/#website","url":"https:\/\/www.visit-ulcinj.com\/blog\/","name":"Lajme nga Ulqini","description":"Lajme,Vijesti,Ulqini,Ulqin,Crna Gora,Mali i Zi","potentialAction":[{"@type":"SearchAction","target":{"@type":"EntryPoint","urlTemplate":"https:\/\/www.visit-ulcinj.com\/blog\/?s={search_term_string}"},"query-input":"required name=search_term_string"}],"inLanguage":"en-US"},{"@type":"ImageObject","inLanguage":"en-US","@id":"https:\/\/www.visit-ulcinj.com\/blog\/2009\/04\/24\/hajdinaga-priti-delegacionin-e-bashkesise-islame-te-malit-te-zi-te-kryesuar-nga-reisi-rifat-fejziq\/#primaryimage","url":"https:\/\/www.visit-ulcinj.com\/blog\/wp-content\/uploads\/2009\/04\/gezim-hajdinaga-priti-delegacionin-e-bashkesise-islame-te-malit-te-zi-te-kryesuar-nga-reisi-rifat-fejziq.jpg","contentUrl":"https:\/\/www.visit-ulcinj.com\/blog\/wp-content\/uploads\/2009\/04\/gezim-hajdinaga-priti-delegacionin-e-bashkesise-islame-te-malit-te-zi-te-kryesuar-nga-reisi-rifat-fejziq.jpg","width":"1024","height":"768"},{"@type":"WebPage","@id":"https:\/\/www.visit-ulcinj.com\/blog\/2009\/04\/24\/hajdinaga-priti-delegacionin-e-bashkesise-islame-te-malit-te-zi-te-kryesuar-nga-reisi-rifat-fejziq\/#webpage","url":"https:\/\/www.visit-ulcinj.com\/blog\/2009\/04\/24\/hajdinaga-priti-delegacionin-e-bashkesise-islame-te-malit-te-zi-te-kryesuar-nga-reisi-rifat-fejziq\/","name":"Hajdinaga priti delegacionin e Bashk\u00c3\u00absis\u00c3\u00ab Islame t\u00c3\u00ab Malit t\u00c3\u00ab Zi t\u00c3\u00ab kryesuar nga Reisi Rifat Fejziq","isPartOf":{"@id":"https:\/\/www.visit-ulcinj.com\/blog\/#website"},"primaryImageOfPage":{"@id":"https:\/\/www.visit-ulcinj.com\/blog\/2009\/04\/24\/hajdinaga-priti-delegacionin-e-bashkesise-islame-te-malit-te-zi-te-kryesuar-nga-reisi-rifat-fejziq\/#primaryimage"},"datePublished":"2009-04-24T13:23:33+00:00","dateModified":"2009-04-29T07:29:02+00:00","author":{"@id":"https:\/\/www.visit-ulcinj.com\/blog\/#\/schema\/person\/dcab619c614d3038751c63bc2aadc06d"},"description":"Hajdinaga priti delegacionin e Bashk\u00c3\u00absis\u00c3\u00ab Islame t\u00c3\u00ab Malit t\u00c3\u00ab Zi t\u00c3\u00ab kryesuar nga Reisi Rifat Fejziq","breadcrumb":{"@id":"https:\/\/www.visit-ulcinj.com\/blog\/2009\/04\/24\/hajdinaga-priti-delegacionin-e-bashkesise-islame-te-malit-te-zi-te-kryesuar-nga-reisi-rifat-fejziq\/#breadcrumb"},"inLanguage":"en-US","potentialAction":[{"@type":"ReadAction","target":["https:\/\/www.visit-ulcinj.com\/blog\/2009\/04\/24\/hajdinaga-priti-delegacionin-e-bashkesise-islame-te-malit-te-zi-te-kryesuar-nga-reisi-rifat-fejziq\/"]}]},{"@type":"BreadcrumbList","@id":"https:\/\/www.visit-ulcinj.com\/blog\/2009\/04\/24\/hajdinaga-priti-delegacionin-e-bashkesise-islame-te-malit-te-zi-te-kryesuar-nga-reisi-rifat-fejziq\/#breadcrumb","itemListElement":[{"@type":"ListItem","position":1,"name":"Hajdinaga priti delegacionin e Bashk\u00ebsis\u00eb Islame t\u00eb Malit t\u00eb Zi t\u00eb kryesuar nga Reisi Rifat Fejziq"}]},{"@type":"Person","@id":"https:\/\/www.visit-ulcinj.com\/blog\/#\/schema\/person\/dcab619c614d3038751c63bc2aadc06d","name":"ulqini","sameAs":["http:\/\/www.visit-ulcinj.com"],"url":"https:\/\/www.visit-ulcinj.com\/blog\/author\/admin\/"}]}},"jetpack_featured_media_url":"","jetpack_sharing_enabled":true,"jetpack_shortlink":"https:\/\/wp.me\/pe6lTn-4VX","_links":{"self":[{"href":"https:\/\/www.visit-ulcinj.com\/blog\/wp-json\/wp\/v2\/posts\/18969"}],"collection":[{"href":"https:\/\/www.visit-ulcinj.com\/blog\/wp-json\/wp\/v2\/posts"}],"about":[{"href":"https:\/\/www.visit-ulcinj.com\/blog\/wp-json\/wp\/v2\/types\/post"}],"author":[{"embeddable":true,"href":"https:\/\/www.visit-ulcinj.com\/blog\/wp-json\/wp\/v2\/users\/1"}],"replies":[{"embeddable":true,"href":"https:\/\/www.visit-ulcinj.com\/blog\/wp-json\/wp\/v2\/comments?post=18969"}],"version-history":[{"count":0,"href":"https:\/\/www.visit-ulcinj.com\/blog\/wp-json\/wp\/v2\/posts\/18969\/revisions"}],"wp:attachment":[{"href":"https:\/\/www.visit-ulcinj.com\/blog\/wp-json\/wp\/v2\/media?parent=18969"}],"wp:term":[{"taxonomy":"category","embeddable":true,"href":"https:\/\/www.visit-ulcinj.com\/blog\/wp-json\/wp\/v2\/categories?post=18969"},{"taxonomy":"post_tag","embeddable":true,"href":"https:\/\/www.visit-ulcinj.com\/blog\/wp-json\/wp\/v2\/tags?post=18969"}],"curies":[{"name":"wp","href":"https:\/\/api.w.org\/{rel}","templated":true}]}}