{"id":19003,"date":"2009-04-24T19:33:25","date_gmt":"2009-04-24T17:33:25","guid":{"rendered":"http:\/\/www.visit-ulcinj.com\/blog\/?p=19003"},"modified":"2009-04-24T19:33:25","modified_gmt":"2009-04-24T17:33:25","slug":"vesa-luma-nuk-flet-per-jeten-private","status":"publish","type":"post","link":"https:\/\/www.visit-ulcinj.com\/blog\/2009\/04\/24\/vesa-luma-nuk-flet-per-jeten-private\/","title":{"rendered":"Vesa Luma nuk flet p\u00ebr jet\u00ebn private"},"content":{"rendered":"<p><a href=\"http:\/\/www.visit-ulcinj.com\/blog\/wp-content\/uploads\/2009\/04\/vesa-luma_genc-dobroshi.jpg\"><img loading=\"lazy\" class=\"alignleft size-full wp-image-19004\" title=\"vesa-luma_genc-dobroshi\" src=\"http:\/\/www.visit-ulcinj.com\/blog\/wp-content\/uploads\/2009\/04\/vesa-luma_genc-dobroshi.jpg\" alt=\"vesa-luma_genc-dobroshi\" width=\"570\" height=\"347\" \/><\/a>K\u00ebng\u00ebtarja Vesa Luma, ka vendosur q\u00eb t\u00eb mos flas\u00eb m\u00eb p\u00ebr jet\u00ebn e saj private n\u00eb media. K\u00ebt\u00eb e ka th\u00ebn\u00eb vet k\u00ebng\u00ebtarja, n\u00eb nj\u00eb intervist\u00eb p\u00ebr emisionin &#8220;Express Live&#8221;. Sipas Ves\u00ebs \u00ebsht\u00eb keqp\u00ebrdorur gatishm\u00ebria e saj p\u00ebr t\u00eb folur rreth jet\u00ebs private, sidomos nga mediat e shkruara n\u00eb Shqip\u00ebri. \u201cUn\u00eb kam qen\u00eb shum\u00eb e hapur ndaj mediave \u00e7do her\u00eb kur m\u00eb jan\u00eb b\u00ebr\u00eb pyetje p\u00ebr jet\u00ebn time private. Kjo \u00ebsht\u00eb keqp\u00ebrdorur, sidomos nga mediat e shkruara n\u00eb Shqip\u00ebri. Prandaj kam vendosur q\u00eb m\u00eb t\u00eb mos flas m\u00eb p\u00ebr jet\u00ebn time private\u201d, ka th\u00ebn\u00eb k\u00ebng\u00ebtarja, e cila \u00ebsht\u00eb n\u00eb lidhje me regjisorin Genc Dobroshi.<br \/>\n<strong>KTV<\/strong><\/p>\n<p><strong><br \/>\n<\/strong><\/p>\n<!--YouTube Error: bad URL entered-->\n","protected":false},"excerpt":{"rendered":"<p>K\u00ebng\u00ebtarja Vesa Luma, ka vendosur q\u00eb t\u00eb mos flas\u00eb m\u00eb p\u00ebr jet\u00ebn e saj private n\u00eb media. K\u00ebt\u00eb e ka th\u00ebn\u00eb vet k\u00ebng\u00ebtarja, n\u00eb nj\u00eb intervist\u00eb p\u00ebr emisionin &#8220;Express Live&#8221;. Sipas Ves\u00ebs \u00ebsht\u00eb keqp\u00ebrdorur gatishm\u00ebria e saj p\u00ebr t\u00eb folur rreth jet\u00ebs private, sidomos nga mediat e shkruara n\u00eb Shqip\u00ebri. \u201cUn\u00eb kam qen\u00eb shum\u00eb e [&hellip;]<\/p>\n","protected":false},"author":1,"featured_media":0,"comment_status":"open","ping_status":"closed","sticky":false,"template":"","format":"standard","meta":{"spay_email":"","jetpack_publicize_message":"","jetpack_is_tweetstorm":false,"jetpack_publicize_feature_enabled":true},"categories":[1],"tags":[9525,9524],"jetpack_publicize_connections":[],"yoast_head":"<!-- This site is optimized with the Yoast SEO plugin v19.1 - https:\/\/yoast.com\/wordpress\/plugins\/seo\/ -->\n<title>Vesa Luma nuk flet p\u00ebr jet\u00ebn private - Lajme nga Ulqini<\/title>\n<meta name=\"description\" content=\"K\u00ebng\u00ebtarja Vesa Luma, ka vendosur q\u00eb t\u00eb mos flas\u00eb m\u00eb p\u00ebr jet\u00ebn e saj private n\u00eb media. K\u00ebt\u00eb e ka th\u00ebn\u00eb vet k\u00ebng\u00ebtarja, n\u00eb nj\u00eb intervist\u00eb p\u00ebr emisionin\" \/>\n<meta name=\"robots\" content=\"index, follow, max-snippet:-1, max-image-preview:large, max-video-preview:-1\" \/>\n<link rel=\"canonical\" href=\"https:\/\/www.visit-ulcinj.com\/blog\/2009\/04\/24\/vesa-luma-nuk-flet-per-jeten-private\/\" \/>\n<meta property=\"og:locale\" content=\"en_US\" \/>\n<meta property=\"og:type\" content=\"article\" \/>\n<meta property=\"og:title\" content=\"Vesa Luma nuk flet p\u00ebr jet\u00ebn private - Lajme nga Ulqini\" \/>\n<meta property=\"og:description\" content=\"K\u00ebng\u00ebtarja Vesa Luma, ka vendosur q\u00eb t\u00eb mos flas\u00eb m\u00eb p\u00ebr jet\u00ebn e saj private n\u00eb media. K\u00ebt\u00eb e ka th\u00ebn\u00eb vet k\u00ebng\u00ebtarja, n\u00eb nj\u00eb intervist\u00eb p\u00ebr emisionin\" \/>\n<meta property=\"og:url\" content=\"https:\/\/www.visit-ulcinj.com\/blog\/2009\/04\/24\/vesa-luma-nuk-flet-per-jeten-private\/\" \/>\n<meta property=\"og:site_name\" content=\"Lajme nga Ulqini\" \/>\n<meta property=\"article:published_time\" content=\"2009-04-24T17:33:25+00:00\" \/>\n<meta property=\"og:image\" content=\"https:\/\/www.visit-ulcinj.com\/blog\/wp-content\/uploads\/2009\/04\/vesa-luma_genc-dobroshi-150x150.jpg\" \/>\n<meta name=\"twitter:label1\" content=\"Written by\" \/>\n\t<meta name=\"twitter:data1\" content=\"ulqini\" \/>\n\t<meta name=\"twitter:label2\" content=\"Est. reading time\" \/>\n\t<meta name=\"twitter:data2\" content=\"1 minute\" \/>\n<script type=\"application\/ld+json\" class=\"yoast-schema-graph\">{\"@context\":\"https:\/\/schema.org\",\"@graph\":[{\"@type\":\"WebSite\",\"@id\":\"https:\/\/www.visit-ulcinj.com\/blog\/#website\",\"url\":\"https:\/\/www.visit-ulcinj.com\/blog\/\",\"name\":\"Lajme nga Ulqini\",\"description\":\"Lajme,Vijesti,Ulqini,Ulqin,Crna Gora,Mali i Zi\",\"potentialAction\":[{\"@type\":\"SearchAction\",\"target\":{\"@type\":\"EntryPoint\",\"urlTemplate\":\"https:\/\/www.visit-ulcinj.com\/blog\/?s={search_term_string}\"},\"query-input\":\"required name=search_term_string\"}],\"inLanguage\":\"en-US\"},{\"@type\":\"ImageObject\",\"inLanguage\":\"en-US\",\"@id\":\"https:\/\/www.visit-ulcinj.com\/blog\/2009\/04\/24\/vesa-luma-nuk-flet-per-jeten-private\/#primaryimage\",\"url\":\"http:\/\/www.visit-ulcinj.com\/blog\/wp-content\/uploads\/2009\/04\/vesa-luma_genc-dobroshi.jpg\",\"contentUrl\":\"http:\/\/www.visit-ulcinj.com\/blog\/wp-content\/uploads\/2009\/04\/vesa-luma_genc-dobroshi.jpg\"},{\"@type\":\"WebPage\",\"@id\":\"https:\/\/www.visit-ulcinj.com\/blog\/2009\/04\/24\/vesa-luma-nuk-flet-per-jeten-private\/#webpage\",\"url\":\"https:\/\/www.visit-ulcinj.com\/blog\/2009\/04\/24\/vesa-luma-nuk-flet-per-jeten-private\/\",\"name\":\"Vesa Luma nuk flet p\u00ebr jet\u00ebn private - Lajme nga Ulqini\",\"isPartOf\":{\"@id\":\"https:\/\/www.visit-ulcinj.com\/blog\/#website\"},\"primaryImageOfPage\":{\"@id\":\"https:\/\/www.visit-ulcinj.com\/blog\/2009\/04\/24\/vesa-luma-nuk-flet-per-jeten-private\/#primaryimage\"},\"datePublished\":\"2009-04-24T17:33:25+00:00\",\"dateModified\":\"2009-04-24T17:33:25+00:00\",\"author\":{\"@id\":\"https:\/\/www.visit-ulcinj.com\/blog\/#\/schema\/person\/dcab619c614d3038751c63bc2aadc06d\"},\"description\":\"K\u00ebng\u00ebtarja Vesa Luma, ka vendosur q\u00eb t\u00eb mos flas\u00eb m\u00eb p\u00ebr jet\u00ebn e saj private n\u00eb media. K\u00ebt\u00eb e ka th\u00ebn\u00eb vet k\u00ebng\u00ebtarja, n\u00eb nj\u00eb intervist\u00eb p\u00ebr emisionin\",\"breadcrumb\":{\"@id\":\"https:\/\/www.visit-ulcinj.com\/blog\/2009\/04\/24\/vesa-luma-nuk-flet-per-jeten-private\/#breadcrumb\"},\"inLanguage\":\"en-US\",\"potentialAction\":[{\"@type\":\"ReadAction\",\"target\":[\"https:\/\/www.visit-ulcinj.com\/blog\/2009\/04\/24\/vesa-luma-nuk-flet-per-jeten-private\/\"]}]},{\"@type\":\"BreadcrumbList\",\"@id\":\"https:\/\/www.visit-ulcinj.com\/blog\/2009\/04\/24\/vesa-luma-nuk-flet-per-jeten-private\/#breadcrumb\",\"itemListElement\":[{\"@type\":\"ListItem\",\"position\":1,\"name\":\"Vesa Luma nuk flet p\u00ebr jet\u00ebn private\"}]},{\"@type\":\"Person\",\"@id\":\"https:\/\/www.visit-ulcinj.com\/blog\/#\/schema\/person\/dcab619c614d3038751c63bc2aadc06d\",\"name\":\"ulqini\",\"sameAs\":[\"http:\/\/www.visit-ulcinj.com\"],\"url\":\"https:\/\/www.visit-ulcinj.com\/blog\/author\/admin\/\"}]}<\/script>\n<!-- \/ Yoast SEO plugin. -->","yoast_head_json":{"title":"Vesa Luma nuk flet p\u00ebr jet\u00ebn private - Lajme nga Ulqini","description":"K\u00ebng\u00ebtarja Vesa Luma, ka vendosur q\u00eb t\u00eb mos flas\u00eb m\u00eb p\u00ebr jet\u00ebn e saj private n\u00eb media. K\u00ebt\u00eb e ka th\u00ebn\u00eb vet k\u00ebng\u00ebtarja, n\u00eb nj\u00eb intervist\u00eb p\u00ebr emisionin","robots":{"index":"index","follow":"follow","max-snippet":"max-snippet:-1","max-image-preview":"max-image-preview:large","max-video-preview":"max-video-preview:-1"},"canonical":"https:\/\/www.visit-ulcinj.com\/blog\/2009\/04\/24\/vesa-luma-nuk-flet-per-jeten-private\/","og_locale":"en_US","og_type":"article","og_title":"Vesa Luma nuk flet p\u00ebr jet\u00ebn private - Lajme nga Ulqini","og_description":"K\u00ebng\u00ebtarja Vesa Luma, ka vendosur q\u00eb t\u00eb mos flas\u00eb m\u00eb p\u00ebr jet\u00ebn e saj private n\u00eb media. K\u00ebt\u00eb e ka th\u00ebn\u00eb vet k\u00ebng\u00ebtarja, n\u00eb nj\u00eb intervist\u00eb p\u00ebr emisionin","og_url":"https:\/\/www.visit-ulcinj.com\/blog\/2009\/04\/24\/vesa-luma-nuk-flet-per-jeten-private\/","og_site_name":"Lajme nga Ulqini","article_published_time":"2009-04-24T17:33:25+00:00","og_image":[{"url":"https:\/\/www.visit-ulcinj.com\/blog\/wp-content\/uploads\/2009\/04\/vesa-luma_genc-dobroshi-150x150.jpg"}],"twitter_misc":{"Written by":"ulqini","Est. reading time":"1 minute"},"schema":{"@context":"https:\/\/schema.org","@graph":[{"@type":"WebSite","@id":"https:\/\/www.visit-ulcinj.com\/blog\/#website","url":"https:\/\/www.visit-ulcinj.com\/blog\/","name":"Lajme nga Ulqini","description":"Lajme,Vijesti,Ulqini,Ulqin,Crna Gora,Mali i Zi","potentialAction":[{"@type":"SearchAction","target":{"@type":"EntryPoint","urlTemplate":"https:\/\/www.visit-ulcinj.com\/blog\/?s={search_term_string}"},"query-input":"required name=search_term_string"}],"inLanguage":"en-US"},{"@type":"ImageObject","inLanguage":"en-US","@id":"https:\/\/www.visit-ulcinj.com\/blog\/2009\/04\/24\/vesa-luma-nuk-flet-per-jeten-private\/#primaryimage","url":"http:\/\/www.visit-ulcinj.com\/blog\/wp-content\/uploads\/2009\/04\/vesa-luma_genc-dobroshi.jpg","contentUrl":"http:\/\/www.visit-ulcinj.com\/blog\/wp-content\/uploads\/2009\/04\/vesa-luma_genc-dobroshi.jpg"},{"@type":"WebPage","@id":"https:\/\/www.visit-ulcinj.com\/blog\/2009\/04\/24\/vesa-luma-nuk-flet-per-jeten-private\/#webpage","url":"https:\/\/www.visit-ulcinj.com\/blog\/2009\/04\/24\/vesa-luma-nuk-flet-per-jeten-private\/","name":"Vesa Luma nuk flet p\u00ebr jet\u00ebn private - Lajme nga Ulqini","isPartOf":{"@id":"https:\/\/www.visit-ulcinj.com\/blog\/#website"},"primaryImageOfPage":{"@id":"https:\/\/www.visit-ulcinj.com\/blog\/2009\/04\/24\/vesa-luma-nuk-flet-per-jeten-private\/#primaryimage"},"datePublished":"2009-04-24T17:33:25+00:00","dateModified":"2009-04-24T17:33:25+00:00","author":{"@id":"https:\/\/www.visit-ulcinj.com\/blog\/#\/schema\/person\/dcab619c614d3038751c63bc2aadc06d"},"description":"K\u00ebng\u00ebtarja Vesa Luma, ka vendosur q\u00eb t\u00eb mos flas\u00eb m\u00eb p\u00ebr jet\u00ebn e saj private n\u00eb media. K\u00ebt\u00eb e ka th\u00ebn\u00eb vet k\u00ebng\u00ebtarja, n\u00eb nj\u00eb intervist\u00eb p\u00ebr emisionin","breadcrumb":{"@id":"https:\/\/www.visit-ulcinj.com\/blog\/2009\/04\/24\/vesa-luma-nuk-flet-per-jeten-private\/#breadcrumb"},"inLanguage":"en-US","potentialAction":[{"@type":"ReadAction","target":["https:\/\/www.visit-ulcinj.com\/blog\/2009\/04\/24\/vesa-luma-nuk-flet-per-jeten-private\/"]}]},{"@type":"BreadcrumbList","@id":"https:\/\/www.visit-ulcinj.com\/blog\/2009\/04\/24\/vesa-luma-nuk-flet-per-jeten-private\/#breadcrumb","itemListElement":[{"@type":"ListItem","position":1,"name":"Vesa Luma nuk flet p\u00ebr jet\u00ebn private"}]},{"@type":"Person","@id":"https:\/\/www.visit-ulcinj.com\/blog\/#\/schema\/person\/dcab619c614d3038751c63bc2aadc06d","name":"ulqini","sameAs":["http:\/\/www.visit-ulcinj.com"],"url":"https:\/\/www.visit-ulcinj.com\/blog\/author\/admin\/"}]}},"jetpack_featured_media_url":"","jetpack_sharing_enabled":true,"jetpack_shortlink":"https:\/\/wp.me\/pe6lTn-4Wv","_links":{"self":[{"href":"https:\/\/www.visit-ulcinj.com\/blog\/wp-json\/wp\/v2\/posts\/19003"}],"collection":[{"href":"https:\/\/www.visit-ulcinj.com\/blog\/wp-json\/wp\/v2\/posts"}],"about":[{"href":"https:\/\/www.visit-ulcinj.com\/blog\/wp-json\/wp\/v2\/types\/post"}],"author":[{"embeddable":true,"href":"https:\/\/www.visit-ulcinj.com\/blog\/wp-json\/wp\/v2\/users\/1"}],"replies":[{"embeddable":true,"href":"https:\/\/www.visit-ulcinj.com\/blog\/wp-json\/wp\/v2\/comments?post=19003"}],"version-history":[{"count":0,"href":"https:\/\/www.visit-ulcinj.com\/blog\/wp-json\/wp\/v2\/posts\/19003\/revisions"}],"wp:attachment":[{"href":"https:\/\/www.visit-ulcinj.com\/blog\/wp-json\/wp\/v2\/media?parent=19003"}],"wp:term":[{"taxonomy":"category","embeddable":true,"href":"https:\/\/www.visit-ulcinj.com\/blog\/wp-json\/wp\/v2\/categories?post=19003"},{"taxonomy":"post_tag","embeddable":true,"href":"https:\/\/www.visit-ulcinj.com\/blog\/wp-json\/wp\/v2\/tags?post=19003"}],"curies":[{"name":"wp","href":"https:\/\/api.w.org\/{rel}","templated":true}]}}