{"id":19023,"date":"2009-04-24T20:07:26","date_gmt":"2009-04-24T18:07:26","guid":{"rendered":"http:\/\/www.visit-ulcinj.com\/blog\/?p=19023"},"modified":"2009-04-24T20:07:26","modified_gmt":"2009-04-24T18:07:26","slug":"ne-kulle-kapen-pajisje-elektroshoku","status":"publish","type":"post","link":"https:\/\/www.visit-ulcinj.com\/blog\/2009\/04\/24\/ne-kulle-kapen-pajisje-elektroshoku\/","title":{"rendered":"N\u00eb Kull\u00eb kapen pajisje elektroshoku"},"content":{"rendered":"<p><a href=\"http:\/\/www.visit-ulcinj.com\/blog\/wp-content\/uploads\/2009\/04\/ne-kulle-kapen-pajisje-elektroshoku.jpg\"><img loading=\"lazy\" class=\"alignleft size-full wp-image-19024\" title=\"ne-kulle-kapen-pajisje-elektroshoku\" src=\"http:\/\/www.visit-ulcinj.com\/blog\/wp-content\/uploads\/2009\/04\/ne-kulle-kapen-pajisje-elektroshoku.jpg\" alt=\"ne-kulle-kapen-pajisje-elektroshoku\" width=\"570\" height=\"350\" \/><\/a>Doganat e Kosov\u00ebs njoftuan se nj\u00ebsitet e saj t\u00eb antikontraband\u00ebs, gjat\u00eb nj\u00eb aksioni sot, kan\u00eb parandaluar kontrabandimin e disa pajisjeve t\u00eb ndaluara, p\u00ebrfshir\u00eb 16 cop\u00eb elektro- shok.<br \/>\nZ\u00ebdh\u00ebn\u00ebsi i Doganave, Adriatik Stavileci, sakt\u00ebson se rasti ka ndodhur rreth or\u00ebs 14:40, n\u00eb pik\u00ebn e kalimit kufitar nd\u00ebrmjet Kosov\u00ebs dhe Malit t\u00eb Zi n\u00eb Kull\u00eb.<br \/>\nGjat\u00eb kontrollit t\u00eb nj\u00eb veture t\u00eb tipit Golf 3, me targa t\u00eb Malit t\u00eb Zi, t\u00eb cilin e ngiste nj\u00eb shtetas i Malit t\u00eb Zi, n\u00ebn ul\u00ebset e prapme te automjetit, doganier\u00ebt kan\u00eb hasur n\u00eb mall t\u00eb fshehur: Elektroshok &#8211; 16 cop\u00eb dhe kabllo ky\u00e7\u00ebse -17 cop\u00eb.<br \/>\nMalli i \u00ebsht\u00eb dor\u00ebzuar Policis\u00eb s\u00eb Kosov\u00ebs, nd\u00ebrsa pas konsultimit me Prokurorin\u00eb, \u00ebsht\u00eb nisur procedura p\u00ebr vep\u00ebr penale.<\/p>\n<p><strong>Gazeta Express<\/strong><\/p>\n","protected":false},"excerpt":{"rendered":"<p>Doganat e Kosov\u00ebs njoftuan se nj\u00ebsitet e saj t\u00eb antikontraband\u00ebs, gjat\u00eb nj\u00eb aksioni sot, kan\u00eb parandaluar kontrabandimin e disa pajisjeve t\u00eb ndaluara, p\u00ebrfshir\u00eb 16 cop\u00eb elektro- shok. Z\u00ebdh\u00ebn\u00ebsi i Doganave, Adriatik Stavileci, sakt\u00ebson se rasti ka ndodhur rreth or\u00ebs 14:40, n\u00eb pik\u00ebn e kalimit kufitar nd\u00ebrmjet Kosov\u00ebs dhe Malit t\u00eb Zi n\u00eb Kull\u00eb. Gjat\u00eb kontrollit [&hellip;]<\/p>\n","protected":false},"author":1,"featured_media":0,"comment_status":"open","ping_status":"closed","sticky":false,"template":"","format":"standard","meta":{"spay_email":"","jetpack_publicize_message":"","jetpack_is_tweetstorm":false,"jetpack_publicize_feature_enabled":true},"categories":[12],"tags":[9528,9527],"jetpack_publicize_connections":[],"yoast_head":"<!-- This site is optimized with the Yoast SEO plugin v19.1 - https:\/\/yoast.com\/wordpress\/plugins\/seo\/ -->\n<title>N\u00eb Kull\u00eb kapen pajisje elektroshoku - Lajme nga Ulqini<\/title>\n<meta name=\"description\" content=\"Doganat e Kosov\u00ebs njoftuan se nj\u00ebsitet e saj t\u00eb antikontraband\u00ebs, gjat\u00eb nj\u00eb aksioni sot, kan\u00eb parandaluar kontrabandimin e disa pajisjeve t\u00eb ndaluara,\" \/>\n<meta name=\"robots\" content=\"index, follow, max-snippet:-1, max-image-preview:large, max-video-preview:-1\" \/>\n<link rel=\"canonical\" href=\"https:\/\/www.visit-ulcinj.com\/blog\/2009\/04\/24\/ne-kulle-kapen-pajisje-elektroshoku\/\" \/>\n<meta property=\"og:locale\" content=\"en_US\" \/>\n<meta property=\"og:type\" content=\"article\" \/>\n<meta property=\"og:title\" content=\"N\u00eb Kull\u00eb kapen pajisje elektroshoku - Lajme nga Ulqini\" \/>\n<meta property=\"og:description\" content=\"Doganat e Kosov\u00ebs njoftuan se nj\u00ebsitet e saj t\u00eb antikontraband\u00ebs, gjat\u00eb nj\u00eb aksioni sot, kan\u00eb parandaluar kontrabandimin e disa pajisjeve t\u00eb ndaluara,\" \/>\n<meta property=\"og:url\" content=\"https:\/\/www.visit-ulcinj.com\/blog\/2009\/04\/24\/ne-kulle-kapen-pajisje-elektroshoku\/\" \/>\n<meta property=\"og:site_name\" content=\"Lajme nga Ulqini\" \/>\n<meta property=\"article:published_time\" content=\"2009-04-24T18:07:26+00:00\" \/>\n<meta property=\"og:image\" content=\"http:\/\/www.visit-ulcinj.com\/blog\/wp-content\/uploads\/2009\/04\/ne-kulle-kapen-pajisje-elektroshoku.jpg\" \/>\n<meta name=\"twitter:label1\" content=\"Written by\" \/>\n\t<meta name=\"twitter:data1\" content=\"ulqini\" \/>\n\t<meta name=\"twitter:label2\" content=\"Est. reading time\" \/>\n\t<meta name=\"twitter:data2\" content=\"1 minute\" \/>\n<script type=\"application\/ld+json\" class=\"yoast-schema-graph\">{\"@context\":\"https:\/\/schema.org\",\"@graph\":[{\"@type\":\"WebSite\",\"@id\":\"https:\/\/www.visit-ulcinj.com\/blog\/#website\",\"url\":\"https:\/\/www.visit-ulcinj.com\/blog\/\",\"name\":\"Lajme nga Ulqini\",\"description\":\"Lajme,Vijesti,Ulqini,Ulqin,Crna Gora,Mali i Zi\",\"potentialAction\":[{\"@type\":\"SearchAction\",\"target\":{\"@type\":\"EntryPoint\",\"urlTemplate\":\"https:\/\/www.visit-ulcinj.com\/blog\/?s={search_term_string}\"},\"query-input\":\"required name=search_term_string\"}],\"inLanguage\":\"en-US\"},{\"@type\":\"ImageObject\",\"inLanguage\":\"en-US\",\"@id\":\"https:\/\/www.visit-ulcinj.com\/blog\/2009\/04\/24\/ne-kulle-kapen-pajisje-elektroshoku\/#primaryimage\",\"url\":\"http:\/\/www.visit-ulcinj.com\/blog\/wp-content\/uploads\/2009\/04\/ne-kulle-kapen-pajisje-elektroshoku.jpg\",\"contentUrl\":\"http:\/\/www.visit-ulcinj.com\/blog\/wp-content\/uploads\/2009\/04\/ne-kulle-kapen-pajisje-elektroshoku.jpg\"},{\"@type\":\"WebPage\",\"@id\":\"https:\/\/www.visit-ulcinj.com\/blog\/2009\/04\/24\/ne-kulle-kapen-pajisje-elektroshoku\/#webpage\",\"url\":\"https:\/\/www.visit-ulcinj.com\/blog\/2009\/04\/24\/ne-kulle-kapen-pajisje-elektroshoku\/\",\"name\":\"N\u00eb Kull\u00eb kapen pajisje elektroshoku - Lajme nga Ulqini\",\"isPartOf\":{\"@id\":\"https:\/\/www.visit-ulcinj.com\/blog\/#website\"},\"primaryImageOfPage\":{\"@id\":\"https:\/\/www.visit-ulcinj.com\/blog\/2009\/04\/24\/ne-kulle-kapen-pajisje-elektroshoku\/#primaryimage\"},\"datePublished\":\"2009-04-24T18:07:26+00:00\",\"dateModified\":\"2009-04-24T18:07:26+00:00\",\"author\":{\"@id\":\"https:\/\/www.visit-ulcinj.com\/blog\/#\/schema\/person\/dcab619c614d3038751c63bc2aadc06d\"},\"description\":\"Doganat e Kosov\u00ebs njoftuan se nj\u00ebsitet e saj t\u00eb antikontraband\u00ebs, gjat\u00eb nj\u00eb aksioni sot, kan\u00eb parandaluar kontrabandimin e disa pajisjeve t\u00eb ndaluara,\",\"breadcrumb\":{\"@id\":\"https:\/\/www.visit-ulcinj.com\/blog\/2009\/04\/24\/ne-kulle-kapen-pajisje-elektroshoku\/#breadcrumb\"},\"inLanguage\":\"en-US\",\"potentialAction\":[{\"@type\":\"ReadAction\",\"target\":[\"https:\/\/www.visit-ulcinj.com\/blog\/2009\/04\/24\/ne-kulle-kapen-pajisje-elektroshoku\/\"]}]},{\"@type\":\"BreadcrumbList\",\"@id\":\"https:\/\/www.visit-ulcinj.com\/blog\/2009\/04\/24\/ne-kulle-kapen-pajisje-elektroshoku\/#breadcrumb\",\"itemListElement\":[{\"@type\":\"ListItem\",\"position\":1,\"name\":\"N\u00eb Kull\u00eb kapen pajisje elektroshoku\"}]},{\"@type\":\"Person\",\"@id\":\"https:\/\/www.visit-ulcinj.com\/blog\/#\/schema\/person\/dcab619c614d3038751c63bc2aadc06d\",\"name\":\"ulqini\",\"sameAs\":[\"http:\/\/www.visit-ulcinj.com\"],\"url\":\"https:\/\/www.visit-ulcinj.com\/blog\/author\/admin\/\"}]}<\/script>\n<!-- \/ Yoast SEO plugin. -->","yoast_head_json":{"title":"N\u00eb Kull\u00eb kapen pajisje elektroshoku - Lajme nga Ulqini","description":"Doganat e Kosov\u00ebs njoftuan se nj\u00ebsitet e saj t\u00eb antikontraband\u00ebs, gjat\u00eb nj\u00eb aksioni sot, kan\u00eb parandaluar kontrabandimin e disa pajisjeve t\u00eb ndaluara,","robots":{"index":"index","follow":"follow","max-snippet":"max-snippet:-1","max-image-preview":"max-image-preview:large","max-video-preview":"max-video-preview:-1"},"canonical":"https:\/\/www.visit-ulcinj.com\/blog\/2009\/04\/24\/ne-kulle-kapen-pajisje-elektroshoku\/","og_locale":"en_US","og_type":"article","og_title":"N\u00eb Kull\u00eb kapen pajisje elektroshoku - Lajme nga Ulqini","og_description":"Doganat e Kosov\u00ebs njoftuan se nj\u00ebsitet e saj t\u00eb antikontraband\u00ebs, gjat\u00eb nj\u00eb aksioni sot, kan\u00eb parandaluar kontrabandimin e disa pajisjeve t\u00eb ndaluara,","og_url":"https:\/\/www.visit-ulcinj.com\/blog\/2009\/04\/24\/ne-kulle-kapen-pajisje-elektroshoku\/","og_site_name":"Lajme nga Ulqini","article_published_time":"2009-04-24T18:07:26+00:00","og_image":[{"url":"http:\/\/www.visit-ulcinj.com\/blog\/wp-content\/uploads\/2009\/04\/ne-kulle-kapen-pajisje-elektroshoku.jpg"}],"twitter_misc":{"Written by":"ulqini","Est. reading time":"1 minute"},"schema":{"@context":"https:\/\/schema.org","@graph":[{"@type":"WebSite","@id":"https:\/\/www.visit-ulcinj.com\/blog\/#website","url":"https:\/\/www.visit-ulcinj.com\/blog\/","name":"Lajme nga Ulqini","description":"Lajme,Vijesti,Ulqini,Ulqin,Crna Gora,Mali i Zi","potentialAction":[{"@type":"SearchAction","target":{"@type":"EntryPoint","urlTemplate":"https:\/\/www.visit-ulcinj.com\/blog\/?s={search_term_string}"},"query-input":"required name=search_term_string"}],"inLanguage":"en-US"},{"@type":"ImageObject","inLanguage":"en-US","@id":"https:\/\/www.visit-ulcinj.com\/blog\/2009\/04\/24\/ne-kulle-kapen-pajisje-elektroshoku\/#primaryimage","url":"http:\/\/www.visit-ulcinj.com\/blog\/wp-content\/uploads\/2009\/04\/ne-kulle-kapen-pajisje-elektroshoku.jpg","contentUrl":"http:\/\/www.visit-ulcinj.com\/blog\/wp-content\/uploads\/2009\/04\/ne-kulle-kapen-pajisje-elektroshoku.jpg"},{"@type":"WebPage","@id":"https:\/\/www.visit-ulcinj.com\/blog\/2009\/04\/24\/ne-kulle-kapen-pajisje-elektroshoku\/#webpage","url":"https:\/\/www.visit-ulcinj.com\/blog\/2009\/04\/24\/ne-kulle-kapen-pajisje-elektroshoku\/","name":"N\u00eb Kull\u00eb kapen pajisje elektroshoku - Lajme nga Ulqini","isPartOf":{"@id":"https:\/\/www.visit-ulcinj.com\/blog\/#website"},"primaryImageOfPage":{"@id":"https:\/\/www.visit-ulcinj.com\/blog\/2009\/04\/24\/ne-kulle-kapen-pajisje-elektroshoku\/#primaryimage"},"datePublished":"2009-04-24T18:07:26+00:00","dateModified":"2009-04-24T18:07:26+00:00","author":{"@id":"https:\/\/www.visit-ulcinj.com\/blog\/#\/schema\/person\/dcab619c614d3038751c63bc2aadc06d"},"description":"Doganat e Kosov\u00ebs njoftuan se nj\u00ebsitet e saj t\u00eb antikontraband\u00ebs, gjat\u00eb nj\u00eb aksioni sot, kan\u00eb parandaluar kontrabandimin e disa pajisjeve t\u00eb ndaluara,","breadcrumb":{"@id":"https:\/\/www.visit-ulcinj.com\/blog\/2009\/04\/24\/ne-kulle-kapen-pajisje-elektroshoku\/#breadcrumb"},"inLanguage":"en-US","potentialAction":[{"@type":"ReadAction","target":["https:\/\/www.visit-ulcinj.com\/blog\/2009\/04\/24\/ne-kulle-kapen-pajisje-elektroshoku\/"]}]},{"@type":"BreadcrumbList","@id":"https:\/\/www.visit-ulcinj.com\/blog\/2009\/04\/24\/ne-kulle-kapen-pajisje-elektroshoku\/#breadcrumb","itemListElement":[{"@type":"ListItem","position":1,"name":"N\u00eb Kull\u00eb kapen pajisje elektroshoku"}]},{"@type":"Person","@id":"https:\/\/www.visit-ulcinj.com\/blog\/#\/schema\/person\/dcab619c614d3038751c63bc2aadc06d","name":"ulqini","sameAs":["http:\/\/www.visit-ulcinj.com"],"url":"https:\/\/www.visit-ulcinj.com\/blog\/author\/admin\/"}]}},"jetpack_featured_media_url":"","jetpack_sharing_enabled":true,"jetpack_shortlink":"https:\/\/wp.me\/pe6lTn-4WP","_links":{"self":[{"href":"https:\/\/www.visit-ulcinj.com\/blog\/wp-json\/wp\/v2\/posts\/19023"}],"collection":[{"href":"https:\/\/www.visit-ulcinj.com\/blog\/wp-json\/wp\/v2\/posts"}],"about":[{"href":"https:\/\/www.visit-ulcinj.com\/blog\/wp-json\/wp\/v2\/types\/post"}],"author":[{"embeddable":true,"href":"https:\/\/www.visit-ulcinj.com\/blog\/wp-json\/wp\/v2\/users\/1"}],"replies":[{"embeddable":true,"href":"https:\/\/www.visit-ulcinj.com\/blog\/wp-json\/wp\/v2\/comments?post=19023"}],"version-history":[{"count":0,"href":"https:\/\/www.visit-ulcinj.com\/blog\/wp-json\/wp\/v2\/posts\/19023\/revisions"}],"wp:attachment":[{"href":"https:\/\/www.visit-ulcinj.com\/blog\/wp-json\/wp\/v2\/media?parent=19023"}],"wp:term":[{"taxonomy":"category","embeddable":true,"href":"https:\/\/www.visit-ulcinj.com\/blog\/wp-json\/wp\/v2\/categories?post=19023"},{"taxonomy":"post_tag","embeddable":true,"href":"https:\/\/www.visit-ulcinj.com\/blog\/wp-json\/wp\/v2\/tags?post=19023"}],"curies":[{"name":"wp","href":"https:\/\/api.w.org\/{rel}","templated":true}]}}