{"id":19026,"date":"2009-04-24T20:23:57","date_gmt":"2009-04-24T18:23:57","guid":{"rendered":"http:\/\/www.visit-ulcinj.com\/blog\/?p=19026"},"modified":"2009-04-27T14:11:24","modified_gmt":"2009-04-27T12:11:24","slug":"qytetaret-peticion-kunder-ndertimit-te-centralit-berthamor","status":"publish","type":"post","link":"https:\/\/www.visit-ulcinj.com\/blog\/2009\/04\/24\/qytetaret-peticion-kunder-ndertimit-te-centralit-berthamor\/","title":{"rendered":"Qytetar\u00ebt peticion kund\u00ebr nd\u00ebrtimit t\u00eb centralit b\u00ebrthamor"},"content":{"rendered":"<p><strong><a href=\"http:\/\/www.visit-ulcinj.com\/blog\/wp-content\/uploads\/2009\/04\/peticion-kunder-centralit-ne-shkoder.jpg\"><img loading=\"lazy\" class=\"alignleft size-full wp-image-19029\" title=\"peticion-kunder-centralit-ne-shkoder\" src=\"http:\/\/www.visit-ulcinj.com\/blog\/wp-content\/uploads\/2009\/04\/peticion-kunder-centralit-ne-shkoder.jpg\" alt=\"peticion-kunder-centralit-ne-shkoder\" width=\"380\" height=\"317\" \/><\/a>Qindra qytetare i thone JO centralit berthamore <\/strong><\/p>\n<p>Mjaftuan vetem 2 ore per te sensibilizuar qytataret Shkodrane, per ti thene JO me firmen e tyre, projektit vdekjeprures te qeverise Shqiptare. Qindra qytetare firmosen peticionin KUNDER NDERTIMIT TE CENTRALIT BERTHAMORE ne qytetin e Shkodres, per ti dhene STOP politikave te shkaterrimit, per ti thene NDAL politikave te mosperfilljes se mendimit te qytetareve, per ti thene NDAL politikave te interresave dhe perfitimeve personale. Eshte koha te tregohet se qytetaret kane te drejte te vendosin vete per fatet e tyre, ashtu sic ne te gjithe boten, eshte koha qe qytetaret te sensibilizohen per tu bashkuar dhe per tu sensibilizuar ne luften per te drejtat e tyre &#8230;<\/p>\n<p><strong><\/p>\n<p>SHKODRA.WS<\/strong><\/p>\n<p><strong>Qytetar\u00ebt peticion kund\u00ebr nd\u00ebrtimit t\u00eb centralit b\u00ebrthamor<\/strong><\/p>\n<p><a href=\"http:\/\/www.visit-ulcinj.com\/blog\/wp-content\/uploads\/2009\/04\/peticion-kunder-centralit-ne-shkoder11.jpg\"><img loading=\"lazy\" class=\"alignleft size-full wp-image-19028\" title=\"peticion-kunder-centralit-ne-shkoder11\" src=\"http:\/\/www.visit-ulcinj.com\/blog\/wp-content\/uploads\/2009\/04\/peticion-kunder-centralit-ne-shkoder11.jpg\" alt=\"peticion-kunder-centralit-ne-shkoder11\" width=\"369\" height=\"308\" \/><\/a>Pas posterave n\u00ebp\u00ebr rrug\u00eb, qytetar\u00ebt shkodran\u00eb kan\u00eb nisur sot t\u00eb firmosin nj\u00eb peticion kund\u00ebr nd\u00ebrtimit t\u00eb centralit b\u00ebrthamor. Nisma p\u00ebr n\u00ebnshkrimin e peticionit \u00ebsht\u00eb marr\u00eb nga deputeti Gilman Bakalli. Sipas burimeve, m\u00ebsohet se shum\u00eb qytetar\u00eb jan\u00eb bashkuar me k\u00ebt\u00eb iniciativ\u00eb dhe deri tani jan\u00eb mbledhur m\u00eb shum\u00eb se 300 firma. Banor\u00ebt shprehen se nd\u00ebrtimi i nj\u00eb centrali t\u00eb till\u00eb \u00ebsht\u00eb vrasje p\u00ebr qytetin dhe k\u00ebrc\u00ebnim serioz p\u00ebr jet\u00ebn e tyre.<\/p>\n<p>Kund\u00ebr nd\u00ebrtimit t\u00eb centralit \u00ebsht\u00eb shprehur publikisht edhe opozita. Partia Socialiste e ka konsideruar nj\u00eb gj\u00eb t\u00eb till\u00eb si dhurat\u00eb mir\u00ebnjohjeje t\u00eb Sali Berish\u00ebs dhe t\u00eb Jozefina Topallit p\u00ebr Shkodr\u00ebn. PS-ja ka deklaruar se nuk do t\u00eb lejoj\u00eb q\u00eb nj\u00eb nism\u00eb e till\u00eb t\u00eb b\u00ebhet realitet, ashtu si ndodhi me Vlor\u00ebn.<\/p>\n<p><strong><\/p>\n<p>Anila Dushi, SHEKULLI<\/strong><\/p>\n<p><strong>Shkodran\u00ebt peticion ndaj centralit b\u00ebrthamor<\/strong><\/p>\n<p>Nj\u00eb peticion kund\u00ebr centralit b\u00ebrthamor n\u00eb Shkod\u00ebr po n\u00ebnshkruhet sot nga qytetar\u00ebt e Shkodr\u00ebs. Me iniciativ\u00eb t\u00eb deputetit Gilman Bakalli, nisi nisma p\u00ebr hartimin dhe n\u00ebnshkrimin e nj\u00eb peticioni q\u00eb do ti d\u00ebrgohet qeveris\u00eb shqiptare. \u201cShkodran\u00ebt nuk e pranojn\u00eb nj\u00eb central b\u00ebrthamor n\u00eb qytetin e saj\u201d, \u00ebsht\u00eb nj\u00eb pjes\u00eb e peticionit q\u00eb po nis t\u00eb mbledh\u00eb firmat e shum\u00eb qytetar\u00ebve.<\/p>\n<p>Kjo nuk \u00ebsht\u00eb nisma e par\u00eb kund\u00ebr centralit b\u00ebrthamor nga shkodran\u00ebt. Q\u00eb pas lajmeve nga mediat kroate se Tirana dhe Zagrebi kan\u00eb n\u00eb plan nd\u00ebrtimin e nj\u00eb centrali b\u00ebrthamor n\u00eb kufi m\u00eb Malin e Zi, konkretisht n\u00eb Shkod\u00ebr, qytetar\u00ebt e k\u00ebtij qyteti e kan\u00eb kund\u00ebrshtuar k\u00ebt\u00eb. N\u00eb 17 prill me pankarta n\u00eb duar ku i thuhet \u201cJo\u201d centralit, qytetar\u00eb shkodran\u00eb i jan\u00eb drejtuar q\u00ebndr\u00ebs s\u00eb qytetit dhe kan\u00eb protestuar p\u00ebr m\u00eb shum\u00eb se nj\u00eb or\u00eb.<\/p>\n<p>P\u00ebr k\u00ebt\u00eb ide ka reaguar dhe PS. Pak dit\u00eb m\u00eb par\u00eb Kodheli tha \u201cse centrali b\u00ebrthamor n\u00eb Shkod\u00ebr ishte dhurata q\u00eb Berisha e Topalli kan\u00eb p\u00ebr shkodran\u00ebt\u201d.<\/p>\n<p>Por, vet\u00ebm pas kthimit t\u00eb tij nga Kina, kryeministri i vendit Sali Berisha, mohoi faktin se n\u00eb Shkod\u00ebr do t\u00eb nd\u00ebrtohet nj\u00eb central b\u00ebrthamor n\u00eb bashk\u00ebpunim me qeverin\u00eb kroate. Madje Berisha sulmoi kryesocialistin Edi Rama, se ishte ai q\u00eb po manipulonte me nj\u00eb \u00e7\u00ebshtje t\u00eb till\u00eb duke d\u00ebrguar shrkime t\u00eb porositura n\u00eb nj\u00eb media t\u00eb shkruar kroate.<\/p>\n<p><strong>(d.b\/BalkanWeb) <\/strong><\/p>\n<p><strong><object classid=\"clsid:6bf52a52-394a-11d3-b153-00c04f79faa6\" width=\"470\" height=\"300\" codebase=\"http:\/\/activex.microsoft.com\/activex\/controls\/mplayer\/en\/nsmp2inf.cab#Version=5,1,52,701\"><param name=\"url\" value=\"http:\/\/www.balkanweb.com\/sitev4\/upload\/multimedia\/1240496348.wmv\" \/><\/object><br \/>\n<\/strong><\/p>\n","protected":false},"excerpt":{"rendered":"<p>Qindra qytetare i thone JO centralit berthamore Mjaftuan vetem 2 ore per te sensibilizuar qytataret Shkodrane, per ti thene JO me firmen e tyre, projektit vdekjeprures te qeverise Shqiptare. Qindra qytetare firmosen peticionin KUNDER NDERTIMIT TE CENTRALIT BERTHAMORE ne qytetin e Shkodres, per ti dhene STOP politikave te shkaterrimit, per ti thene NDAL politikave te [&hellip;]<\/p>\n","protected":false},"author":1,"featured_media":0,"comment_status":"open","ping_status":"closed","sticky":false,"template":"","format":"standard","meta":{"spay_email":"","jetpack_publicize_message":"","jetpack_is_tweetstorm":false,"jetpack_publicize_feature_enabled":true},"categories":[12],"tags":[9529,9530],"jetpack_publicize_connections":[],"yoast_head":"<!-- This site is optimized with the Yoast SEO plugin v19.1 - https:\/\/yoast.com\/wordpress\/plugins\/seo\/ -->\n<title>Qytetar\u00ebt peticion kund\u00ebr nd\u00ebrtimit t\u00eb centralit b\u00ebrthamor - Lajme nga Ulqini<\/title>\n<meta name=\"description\" content=\"Qindra qytetare i thone JO centralit berthamore Mjaftuan vetem 2 ore per te sensibilizuar qytataret Shkodrane, per ti thene JO me firmen e tyre, projektit\" \/>\n<meta name=\"robots\" content=\"index, follow, max-snippet:-1, max-image-preview:large, max-video-preview:-1\" \/>\n<link rel=\"canonical\" href=\"https:\/\/www.visit-ulcinj.com\/blog\/2009\/04\/24\/qytetaret-peticion-kunder-ndertimit-te-centralit-berthamor\/\" \/>\n<meta property=\"og:locale\" content=\"en_US\" \/>\n<meta property=\"og:type\" content=\"article\" \/>\n<meta property=\"og:title\" content=\"Qytetar\u00ebt peticion kund\u00ebr nd\u00ebrtimit t\u00eb centralit b\u00ebrthamor - Lajme nga Ulqini\" \/>\n<meta property=\"og:description\" content=\"Qindra qytetare i thone JO centralit berthamore Mjaftuan vetem 2 ore per te sensibilizuar qytataret Shkodrane, per ti thene JO me firmen e tyre, projektit\" \/>\n<meta property=\"og:url\" content=\"https:\/\/www.visit-ulcinj.com\/blog\/2009\/04\/24\/qytetaret-peticion-kunder-ndertimit-te-centralit-berthamor\/\" \/>\n<meta property=\"og:site_name\" content=\"Lajme nga Ulqini\" \/>\n<meta property=\"article:published_time\" content=\"2009-04-24T18:23:57+00:00\" \/>\n<meta property=\"article:modified_time\" content=\"2009-04-27T12:11:24+00:00\" \/>\n<meta property=\"og:image\" content=\"http:\/\/www.visit-ulcinj.com\/blog\/wp-content\/uploads\/2009\/04\/peticion-kunder-centralit-ne-shkoder.jpg\" \/>\n<meta name=\"twitter:label1\" content=\"Written by\" \/>\n\t<meta name=\"twitter:data1\" content=\"ulqini\" \/>\n\t<meta name=\"twitter:label2\" content=\"Est. reading time\" \/>\n\t<meta name=\"twitter:data2\" content=\"3 minutes\" \/>\n<script type=\"application\/ld+json\" class=\"yoast-schema-graph\">{\"@context\":\"https:\/\/schema.org\",\"@graph\":[{\"@type\":\"WebSite\",\"@id\":\"https:\/\/www.visit-ulcinj.com\/blog\/#website\",\"url\":\"https:\/\/www.visit-ulcinj.com\/blog\/\",\"name\":\"Lajme nga Ulqini\",\"description\":\"Lajme,Vijesti,Ulqini,Ulqin,Crna Gora,Mali i Zi\",\"potentialAction\":[{\"@type\":\"SearchAction\",\"target\":{\"@type\":\"EntryPoint\",\"urlTemplate\":\"https:\/\/www.visit-ulcinj.com\/blog\/?s={search_term_string}\"},\"query-input\":\"required name=search_term_string\"}],\"inLanguage\":\"en-US\"},{\"@type\":\"ImageObject\",\"inLanguage\":\"en-US\",\"@id\":\"https:\/\/www.visit-ulcinj.com\/blog\/2009\/04\/24\/qytetaret-peticion-kunder-ndertimit-te-centralit-berthamor\/#primaryimage\",\"url\":\"http:\/\/www.visit-ulcinj.com\/blog\/wp-content\/uploads\/2009\/04\/peticion-kunder-centralit-ne-shkoder.jpg\",\"contentUrl\":\"http:\/\/www.visit-ulcinj.com\/blog\/wp-content\/uploads\/2009\/04\/peticion-kunder-centralit-ne-shkoder.jpg\"},{\"@type\":\"WebPage\",\"@id\":\"https:\/\/www.visit-ulcinj.com\/blog\/2009\/04\/24\/qytetaret-peticion-kunder-ndertimit-te-centralit-berthamor\/#webpage\",\"url\":\"https:\/\/www.visit-ulcinj.com\/blog\/2009\/04\/24\/qytetaret-peticion-kunder-ndertimit-te-centralit-berthamor\/\",\"name\":\"Qytetar\u00ebt peticion kund\u00ebr nd\u00ebrtimit t\u00eb centralit b\u00ebrthamor - Lajme nga Ulqini\",\"isPartOf\":{\"@id\":\"https:\/\/www.visit-ulcinj.com\/blog\/#website\"},\"primaryImageOfPage\":{\"@id\":\"https:\/\/www.visit-ulcinj.com\/blog\/2009\/04\/24\/qytetaret-peticion-kunder-ndertimit-te-centralit-berthamor\/#primaryimage\"},\"datePublished\":\"2009-04-24T18:23:57+00:00\",\"dateModified\":\"2009-04-27T12:11:24+00:00\",\"author\":{\"@id\":\"https:\/\/www.visit-ulcinj.com\/blog\/#\/schema\/person\/dcab619c614d3038751c63bc2aadc06d\"},\"description\":\"Qindra qytetare i thone JO centralit berthamore Mjaftuan vetem 2 ore per te sensibilizuar qytataret Shkodrane, per ti thene JO me firmen e tyre, projektit\",\"breadcrumb\":{\"@id\":\"https:\/\/www.visit-ulcinj.com\/blog\/2009\/04\/24\/qytetaret-peticion-kunder-ndertimit-te-centralit-berthamor\/#breadcrumb\"},\"inLanguage\":\"en-US\",\"potentialAction\":[{\"@type\":\"ReadAction\",\"target\":[\"https:\/\/www.visit-ulcinj.com\/blog\/2009\/04\/24\/qytetaret-peticion-kunder-ndertimit-te-centralit-berthamor\/\"]}]},{\"@type\":\"BreadcrumbList\",\"@id\":\"https:\/\/www.visit-ulcinj.com\/blog\/2009\/04\/24\/qytetaret-peticion-kunder-ndertimit-te-centralit-berthamor\/#breadcrumb\",\"itemListElement\":[{\"@type\":\"ListItem\",\"position\":1,\"name\":\"Qytetar\u00ebt peticion kund\u00ebr nd\u00ebrtimit t\u00eb centralit b\u00ebrthamor\"}]},{\"@type\":\"Person\",\"@id\":\"https:\/\/www.visit-ulcinj.com\/blog\/#\/schema\/person\/dcab619c614d3038751c63bc2aadc06d\",\"name\":\"ulqini\",\"sameAs\":[\"http:\/\/www.visit-ulcinj.com\"],\"url\":\"https:\/\/www.visit-ulcinj.com\/blog\/author\/admin\/\"}]}<\/script>\n<!-- \/ Yoast SEO plugin. -->","yoast_head_json":{"title":"Qytetar\u00ebt peticion kund\u00ebr nd\u00ebrtimit t\u00eb centralit b\u00ebrthamor - Lajme nga Ulqini","description":"Qindra qytetare i thone JO centralit berthamore Mjaftuan vetem 2 ore per te sensibilizuar qytataret Shkodrane, per ti thene JO me firmen e tyre, projektit","robots":{"index":"index","follow":"follow","max-snippet":"max-snippet:-1","max-image-preview":"max-image-preview:large","max-video-preview":"max-video-preview:-1"},"canonical":"https:\/\/www.visit-ulcinj.com\/blog\/2009\/04\/24\/qytetaret-peticion-kunder-ndertimit-te-centralit-berthamor\/","og_locale":"en_US","og_type":"article","og_title":"Qytetar\u00ebt peticion kund\u00ebr nd\u00ebrtimit t\u00eb centralit b\u00ebrthamor - Lajme nga Ulqini","og_description":"Qindra qytetare i thone JO centralit berthamore Mjaftuan vetem 2 ore per te sensibilizuar qytataret Shkodrane, per ti thene JO me firmen e tyre, projektit","og_url":"https:\/\/www.visit-ulcinj.com\/blog\/2009\/04\/24\/qytetaret-peticion-kunder-ndertimit-te-centralit-berthamor\/","og_site_name":"Lajme nga Ulqini","article_published_time":"2009-04-24T18:23:57+00:00","article_modified_time":"2009-04-27T12:11:24+00:00","og_image":[{"url":"http:\/\/www.visit-ulcinj.com\/blog\/wp-content\/uploads\/2009\/04\/peticion-kunder-centralit-ne-shkoder.jpg"}],"twitter_misc":{"Written by":"ulqini","Est. reading time":"3 minutes"},"schema":{"@context":"https:\/\/schema.org","@graph":[{"@type":"WebSite","@id":"https:\/\/www.visit-ulcinj.com\/blog\/#website","url":"https:\/\/www.visit-ulcinj.com\/blog\/","name":"Lajme nga Ulqini","description":"Lajme,Vijesti,Ulqini,Ulqin,Crna Gora,Mali i Zi","potentialAction":[{"@type":"SearchAction","target":{"@type":"EntryPoint","urlTemplate":"https:\/\/www.visit-ulcinj.com\/blog\/?s={search_term_string}"},"query-input":"required name=search_term_string"}],"inLanguage":"en-US"},{"@type":"ImageObject","inLanguage":"en-US","@id":"https:\/\/www.visit-ulcinj.com\/blog\/2009\/04\/24\/qytetaret-peticion-kunder-ndertimit-te-centralit-berthamor\/#primaryimage","url":"http:\/\/www.visit-ulcinj.com\/blog\/wp-content\/uploads\/2009\/04\/peticion-kunder-centralit-ne-shkoder.jpg","contentUrl":"http:\/\/www.visit-ulcinj.com\/blog\/wp-content\/uploads\/2009\/04\/peticion-kunder-centralit-ne-shkoder.jpg"},{"@type":"WebPage","@id":"https:\/\/www.visit-ulcinj.com\/blog\/2009\/04\/24\/qytetaret-peticion-kunder-ndertimit-te-centralit-berthamor\/#webpage","url":"https:\/\/www.visit-ulcinj.com\/blog\/2009\/04\/24\/qytetaret-peticion-kunder-ndertimit-te-centralit-berthamor\/","name":"Qytetar\u00ebt peticion kund\u00ebr nd\u00ebrtimit t\u00eb centralit b\u00ebrthamor - Lajme nga Ulqini","isPartOf":{"@id":"https:\/\/www.visit-ulcinj.com\/blog\/#website"},"primaryImageOfPage":{"@id":"https:\/\/www.visit-ulcinj.com\/blog\/2009\/04\/24\/qytetaret-peticion-kunder-ndertimit-te-centralit-berthamor\/#primaryimage"},"datePublished":"2009-04-24T18:23:57+00:00","dateModified":"2009-04-27T12:11:24+00:00","author":{"@id":"https:\/\/www.visit-ulcinj.com\/blog\/#\/schema\/person\/dcab619c614d3038751c63bc2aadc06d"},"description":"Qindra qytetare i thone JO centralit berthamore Mjaftuan vetem 2 ore per te sensibilizuar qytataret Shkodrane, per ti thene JO me firmen e tyre, projektit","breadcrumb":{"@id":"https:\/\/www.visit-ulcinj.com\/blog\/2009\/04\/24\/qytetaret-peticion-kunder-ndertimit-te-centralit-berthamor\/#breadcrumb"},"inLanguage":"en-US","potentialAction":[{"@type":"ReadAction","target":["https:\/\/www.visit-ulcinj.com\/blog\/2009\/04\/24\/qytetaret-peticion-kunder-ndertimit-te-centralit-berthamor\/"]}]},{"@type":"BreadcrumbList","@id":"https:\/\/www.visit-ulcinj.com\/blog\/2009\/04\/24\/qytetaret-peticion-kunder-ndertimit-te-centralit-berthamor\/#breadcrumb","itemListElement":[{"@type":"ListItem","position":1,"name":"Qytetar\u00ebt peticion kund\u00ebr nd\u00ebrtimit t\u00eb centralit b\u00ebrthamor"}]},{"@type":"Person","@id":"https:\/\/www.visit-ulcinj.com\/blog\/#\/schema\/person\/dcab619c614d3038751c63bc2aadc06d","name":"ulqini","sameAs":["http:\/\/www.visit-ulcinj.com"],"url":"https:\/\/www.visit-ulcinj.com\/blog\/author\/admin\/"}]}},"jetpack_featured_media_url":"","jetpack_sharing_enabled":true,"jetpack_shortlink":"https:\/\/wp.me\/pe6lTn-4WS","_links":{"self":[{"href":"https:\/\/www.visit-ulcinj.com\/blog\/wp-json\/wp\/v2\/posts\/19026"}],"collection":[{"href":"https:\/\/www.visit-ulcinj.com\/blog\/wp-json\/wp\/v2\/posts"}],"about":[{"href":"https:\/\/www.visit-ulcinj.com\/blog\/wp-json\/wp\/v2\/types\/post"}],"author":[{"embeddable":true,"href":"https:\/\/www.visit-ulcinj.com\/blog\/wp-json\/wp\/v2\/users\/1"}],"replies":[{"embeddable":true,"href":"https:\/\/www.visit-ulcinj.com\/blog\/wp-json\/wp\/v2\/comments?post=19026"}],"version-history":[{"count":0,"href":"https:\/\/www.visit-ulcinj.com\/blog\/wp-json\/wp\/v2\/posts\/19026\/revisions"}],"wp:attachment":[{"href":"https:\/\/www.visit-ulcinj.com\/blog\/wp-json\/wp\/v2\/media?parent=19026"}],"wp:term":[{"taxonomy":"category","embeddable":true,"href":"https:\/\/www.visit-ulcinj.com\/blog\/wp-json\/wp\/v2\/categories?post=19026"},{"taxonomy":"post_tag","embeddable":true,"href":"https:\/\/www.visit-ulcinj.com\/blog\/wp-json\/wp\/v2\/tags?post=19026"}],"curies":[{"name":"wp","href":"https:\/\/api.w.org\/{rel}","templated":true}]}}