{"id":19036,"date":"2009-04-25T01:56:43","date_gmt":"2009-04-24T23:56:43","guid":{"rendered":"http:\/\/www.visit-ulcinj.com\/blog\/?p=19036"},"modified":"2009-04-25T01:56:43","modified_gmt":"2009-04-24T23:56:43","slug":"anjeza-i-kam-bere-se-kam-dashur","status":"publish","type":"post","link":"https:\/\/www.visit-ulcinj.com\/blog\/2009\/04\/25\/anjeza-i-kam-bere-se-kam-dashur\/","title":{"rendered":"Anjeza: I kam b\u00ebr\u00eb se kam dashur"},"content":{"rendered":"<p><em><span class=\"newsdate\"><a href=\"http:\/\/www.visit-ulcinj.com\/blog\/wp-content\/uploads\/2009\/04\/anjeza-per-veten23.jpg\"><img loading=\"lazy\" class=\"alignleft size-full wp-image-19037\" title=\"anjeza-per-veten-big-brother-albania-2\" src=\"http:\/\/www.visit-ulcinj.com\/blog\/wp-content\/uploads\/2009\/04\/anjeza-per-veten23.jpg\" alt=\"anjeza-per-veten-big-brother-albania-2\" width=\"300\" height=\"205\" \/><\/a>23\/04\/09 18:42<\/span><\/em><\/p>\n<p>Anjeza diskuton me Adelajd\u00ebn p\u00ebr lidhjen e saj me Arjonin. Ajo i thot\u00eb q\u00eb ishte e sigurt q\u00eb mami do e kuptonte, pasi prind\u00ebrit gjithmon\u00eb duan lumturin\u00eb e f\u00ebmij\u00ebve, dhe shton q\u00eb t\u00eb nj\u00ebjt\u00ebn gj\u00eb ndjejn\u00eb dhe prind\u00ebrit e Adeljajd\u00ebs. Adelajda i thot\u00eb q\u00eb \u00ebsht\u00eb e sigurt p\u00ebr k\u00ebt\u00eb gj\u00eb , por duhen menduar shum\u00eb gj\u00ebra. Anjeza tregon q\u00eb ajo nuk e kishte menduar q\u00eb t\u00eb lidhej me dik\u00eb brenda sht\u00ebpis\u00eb , por gj\u00ebrat ndryshojn\u00eb. Adelajda i mb\u00ebshtet mendimin duke th\u00ebn\u00eb q\u00eb ajo t\u00eb nj\u00ebjt\u00ebn gj\u00eb thonte kur shikonte \u201cBig brother1\u201d. Anjeza i thot\u00eb q\u00eb emocionet ndryshojn\u00eb aty brenda, dhe shton:-\u201cUn\u00eb i kam b\u00ebr\u00eb gj\u00ebrat se i kam dashur, dhe jo p\u00ebr q\u00ebllime t\u00eb tjera!\u201d<\/p>\n","protected":false},"excerpt":{"rendered":"<p>23\/04\/09 18:42 Anjeza diskuton me Adelajd\u00ebn p\u00ebr lidhjen e saj me Arjonin. Ajo i thot\u00eb q\u00eb ishte e sigurt q\u00eb mami do e kuptonte, pasi prind\u00ebrit gjithmon\u00eb duan lumturin\u00eb e f\u00ebmij\u00ebve, dhe shton q\u00eb t\u00eb nj\u00ebjt\u00ebn gj\u00eb ndjejn\u00eb dhe prind\u00ebrit e Adeljajd\u00ebs. Adelajda i thot\u00eb q\u00eb \u00ebsht\u00eb e sigurt p\u00ebr k\u00ebt\u00eb gj\u00eb , por duhen [&hellip;]<\/p>\n","protected":false},"author":1,"featured_media":0,"comment_status":"open","ping_status":"closed","sticky":false,"template":"","format":"standard","meta":{"spay_email":"","jetpack_publicize_message":"","jetpack_is_tweetstorm":false,"jetpack_publicize_feature_enabled":true},"categories":[6502],"tags":[8289,6525,5057,6506,6516,6712,7129,6891,6693,6887],"jetpack_publicize_connections":[],"yoast_head":"<!-- This site is optimized with the Yoast SEO plugin v19.1 - https:\/\/yoast.com\/wordpress\/plugins\/seo\/ -->\n<title>Anjeza: I kam b\u00c3\u00abr\u00c3\u00ab se kam dashur | Big Brother Albania 2<\/title>\n<meta name=\"description\" content=\"Big Brother Albania 2 - Anjeza diskuton me Adelajd\u00c3\u00abn p\u00c3\u00abr lidhjen e saj me Arjonin. Ajo i thot\u00c3\u00ab q\u00c3\u00ab ishte e sigurt q\u00c3\u00ab mami do e kuptonte, pasi prind\u00c3\u00abrit gjithmon\u00c3\u00ab duan lumturin\u00c3\u00ab e f\u00c3\u00abmij\u00c3\u00abve\" \/>\n<meta name=\"robots\" content=\"index, follow, max-snippet:-1, max-image-preview:large, max-video-preview:-1\" \/>\n<link rel=\"canonical\" href=\"https:\/\/www.visit-ulcinj.com\/blog\/2009\/04\/25\/anjeza-i-kam-bere-se-kam-dashur\/\" \/>\n<meta property=\"og:locale\" content=\"en_US\" \/>\n<meta property=\"og:type\" content=\"article\" \/>\n<meta property=\"og:title\" content=\"Anjeza: I kam b\u00c3\u00abr\u00c3\u00ab se kam dashur | Big Brother Albania 2\" \/>\n<meta property=\"og:description\" content=\"Big Brother Albania 2 - Anjeza diskuton me Adelajd\u00c3\u00abn p\u00c3\u00abr lidhjen e saj me Arjonin. Ajo i thot\u00c3\u00ab q\u00c3\u00ab ishte e sigurt q\u00c3\u00ab mami do e kuptonte, pasi prind\u00c3\u00abrit gjithmon\u00c3\u00ab duan lumturin\u00c3\u00ab e f\u00c3\u00abmij\u00c3\u00abve\" \/>\n<meta property=\"og:url\" content=\"https:\/\/www.visit-ulcinj.com\/blog\/2009\/04\/25\/anjeza-i-kam-bere-se-kam-dashur\/\" \/>\n<meta property=\"og:site_name\" content=\"Lajme nga Ulqini\" \/>\n<meta property=\"article:published_time\" content=\"2009-04-24T23:56:43+00:00\" \/>\n<meta property=\"og:image\" content=\"http:\/\/www.visit-ulcinj.com\/blog\/wp-content\/uploads\/2009\/04\/anjeza-per-veten23.jpg\" \/>\n<meta name=\"twitter:label1\" content=\"Written by\" \/>\n\t<meta name=\"twitter:data1\" content=\"ulqini\" \/>\n\t<meta name=\"twitter:label2\" content=\"Est. reading time\" \/>\n\t<meta name=\"twitter:data2\" content=\"1 minute\" \/>\n<script type=\"application\/ld+json\" class=\"yoast-schema-graph\">{\"@context\":\"https:\/\/schema.org\",\"@graph\":[{\"@type\":\"WebSite\",\"@id\":\"https:\/\/www.visit-ulcinj.com\/blog\/#website\",\"url\":\"https:\/\/www.visit-ulcinj.com\/blog\/\",\"name\":\"Lajme nga Ulqini\",\"description\":\"Lajme,Vijesti,Ulqini,Ulqin,Crna Gora,Mali i Zi\",\"potentialAction\":[{\"@type\":\"SearchAction\",\"target\":{\"@type\":\"EntryPoint\",\"urlTemplate\":\"https:\/\/www.visit-ulcinj.com\/blog\/?s={search_term_string}\"},\"query-input\":\"required name=search_term_string\"}],\"inLanguage\":\"en-US\"},{\"@type\":\"ImageObject\",\"inLanguage\":\"en-US\",\"@id\":\"https:\/\/www.visit-ulcinj.com\/blog\/2009\/04\/25\/anjeza-i-kam-bere-se-kam-dashur\/#primaryimage\",\"url\":\"http:\/\/www.visit-ulcinj.com\/blog\/wp-content\/uploads\/2009\/04\/anjeza-per-veten23.jpg\",\"contentUrl\":\"http:\/\/www.visit-ulcinj.com\/blog\/wp-content\/uploads\/2009\/04\/anjeza-per-veten23.jpg\"},{\"@type\":\"WebPage\",\"@id\":\"https:\/\/www.visit-ulcinj.com\/blog\/2009\/04\/25\/anjeza-i-kam-bere-se-kam-dashur\/#webpage\",\"url\":\"https:\/\/www.visit-ulcinj.com\/blog\/2009\/04\/25\/anjeza-i-kam-bere-se-kam-dashur\/\",\"name\":\"Anjeza: I kam b\u00c3\u00abr\u00c3\u00ab se kam dashur | Big Brother Albania 2\",\"isPartOf\":{\"@id\":\"https:\/\/www.visit-ulcinj.com\/blog\/#website\"},\"primaryImageOfPage\":{\"@id\":\"https:\/\/www.visit-ulcinj.com\/blog\/2009\/04\/25\/anjeza-i-kam-bere-se-kam-dashur\/#primaryimage\"},\"datePublished\":\"2009-04-24T23:56:43+00:00\",\"dateModified\":\"2009-04-24T23:56:43+00:00\",\"author\":{\"@id\":\"https:\/\/www.visit-ulcinj.com\/blog\/#\/schema\/person\/dcab619c614d3038751c63bc2aadc06d\"},\"description\":\"Big Brother Albania 2 - Anjeza diskuton me Adelajd\u00c3\u00abn p\u00c3\u00abr lidhjen e saj me Arjonin. Ajo i thot\u00c3\u00ab q\u00c3\u00ab ishte e sigurt q\u00c3\u00ab mami do e kuptonte, pasi prind\u00c3\u00abrit gjithmon\u00c3\u00ab duan lumturin\u00c3\u00ab e f\u00c3\u00abmij\u00c3\u00abve\",\"breadcrumb\":{\"@id\":\"https:\/\/www.visit-ulcinj.com\/blog\/2009\/04\/25\/anjeza-i-kam-bere-se-kam-dashur\/#breadcrumb\"},\"inLanguage\":\"en-US\",\"potentialAction\":[{\"@type\":\"ReadAction\",\"target\":[\"https:\/\/www.visit-ulcinj.com\/blog\/2009\/04\/25\/anjeza-i-kam-bere-se-kam-dashur\/\"]}]},{\"@type\":\"BreadcrumbList\",\"@id\":\"https:\/\/www.visit-ulcinj.com\/blog\/2009\/04\/25\/anjeza-i-kam-bere-se-kam-dashur\/#breadcrumb\",\"itemListElement\":[{\"@type\":\"ListItem\",\"position\":1,\"name\":\"Anjeza: I kam b\u00ebr\u00eb se kam dashur\"}]},{\"@type\":\"Person\",\"@id\":\"https:\/\/www.visit-ulcinj.com\/blog\/#\/schema\/person\/dcab619c614d3038751c63bc2aadc06d\",\"name\":\"ulqini\",\"sameAs\":[\"http:\/\/www.visit-ulcinj.com\"],\"url\":\"https:\/\/www.visit-ulcinj.com\/blog\/author\/admin\/\"}]}<\/script>\n<!-- \/ Yoast SEO plugin. -->","yoast_head_json":{"title":"Anjeza: I kam b\u00c3\u00abr\u00c3\u00ab se kam dashur | Big Brother Albania 2","description":"Big Brother Albania 2 - Anjeza diskuton me Adelajd\u00c3\u00abn p\u00c3\u00abr lidhjen e saj me Arjonin. Ajo i thot\u00c3\u00ab q\u00c3\u00ab ishte e sigurt q\u00c3\u00ab mami do e kuptonte, pasi prind\u00c3\u00abrit gjithmon\u00c3\u00ab duan lumturin\u00c3\u00ab e f\u00c3\u00abmij\u00c3\u00abve","robots":{"index":"index","follow":"follow","max-snippet":"max-snippet:-1","max-image-preview":"max-image-preview:large","max-video-preview":"max-video-preview:-1"},"canonical":"https:\/\/www.visit-ulcinj.com\/blog\/2009\/04\/25\/anjeza-i-kam-bere-se-kam-dashur\/","og_locale":"en_US","og_type":"article","og_title":"Anjeza: I kam b\u00c3\u00abr\u00c3\u00ab se kam dashur | Big Brother Albania 2","og_description":"Big Brother Albania 2 - Anjeza diskuton me Adelajd\u00c3\u00abn p\u00c3\u00abr lidhjen e saj me Arjonin. Ajo i thot\u00c3\u00ab q\u00c3\u00ab ishte e sigurt q\u00c3\u00ab mami do e kuptonte, pasi prind\u00c3\u00abrit gjithmon\u00c3\u00ab duan lumturin\u00c3\u00ab e f\u00c3\u00abmij\u00c3\u00abve","og_url":"https:\/\/www.visit-ulcinj.com\/blog\/2009\/04\/25\/anjeza-i-kam-bere-se-kam-dashur\/","og_site_name":"Lajme nga Ulqini","article_published_time":"2009-04-24T23:56:43+00:00","og_image":[{"url":"http:\/\/www.visit-ulcinj.com\/blog\/wp-content\/uploads\/2009\/04\/anjeza-per-veten23.jpg"}],"twitter_misc":{"Written by":"ulqini","Est. reading time":"1 minute"},"schema":{"@context":"https:\/\/schema.org","@graph":[{"@type":"WebSite","@id":"https:\/\/www.visit-ulcinj.com\/blog\/#website","url":"https:\/\/www.visit-ulcinj.com\/blog\/","name":"Lajme nga Ulqini","description":"Lajme,Vijesti,Ulqini,Ulqin,Crna Gora,Mali i Zi","potentialAction":[{"@type":"SearchAction","target":{"@type":"EntryPoint","urlTemplate":"https:\/\/www.visit-ulcinj.com\/blog\/?s={search_term_string}"},"query-input":"required name=search_term_string"}],"inLanguage":"en-US"},{"@type":"ImageObject","inLanguage":"en-US","@id":"https:\/\/www.visit-ulcinj.com\/blog\/2009\/04\/25\/anjeza-i-kam-bere-se-kam-dashur\/#primaryimage","url":"http:\/\/www.visit-ulcinj.com\/blog\/wp-content\/uploads\/2009\/04\/anjeza-per-veten23.jpg","contentUrl":"http:\/\/www.visit-ulcinj.com\/blog\/wp-content\/uploads\/2009\/04\/anjeza-per-veten23.jpg"},{"@type":"WebPage","@id":"https:\/\/www.visit-ulcinj.com\/blog\/2009\/04\/25\/anjeza-i-kam-bere-se-kam-dashur\/#webpage","url":"https:\/\/www.visit-ulcinj.com\/blog\/2009\/04\/25\/anjeza-i-kam-bere-se-kam-dashur\/","name":"Anjeza: I kam b\u00c3\u00abr\u00c3\u00ab se kam dashur | Big Brother Albania 2","isPartOf":{"@id":"https:\/\/www.visit-ulcinj.com\/blog\/#website"},"primaryImageOfPage":{"@id":"https:\/\/www.visit-ulcinj.com\/blog\/2009\/04\/25\/anjeza-i-kam-bere-se-kam-dashur\/#primaryimage"},"datePublished":"2009-04-24T23:56:43+00:00","dateModified":"2009-04-24T23:56:43+00:00","author":{"@id":"https:\/\/www.visit-ulcinj.com\/blog\/#\/schema\/person\/dcab619c614d3038751c63bc2aadc06d"},"description":"Big Brother Albania 2 - Anjeza diskuton me Adelajd\u00c3\u00abn p\u00c3\u00abr lidhjen e saj me Arjonin. Ajo i thot\u00c3\u00ab q\u00c3\u00ab ishte e sigurt q\u00c3\u00ab mami do e kuptonte, pasi prind\u00c3\u00abrit gjithmon\u00c3\u00ab duan lumturin\u00c3\u00ab e f\u00c3\u00abmij\u00c3\u00abve","breadcrumb":{"@id":"https:\/\/www.visit-ulcinj.com\/blog\/2009\/04\/25\/anjeza-i-kam-bere-se-kam-dashur\/#breadcrumb"},"inLanguage":"en-US","potentialAction":[{"@type":"ReadAction","target":["https:\/\/www.visit-ulcinj.com\/blog\/2009\/04\/25\/anjeza-i-kam-bere-se-kam-dashur\/"]}]},{"@type":"BreadcrumbList","@id":"https:\/\/www.visit-ulcinj.com\/blog\/2009\/04\/25\/anjeza-i-kam-bere-se-kam-dashur\/#breadcrumb","itemListElement":[{"@type":"ListItem","position":1,"name":"Anjeza: I kam b\u00ebr\u00eb se kam dashur"}]},{"@type":"Person","@id":"https:\/\/www.visit-ulcinj.com\/blog\/#\/schema\/person\/dcab619c614d3038751c63bc2aadc06d","name":"ulqini","sameAs":["http:\/\/www.visit-ulcinj.com"],"url":"https:\/\/www.visit-ulcinj.com\/blog\/author\/admin\/"}]}},"jetpack_featured_media_url":"","jetpack_sharing_enabled":true,"jetpack_shortlink":"https:\/\/wp.me\/pe6lTn-4X2","_links":{"self":[{"href":"https:\/\/www.visit-ulcinj.com\/blog\/wp-json\/wp\/v2\/posts\/19036"}],"collection":[{"href":"https:\/\/www.visit-ulcinj.com\/blog\/wp-json\/wp\/v2\/posts"}],"about":[{"href":"https:\/\/www.visit-ulcinj.com\/blog\/wp-json\/wp\/v2\/types\/post"}],"author":[{"embeddable":true,"href":"https:\/\/www.visit-ulcinj.com\/blog\/wp-json\/wp\/v2\/users\/1"}],"replies":[{"embeddable":true,"href":"https:\/\/www.visit-ulcinj.com\/blog\/wp-json\/wp\/v2\/comments?post=19036"}],"version-history":[{"count":0,"href":"https:\/\/www.visit-ulcinj.com\/blog\/wp-json\/wp\/v2\/posts\/19036\/revisions"}],"wp:attachment":[{"href":"https:\/\/www.visit-ulcinj.com\/blog\/wp-json\/wp\/v2\/media?parent=19036"}],"wp:term":[{"taxonomy":"category","embeddable":true,"href":"https:\/\/www.visit-ulcinj.com\/blog\/wp-json\/wp\/v2\/categories?post=19036"},{"taxonomy":"post_tag","embeddable":true,"href":"https:\/\/www.visit-ulcinj.com\/blog\/wp-json\/wp\/v2\/tags?post=19036"}],"curies":[{"name":"wp","href":"https:\/\/api.w.org\/{rel}","templated":true}]}}