{"id":19040,"date":"2009-04-25T01:59:35","date_gmt":"2009-04-24T23:59:35","guid":{"rendered":"http:\/\/www.visit-ulcinj.com\/blog\/?p=19040"},"modified":"2009-04-25T01:59:35","modified_gmt":"2009-04-24T23:59:35","slug":"juna-dua-te-kem-nje-majmun","status":"publish","type":"post","link":"https:\/\/www.visit-ulcinj.com\/blog\/2009\/04\/25\/juna-dua-te-kem-nje-majmun\/","title":{"rendered":"Juna : Dua t\u00eb kem nj\u00eb majmun"},"content":{"rendered":"<p><em><span class=\"newsdate\"><a href=\"http:\/\/www.visit-ulcinj.com\/blog\/wp-content\/uploads\/2009\/04\/juna-per-majmunin.jpg\"><img loading=\"lazy\" class=\"alignleft size-full wp-image-19041\" title=\"juna-per-majmunin-big-brother-albania-2\" src=\"http:\/\/www.visit-ulcinj.com\/blog\/wp-content\/uploads\/2009\/04\/juna-per-majmunin.jpg\" alt=\"juna-per-majmunin-big-brother-albania-2\" width=\"300\" height=\"205\" \/><\/a>24\/04\/09 00:30<\/span><\/em><\/p>\n<p>\u201cKam shum\u00eb d\u00ebshir\u00eb t\u00eb kem nj\u00eb majmun!\u201d \u2013 ka th\u00ebn\u00eb Juna n\u00eb bised\u00eb m\u00eb Arjonin, Anjez\u00ebn, Eltonin dhe banor\u00eb t\u00eb tjer\u00eb n\u00eb oborrin e sht\u00ebpis\u00eb. Ajo treguar me shum\u00eb k\u00ebnaq\u00ebsi, momentin kur kishte patur p\u00ebr her\u00eb t\u00eb par\u00eb nj\u00eb majmun n\u00eb dor\u00eb. Banor\u00ebt kan\u00eb qeshur shum\u00eb me fjal\u00ebt e Jun\u00ebs, pasi vet\u00ebm pak caste m\u00eb par\u00eb Arjoni kishte th\u00ebn\u00eb me shaka se Anjeza e trajtonte si majmun. \u201cMajmun\u00ebt jan\u00eb fantastik\u00eb!\u201d \u2013 ka th\u00ebn\u00eb prap\u00eb Juna.<\/p>\n","protected":false},"excerpt":{"rendered":"<p>24\/04\/09 00:30 \u201cKam shum\u00eb d\u00ebshir\u00eb t\u00eb kem nj\u00eb majmun!\u201d \u2013 ka th\u00ebn\u00eb Juna n\u00eb bised\u00eb m\u00eb Arjonin, Anjez\u00ebn, Eltonin dhe banor\u00eb t\u00eb tjer\u00eb n\u00eb oborrin e sht\u00ebpis\u00eb. Ajo treguar me shum\u00eb k\u00ebnaq\u00ebsi, momentin kur kishte patur p\u00ebr her\u00eb t\u00eb par\u00eb nj\u00eb majmun n\u00eb dor\u00eb. Banor\u00ebt kan\u00eb qeshur shum\u00eb me fjal\u00ebt e Jun\u00ebs, pasi vet\u00ebm pak [&hellip;]<\/p>\n","protected":false},"author":1,"featured_media":0,"comment_status":"open","ping_status":"closed","sticky":false,"template":"","format":"standard","meta":{"spay_email":"","jetpack_publicize_message":"","jetpack_is_tweetstorm":false,"jetpack_publicize_feature_enabled":true},"categories":[6502],"tags":[5057,6506,6516,6712,7129,1442,9011,9532,6891,6693,6887],"jetpack_publicize_connections":[],"yoast_head":"<!-- This site is optimized with the Yoast SEO plugin v19.1 - https:\/\/yoast.com\/wordpress\/plugins\/seo\/ -->\n<title>Juna : Dua t\u00c3\u00ab kem nj\u00c3\u00ab majmun | Big Brother Albania 2<\/title>\n<meta name=\"description\" content=\"Big Brother Albania 2 - \u00e2\u20ac\u0153Kam shum\u00c3\u00ab d\u00c3\u00abshir\u00c3\u00ab t\u00c3\u00ab kem nj\u00c3\u00ab majmun!\u00e2\u20ac\u009d \u00e2\u20ac\u201c ka th\u00c3\u00abn\u00c3\u00ab Juna n\u00c3\u00ab bised\u00c3\u00ab m\u00c3\u00ab Arjonin, Anjez\u00c3\u00abn, Eltonin dhe banor\u00c3\u00ab t\u00c3\u00ab tjer\u00c3\u00ab n\u00c3\u00ab oborrin e sht\u00c3\u00abpis\u00c3\u00ab. Ajo treguar me shum\u00c3\u00ab k\u00c3\u00abnaq\u00c3\u00absi\" \/>\n<meta name=\"robots\" content=\"index, follow, max-snippet:-1, max-image-preview:large, max-video-preview:-1\" \/>\n<link rel=\"canonical\" href=\"https:\/\/www.visit-ulcinj.com\/blog\/2009\/04\/25\/juna-dua-te-kem-nje-majmun\/\" \/>\n<meta property=\"og:locale\" content=\"en_US\" \/>\n<meta property=\"og:type\" content=\"article\" \/>\n<meta property=\"og:title\" content=\"Juna : Dua t\u00c3\u00ab kem nj\u00c3\u00ab majmun | Big Brother Albania 2\" \/>\n<meta property=\"og:description\" content=\"Big Brother Albania 2 - \u00e2\u20ac\u0153Kam shum\u00c3\u00ab d\u00c3\u00abshir\u00c3\u00ab t\u00c3\u00ab kem nj\u00c3\u00ab majmun!\u00e2\u20ac\u009d \u00e2\u20ac\u201c ka th\u00c3\u00abn\u00c3\u00ab Juna n\u00c3\u00ab bised\u00c3\u00ab m\u00c3\u00ab Arjonin, Anjez\u00c3\u00abn, Eltonin dhe banor\u00c3\u00ab t\u00c3\u00ab tjer\u00c3\u00ab n\u00c3\u00ab oborrin e sht\u00c3\u00abpis\u00c3\u00ab. Ajo treguar me shum\u00c3\u00ab k\u00c3\u00abnaq\u00c3\u00absi\" \/>\n<meta property=\"og:url\" content=\"https:\/\/www.visit-ulcinj.com\/blog\/2009\/04\/25\/juna-dua-te-kem-nje-majmun\/\" \/>\n<meta property=\"og:site_name\" content=\"Lajme nga Ulqini\" \/>\n<meta property=\"article:published_time\" content=\"2009-04-24T23:59:35+00:00\" \/>\n<meta property=\"og:image\" content=\"http:\/\/www.visit-ulcinj.com\/blog\/wp-content\/uploads\/2009\/04\/juna-per-majmunin.jpg\" \/>\n<meta name=\"twitter:label1\" content=\"Written by\" \/>\n\t<meta name=\"twitter:data1\" content=\"ulqini\" \/>\n<script type=\"application\/ld+json\" class=\"yoast-schema-graph\">{\"@context\":\"https:\/\/schema.org\",\"@graph\":[{\"@type\":\"WebSite\",\"@id\":\"https:\/\/www.visit-ulcinj.com\/blog\/#website\",\"url\":\"https:\/\/www.visit-ulcinj.com\/blog\/\",\"name\":\"Lajme nga Ulqini\",\"description\":\"Lajme,Vijesti,Ulqini,Ulqin,Crna Gora,Mali i Zi\",\"potentialAction\":[{\"@type\":\"SearchAction\",\"target\":{\"@type\":\"EntryPoint\",\"urlTemplate\":\"https:\/\/www.visit-ulcinj.com\/blog\/?s={search_term_string}\"},\"query-input\":\"required name=search_term_string\"}],\"inLanguage\":\"en-US\"},{\"@type\":\"ImageObject\",\"inLanguage\":\"en-US\",\"@id\":\"https:\/\/www.visit-ulcinj.com\/blog\/2009\/04\/25\/juna-dua-te-kem-nje-majmun\/#primaryimage\",\"url\":\"http:\/\/www.visit-ulcinj.com\/blog\/wp-content\/uploads\/2009\/04\/juna-per-majmunin.jpg\",\"contentUrl\":\"http:\/\/www.visit-ulcinj.com\/blog\/wp-content\/uploads\/2009\/04\/juna-per-majmunin.jpg\"},{\"@type\":\"WebPage\",\"@id\":\"https:\/\/www.visit-ulcinj.com\/blog\/2009\/04\/25\/juna-dua-te-kem-nje-majmun\/#webpage\",\"url\":\"https:\/\/www.visit-ulcinj.com\/blog\/2009\/04\/25\/juna-dua-te-kem-nje-majmun\/\",\"name\":\"Juna : Dua t\u00c3\u00ab kem nj\u00c3\u00ab majmun | Big Brother Albania 2\",\"isPartOf\":{\"@id\":\"https:\/\/www.visit-ulcinj.com\/blog\/#website\"},\"primaryImageOfPage\":{\"@id\":\"https:\/\/www.visit-ulcinj.com\/blog\/2009\/04\/25\/juna-dua-te-kem-nje-majmun\/#primaryimage\"},\"datePublished\":\"2009-04-24T23:59:35+00:00\",\"dateModified\":\"2009-04-24T23:59:35+00:00\",\"author\":{\"@id\":\"https:\/\/www.visit-ulcinj.com\/blog\/#\/schema\/person\/dcab619c614d3038751c63bc2aadc06d\"},\"description\":\"Big Brother Albania 2 - \u00e2\u20ac\u0153Kam shum\u00c3\u00ab d\u00c3\u00abshir\u00c3\u00ab t\u00c3\u00ab kem nj\u00c3\u00ab majmun!\u00e2\u20ac\u009d \u00e2\u20ac\u201c ka th\u00c3\u00abn\u00c3\u00ab Juna n\u00c3\u00ab bised\u00c3\u00ab m\u00c3\u00ab Arjonin, Anjez\u00c3\u00abn, Eltonin dhe banor\u00c3\u00ab t\u00c3\u00ab tjer\u00c3\u00ab n\u00c3\u00ab oborrin e sht\u00c3\u00abpis\u00c3\u00ab. Ajo treguar me shum\u00c3\u00ab k\u00c3\u00abnaq\u00c3\u00absi\",\"breadcrumb\":{\"@id\":\"https:\/\/www.visit-ulcinj.com\/blog\/2009\/04\/25\/juna-dua-te-kem-nje-majmun\/#breadcrumb\"},\"inLanguage\":\"en-US\",\"potentialAction\":[{\"@type\":\"ReadAction\",\"target\":[\"https:\/\/www.visit-ulcinj.com\/blog\/2009\/04\/25\/juna-dua-te-kem-nje-majmun\/\"]}]},{\"@type\":\"BreadcrumbList\",\"@id\":\"https:\/\/www.visit-ulcinj.com\/blog\/2009\/04\/25\/juna-dua-te-kem-nje-majmun\/#breadcrumb\",\"itemListElement\":[{\"@type\":\"ListItem\",\"position\":1,\"name\":\"Juna : Dua t\u00eb kem nj\u00eb majmun\"}]},{\"@type\":\"Person\",\"@id\":\"https:\/\/www.visit-ulcinj.com\/blog\/#\/schema\/person\/dcab619c614d3038751c63bc2aadc06d\",\"name\":\"ulqini\",\"sameAs\":[\"http:\/\/www.visit-ulcinj.com\"],\"url\":\"https:\/\/www.visit-ulcinj.com\/blog\/author\/admin\/\"}]}<\/script>\n<!-- \/ Yoast SEO plugin. -->","yoast_head_json":{"title":"Juna : Dua t\u00c3\u00ab kem nj\u00c3\u00ab majmun | Big Brother Albania 2","description":"Big Brother Albania 2 - \u00e2\u20ac\u0153Kam shum\u00c3\u00ab d\u00c3\u00abshir\u00c3\u00ab t\u00c3\u00ab kem nj\u00c3\u00ab majmun!\u00e2\u20ac\u009d \u00e2\u20ac\u201c ka th\u00c3\u00abn\u00c3\u00ab Juna n\u00c3\u00ab bised\u00c3\u00ab m\u00c3\u00ab Arjonin, Anjez\u00c3\u00abn, Eltonin dhe banor\u00c3\u00ab t\u00c3\u00ab tjer\u00c3\u00ab n\u00c3\u00ab oborrin e sht\u00c3\u00abpis\u00c3\u00ab. Ajo treguar me shum\u00c3\u00ab k\u00c3\u00abnaq\u00c3\u00absi","robots":{"index":"index","follow":"follow","max-snippet":"max-snippet:-1","max-image-preview":"max-image-preview:large","max-video-preview":"max-video-preview:-1"},"canonical":"https:\/\/www.visit-ulcinj.com\/blog\/2009\/04\/25\/juna-dua-te-kem-nje-majmun\/","og_locale":"en_US","og_type":"article","og_title":"Juna : Dua t\u00c3\u00ab kem nj\u00c3\u00ab majmun | Big Brother Albania 2","og_description":"Big Brother Albania 2 - \u00e2\u20ac\u0153Kam shum\u00c3\u00ab d\u00c3\u00abshir\u00c3\u00ab t\u00c3\u00ab kem nj\u00c3\u00ab majmun!\u00e2\u20ac\u009d \u00e2\u20ac\u201c ka th\u00c3\u00abn\u00c3\u00ab Juna n\u00c3\u00ab bised\u00c3\u00ab m\u00c3\u00ab Arjonin, Anjez\u00c3\u00abn, Eltonin dhe banor\u00c3\u00ab t\u00c3\u00ab tjer\u00c3\u00ab n\u00c3\u00ab oborrin e sht\u00c3\u00abpis\u00c3\u00ab. Ajo treguar me shum\u00c3\u00ab k\u00c3\u00abnaq\u00c3\u00absi","og_url":"https:\/\/www.visit-ulcinj.com\/blog\/2009\/04\/25\/juna-dua-te-kem-nje-majmun\/","og_site_name":"Lajme nga Ulqini","article_published_time":"2009-04-24T23:59:35+00:00","og_image":[{"url":"http:\/\/www.visit-ulcinj.com\/blog\/wp-content\/uploads\/2009\/04\/juna-per-majmunin.jpg"}],"twitter_misc":{"Written by":"ulqini"},"schema":{"@context":"https:\/\/schema.org","@graph":[{"@type":"WebSite","@id":"https:\/\/www.visit-ulcinj.com\/blog\/#website","url":"https:\/\/www.visit-ulcinj.com\/blog\/","name":"Lajme nga Ulqini","description":"Lajme,Vijesti,Ulqini,Ulqin,Crna Gora,Mali i Zi","potentialAction":[{"@type":"SearchAction","target":{"@type":"EntryPoint","urlTemplate":"https:\/\/www.visit-ulcinj.com\/blog\/?s={search_term_string}"},"query-input":"required name=search_term_string"}],"inLanguage":"en-US"},{"@type":"ImageObject","inLanguage":"en-US","@id":"https:\/\/www.visit-ulcinj.com\/blog\/2009\/04\/25\/juna-dua-te-kem-nje-majmun\/#primaryimage","url":"http:\/\/www.visit-ulcinj.com\/blog\/wp-content\/uploads\/2009\/04\/juna-per-majmunin.jpg","contentUrl":"http:\/\/www.visit-ulcinj.com\/blog\/wp-content\/uploads\/2009\/04\/juna-per-majmunin.jpg"},{"@type":"WebPage","@id":"https:\/\/www.visit-ulcinj.com\/blog\/2009\/04\/25\/juna-dua-te-kem-nje-majmun\/#webpage","url":"https:\/\/www.visit-ulcinj.com\/blog\/2009\/04\/25\/juna-dua-te-kem-nje-majmun\/","name":"Juna : Dua t\u00c3\u00ab kem nj\u00c3\u00ab majmun | Big Brother Albania 2","isPartOf":{"@id":"https:\/\/www.visit-ulcinj.com\/blog\/#website"},"primaryImageOfPage":{"@id":"https:\/\/www.visit-ulcinj.com\/blog\/2009\/04\/25\/juna-dua-te-kem-nje-majmun\/#primaryimage"},"datePublished":"2009-04-24T23:59:35+00:00","dateModified":"2009-04-24T23:59:35+00:00","author":{"@id":"https:\/\/www.visit-ulcinj.com\/blog\/#\/schema\/person\/dcab619c614d3038751c63bc2aadc06d"},"description":"Big Brother Albania 2 - \u00e2\u20ac\u0153Kam shum\u00c3\u00ab d\u00c3\u00abshir\u00c3\u00ab t\u00c3\u00ab kem nj\u00c3\u00ab majmun!\u00e2\u20ac\u009d \u00e2\u20ac\u201c ka th\u00c3\u00abn\u00c3\u00ab Juna n\u00c3\u00ab bised\u00c3\u00ab m\u00c3\u00ab Arjonin, Anjez\u00c3\u00abn, Eltonin dhe banor\u00c3\u00ab t\u00c3\u00ab tjer\u00c3\u00ab n\u00c3\u00ab oborrin e sht\u00c3\u00abpis\u00c3\u00ab. Ajo treguar me shum\u00c3\u00ab k\u00c3\u00abnaq\u00c3\u00absi","breadcrumb":{"@id":"https:\/\/www.visit-ulcinj.com\/blog\/2009\/04\/25\/juna-dua-te-kem-nje-majmun\/#breadcrumb"},"inLanguage":"en-US","potentialAction":[{"@type":"ReadAction","target":["https:\/\/www.visit-ulcinj.com\/blog\/2009\/04\/25\/juna-dua-te-kem-nje-majmun\/"]}]},{"@type":"BreadcrumbList","@id":"https:\/\/www.visit-ulcinj.com\/blog\/2009\/04\/25\/juna-dua-te-kem-nje-majmun\/#breadcrumb","itemListElement":[{"@type":"ListItem","position":1,"name":"Juna : Dua t\u00eb kem nj\u00eb majmun"}]},{"@type":"Person","@id":"https:\/\/www.visit-ulcinj.com\/blog\/#\/schema\/person\/dcab619c614d3038751c63bc2aadc06d","name":"ulqini","sameAs":["http:\/\/www.visit-ulcinj.com"],"url":"https:\/\/www.visit-ulcinj.com\/blog\/author\/admin\/"}]}},"jetpack_featured_media_url":"","jetpack_sharing_enabled":true,"jetpack_shortlink":"https:\/\/wp.me\/pe6lTn-4X6","_links":{"self":[{"href":"https:\/\/www.visit-ulcinj.com\/blog\/wp-json\/wp\/v2\/posts\/19040"}],"collection":[{"href":"https:\/\/www.visit-ulcinj.com\/blog\/wp-json\/wp\/v2\/posts"}],"about":[{"href":"https:\/\/www.visit-ulcinj.com\/blog\/wp-json\/wp\/v2\/types\/post"}],"author":[{"embeddable":true,"href":"https:\/\/www.visit-ulcinj.com\/blog\/wp-json\/wp\/v2\/users\/1"}],"replies":[{"embeddable":true,"href":"https:\/\/www.visit-ulcinj.com\/blog\/wp-json\/wp\/v2\/comments?post=19040"}],"version-history":[{"count":0,"href":"https:\/\/www.visit-ulcinj.com\/blog\/wp-json\/wp\/v2\/posts\/19040\/revisions"}],"wp:attachment":[{"href":"https:\/\/www.visit-ulcinj.com\/blog\/wp-json\/wp\/v2\/media?parent=19040"}],"wp:term":[{"taxonomy":"category","embeddable":true,"href":"https:\/\/www.visit-ulcinj.com\/blog\/wp-json\/wp\/v2\/categories?post=19040"},{"taxonomy":"post_tag","embeddable":true,"href":"https:\/\/www.visit-ulcinj.com\/blog\/wp-json\/wp\/v2\/tags?post=19040"}],"curies":[{"name":"wp","href":"https:\/\/api.w.org\/{rel}","templated":true}]}}