{"id":19043,"date":"2009-04-25T02:02:44","date_gmt":"2009-04-25T00:02:44","guid":{"rendered":"http:\/\/www.visit-ulcinj.com\/blog\/?p=19043"},"modified":"2009-04-25T02:02:44","modified_gmt":"2009-04-25T00:02:44","slug":"adelajda-dhe-mimoza-ngela-duke-sajuar","status":"publish","type":"post","link":"https:\/\/www.visit-ulcinj.com\/blog\/2009\/04\/25\/adelajda-dhe-mimoza-ngela-duke-sajuar\/","title":{"rendered":"Adelajda dhe Mimoza : Ngela duke sajuar"},"content":{"rendered":"<p><em><span class=\"newsdate\"><a href=\"http:\/\/www.visit-ulcinj.com\/blog\/wp-content\/uploads\/2009\/04\/adela-i-tregon-mozes.jpg\"><img loading=\"lazy\" class=\"alignleft size-full wp-image-19044\" title=\"adela-i-tregon-mozes-big-brother-albania-2\" src=\"http:\/\/www.visit-ulcinj.com\/blog\/wp-content\/uploads\/2009\/04\/adela-i-tregon-mozes.jpg\" alt=\"adela-i-tregon-mozes-big-brother-albania-2\" width=\"300\" height=\"205\" \/><\/a>24\/04\/09 02:35<\/span><\/em><\/p>\n<p>\u201cM\u00eb vjen zor t\u00eb fle n\u00eb krevat me Bjordin!\u201d- i ka th\u00ebn\u00eb Adelajda ve\u00e7mas Mimoz\u00ebs, n\u00eb banj\u00ebn e sht\u00ebpis\u00eb. Ajo ka shtuar se ngeli cdo nat\u00eb duke sajuar ndonj\u00eb gj\u00eb, q\u00eb t\u00eb mos flinte me Bjordin dhe sipas saj, ai e kishte kuptuar shum\u00eb mir\u00eb k\u00ebt\u00eb gj\u00eb. \u201cK\u00ebt\u00eb gjete sot?!\u201d \u2013 i kishte th\u00ebn\u00eb ai. \u201cPse t\u00eb vjen zor? \u201c \u2013 e ka pyetur Mimoza. \u201cPo nuk dukem mir\u00eb e Moza!\u201d- i ka th\u00ebn\u00eb ajo. \u201cMos rri at\u00ebher\u00eb!\u201d \u2013 i \u00ebsht\u00eb p\u00ebrgjigjur Mimoza.<\/p>\n","protected":false},"excerpt":{"rendered":"<p>24\/04\/09 02:35 \u201cM\u00eb vjen zor t\u00eb fle n\u00eb krevat me Bjordin!\u201d- i ka th\u00ebn\u00eb Adelajda ve\u00e7mas Mimoz\u00ebs, n\u00eb banj\u00ebn e sht\u00ebpis\u00eb. Ajo ka shtuar se ngeli cdo nat\u00eb duke sajuar ndonj\u00eb gj\u00eb, q\u00eb t\u00eb mos flinte me Bjordin dhe sipas saj, ai e kishte kuptuar shum\u00eb mir\u00eb k\u00ebt\u00eb gj\u00eb. \u201cK\u00ebt\u00eb gjete sot?!\u201d \u2013 i kishte [&hellip;]<\/p>\n","protected":false},"author":1,"featured_media":0,"comment_status":"open","ping_status":"closed","sticky":false,"template":"","format":"standard","meta":{"spay_email":"","jetpack_publicize_message":"","jetpack_is_tweetstorm":false,"jetpack_publicize_feature_enabled":true},"categories":[6502],"tags":[6529,5057,6506,6516,6712,7129,6522,6544,6891,6693,6887],"jetpack_publicize_connections":[],"yoast_head":"<!-- This site is optimized with the Yoast SEO plugin v19.1 - https:\/\/yoast.com\/wordpress\/plugins\/seo\/ -->\n<title>Adelajda dhe Mimoza : Ngela duke sajuar | Big Brother Albania 2<\/title>\n<meta name=\"description\" content=\"Big Brother Albania 2 - \u00e2\u20ac\u0153M\u00c3\u00ab vjen zor t\u00c3\u00ab fle n\u00c3\u00ab krevat me Bjordin!\u00e2\u20ac\u009d- i ka th\u00c3\u00abn\u00c3\u00ab Adelajda ve\u00c3\u00a7mas Mimoz\u00c3\u00abs, n\u00c3\u00ab banj\u00c3\u00abn e sht\u00c3\u00abpis\u00c3\u00ab. Ajo ka shtuar se ngeli cdo nat\u00c3\u00ab duke sajuar ndonj\u00c3\u00ab gj\u00c3\u00ab\" \/>\n<meta name=\"robots\" content=\"index, follow, max-snippet:-1, max-image-preview:large, max-video-preview:-1\" \/>\n<link rel=\"canonical\" href=\"https:\/\/www.visit-ulcinj.com\/blog\/2009\/04\/25\/adelajda-dhe-mimoza-ngela-duke-sajuar\/\" \/>\n<meta property=\"og:locale\" content=\"en_US\" \/>\n<meta property=\"og:type\" content=\"article\" \/>\n<meta property=\"og:title\" content=\"Adelajda dhe Mimoza : Ngela duke sajuar | Big Brother Albania 2\" \/>\n<meta property=\"og:description\" content=\"Big Brother Albania 2 - \u00e2\u20ac\u0153M\u00c3\u00ab vjen zor t\u00c3\u00ab fle n\u00c3\u00ab krevat me Bjordin!\u00e2\u20ac\u009d- i ka th\u00c3\u00abn\u00c3\u00ab Adelajda ve\u00c3\u00a7mas Mimoz\u00c3\u00abs, n\u00c3\u00ab banj\u00c3\u00abn e sht\u00c3\u00abpis\u00c3\u00ab. Ajo ka shtuar se ngeli cdo nat\u00c3\u00ab duke sajuar ndonj\u00c3\u00ab gj\u00c3\u00ab\" \/>\n<meta property=\"og:url\" content=\"https:\/\/www.visit-ulcinj.com\/blog\/2009\/04\/25\/adelajda-dhe-mimoza-ngela-duke-sajuar\/\" \/>\n<meta property=\"og:site_name\" content=\"Lajme nga Ulqini\" \/>\n<meta property=\"article:published_time\" content=\"2009-04-25T00:02:44+00:00\" \/>\n<meta property=\"og:image\" content=\"http:\/\/www.visit-ulcinj.com\/blog\/wp-content\/uploads\/2009\/04\/adela-i-tregon-mozes.jpg\" \/>\n<meta name=\"twitter:label1\" content=\"Written by\" \/>\n\t<meta name=\"twitter:data1\" content=\"ulqini\" \/>\n<script type=\"application\/ld+json\" class=\"yoast-schema-graph\">{\"@context\":\"https:\/\/schema.org\",\"@graph\":[{\"@type\":\"WebSite\",\"@id\":\"https:\/\/www.visit-ulcinj.com\/blog\/#website\",\"url\":\"https:\/\/www.visit-ulcinj.com\/blog\/\",\"name\":\"Lajme nga Ulqini\",\"description\":\"Lajme,Vijesti,Ulqini,Ulqin,Crna Gora,Mali i Zi\",\"potentialAction\":[{\"@type\":\"SearchAction\",\"target\":{\"@type\":\"EntryPoint\",\"urlTemplate\":\"https:\/\/www.visit-ulcinj.com\/blog\/?s={search_term_string}\"},\"query-input\":\"required name=search_term_string\"}],\"inLanguage\":\"en-US\"},{\"@type\":\"ImageObject\",\"inLanguage\":\"en-US\",\"@id\":\"https:\/\/www.visit-ulcinj.com\/blog\/2009\/04\/25\/adelajda-dhe-mimoza-ngela-duke-sajuar\/#primaryimage\",\"url\":\"http:\/\/www.visit-ulcinj.com\/blog\/wp-content\/uploads\/2009\/04\/adela-i-tregon-mozes.jpg\",\"contentUrl\":\"http:\/\/www.visit-ulcinj.com\/blog\/wp-content\/uploads\/2009\/04\/adela-i-tregon-mozes.jpg\"},{\"@type\":\"WebPage\",\"@id\":\"https:\/\/www.visit-ulcinj.com\/blog\/2009\/04\/25\/adelajda-dhe-mimoza-ngela-duke-sajuar\/#webpage\",\"url\":\"https:\/\/www.visit-ulcinj.com\/blog\/2009\/04\/25\/adelajda-dhe-mimoza-ngela-duke-sajuar\/\",\"name\":\"Adelajda dhe Mimoza : Ngela duke sajuar | Big Brother Albania 2\",\"isPartOf\":{\"@id\":\"https:\/\/www.visit-ulcinj.com\/blog\/#website\"},\"primaryImageOfPage\":{\"@id\":\"https:\/\/www.visit-ulcinj.com\/blog\/2009\/04\/25\/adelajda-dhe-mimoza-ngela-duke-sajuar\/#primaryimage\"},\"datePublished\":\"2009-04-25T00:02:44+00:00\",\"dateModified\":\"2009-04-25T00:02:44+00:00\",\"author\":{\"@id\":\"https:\/\/www.visit-ulcinj.com\/blog\/#\/schema\/person\/dcab619c614d3038751c63bc2aadc06d\"},\"description\":\"Big Brother Albania 2 - \u00e2\u20ac\u0153M\u00c3\u00ab vjen zor t\u00c3\u00ab fle n\u00c3\u00ab krevat me Bjordin!\u00e2\u20ac\u009d- i ka th\u00c3\u00abn\u00c3\u00ab Adelajda ve\u00c3\u00a7mas Mimoz\u00c3\u00abs, n\u00c3\u00ab banj\u00c3\u00abn e sht\u00c3\u00abpis\u00c3\u00ab. Ajo ka shtuar se ngeli cdo nat\u00c3\u00ab duke sajuar ndonj\u00c3\u00ab gj\u00c3\u00ab\",\"breadcrumb\":{\"@id\":\"https:\/\/www.visit-ulcinj.com\/blog\/2009\/04\/25\/adelajda-dhe-mimoza-ngela-duke-sajuar\/#breadcrumb\"},\"inLanguage\":\"en-US\",\"potentialAction\":[{\"@type\":\"ReadAction\",\"target\":[\"https:\/\/www.visit-ulcinj.com\/blog\/2009\/04\/25\/adelajda-dhe-mimoza-ngela-duke-sajuar\/\"]}]},{\"@type\":\"BreadcrumbList\",\"@id\":\"https:\/\/www.visit-ulcinj.com\/blog\/2009\/04\/25\/adelajda-dhe-mimoza-ngela-duke-sajuar\/#breadcrumb\",\"itemListElement\":[{\"@type\":\"ListItem\",\"position\":1,\"name\":\"Adelajda dhe Mimoza : Ngela duke sajuar\"}]},{\"@type\":\"Person\",\"@id\":\"https:\/\/www.visit-ulcinj.com\/blog\/#\/schema\/person\/dcab619c614d3038751c63bc2aadc06d\",\"name\":\"ulqini\",\"sameAs\":[\"http:\/\/www.visit-ulcinj.com\"],\"url\":\"https:\/\/www.visit-ulcinj.com\/blog\/author\/admin\/\"}]}<\/script>\n<!-- \/ Yoast SEO plugin. -->","yoast_head_json":{"title":"Adelajda dhe Mimoza : Ngela duke sajuar | Big Brother Albania 2","description":"Big Brother Albania 2 - \u00e2\u20ac\u0153M\u00c3\u00ab vjen zor t\u00c3\u00ab fle n\u00c3\u00ab krevat me Bjordin!\u00e2\u20ac\u009d- i ka th\u00c3\u00abn\u00c3\u00ab Adelajda ve\u00c3\u00a7mas Mimoz\u00c3\u00abs, n\u00c3\u00ab banj\u00c3\u00abn e sht\u00c3\u00abpis\u00c3\u00ab. Ajo ka shtuar se ngeli cdo nat\u00c3\u00ab duke sajuar ndonj\u00c3\u00ab gj\u00c3\u00ab","robots":{"index":"index","follow":"follow","max-snippet":"max-snippet:-1","max-image-preview":"max-image-preview:large","max-video-preview":"max-video-preview:-1"},"canonical":"https:\/\/www.visit-ulcinj.com\/blog\/2009\/04\/25\/adelajda-dhe-mimoza-ngela-duke-sajuar\/","og_locale":"en_US","og_type":"article","og_title":"Adelajda dhe Mimoza : Ngela duke sajuar | Big Brother Albania 2","og_description":"Big Brother Albania 2 - \u00e2\u20ac\u0153M\u00c3\u00ab vjen zor t\u00c3\u00ab fle n\u00c3\u00ab krevat me Bjordin!\u00e2\u20ac\u009d- i ka th\u00c3\u00abn\u00c3\u00ab Adelajda ve\u00c3\u00a7mas Mimoz\u00c3\u00abs, n\u00c3\u00ab banj\u00c3\u00abn e sht\u00c3\u00abpis\u00c3\u00ab. Ajo ka shtuar se ngeli cdo nat\u00c3\u00ab duke sajuar ndonj\u00c3\u00ab gj\u00c3\u00ab","og_url":"https:\/\/www.visit-ulcinj.com\/blog\/2009\/04\/25\/adelajda-dhe-mimoza-ngela-duke-sajuar\/","og_site_name":"Lajme nga Ulqini","article_published_time":"2009-04-25T00:02:44+00:00","og_image":[{"url":"http:\/\/www.visit-ulcinj.com\/blog\/wp-content\/uploads\/2009\/04\/adela-i-tregon-mozes.jpg"}],"twitter_misc":{"Written by":"ulqini"},"schema":{"@context":"https:\/\/schema.org","@graph":[{"@type":"WebSite","@id":"https:\/\/www.visit-ulcinj.com\/blog\/#website","url":"https:\/\/www.visit-ulcinj.com\/blog\/","name":"Lajme nga Ulqini","description":"Lajme,Vijesti,Ulqini,Ulqin,Crna Gora,Mali i Zi","potentialAction":[{"@type":"SearchAction","target":{"@type":"EntryPoint","urlTemplate":"https:\/\/www.visit-ulcinj.com\/blog\/?s={search_term_string}"},"query-input":"required name=search_term_string"}],"inLanguage":"en-US"},{"@type":"ImageObject","inLanguage":"en-US","@id":"https:\/\/www.visit-ulcinj.com\/blog\/2009\/04\/25\/adelajda-dhe-mimoza-ngela-duke-sajuar\/#primaryimage","url":"http:\/\/www.visit-ulcinj.com\/blog\/wp-content\/uploads\/2009\/04\/adela-i-tregon-mozes.jpg","contentUrl":"http:\/\/www.visit-ulcinj.com\/blog\/wp-content\/uploads\/2009\/04\/adela-i-tregon-mozes.jpg"},{"@type":"WebPage","@id":"https:\/\/www.visit-ulcinj.com\/blog\/2009\/04\/25\/adelajda-dhe-mimoza-ngela-duke-sajuar\/#webpage","url":"https:\/\/www.visit-ulcinj.com\/blog\/2009\/04\/25\/adelajda-dhe-mimoza-ngela-duke-sajuar\/","name":"Adelajda dhe Mimoza : Ngela duke sajuar | Big Brother Albania 2","isPartOf":{"@id":"https:\/\/www.visit-ulcinj.com\/blog\/#website"},"primaryImageOfPage":{"@id":"https:\/\/www.visit-ulcinj.com\/blog\/2009\/04\/25\/adelajda-dhe-mimoza-ngela-duke-sajuar\/#primaryimage"},"datePublished":"2009-04-25T00:02:44+00:00","dateModified":"2009-04-25T00:02:44+00:00","author":{"@id":"https:\/\/www.visit-ulcinj.com\/blog\/#\/schema\/person\/dcab619c614d3038751c63bc2aadc06d"},"description":"Big Brother Albania 2 - \u00e2\u20ac\u0153M\u00c3\u00ab vjen zor t\u00c3\u00ab fle n\u00c3\u00ab krevat me Bjordin!\u00e2\u20ac\u009d- i ka th\u00c3\u00abn\u00c3\u00ab Adelajda ve\u00c3\u00a7mas Mimoz\u00c3\u00abs, n\u00c3\u00ab banj\u00c3\u00abn e sht\u00c3\u00abpis\u00c3\u00ab. Ajo ka shtuar se ngeli cdo nat\u00c3\u00ab duke sajuar ndonj\u00c3\u00ab gj\u00c3\u00ab","breadcrumb":{"@id":"https:\/\/www.visit-ulcinj.com\/blog\/2009\/04\/25\/adelajda-dhe-mimoza-ngela-duke-sajuar\/#breadcrumb"},"inLanguage":"en-US","potentialAction":[{"@type":"ReadAction","target":["https:\/\/www.visit-ulcinj.com\/blog\/2009\/04\/25\/adelajda-dhe-mimoza-ngela-duke-sajuar\/"]}]},{"@type":"BreadcrumbList","@id":"https:\/\/www.visit-ulcinj.com\/blog\/2009\/04\/25\/adelajda-dhe-mimoza-ngela-duke-sajuar\/#breadcrumb","itemListElement":[{"@type":"ListItem","position":1,"name":"Adelajda dhe Mimoza : Ngela duke sajuar"}]},{"@type":"Person","@id":"https:\/\/www.visit-ulcinj.com\/blog\/#\/schema\/person\/dcab619c614d3038751c63bc2aadc06d","name":"ulqini","sameAs":["http:\/\/www.visit-ulcinj.com"],"url":"https:\/\/www.visit-ulcinj.com\/blog\/author\/admin\/"}]}},"jetpack_featured_media_url":"","jetpack_sharing_enabled":true,"jetpack_shortlink":"https:\/\/wp.me\/pe6lTn-4X9","_links":{"self":[{"href":"https:\/\/www.visit-ulcinj.com\/blog\/wp-json\/wp\/v2\/posts\/19043"}],"collection":[{"href":"https:\/\/www.visit-ulcinj.com\/blog\/wp-json\/wp\/v2\/posts"}],"about":[{"href":"https:\/\/www.visit-ulcinj.com\/blog\/wp-json\/wp\/v2\/types\/post"}],"author":[{"embeddable":true,"href":"https:\/\/www.visit-ulcinj.com\/blog\/wp-json\/wp\/v2\/users\/1"}],"replies":[{"embeddable":true,"href":"https:\/\/www.visit-ulcinj.com\/blog\/wp-json\/wp\/v2\/comments?post=19043"}],"version-history":[{"count":0,"href":"https:\/\/www.visit-ulcinj.com\/blog\/wp-json\/wp\/v2\/posts\/19043\/revisions"}],"wp:attachment":[{"href":"https:\/\/www.visit-ulcinj.com\/blog\/wp-json\/wp\/v2\/media?parent=19043"}],"wp:term":[{"taxonomy":"category","embeddable":true,"href":"https:\/\/www.visit-ulcinj.com\/blog\/wp-json\/wp\/v2\/categories?post=19043"},{"taxonomy":"post_tag","embeddable":true,"href":"https:\/\/www.visit-ulcinj.com\/blog\/wp-json\/wp\/v2\/tags?post=19043"}],"curies":[{"name":"wp","href":"https:\/\/api.w.org\/{rel}","templated":true}]}}