{"id":19047,"date":"2009-04-25T02:06:50","date_gmt":"2009-04-25T00:06:50","guid":{"rendered":"http:\/\/www.visit-ulcinj.com\/blog\/?p=19047"},"modified":"2009-04-25T02:06:50","modified_gmt":"2009-04-25T00:06:50","slug":"juna-dhe-eltoni-duhet-te-largojme-zyshen","status":"publish","type":"post","link":"https:\/\/www.visit-ulcinj.com\/blog\/2009\/04\/25\/juna-dhe-eltoni-duhet-te-largojme-zyshen\/","title":{"rendered":"Juna dhe Eltoni : Duhet t\u00eb largojm\u00eb zysh\u00ebn"},"content":{"rendered":"<p><em><span class=\"newsdate\"><a href=\"http:\/\/www.visit-ulcinj.com\/blog\/wp-content\/uploads\/2009\/04\/te-largojme-zyshen.jpg\"><img loading=\"lazy\" class=\"alignleft size-full wp-image-19048\" title=\"te-largojme-zyshen-big-brother-albania-2\" src=\"http:\/\/www.visit-ulcinj.com\/blog\/wp-content\/uploads\/2009\/04\/te-largojme-zyshen.jpg\" alt=\"te-largojme-zyshen-big-brother-albania-2\" width=\"300\" height=\"205\" \/><\/a>24\/04\/09 12:05<\/span><\/em><\/p>\n<p>Eltoni dhe Juna, n\u00eb kop\u00ebsht bisedojn\u00eb p\u00ebr fundin e Big Brother. Ata b\u00ebjn\u00eb disa llogaritje dhe thon\u00eb se p\u00ebr tre jav\u00eb mbaron spektakli. Sipas llogaritjeve t\u00eb Eltonit, ata kan\u00eb hyr\u00eb n\u00eb gjysm\u00eb finale. N\u00eb baz\u00eb t\u00eb k\u00ebsaj, ai shprehet se ka ardhur koha q\u00eb t\u00eb largojn\u00eb zysh\u00ebn nga loja, Adel\u00ebn, dhe ndoshta gjat\u00eb dit\u00ebs s\u00eb sotme duhet t\u00eb p\u00ebrveshin m\u00ebng\u00ebt q\u00eb ta realizojn\u00eb k\u00ebt\u00eb. Juna pyet Eltonin n\u00ebse po k\u00ebrkon nga ajo pohim p\u00ebr k\u00ebt\u00eb gj\u00eb sepse nuk \u00ebsht\u00eb e nevojshme, pasi ajo e ka pohuar publikisht pozicionimin e saj kund\u00ebr Adel\u00ebs. Ajo shprehet se nuk p\u00eblqejn\u00eb ata njer\u00ebz q\u00eb thon\u00eb b\u00ebj si them un\u00eb por mos b\u00ebj si b\u00ebj un\u00eb. Sipas saj, nga jasht\u00eb gj\u00ebrat duken ndryshe, nd\u00ebrsa tani q\u00eb jan\u00eb vet\u00eb brenda dhe q\u00ebndrojn\u00eb 24 or\u00eb n\u00eb 24, e kan\u00eb kuptuar se si funksionon loja e banor\u00ebve. Eltoni mendon se nuk do t\u00eb b\u00ebjn\u00eb asgj\u00eb m\u00eb shum\u00eb apo m\u00eb pak se sa t\u00eb tregojn\u00eb se cila \u00ebsht\u00eb ajo n\u00eb t\u00eb v\u00ebrtet\u00eb, gj\u00eb q\u00eb \u00ebsht\u00eb e arritshme nga ata. Juna tregon se tashm\u00eb e ka njohur Adel\u00ebn, me aq pak biseda sa ka b\u00ebr\u00eb me t\u00eb ka q\u00ebn\u00eb e mjaftueshme dhe mendimin q\u00eb ka krijuar p\u00ebr t\u00eb se \u00ebsht\u00eb false nuk e ka ndryshuar. Sipas saj, sjelljet e Adel\u00ebs tregojn\u00eb shum\u00eb kontradikta me ato q\u00eb thot\u00eb dhe se nuk \u00ebsht\u00eb ajo Adela e imazhit q\u00eb ka krijuar n\u00eb sht\u00ebpi. Juna sakt\u00ebson se ka v\u00ebn\u00eb re sjeloljet e Adel\u00ebs n\u00eb t\u00ebr\u00ebsi e jo lidhjen e saj me Bjordin sepse ajo \u00ebsht\u00eb dicka personale q\u00eb i takon atyre t\u00eb dyve.<\/p>\n","protected":false},"excerpt":{"rendered":"<p>24\/04\/09 12:05 Eltoni dhe Juna, n\u00eb kop\u00ebsht bisedojn\u00eb p\u00ebr fundin e Big Brother. Ata b\u00ebjn\u00eb disa llogaritje dhe thon\u00eb se p\u00ebr tre jav\u00eb mbaron spektakli. Sipas llogaritjeve t\u00eb Eltonit, ata kan\u00eb hyr\u00eb n\u00eb gjysm\u00eb finale. N\u00eb baz\u00eb t\u00eb k\u00ebsaj, ai shprehet se ka ardhur koha q\u00eb t\u00eb largojn\u00eb zysh\u00ebn nga loja, Adel\u00ebn, dhe ndoshta gjat\u00eb [&hellip;]<\/p>\n","protected":false},"author":1,"featured_media":0,"comment_status":"open","ping_status":"closed","sticky":false,"template":"","format":"standard","meta":{"spay_email":"","jetpack_publicize_message":"","jetpack_is_tweetstorm":false,"jetpack_publicize_feature_enabled":true},"categories":[6502],"tags":[6529,5057,6506,6516,6712,7129,6522,9116,1442,9011,6891,6693,6887],"jetpack_publicize_connections":[],"yoast_head":"<!-- This site is optimized with the Yoast SEO plugin v19.1 - https:\/\/yoast.com\/wordpress\/plugins\/seo\/ -->\n<title>Juna dhe Eltoni : Duhet t\u00c3\u00ab largojm\u00c3\u00ab zysh\u00c3\u00abn | Big Brother Albania 2<\/title>\n<meta name=\"description\" content=\"Big Brother Albania 2 - Eltoni dhe Juna, n\u00c3\u00ab kop\u00c3\u00absht bisedojn\u00c3\u00ab p\u00c3\u00abr fundin e Big Brother. Ata b\u00c3\u00abjn\u00c3\u00ab disa llogaritje dhe thon\u00c3\u00ab se p\u00c3\u00abr tre jav\u00c3\u00ab mbaron spektakli.\" \/>\n<meta name=\"robots\" content=\"index, follow, max-snippet:-1, max-image-preview:large, max-video-preview:-1\" \/>\n<link rel=\"canonical\" href=\"https:\/\/www.visit-ulcinj.com\/blog\/2009\/04\/25\/juna-dhe-eltoni-duhet-te-largojme-zyshen\/\" \/>\n<meta property=\"og:locale\" content=\"en_US\" \/>\n<meta property=\"og:type\" content=\"article\" \/>\n<meta property=\"og:title\" content=\"Juna dhe Eltoni : Duhet t\u00c3\u00ab largojm\u00c3\u00ab zysh\u00c3\u00abn | Big Brother Albania 2\" \/>\n<meta property=\"og:description\" content=\"Big Brother Albania 2 - Eltoni dhe Juna, n\u00c3\u00ab kop\u00c3\u00absht bisedojn\u00c3\u00ab p\u00c3\u00abr fundin e Big Brother. Ata b\u00c3\u00abjn\u00c3\u00ab disa llogaritje dhe thon\u00c3\u00ab se p\u00c3\u00abr tre jav\u00c3\u00ab mbaron spektakli.\" \/>\n<meta property=\"og:url\" content=\"https:\/\/www.visit-ulcinj.com\/blog\/2009\/04\/25\/juna-dhe-eltoni-duhet-te-largojme-zyshen\/\" \/>\n<meta property=\"og:site_name\" content=\"Lajme nga Ulqini\" \/>\n<meta property=\"article:published_time\" content=\"2009-04-25T00:06:50+00:00\" \/>\n<meta property=\"og:image\" content=\"http:\/\/www.visit-ulcinj.com\/blog\/wp-content\/uploads\/2009\/04\/te-largojme-zyshen.jpg\" \/>\n<meta name=\"twitter:label1\" content=\"Written by\" \/>\n\t<meta name=\"twitter:data1\" content=\"ulqini\" \/>\n\t<meta name=\"twitter:label2\" content=\"Est. reading time\" \/>\n\t<meta name=\"twitter:data2\" content=\"1 minute\" \/>\n<script type=\"application\/ld+json\" class=\"yoast-schema-graph\">{\"@context\":\"https:\/\/schema.org\",\"@graph\":[{\"@type\":\"WebSite\",\"@id\":\"https:\/\/www.visit-ulcinj.com\/blog\/#website\",\"url\":\"https:\/\/www.visit-ulcinj.com\/blog\/\",\"name\":\"Lajme nga Ulqini\",\"description\":\"Lajme,Vijesti,Ulqini,Ulqin,Crna Gora,Mali i Zi\",\"potentialAction\":[{\"@type\":\"SearchAction\",\"target\":{\"@type\":\"EntryPoint\",\"urlTemplate\":\"https:\/\/www.visit-ulcinj.com\/blog\/?s={search_term_string}\"},\"query-input\":\"required name=search_term_string\"}],\"inLanguage\":\"en-US\"},{\"@type\":\"ImageObject\",\"inLanguage\":\"en-US\",\"@id\":\"https:\/\/www.visit-ulcinj.com\/blog\/2009\/04\/25\/juna-dhe-eltoni-duhet-te-largojme-zyshen\/#primaryimage\",\"url\":\"http:\/\/www.visit-ulcinj.com\/blog\/wp-content\/uploads\/2009\/04\/te-largojme-zyshen.jpg\",\"contentUrl\":\"http:\/\/www.visit-ulcinj.com\/blog\/wp-content\/uploads\/2009\/04\/te-largojme-zyshen.jpg\"},{\"@type\":\"WebPage\",\"@id\":\"https:\/\/www.visit-ulcinj.com\/blog\/2009\/04\/25\/juna-dhe-eltoni-duhet-te-largojme-zyshen\/#webpage\",\"url\":\"https:\/\/www.visit-ulcinj.com\/blog\/2009\/04\/25\/juna-dhe-eltoni-duhet-te-largojme-zyshen\/\",\"name\":\"Juna dhe Eltoni : Duhet t\u00c3\u00ab largojm\u00c3\u00ab zysh\u00c3\u00abn | Big Brother Albania 2\",\"isPartOf\":{\"@id\":\"https:\/\/www.visit-ulcinj.com\/blog\/#website\"},\"primaryImageOfPage\":{\"@id\":\"https:\/\/www.visit-ulcinj.com\/blog\/2009\/04\/25\/juna-dhe-eltoni-duhet-te-largojme-zyshen\/#primaryimage\"},\"datePublished\":\"2009-04-25T00:06:50+00:00\",\"dateModified\":\"2009-04-25T00:06:50+00:00\",\"author\":{\"@id\":\"https:\/\/www.visit-ulcinj.com\/blog\/#\/schema\/person\/dcab619c614d3038751c63bc2aadc06d\"},\"description\":\"Big Brother Albania 2 - Eltoni dhe Juna, n\u00c3\u00ab kop\u00c3\u00absht bisedojn\u00c3\u00ab p\u00c3\u00abr fundin e Big Brother. Ata b\u00c3\u00abjn\u00c3\u00ab disa llogaritje dhe thon\u00c3\u00ab se p\u00c3\u00abr tre jav\u00c3\u00ab mbaron spektakli.\",\"breadcrumb\":{\"@id\":\"https:\/\/www.visit-ulcinj.com\/blog\/2009\/04\/25\/juna-dhe-eltoni-duhet-te-largojme-zyshen\/#breadcrumb\"},\"inLanguage\":\"en-US\",\"potentialAction\":[{\"@type\":\"ReadAction\",\"target\":[\"https:\/\/www.visit-ulcinj.com\/blog\/2009\/04\/25\/juna-dhe-eltoni-duhet-te-largojme-zyshen\/\"]}]},{\"@type\":\"BreadcrumbList\",\"@id\":\"https:\/\/www.visit-ulcinj.com\/blog\/2009\/04\/25\/juna-dhe-eltoni-duhet-te-largojme-zyshen\/#breadcrumb\",\"itemListElement\":[{\"@type\":\"ListItem\",\"position\":1,\"name\":\"Juna dhe Eltoni : Duhet t\u00eb largojm\u00eb zysh\u00ebn\"}]},{\"@type\":\"Person\",\"@id\":\"https:\/\/www.visit-ulcinj.com\/blog\/#\/schema\/person\/dcab619c614d3038751c63bc2aadc06d\",\"name\":\"ulqini\",\"sameAs\":[\"http:\/\/www.visit-ulcinj.com\"],\"url\":\"https:\/\/www.visit-ulcinj.com\/blog\/author\/admin\/\"}]}<\/script>\n<!-- \/ Yoast SEO plugin. -->","yoast_head_json":{"title":"Juna dhe Eltoni : Duhet t\u00c3\u00ab largojm\u00c3\u00ab zysh\u00c3\u00abn | Big Brother Albania 2","description":"Big Brother Albania 2 - Eltoni dhe Juna, n\u00c3\u00ab kop\u00c3\u00absht bisedojn\u00c3\u00ab p\u00c3\u00abr fundin e Big Brother. Ata b\u00c3\u00abjn\u00c3\u00ab disa llogaritje dhe thon\u00c3\u00ab se p\u00c3\u00abr tre jav\u00c3\u00ab mbaron spektakli.","robots":{"index":"index","follow":"follow","max-snippet":"max-snippet:-1","max-image-preview":"max-image-preview:large","max-video-preview":"max-video-preview:-1"},"canonical":"https:\/\/www.visit-ulcinj.com\/blog\/2009\/04\/25\/juna-dhe-eltoni-duhet-te-largojme-zyshen\/","og_locale":"en_US","og_type":"article","og_title":"Juna dhe Eltoni : Duhet t\u00c3\u00ab largojm\u00c3\u00ab zysh\u00c3\u00abn | Big Brother Albania 2","og_description":"Big Brother Albania 2 - Eltoni dhe Juna, n\u00c3\u00ab kop\u00c3\u00absht bisedojn\u00c3\u00ab p\u00c3\u00abr fundin e Big Brother. Ata b\u00c3\u00abjn\u00c3\u00ab disa llogaritje dhe thon\u00c3\u00ab se p\u00c3\u00abr tre jav\u00c3\u00ab mbaron spektakli.","og_url":"https:\/\/www.visit-ulcinj.com\/blog\/2009\/04\/25\/juna-dhe-eltoni-duhet-te-largojme-zyshen\/","og_site_name":"Lajme nga Ulqini","article_published_time":"2009-04-25T00:06:50+00:00","og_image":[{"url":"http:\/\/www.visit-ulcinj.com\/blog\/wp-content\/uploads\/2009\/04\/te-largojme-zyshen.jpg"}],"twitter_misc":{"Written by":"ulqini","Est. reading time":"1 minute"},"schema":{"@context":"https:\/\/schema.org","@graph":[{"@type":"WebSite","@id":"https:\/\/www.visit-ulcinj.com\/blog\/#website","url":"https:\/\/www.visit-ulcinj.com\/blog\/","name":"Lajme nga Ulqini","description":"Lajme,Vijesti,Ulqini,Ulqin,Crna Gora,Mali i Zi","potentialAction":[{"@type":"SearchAction","target":{"@type":"EntryPoint","urlTemplate":"https:\/\/www.visit-ulcinj.com\/blog\/?s={search_term_string}"},"query-input":"required name=search_term_string"}],"inLanguage":"en-US"},{"@type":"ImageObject","inLanguage":"en-US","@id":"https:\/\/www.visit-ulcinj.com\/blog\/2009\/04\/25\/juna-dhe-eltoni-duhet-te-largojme-zyshen\/#primaryimage","url":"http:\/\/www.visit-ulcinj.com\/blog\/wp-content\/uploads\/2009\/04\/te-largojme-zyshen.jpg","contentUrl":"http:\/\/www.visit-ulcinj.com\/blog\/wp-content\/uploads\/2009\/04\/te-largojme-zyshen.jpg"},{"@type":"WebPage","@id":"https:\/\/www.visit-ulcinj.com\/blog\/2009\/04\/25\/juna-dhe-eltoni-duhet-te-largojme-zyshen\/#webpage","url":"https:\/\/www.visit-ulcinj.com\/blog\/2009\/04\/25\/juna-dhe-eltoni-duhet-te-largojme-zyshen\/","name":"Juna dhe Eltoni : Duhet t\u00c3\u00ab largojm\u00c3\u00ab zysh\u00c3\u00abn | Big Brother Albania 2","isPartOf":{"@id":"https:\/\/www.visit-ulcinj.com\/blog\/#website"},"primaryImageOfPage":{"@id":"https:\/\/www.visit-ulcinj.com\/blog\/2009\/04\/25\/juna-dhe-eltoni-duhet-te-largojme-zyshen\/#primaryimage"},"datePublished":"2009-04-25T00:06:50+00:00","dateModified":"2009-04-25T00:06:50+00:00","author":{"@id":"https:\/\/www.visit-ulcinj.com\/blog\/#\/schema\/person\/dcab619c614d3038751c63bc2aadc06d"},"description":"Big Brother Albania 2 - Eltoni dhe Juna, n\u00c3\u00ab kop\u00c3\u00absht bisedojn\u00c3\u00ab p\u00c3\u00abr fundin e Big Brother. Ata b\u00c3\u00abjn\u00c3\u00ab disa llogaritje dhe thon\u00c3\u00ab se p\u00c3\u00abr tre jav\u00c3\u00ab mbaron spektakli.","breadcrumb":{"@id":"https:\/\/www.visit-ulcinj.com\/blog\/2009\/04\/25\/juna-dhe-eltoni-duhet-te-largojme-zyshen\/#breadcrumb"},"inLanguage":"en-US","potentialAction":[{"@type":"ReadAction","target":["https:\/\/www.visit-ulcinj.com\/blog\/2009\/04\/25\/juna-dhe-eltoni-duhet-te-largojme-zyshen\/"]}]},{"@type":"BreadcrumbList","@id":"https:\/\/www.visit-ulcinj.com\/blog\/2009\/04\/25\/juna-dhe-eltoni-duhet-te-largojme-zyshen\/#breadcrumb","itemListElement":[{"@type":"ListItem","position":1,"name":"Juna dhe Eltoni : Duhet t\u00eb largojm\u00eb zysh\u00ebn"}]},{"@type":"Person","@id":"https:\/\/www.visit-ulcinj.com\/blog\/#\/schema\/person\/dcab619c614d3038751c63bc2aadc06d","name":"ulqini","sameAs":["http:\/\/www.visit-ulcinj.com"],"url":"https:\/\/www.visit-ulcinj.com\/blog\/author\/admin\/"}]}},"jetpack_featured_media_url":"","jetpack_sharing_enabled":true,"jetpack_shortlink":"https:\/\/wp.me\/pe6lTn-4Xd","_links":{"self":[{"href":"https:\/\/www.visit-ulcinj.com\/blog\/wp-json\/wp\/v2\/posts\/19047"}],"collection":[{"href":"https:\/\/www.visit-ulcinj.com\/blog\/wp-json\/wp\/v2\/posts"}],"about":[{"href":"https:\/\/www.visit-ulcinj.com\/blog\/wp-json\/wp\/v2\/types\/post"}],"author":[{"embeddable":true,"href":"https:\/\/www.visit-ulcinj.com\/blog\/wp-json\/wp\/v2\/users\/1"}],"replies":[{"embeddable":true,"href":"https:\/\/www.visit-ulcinj.com\/blog\/wp-json\/wp\/v2\/comments?post=19047"}],"version-history":[{"count":0,"href":"https:\/\/www.visit-ulcinj.com\/blog\/wp-json\/wp\/v2\/posts\/19047\/revisions"}],"wp:attachment":[{"href":"https:\/\/www.visit-ulcinj.com\/blog\/wp-json\/wp\/v2\/media?parent=19047"}],"wp:term":[{"taxonomy":"category","embeddable":true,"href":"https:\/\/www.visit-ulcinj.com\/blog\/wp-json\/wp\/v2\/categories?post=19047"},{"taxonomy":"post_tag","embeddable":true,"href":"https:\/\/www.visit-ulcinj.com\/blog\/wp-json\/wp\/v2\/tags?post=19047"}],"curies":[{"name":"wp","href":"https:\/\/api.w.org\/{rel}","templated":true}]}}