{"id":19053,"date":"2009-04-25T02:13:36","date_gmt":"2009-04-25T00:13:36","guid":{"rendered":"http:\/\/www.visit-ulcinj.com\/blog\/?p=19053"},"modified":"2009-04-25T02:13:36","modified_gmt":"2009-04-25T00:13:36","slug":"anjeza-dhe-eltoni-kam-frike-per-arjonin","status":"publish","type":"post","link":"https:\/\/www.visit-ulcinj.com\/blog\/2009\/04\/25\/anjeza-dhe-eltoni-kam-frike-per-arjonin\/","title":{"rendered":"Anjeza dhe Eltoni : Kam frik\u00eb p\u00ebr Arjonin"},"content":{"rendered":"<p><em><span class=\"newsdate\"><a href=\"http:\/\/www.visit-ulcinj.com\/blog\/wp-content\/uploads\/2009\/04\/anjeza-per-arjonfrike.jpg\"><img loading=\"lazy\" class=\"alignleft size-full wp-image-19054\" title=\"anjeza-per-arjonfrike-big-brother-albania-2\" src=\"http:\/\/www.visit-ulcinj.com\/blog\/wp-content\/uploads\/2009\/04\/anjeza-per-arjonfrike.jpg\" alt=\"anjeza-per-arjonfrike-big-brother-albania-2\" width=\"300\" height=\"205\" \/><\/a>24\/04\/09 14:10<\/span><\/em><\/p>\n<p>Anjeza i tregon Eltonit se ka frik\u00eb se ndoshta Arjoni del k\u00ebt\u00eb t\u00eb shtun\u00eb. Ajo shprehet se ka nj\u00eb ndjesi t\u00eb till\u00eb, por Arjonit nuk i ka th\u00ebn\u00eb asgj\u00eb sepse m\u00ebrzitet. Sipas saj, kjo jav\u00eb \u00ebsht\u00eb m\u00eb e rrezikshme p\u00ebr Arjonin se sa java e kaluar. \u201cPse kur un\u00eb filloj t\u00eb ndjehem mir\u00eb, do ndodh\u00eb dicka q\u00eb do ma prish\u00eb\u201d- shprehet Anjeza, duke treguar k\u00ebshtu frik\u00ebn e saj t\u00eb brendshme. Ajo lutet q\u00eb t\u00eb mos ket\u00eb e nes\u00ebrmja dita e fundit p\u00ebr ata t\u00eb dy q\u00eb t\u00eb jen\u00eb bashk\u00eb n\u00eb sht\u00ebpi. Megjithat\u00eb, Anjeza mendon se n\u00eb mos Arjoni, ajo mund t\u00eb dal\u00eb k\u00ebt\u00eb t\u00eb shtun\u00eb. Eltoni i jep zem\u00ebr se asgj\u00eb nga k\u00ebto s\u2019kan\u00eb p\u00ebr t\u00eb ndodhur.<\/p>\n","protected":false},"excerpt":{"rendered":"<p>24\/04\/09 14:10 Anjeza i tregon Eltonit se ka frik\u00eb se ndoshta Arjoni del k\u00ebt\u00eb t\u00eb shtun\u00eb. Ajo shprehet se ka nj\u00eb ndjesi t\u00eb till\u00eb, por Arjonit nuk i ka th\u00ebn\u00eb asgj\u00eb sepse m\u00ebrzitet. Sipas saj, kjo jav\u00eb \u00ebsht\u00eb m\u00eb e rrezikshme p\u00ebr Arjonin se sa java e kaluar. \u201cPse kur un\u00eb filloj t\u00eb ndjehem mir\u00eb, [&hellip;]<\/p>\n","protected":false},"author":1,"featured_media":0,"comment_status":"open","ping_status":"closed","sticky":false,"template":"","format":"standard","meta":{"spay_email":"","jetpack_publicize_message":"","jetpack_is_tweetstorm":false,"jetpack_publicize_feature_enabled":true},"categories":[6502],"tags":[8289,6525,5057,6506,6516,6712,7129,9116,6891,6693,6887],"jetpack_publicize_connections":[],"yoast_head":"<!-- This site is optimized with the Yoast SEO plugin v19.1 - https:\/\/yoast.com\/wordpress\/plugins\/seo\/ -->\n<title>Anjeza dhe Eltoni : Kam frik\u00c3\u00ab p\u00c3\u00abr Arjonin | Big Brother Albania 2<\/title>\n<meta name=\"description\" content=\"Big Brother Albania 2 - Anjeza i tregon Eltonit se ka frik\u00c3\u00ab se ndoshta Arjoni del k\u00c3\u00abt\u00c3\u00ab t\u00c3\u00ab shtun\u00c3\u00ab. Ajo shprehet se ka nj\u00c3\u00ab ndjesi t\u00c3\u00ab till\u00c3\u00ab, por Arjonit nuk i ka th\u00c3\u00abn\u00c3\u00ab asgj\u00c3\u00ab sepse m\u00c3\u00abrzitet.\" \/>\n<meta name=\"robots\" content=\"index, follow, max-snippet:-1, max-image-preview:large, max-video-preview:-1\" \/>\n<link rel=\"canonical\" href=\"https:\/\/www.visit-ulcinj.com\/blog\/2009\/04\/25\/anjeza-dhe-eltoni-kam-frike-per-arjonin\/\" \/>\n<meta property=\"og:locale\" content=\"en_US\" \/>\n<meta property=\"og:type\" content=\"article\" \/>\n<meta property=\"og:title\" content=\"Anjeza dhe Eltoni : Kam frik\u00c3\u00ab p\u00c3\u00abr Arjonin | Big Brother Albania 2\" \/>\n<meta property=\"og:description\" content=\"Big Brother Albania 2 - Anjeza i tregon Eltonit se ka frik\u00c3\u00ab se ndoshta Arjoni del k\u00c3\u00abt\u00c3\u00ab t\u00c3\u00ab shtun\u00c3\u00ab. Ajo shprehet se ka nj\u00c3\u00ab ndjesi t\u00c3\u00ab till\u00c3\u00ab, por Arjonit nuk i ka th\u00c3\u00abn\u00c3\u00ab asgj\u00c3\u00ab sepse m\u00c3\u00abrzitet.\" \/>\n<meta property=\"og:url\" content=\"https:\/\/www.visit-ulcinj.com\/blog\/2009\/04\/25\/anjeza-dhe-eltoni-kam-frike-per-arjonin\/\" \/>\n<meta property=\"og:site_name\" content=\"Lajme nga Ulqini\" \/>\n<meta property=\"article:published_time\" content=\"2009-04-25T00:13:36+00:00\" \/>\n<meta property=\"og:image\" content=\"http:\/\/www.visit-ulcinj.com\/blog\/wp-content\/uploads\/2009\/04\/anjeza-per-arjonfrike.jpg\" \/>\n<meta name=\"twitter:label1\" content=\"Written by\" \/>\n\t<meta name=\"twitter:data1\" content=\"ulqini\" \/>\n\t<meta name=\"twitter:label2\" content=\"Est. reading time\" \/>\n\t<meta name=\"twitter:data2\" content=\"1 minute\" \/>\n<script type=\"application\/ld+json\" class=\"yoast-schema-graph\">{\"@context\":\"https:\/\/schema.org\",\"@graph\":[{\"@type\":\"WebSite\",\"@id\":\"https:\/\/www.visit-ulcinj.com\/blog\/#website\",\"url\":\"https:\/\/www.visit-ulcinj.com\/blog\/\",\"name\":\"Lajme nga Ulqini\",\"description\":\"Lajme,Vijesti,Ulqini,Ulqin,Crna Gora,Mali i Zi\",\"potentialAction\":[{\"@type\":\"SearchAction\",\"target\":{\"@type\":\"EntryPoint\",\"urlTemplate\":\"https:\/\/www.visit-ulcinj.com\/blog\/?s={search_term_string}\"},\"query-input\":\"required name=search_term_string\"}],\"inLanguage\":\"en-US\"},{\"@type\":\"ImageObject\",\"inLanguage\":\"en-US\",\"@id\":\"https:\/\/www.visit-ulcinj.com\/blog\/2009\/04\/25\/anjeza-dhe-eltoni-kam-frike-per-arjonin\/#primaryimage\",\"url\":\"http:\/\/www.visit-ulcinj.com\/blog\/wp-content\/uploads\/2009\/04\/anjeza-per-arjonfrike.jpg\",\"contentUrl\":\"http:\/\/www.visit-ulcinj.com\/blog\/wp-content\/uploads\/2009\/04\/anjeza-per-arjonfrike.jpg\"},{\"@type\":\"WebPage\",\"@id\":\"https:\/\/www.visit-ulcinj.com\/blog\/2009\/04\/25\/anjeza-dhe-eltoni-kam-frike-per-arjonin\/#webpage\",\"url\":\"https:\/\/www.visit-ulcinj.com\/blog\/2009\/04\/25\/anjeza-dhe-eltoni-kam-frike-per-arjonin\/\",\"name\":\"Anjeza dhe Eltoni : Kam frik\u00c3\u00ab p\u00c3\u00abr Arjonin | Big Brother Albania 2\",\"isPartOf\":{\"@id\":\"https:\/\/www.visit-ulcinj.com\/blog\/#website\"},\"primaryImageOfPage\":{\"@id\":\"https:\/\/www.visit-ulcinj.com\/blog\/2009\/04\/25\/anjeza-dhe-eltoni-kam-frike-per-arjonin\/#primaryimage\"},\"datePublished\":\"2009-04-25T00:13:36+00:00\",\"dateModified\":\"2009-04-25T00:13:36+00:00\",\"author\":{\"@id\":\"https:\/\/www.visit-ulcinj.com\/blog\/#\/schema\/person\/dcab619c614d3038751c63bc2aadc06d\"},\"description\":\"Big Brother Albania 2 - Anjeza i tregon Eltonit se ka frik\u00c3\u00ab se ndoshta Arjoni del k\u00c3\u00abt\u00c3\u00ab t\u00c3\u00ab shtun\u00c3\u00ab. Ajo shprehet se ka nj\u00c3\u00ab ndjesi t\u00c3\u00ab till\u00c3\u00ab, por Arjonit nuk i ka th\u00c3\u00abn\u00c3\u00ab asgj\u00c3\u00ab sepse m\u00c3\u00abrzitet.\",\"breadcrumb\":{\"@id\":\"https:\/\/www.visit-ulcinj.com\/blog\/2009\/04\/25\/anjeza-dhe-eltoni-kam-frike-per-arjonin\/#breadcrumb\"},\"inLanguage\":\"en-US\",\"potentialAction\":[{\"@type\":\"ReadAction\",\"target\":[\"https:\/\/www.visit-ulcinj.com\/blog\/2009\/04\/25\/anjeza-dhe-eltoni-kam-frike-per-arjonin\/\"]}]},{\"@type\":\"BreadcrumbList\",\"@id\":\"https:\/\/www.visit-ulcinj.com\/blog\/2009\/04\/25\/anjeza-dhe-eltoni-kam-frike-per-arjonin\/#breadcrumb\",\"itemListElement\":[{\"@type\":\"ListItem\",\"position\":1,\"name\":\"Anjeza dhe Eltoni : Kam frik\u00eb p\u00ebr Arjonin\"}]},{\"@type\":\"Person\",\"@id\":\"https:\/\/www.visit-ulcinj.com\/blog\/#\/schema\/person\/dcab619c614d3038751c63bc2aadc06d\",\"name\":\"ulqini\",\"sameAs\":[\"http:\/\/www.visit-ulcinj.com\"],\"url\":\"https:\/\/www.visit-ulcinj.com\/blog\/author\/admin\/\"}]}<\/script>\n<!-- \/ Yoast SEO plugin. -->","yoast_head_json":{"title":"Anjeza dhe Eltoni : Kam frik\u00c3\u00ab p\u00c3\u00abr Arjonin | Big Brother Albania 2","description":"Big Brother Albania 2 - Anjeza i tregon Eltonit se ka frik\u00c3\u00ab se ndoshta Arjoni del k\u00c3\u00abt\u00c3\u00ab t\u00c3\u00ab shtun\u00c3\u00ab. Ajo shprehet se ka nj\u00c3\u00ab ndjesi t\u00c3\u00ab till\u00c3\u00ab, por Arjonit nuk i ka th\u00c3\u00abn\u00c3\u00ab asgj\u00c3\u00ab sepse m\u00c3\u00abrzitet.","robots":{"index":"index","follow":"follow","max-snippet":"max-snippet:-1","max-image-preview":"max-image-preview:large","max-video-preview":"max-video-preview:-1"},"canonical":"https:\/\/www.visit-ulcinj.com\/blog\/2009\/04\/25\/anjeza-dhe-eltoni-kam-frike-per-arjonin\/","og_locale":"en_US","og_type":"article","og_title":"Anjeza dhe Eltoni : Kam frik\u00c3\u00ab p\u00c3\u00abr Arjonin | Big Brother Albania 2","og_description":"Big Brother Albania 2 - Anjeza i tregon Eltonit se ka frik\u00c3\u00ab se ndoshta Arjoni del k\u00c3\u00abt\u00c3\u00ab t\u00c3\u00ab shtun\u00c3\u00ab. Ajo shprehet se ka nj\u00c3\u00ab ndjesi t\u00c3\u00ab till\u00c3\u00ab, por Arjonit nuk i ka th\u00c3\u00abn\u00c3\u00ab asgj\u00c3\u00ab sepse m\u00c3\u00abrzitet.","og_url":"https:\/\/www.visit-ulcinj.com\/blog\/2009\/04\/25\/anjeza-dhe-eltoni-kam-frike-per-arjonin\/","og_site_name":"Lajme nga Ulqini","article_published_time":"2009-04-25T00:13:36+00:00","og_image":[{"url":"http:\/\/www.visit-ulcinj.com\/blog\/wp-content\/uploads\/2009\/04\/anjeza-per-arjonfrike.jpg"}],"twitter_misc":{"Written by":"ulqini","Est. reading time":"1 minute"},"schema":{"@context":"https:\/\/schema.org","@graph":[{"@type":"WebSite","@id":"https:\/\/www.visit-ulcinj.com\/blog\/#website","url":"https:\/\/www.visit-ulcinj.com\/blog\/","name":"Lajme nga Ulqini","description":"Lajme,Vijesti,Ulqini,Ulqin,Crna Gora,Mali i Zi","potentialAction":[{"@type":"SearchAction","target":{"@type":"EntryPoint","urlTemplate":"https:\/\/www.visit-ulcinj.com\/blog\/?s={search_term_string}"},"query-input":"required name=search_term_string"}],"inLanguage":"en-US"},{"@type":"ImageObject","inLanguage":"en-US","@id":"https:\/\/www.visit-ulcinj.com\/blog\/2009\/04\/25\/anjeza-dhe-eltoni-kam-frike-per-arjonin\/#primaryimage","url":"http:\/\/www.visit-ulcinj.com\/blog\/wp-content\/uploads\/2009\/04\/anjeza-per-arjonfrike.jpg","contentUrl":"http:\/\/www.visit-ulcinj.com\/blog\/wp-content\/uploads\/2009\/04\/anjeza-per-arjonfrike.jpg"},{"@type":"WebPage","@id":"https:\/\/www.visit-ulcinj.com\/blog\/2009\/04\/25\/anjeza-dhe-eltoni-kam-frike-per-arjonin\/#webpage","url":"https:\/\/www.visit-ulcinj.com\/blog\/2009\/04\/25\/anjeza-dhe-eltoni-kam-frike-per-arjonin\/","name":"Anjeza dhe Eltoni : Kam frik\u00c3\u00ab p\u00c3\u00abr Arjonin | Big Brother Albania 2","isPartOf":{"@id":"https:\/\/www.visit-ulcinj.com\/blog\/#website"},"primaryImageOfPage":{"@id":"https:\/\/www.visit-ulcinj.com\/blog\/2009\/04\/25\/anjeza-dhe-eltoni-kam-frike-per-arjonin\/#primaryimage"},"datePublished":"2009-04-25T00:13:36+00:00","dateModified":"2009-04-25T00:13:36+00:00","author":{"@id":"https:\/\/www.visit-ulcinj.com\/blog\/#\/schema\/person\/dcab619c614d3038751c63bc2aadc06d"},"description":"Big Brother Albania 2 - Anjeza i tregon Eltonit se ka frik\u00c3\u00ab se ndoshta Arjoni del k\u00c3\u00abt\u00c3\u00ab t\u00c3\u00ab shtun\u00c3\u00ab. Ajo shprehet se ka nj\u00c3\u00ab ndjesi t\u00c3\u00ab till\u00c3\u00ab, por Arjonit nuk i ka th\u00c3\u00abn\u00c3\u00ab asgj\u00c3\u00ab sepse m\u00c3\u00abrzitet.","breadcrumb":{"@id":"https:\/\/www.visit-ulcinj.com\/blog\/2009\/04\/25\/anjeza-dhe-eltoni-kam-frike-per-arjonin\/#breadcrumb"},"inLanguage":"en-US","potentialAction":[{"@type":"ReadAction","target":["https:\/\/www.visit-ulcinj.com\/blog\/2009\/04\/25\/anjeza-dhe-eltoni-kam-frike-per-arjonin\/"]}]},{"@type":"BreadcrumbList","@id":"https:\/\/www.visit-ulcinj.com\/blog\/2009\/04\/25\/anjeza-dhe-eltoni-kam-frike-per-arjonin\/#breadcrumb","itemListElement":[{"@type":"ListItem","position":1,"name":"Anjeza dhe Eltoni : Kam frik\u00eb p\u00ebr Arjonin"}]},{"@type":"Person","@id":"https:\/\/www.visit-ulcinj.com\/blog\/#\/schema\/person\/dcab619c614d3038751c63bc2aadc06d","name":"ulqini","sameAs":["http:\/\/www.visit-ulcinj.com"],"url":"https:\/\/www.visit-ulcinj.com\/blog\/author\/admin\/"}]}},"jetpack_featured_media_url":"","jetpack_sharing_enabled":true,"jetpack_shortlink":"https:\/\/wp.me\/pe6lTn-4Xj","_links":{"self":[{"href":"https:\/\/www.visit-ulcinj.com\/blog\/wp-json\/wp\/v2\/posts\/19053"}],"collection":[{"href":"https:\/\/www.visit-ulcinj.com\/blog\/wp-json\/wp\/v2\/posts"}],"about":[{"href":"https:\/\/www.visit-ulcinj.com\/blog\/wp-json\/wp\/v2\/types\/post"}],"author":[{"embeddable":true,"href":"https:\/\/www.visit-ulcinj.com\/blog\/wp-json\/wp\/v2\/users\/1"}],"replies":[{"embeddable":true,"href":"https:\/\/www.visit-ulcinj.com\/blog\/wp-json\/wp\/v2\/comments?post=19053"}],"version-history":[{"count":0,"href":"https:\/\/www.visit-ulcinj.com\/blog\/wp-json\/wp\/v2\/posts\/19053\/revisions"}],"wp:attachment":[{"href":"https:\/\/www.visit-ulcinj.com\/blog\/wp-json\/wp\/v2\/media?parent=19053"}],"wp:term":[{"taxonomy":"category","embeddable":true,"href":"https:\/\/www.visit-ulcinj.com\/blog\/wp-json\/wp\/v2\/categories?post=19053"},{"taxonomy":"post_tag","embeddable":true,"href":"https:\/\/www.visit-ulcinj.com\/blog\/wp-json\/wp\/v2\/tags?post=19053"}],"curies":[{"name":"wp","href":"https:\/\/api.w.org\/{rel}","templated":true}]}}