{"id":19057,"date":"2009-04-25T02:17:52","date_gmt":"2009-04-25T00:17:52","guid":{"rendered":"http:\/\/www.visit-ulcinj.com\/blog\/?p=19057"},"modified":"2009-04-25T02:17:52","modified_gmt":"2009-04-25T00:17:52","slug":"adelajda-dhe-mimoza-neser-ne-nominim","status":"publish","type":"post","link":"https:\/\/www.visit-ulcinj.com\/blog\/2009\/04\/25\/adelajda-dhe-mimoza-neser-ne-nominim\/","title":{"rendered":"Adelajda dhe Mimoza : Nes\u00ebr n\u00eb nominim"},"content":{"rendered":"<p><em><span class=\"newsdate\"><a href=\"http:\/\/www.visit-ulcinj.com\/blog\/wp-content\/uploads\/2009\/04\/adelamozanomindalja.jpg\"><img loading=\"lazy\" class=\"alignleft size-full wp-image-19058\" title=\"adelamozanomindalja\" src=\"http:\/\/www.visit-ulcinj.com\/blog\/wp-content\/uploads\/2009\/04\/adelamozanomindalja.jpg\" alt=\"adelamozanomindalja\" width=\"300\" height=\"205\" \/><\/a>24\/04\/09 14:55<\/span><\/em><\/p>\n<p>Adela dhe Moza sapo jan\u00eb zgjuar nga gjumi dhe dalin n\u00eb kp\u00ebsht p\u00ebr t\u00eb ngr\u00ebn\u00eb m\u00ebngjesin. Ato fillojn\u00eb t\u00eb bisedojn\u00eb p\u00ebr t\u00eb shtun\u00ebn. Adela shprehet se nes\u00ebr do t\u00eb dal\u00eb n\u00eb nominim patjet\u00ebr dhe se mjaft pushime b\u00ebri. Edhe Moza mendon k\u00ebshtu se k\u00ebt\u00eb jav\u00eb ka p\u00ebr t\u00eb dal\u00eb dhe ajo n\u00eb nominim. Ato bisedojn\u00eb edhe se cili banor mund t\u00eb dal\u00eb nes\u00ebr. Adela mendon se do t\u00eb jet\u00eb djal\u00eb sepse jan\u00eb m\u00eb shum\u00eb n\u00eb num\u00ebr por do t\u00eb d\u00ebshironte t\u00eb dilte Juna. Moza mendon se ka p\u00ebr t\u00eb dal\u00eb Ari, por Adela thot\u00eb se me aq sa ka th\u00ebn\u00eb Ari, ai ka shum\u00eb shoq\u00ebri q\u00eb do t\u00eb donin e do t\u00eb realizonin q\u00ebndrimin e tij p\u00ebr nj\u00eb koh\u00eb t\u00eb gjat\u00eb n\u00eb sht\u00ebpi. Ajo shton se nj\u00eb pretendent i mir\u00eb p\u00ebr t\u00eb dal\u00eb mund t\u00eb jet\u00eb Arjoni.<\/p>\n","protected":false},"excerpt":{"rendered":"<p>24\/04\/09 14:55 Adela dhe Moza sapo jan\u00eb zgjuar nga gjumi dhe dalin n\u00eb kp\u00ebsht p\u00ebr t\u00eb ngr\u00ebn\u00eb m\u00ebngjesin. Ato fillojn\u00eb t\u00eb bisedojn\u00eb p\u00ebr t\u00eb shtun\u00ebn. Adela shprehet se nes\u00ebr do t\u00eb dal\u00eb n\u00eb nominim patjet\u00ebr dhe se mjaft pushime b\u00ebri. Edhe Moza mendon k\u00ebshtu se k\u00ebt\u00eb jav\u00eb ka p\u00ebr t\u00eb dal\u00eb dhe ajo n\u00eb nominim. [&hellip;]<\/p>\n","protected":false},"author":1,"featured_media":0,"comment_status":"open","ping_status":"closed","sticky":false,"template":"","format":"standard","meta":{"spay_email":"","jetpack_publicize_message":"","jetpack_is_tweetstorm":false,"jetpack_publicize_feature_enabled":true},"categories":[6502],"tags":[6529,5057,6506,6516,6712,7129,6544,6757,6891,6693,6887],"jetpack_publicize_connections":[],"yoast_head":"<!-- This site is optimized with the Yoast SEO plugin v19.1 - https:\/\/yoast.com\/wordpress\/plugins\/seo\/ -->\n<title>Adelajda dhe Mimoza : Nes\u00c3\u00abr n\u00c3\u00ab nominim | Big Brother Albania 2<\/title>\n<meta name=\"description\" content=\"Big Brother Albania 2 - Adela dhe Moza sapo jan\u00c3\u00ab zgjuar nga gjumi dhe dalin n\u00c3\u00ab kp\u00c3\u00absht p\u00c3\u00abr t\u00c3\u00ab ngr\u00c3\u00abn\u00c3\u00ab m\u00c3\u00abngjesin. Ato fillojn\u00c3\u00ab t\u00c3\u00ab bisedojn\u00c3\u00ab p\u00c3\u00abr t\u00c3\u00ab shtun\u00c3\u00abn.\" \/>\n<meta name=\"robots\" content=\"index, follow, max-snippet:-1, max-image-preview:large, max-video-preview:-1\" \/>\n<link rel=\"canonical\" href=\"https:\/\/www.visit-ulcinj.com\/blog\/2009\/04\/25\/adelajda-dhe-mimoza-neser-ne-nominim\/\" \/>\n<meta property=\"og:locale\" content=\"en_US\" \/>\n<meta property=\"og:type\" content=\"article\" \/>\n<meta property=\"og:title\" content=\"Adelajda dhe Mimoza : Nes\u00c3\u00abr n\u00c3\u00ab nominim | Big Brother Albania 2\" \/>\n<meta property=\"og:description\" content=\"Big Brother Albania 2 - Adela dhe Moza sapo jan\u00c3\u00ab zgjuar nga gjumi dhe dalin n\u00c3\u00ab kp\u00c3\u00absht p\u00c3\u00abr t\u00c3\u00ab ngr\u00c3\u00abn\u00c3\u00ab m\u00c3\u00abngjesin. Ato fillojn\u00c3\u00ab t\u00c3\u00ab bisedojn\u00c3\u00ab p\u00c3\u00abr t\u00c3\u00ab shtun\u00c3\u00abn.\" \/>\n<meta property=\"og:url\" content=\"https:\/\/www.visit-ulcinj.com\/blog\/2009\/04\/25\/adelajda-dhe-mimoza-neser-ne-nominim\/\" \/>\n<meta property=\"og:site_name\" content=\"Lajme nga Ulqini\" \/>\n<meta property=\"article:published_time\" content=\"2009-04-25T00:17:52+00:00\" \/>\n<meta property=\"og:image\" content=\"http:\/\/www.visit-ulcinj.com\/blog\/wp-content\/uploads\/2009\/04\/adelamozanomindalja.jpg\" \/>\n<meta name=\"twitter:label1\" content=\"Written by\" \/>\n\t<meta name=\"twitter:data1\" content=\"ulqini\" \/>\n\t<meta name=\"twitter:label2\" content=\"Est. reading time\" \/>\n\t<meta name=\"twitter:data2\" content=\"1 minute\" \/>\n<script type=\"application\/ld+json\" class=\"yoast-schema-graph\">{\"@context\":\"https:\/\/schema.org\",\"@graph\":[{\"@type\":\"WebSite\",\"@id\":\"https:\/\/www.visit-ulcinj.com\/blog\/#website\",\"url\":\"https:\/\/www.visit-ulcinj.com\/blog\/\",\"name\":\"Lajme nga Ulqini\",\"description\":\"Lajme,Vijesti,Ulqini,Ulqin,Crna Gora,Mali i Zi\",\"potentialAction\":[{\"@type\":\"SearchAction\",\"target\":{\"@type\":\"EntryPoint\",\"urlTemplate\":\"https:\/\/www.visit-ulcinj.com\/blog\/?s={search_term_string}\"},\"query-input\":\"required name=search_term_string\"}],\"inLanguage\":\"en-US\"},{\"@type\":\"ImageObject\",\"inLanguage\":\"en-US\",\"@id\":\"https:\/\/www.visit-ulcinj.com\/blog\/2009\/04\/25\/adelajda-dhe-mimoza-neser-ne-nominim\/#primaryimage\",\"url\":\"http:\/\/www.visit-ulcinj.com\/blog\/wp-content\/uploads\/2009\/04\/adelamozanomindalja.jpg\",\"contentUrl\":\"http:\/\/www.visit-ulcinj.com\/blog\/wp-content\/uploads\/2009\/04\/adelamozanomindalja.jpg\"},{\"@type\":\"WebPage\",\"@id\":\"https:\/\/www.visit-ulcinj.com\/blog\/2009\/04\/25\/adelajda-dhe-mimoza-neser-ne-nominim\/#webpage\",\"url\":\"https:\/\/www.visit-ulcinj.com\/blog\/2009\/04\/25\/adelajda-dhe-mimoza-neser-ne-nominim\/\",\"name\":\"Adelajda dhe Mimoza : Nes\u00c3\u00abr n\u00c3\u00ab nominim | Big Brother Albania 2\",\"isPartOf\":{\"@id\":\"https:\/\/www.visit-ulcinj.com\/blog\/#website\"},\"primaryImageOfPage\":{\"@id\":\"https:\/\/www.visit-ulcinj.com\/blog\/2009\/04\/25\/adelajda-dhe-mimoza-neser-ne-nominim\/#primaryimage\"},\"datePublished\":\"2009-04-25T00:17:52+00:00\",\"dateModified\":\"2009-04-25T00:17:52+00:00\",\"author\":{\"@id\":\"https:\/\/www.visit-ulcinj.com\/blog\/#\/schema\/person\/dcab619c614d3038751c63bc2aadc06d\"},\"description\":\"Big Brother Albania 2 - Adela dhe Moza sapo jan\u00c3\u00ab zgjuar nga gjumi dhe dalin n\u00c3\u00ab kp\u00c3\u00absht p\u00c3\u00abr t\u00c3\u00ab ngr\u00c3\u00abn\u00c3\u00ab m\u00c3\u00abngjesin. Ato fillojn\u00c3\u00ab t\u00c3\u00ab bisedojn\u00c3\u00ab p\u00c3\u00abr t\u00c3\u00ab shtun\u00c3\u00abn.\",\"breadcrumb\":{\"@id\":\"https:\/\/www.visit-ulcinj.com\/blog\/2009\/04\/25\/adelajda-dhe-mimoza-neser-ne-nominim\/#breadcrumb\"},\"inLanguage\":\"en-US\",\"potentialAction\":[{\"@type\":\"ReadAction\",\"target\":[\"https:\/\/www.visit-ulcinj.com\/blog\/2009\/04\/25\/adelajda-dhe-mimoza-neser-ne-nominim\/\"]}]},{\"@type\":\"BreadcrumbList\",\"@id\":\"https:\/\/www.visit-ulcinj.com\/blog\/2009\/04\/25\/adelajda-dhe-mimoza-neser-ne-nominim\/#breadcrumb\",\"itemListElement\":[{\"@type\":\"ListItem\",\"position\":1,\"name\":\"Adelajda dhe Mimoza : Nes\u00ebr n\u00eb nominim\"}]},{\"@type\":\"Person\",\"@id\":\"https:\/\/www.visit-ulcinj.com\/blog\/#\/schema\/person\/dcab619c614d3038751c63bc2aadc06d\",\"name\":\"ulqini\",\"sameAs\":[\"http:\/\/www.visit-ulcinj.com\"],\"url\":\"https:\/\/www.visit-ulcinj.com\/blog\/author\/admin\/\"}]}<\/script>\n<!-- \/ Yoast SEO plugin. -->","yoast_head_json":{"title":"Adelajda dhe Mimoza : Nes\u00c3\u00abr n\u00c3\u00ab nominim | Big Brother Albania 2","description":"Big Brother Albania 2 - Adela dhe Moza sapo jan\u00c3\u00ab zgjuar nga gjumi dhe dalin n\u00c3\u00ab kp\u00c3\u00absht p\u00c3\u00abr t\u00c3\u00ab ngr\u00c3\u00abn\u00c3\u00ab m\u00c3\u00abngjesin. Ato fillojn\u00c3\u00ab t\u00c3\u00ab bisedojn\u00c3\u00ab p\u00c3\u00abr t\u00c3\u00ab shtun\u00c3\u00abn.","robots":{"index":"index","follow":"follow","max-snippet":"max-snippet:-1","max-image-preview":"max-image-preview:large","max-video-preview":"max-video-preview:-1"},"canonical":"https:\/\/www.visit-ulcinj.com\/blog\/2009\/04\/25\/adelajda-dhe-mimoza-neser-ne-nominim\/","og_locale":"en_US","og_type":"article","og_title":"Adelajda dhe Mimoza : Nes\u00c3\u00abr n\u00c3\u00ab nominim | Big Brother Albania 2","og_description":"Big Brother Albania 2 - Adela dhe Moza sapo jan\u00c3\u00ab zgjuar nga gjumi dhe dalin n\u00c3\u00ab kp\u00c3\u00absht p\u00c3\u00abr t\u00c3\u00ab ngr\u00c3\u00abn\u00c3\u00ab m\u00c3\u00abngjesin. Ato fillojn\u00c3\u00ab t\u00c3\u00ab bisedojn\u00c3\u00ab p\u00c3\u00abr t\u00c3\u00ab shtun\u00c3\u00abn.","og_url":"https:\/\/www.visit-ulcinj.com\/blog\/2009\/04\/25\/adelajda-dhe-mimoza-neser-ne-nominim\/","og_site_name":"Lajme nga Ulqini","article_published_time":"2009-04-25T00:17:52+00:00","og_image":[{"url":"http:\/\/www.visit-ulcinj.com\/blog\/wp-content\/uploads\/2009\/04\/adelamozanomindalja.jpg"}],"twitter_misc":{"Written by":"ulqini","Est. reading time":"1 minute"},"schema":{"@context":"https:\/\/schema.org","@graph":[{"@type":"WebSite","@id":"https:\/\/www.visit-ulcinj.com\/blog\/#website","url":"https:\/\/www.visit-ulcinj.com\/blog\/","name":"Lajme nga Ulqini","description":"Lajme,Vijesti,Ulqini,Ulqin,Crna Gora,Mali i Zi","potentialAction":[{"@type":"SearchAction","target":{"@type":"EntryPoint","urlTemplate":"https:\/\/www.visit-ulcinj.com\/blog\/?s={search_term_string}"},"query-input":"required name=search_term_string"}],"inLanguage":"en-US"},{"@type":"ImageObject","inLanguage":"en-US","@id":"https:\/\/www.visit-ulcinj.com\/blog\/2009\/04\/25\/adelajda-dhe-mimoza-neser-ne-nominim\/#primaryimage","url":"http:\/\/www.visit-ulcinj.com\/blog\/wp-content\/uploads\/2009\/04\/adelamozanomindalja.jpg","contentUrl":"http:\/\/www.visit-ulcinj.com\/blog\/wp-content\/uploads\/2009\/04\/adelamozanomindalja.jpg"},{"@type":"WebPage","@id":"https:\/\/www.visit-ulcinj.com\/blog\/2009\/04\/25\/adelajda-dhe-mimoza-neser-ne-nominim\/#webpage","url":"https:\/\/www.visit-ulcinj.com\/blog\/2009\/04\/25\/adelajda-dhe-mimoza-neser-ne-nominim\/","name":"Adelajda dhe Mimoza : Nes\u00c3\u00abr n\u00c3\u00ab nominim | Big Brother Albania 2","isPartOf":{"@id":"https:\/\/www.visit-ulcinj.com\/blog\/#website"},"primaryImageOfPage":{"@id":"https:\/\/www.visit-ulcinj.com\/blog\/2009\/04\/25\/adelajda-dhe-mimoza-neser-ne-nominim\/#primaryimage"},"datePublished":"2009-04-25T00:17:52+00:00","dateModified":"2009-04-25T00:17:52+00:00","author":{"@id":"https:\/\/www.visit-ulcinj.com\/blog\/#\/schema\/person\/dcab619c614d3038751c63bc2aadc06d"},"description":"Big Brother Albania 2 - Adela dhe Moza sapo jan\u00c3\u00ab zgjuar nga gjumi dhe dalin n\u00c3\u00ab kp\u00c3\u00absht p\u00c3\u00abr t\u00c3\u00ab ngr\u00c3\u00abn\u00c3\u00ab m\u00c3\u00abngjesin. Ato fillojn\u00c3\u00ab t\u00c3\u00ab bisedojn\u00c3\u00ab p\u00c3\u00abr t\u00c3\u00ab shtun\u00c3\u00abn.","breadcrumb":{"@id":"https:\/\/www.visit-ulcinj.com\/blog\/2009\/04\/25\/adelajda-dhe-mimoza-neser-ne-nominim\/#breadcrumb"},"inLanguage":"en-US","potentialAction":[{"@type":"ReadAction","target":["https:\/\/www.visit-ulcinj.com\/blog\/2009\/04\/25\/adelajda-dhe-mimoza-neser-ne-nominim\/"]}]},{"@type":"BreadcrumbList","@id":"https:\/\/www.visit-ulcinj.com\/blog\/2009\/04\/25\/adelajda-dhe-mimoza-neser-ne-nominim\/#breadcrumb","itemListElement":[{"@type":"ListItem","position":1,"name":"Adelajda dhe Mimoza : Nes\u00ebr n\u00eb nominim"}]},{"@type":"Person","@id":"https:\/\/www.visit-ulcinj.com\/blog\/#\/schema\/person\/dcab619c614d3038751c63bc2aadc06d","name":"ulqini","sameAs":["http:\/\/www.visit-ulcinj.com"],"url":"https:\/\/www.visit-ulcinj.com\/blog\/author\/admin\/"}]}},"jetpack_featured_media_url":"","jetpack_sharing_enabled":true,"jetpack_shortlink":"https:\/\/wp.me\/pe6lTn-4Xn","_links":{"self":[{"href":"https:\/\/www.visit-ulcinj.com\/blog\/wp-json\/wp\/v2\/posts\/19057"}],"collection":[{"href":"https:\/\/www.visit-ulcinj.com\/blog\/wp-json\/wp\/v2\/posts"}],"about":[{"href":"https:\/\/www.visit-ulcinj.com\/blog\/wp-json\/wp\/v2\/types\/post"}],"author":[{"embeddable":true,"href":"https:\/\/www.visit-ulcinj.com\/blog\/wp-json\/wp\/v2\/users\/1"}],"replies":[{"embeddable":true,"href":"https:\/\/www.visit-ulcinj.com\/blog\/wp-json\/wp\/v2\/comments?post=19057"}],"version-history":[{"count":0,"href":"https:\/\/www.visit-ulcinj.com\/blog\/wp-json\/wp\/v2\/posts\/19057\/revisions"}],"wp:attachment":[{"href":"https:\/\/www.visit-ulcinj.com\/blog\/wp-json\/wp\/v2\/media?parent=19057"}],"wp:term":[{"taxonomy":"category","embeddable":true,"href":"https:\/\/www.visit-ulcinj.com\/blog\/wp-json\/wp\/v2\/categories?post=19057"},{"taxonomy":"post_tag","embeddable":true,"href":"https:\/\/www.visit-ulcinj.com\/blog\/wp-json\/wp\/v2\/tags?post=19057"}],"curies":[{"name":"wp","href":"https:\/\/api.w.org\/{rel}","templated":true}]}}