{"id":19061,"date":"2009-04-25T08:19:18","date_gmt":"2009-04-25T06:19:18","guid":{"rendered":"http:\/\/www.visit-ulcinj.com\/blog\/?p=19061"},"modified":"2009-04-26T03:11:22","modified_gmt":"2009-04-26T01:11:22","slug":"bjordi-dhe-adela-arin-shyqyr-qe-e-kemi","status":"publish","type":"post","link":"https:\/\/www.visit-ulcinj.com\/blog\/2009\/04\/25\/bjordi-dhe-adela-arin-shyqyr-qe-e-kemi\/","title":{"rendered":"Bjordi dhe Adela : Arin shyqyr q\u00eb e kemi"},"content":{"rendered":"<p><em><span class=\"newsdate\"><a href=\"http:\/\/www.visit-ulcinj.com\/blog\/wp-content\/uploads\/2009\/04\/bjordiadelae-shtuna-24.jpg\"><img loading=\"lazy\" class=\"alignleft size-full wp-image-19062\" title=\"bjordiadelae-shtuna-24-big-brother-albania-2\" src=\"http:\/\/www.visit-ulcinj.com\/blog\/wp-content\/uploads\/2009\/04\/bjordiadelae-shtuna-24.jpg\" alt=\"bjordiadelae-shtuna-24-big-brother-albania-2\" width=\"300\" height=\"205\" \/><\/a>24\/04\/09 15:33<\/span><\/em><\/p>\n<p>Bjordi dhe Adela bisedojn\u00eb se cili mund t\u00eb dal\u00eb nes\u00ebr. Bjordi thot\u00eb se e ka shum\u00eb t\u00eb v\u00ebshtir\u00eb t\u00eb jap\u00eb nj\u00eb mendim sepse ka filluar t\u00eb mendoj\u00eb se t\u00eb gjith\u00eb jan\u00eb t\u00eb rrezikuar e n\u00eb k\u00ebt\u00eb m\u00ebnyr\u00eb mund t\u00eb dal\u00eb edhe Sori q\u00eb Adela me siguri mendon se nuk del. Sipas tij, edhe Ari mund t\u00eb mos dal\u00eb, madje thot\u00eb p\u00ebr t\u00eb se shyqyr q\u00eb e kan\u00eb. Adela thot\u00eb se Moza i kishte th\u00ebn\u00eb se kishte d\u00ebgjuar n\u00ebp\u00ebr sht\u00ebpi se t\u00eb gjith\u00eb mendojn\u00eb se mund t\u00eb dalin dy banor\u00eb nes\u00ebr. Bjordi ia kthen q\u00eb t\u00eb mos merret me t\u00eb tjer\u00ebt.<\/p>\n","protected":false},"excerpt":{"rendered":"<p>24\/04\/09 15:33 Bjordi dhe Adela bisedojn\u00eb se cili mund t\u00eb dal\u00eb nes\u00ebr. Bjordi thot\u00eb se e ka shum\u00eb t\u00eb v\u00ebshtir\u00eb t\u00eb jap\u00eb nj\u00eb mendim sepse ka filluar t\u00eb mendoj\u00eb se t\u00eb gjith\u00eb jan\u00eb t\u00eb rrezikuar e n\u00eb k\u00ebt\u00eb m\u00ebnyr\u00eb mund t\u00eb dal\u00eb edhe Sori q\u00eb Adela me siguri mendon se nuk del. Sipas tij, edhe [&hellip;]<\/p>\n","protected":false},"author":1,"featured_media":0,"comment_status":"open","ping_status":"closed","sticky":false,"template":"","format":"standard","meta":{"spay_email":"","jetpack_publicize_message":"","jetpack_is_tweetstorm":false,"jetpack_publicize_feature_enabled":true},"categories":[6502],"tags":[6529,8934,5057,6506,6516,6712,7129,6522,6544,6891,6693,6887],"jetpack_publicize_connections":[],"yoast_head":"<!-- This site is optimized with the Yoast SEO plugin v19.1 - https:\/\/yoast.com\/wordpress\/plugins\/seo\/ -->\n<title>Bjordi dhe Adela : Arin shyqyr q\u00c3\u00ab e kemi | Big Brother Albania 2<\/title>\n<meta name=\"description\" content=\"Big Brother Albania 2 - Bjordi dhe Adela bisedojn\u00c3\u00ab se cili mund t\u00c3\u00ab dal\u00c3\u00ab nes\u00c3\u00abr. Bjordi thot\u00c3\u00ab se e ka shum\u00c3\u00ab t\u00c3\u00ab v\u00c3\u00abshtir\u00c3\u00ab t\u00c3\u00ab jap\u00c3\u00ab nj\u00c3\u00ab mendim sepse ka filluar t\u00c3\u00ab mendoj\u00c3\u00ab se t\u00c3\u00ab gjith\u00c3\u00ab jan\u00c3\u00ab t\u00c3\u00ab rrezikuar e n\u00c3\u00ab k\u00c3\u00abt\u00c3\u00ab m\u00c3\u00abnyr\u00c3\u00ab mund t\u00c3\u00ab dal\u00c3\u00ab edhe Sori q\u00c3\u00ab Adela me siguri mendon se nuk del.\" \/>\n<meta name=\"robots\" content=\"index, follow, max-snippet:-1, max-image-preview:large, max-video-preview:-1\" \/>\n<link rel=\"canonical\" href=\"https:\/\/www.visit-ulcinj.com\/blog\/2009\/04\/25\/bjordi-dhe-adela-arin-shyqyr-qe-e-kemi\/\" \/>\n<meta property=\"og:locale\" content=\"en_US\" \/>\n<meta property=\"og:type\" content=\"article\" \/>\n<meta property=\"og:title\" content=\"Bjordi dhe Adela : Arin shyqyr q\u00c3\u00ab e kemi | Big Brother Albania 2\" \/>\n<meta property=\"og:description\" content=\"Big Brother Albania 2 - Bjordi dhe Adela bisedojn\u00c3\u00ab se cili mund t\u00c3\u00ab dal\u00c3\u00ab nes\u00c3\u00abr. Bjordi thot\u00c3\u00ab se e ka shum\u00c3\u00ab t\u00c3\u00ab v\u00c3\u00abshtir\u00c3\u00ab t\u00c3\u00ab jap\u00c3\u00ab nj\u00c3\u00ab mendim sepse ka filluar t\u00c3\u00ab mendoj\u00c3\u00ab se t\u00c3\u00ab gjith\u00c3\u00ab jan\u00c3\u00ab t\u00c3\u00ab rrezikuar e n\u00c3\u00ab k\u00c3\u00abt\u00c3\u00ab m\u00c3\u00abnyr\u00c3\u00ab mund t\u00c3\u00ab dal\u00c3\u00ab edhe Sori q\u00c3\u00ab Adela me siguri mendon se nuk del.\" \/>\n<meta property=\"og:url\" content=\"https:\/\/www.visit-ulcinj.com\/blog\/2009\/04\/25\/bjordi-dhe-adela-arin-shyqyr-qe-e-kemi\/\" \/>\n<meta property=\"og:site_name\" content=\"Lajme nga Ulqini\" \/>\n<meta property=\"article:published_time\" content=\"2009-04-25T06:19:18+00:00\" \/>\n<meta property=\"article:modified_time\" content=\"2009-04-26T01:11:22+00:00\" \/>\n<meta property=\"og:image\" content=\"http:\/\/www.visit-ulcinj.com\/blog\/wp-content\/uploads\/2009\/04\/bjordiadelae-shtuna-24.jpg\" \/>\n<meta name=\"twitter:label1\" content=\"Written by\" \/>\n\t<meta name=\"twitter:data1\" content=\"ulqini\" \/>\n\t<meta name=\"twitter:label2\" content=\"Est. reading time\" \/>\n\t<meta name=\"twitter:data2\" content=\"1 minute\" \/>\n<script type=\"application\/ld+json\" class=\"yoast-schema-graph\">{\"@context\":\"https:\/\/schema.org\",\"@graph\":[{\"@type\":\"WebSite\",\"@id\":\"https:\/\/www.visit-ulcinj.com\/blog\/#website\",\"url\":\"https:\/\/www.visit-ulcinj.com\/blog\/\",\"name\":\"Lajme nga Ulqini\",\"description\":\"Lajme,Vijesti,Ulqini,Ulqin,Crna Gora,Mali i Zi\",\"potentialAction\":[{\"@type\":\"SearchAction\",\"target\":{\"@type\":\"EntryPoint\",\"urlTemplate\":\"https:\/\/www.visit-ulcinj.com\/blog\/?s={search_term_string}\"},\"query-input\":\"required name=search_term_string\"}],\"inLanguage\":\"en-US\"},{\"@type\":\"ImageObject\",\"inLanguage\":\"en-US\",\"@id\":\"https:\/\/www.visit-ulcinj.com\/blog\/2009\/04\/25\/bjordi-dhe-adela-arin-shyqyr-qe-e-kemi\/#primaryimage\",\"url\":\"http:\/\/www.visit-ulcinj.com\/blog\/wp-content\/uploads\/2009\/04\/bjordiadelae-shtuna-24.jpg\",\"contentUrl\":\"http:\/\/www.visit-ulcinj.com\/blog\/wp-content\/uploads\/2009\/04\/bjordiadelae-shtuna-24.jpg\"},{\"@type\":\"WebPage\",\"@id\":\"https:\/\/www.visit-ulcinj.com\/blog\/2009\/04\/25\/bjordi-dhe-adela-arin-shyqyr-qe-e-kemi\/#webpage\",\"url\":\"https:\/\/www.visit-ulcinj.com\/blog\/2009\/04\/25\/bjordi-dhe-adela-arin-shyqyr-qe-e-kemi\/\",\"name\":\"Bjordi dhe Adela : Arin shyqyr q\u00c3\u00ab e kemi | Big Brother Albania 2\",\"isPartOf\":{\"@id\":\"https:\/\/www.visit-ulcinj.com\/blog\/#website\"},\"primaryImageOfPage\":{\"@id\":\"https:\/\/www.visit-ulcinj.com\/blog\/2009\/04\/25\/bjordi-dhe-adela-arin-shyqyr-qe-e-kemi\/#primaryimage\"},\"datePublished\":\"2009-04-25T06:19:18+00:00\",\"dateModified\":\"2009-04-26T01:11:22+00:00\",\"author\":{\"@id\":\"https:\/\/www.visit-ulcinj.com\/blog\/#\/schema\/person\/dcab619c614d3038751c63bc2aadc06d\"},\"description\":\"Big Brother Albania 2 - Bjordi dhe Adela bisedojn\u00c3\u00ab se cili mund t\u00c3\u00ab dal\u00c3\u00ab nes\u00c3\u00abr. Bjordi thot\u00c3\u00ab se e ka shum\u00c3\u00ab t\u00c3\u00ab v\u00c3\u00abshtir\u00c3\u00ab t\u00c3\u00ab jap\u00c3\u00ab nj\u00c3\u00ab mendim sepse ka filluar t\u00c3\u00ab mendoj\u00c3\u00ab se t\u00c3\u00ab gjith\u00c3\u00ab jan\u00c3\u00ab t\u00c3\u00ab rrezikuar e n\u00c3\u00ab k\u00c3\u00abt\u00c3\u00ab m\u00c3\u00abnyr\u00c3\u00ab mund t\u00c3\u00ab dal\u00c3\u00ab edhe Sori q\u00c3\u00ab Adela me siguri mendon se nuk del.\",\"breadcrumb\":{\"@id\":\"https:\/\/www.visit-ulcinj.com\/blog\/2009\/04\/25\/bjordi-dhe-adela-arin-shyqyr-qe-e-kemi\/#breadcrumb\"},\"inLanguage\":\"en-US\",\"potentialAction\":[{\"@type\":\"ReadAction\",\"target\":[\"https:\/\/www.visit-ulcinj.com\/blog\/2009\/04\/25\/bjordi-dhe-adela-arin-shyqyr-qe-e-kemi\/\"]}]},{\"@type\":\"BreadcrumbList\",\"@id\":\"https:\/\/www.visit-ulcinj.com\/blog\/2009\/04\/25\/bjordi-dhe-adela-arin-shyqyr-qe-e-kemi\/#breadcrumb\",\"itemListElement\":[{\"@type\":\"ListItem\",\"position\":1,\"name\":\"Bjordi dhe Adela : Arin shyqyr q\u00eb e kemi\"}]},{\"@type\":\"Person\",\"@id\":\"https:\/\/www.visit-ulcinj.com\/blog\/#\/schema\/person\/dcab619c614d3038751c63bc2aadc06d\",\"name\":\"ulqini\",\"sameAs\":[\"http:\/\/www.visit-ulcinj.com\"],\"url\":\"https:\/\/www.visit-ulcinj.com\/blog\/author\/admin\/\"}]}<\/script>\n<!-- \/ Yoast SEO plugin. -->","yoast_head_json":{"title":"Bjordi dhe Adela : Arin shyqyr q\u00c3\u00ab e kemi | Big Brother Albania 2","description":"Big Brother Albania 2 - Bjordi dhe Adela bisedojn\u00c3\u00ab se cili mund t\u00c3\u00ab dal\u00c3\u00ab nes\u00c3\u00abr. Bjordi thot\u00c3\u00ab se e ka shum\u00c3\u00ab t\u00c3\u00ab v\u00c3\u00abshtir\u00c3\u00ab t\u00c3\u00ab jap\u00c3\u00ab nj\u00c3\u00ab mendim sepse ka filluar t\u00c3\u00ab mendoj\u00c3\u00ab se t\u00c3\u00ab gjith\u00c3\u00ab jan\u00c3\u00ab t\u00c3\u00ab rrezikuar e n\u00c3\u00ab k\u00c3\u00abt\u00c3\u00ab m\u00c3\u00abnyr\u00c3\u00ab mund t\u00c3\u00ab dal\u00c3\u00ab edhe Sori q\u00c3\u00ab Adela me siguri mendon se nuk del.","robots":{"index":"index","follow":"follow","max-snippet":"max-snippet:-1","max-image-preview":"max-image-preview:large","max-video-preview":"max-video-preview:-1"},"canonical":"https:\/\/www.visit-ulcinj.com\/blog\/2009\/04\/25\/bjordi-dhe-adela-arin-shyqyr-qe-e-kemi\/","og_locale":"en_US","og_type":"article","og_title":"Bjordi dhe Adela : Arin shyqyr q\u00c3\u00ab e kemi | Big Brother Albania 2","og_description":"Big Brother Albania 2 - Bjordi dhe Adela bisedojn\u00c3\u00ab se cili mund t\u00c3\u00ab dal\u00c3\u00ab nes\u00c3\u00abr. Bjordi thot\u00c3\u00ab se e ka shum\u00c3\u00ab t\u00c3\u00ab v\u00c3\u00abshtir\u00c3\u00ab t\u00c3\u00ab jap\u00c3\u00ab nj\u00c3\u00ab mendim sepse ka filluar t\u00c3\u00ab mendoj\u00c3\u00ab se t\u00c3\u00ab gjith\u00c3\u00ab jan\u00c3\u00ab t\u00c3\u00ab rrezikuar e n\u00c3\u00ab k\u00c3\u00abt\u00c3\u00ab m\u00c3\u00abnyr\u00c3\u00ab mund t\u00c3\u00ab dal\u00c3\u00ab edhe Sori q\u00c3\u00ab Adela me siguri mendon se nuk del.","og_url":"https:\/\/www.visit-ulcinj.com\/blog\/2009\/04\/25\/bjordi-dhe-adela-arin-shyqyr-qe-e-kemi\/","og_site_name":"Lajme nga Ulqini","article_published_time":"2009-04-25T06:19:18+00:00","article_modified_time":"2009-04-26T01:11:22+00:00","og_image":[{"url":"http:\/\/www.visit-ulcinj.com\/blog\/wp-content\/uploads\/2009\/04\/bjordiadelae-shtuna-24.jpg"}],"twitter_misc":{"Written by":"ulqini","Est. reading time":"1 minute"},"schema":{"@context":"https:\/\/schema.org","@graph":[{"@type":"WebSite","@id":"https:\/\/www.visit-ulcinj.com\/blog\/#website","url":"https:\/\/www.visit-ulcinj.com\/blog\/","name":"Lajme nga Ulqini","description":"Lajme,Vijesti,Ulqini,Ulqin,Crna Gora,Mali i Zi","potentialAction":[{"@type":"SearchAction","target":{"@type":"EntryPoint","urlTemplate":"https:\/\/www.visit-ulcinj.com\/blog\/?s={search_term_string}"},"query-input":"required name=search_term_string"}],"inLanguage":"en-US"},{"@type":"ImageObject","inLanguage":"en-US","@id":"https:\/\/www.visit-ulcinj.com\/blog\/2009\/04\/25\/bjordi-dhe-adela-arin-shyqyr-qe-e-kemi\/#primaryimage","url":"http:\/\/www.visit-ulcinj.com\/blog\/wp-content\/uploads\/2009\/04\/bjordiadelae-shtuna-24.jpg","contentUrl":"http:\/\/www.visit-ulcinj.com\/blog\/wp-content\/uploads\/2009\/04\/bjordiadelae-shtuna-24.jpg"},{"@type":"WebPage","@id":"https:\/\/www.visit-ulcinj.com\/blog\/2009\/04\/25\/bjordi-dhe-adela-arin-shyqyr-qe-e-kemi\/#webpage","url":"https:\/\/www.visit-ulcinj.com\/blog\/2009\/04\/25\/bjordi-dhe-adela-arin-shyqyr-qe-e-kemi\/","name":"Bjordi dhe Adela : Arin shyqyr q\u00c3\u00ab e kemi | Big Brother Albania 2","isPartOf":{"@id":"https:\/\/www.visit-ulcinj.com\/blog\/#website"},"primaryImageOfPage":{"@id":"https:\/\/www.visit-ulcinj.com\/blog\/2009\/04\/25\/bjordi-dhe-adela-arin-shyqyr-qe-e-kemi\/#primaryimage"},"datePublished":"2009-04-25T06:19:18+00:00","dateModified":"2009-04-26T01:11:22+00:00","author":{"@id":"https:\/\/www.visit-ulcinj.com\/blog\/#\/schema\/person\/dcab619c614d3038751c63bc2aadc06d"},"description":"Big Brother Albania 2 - Bjordi dhe Adela bisedojn\u00c3\u00ab se cili mund t\u00c3\u00ab dal\u00c3\u00ab nes\u00c3\u00abr. Bjordi thot\u00c3\u00ab se e ka shum\u00c3\u00ab t\u00c3\u00ab v\u00c3\u00abshtir\u00c3\u00ab t\u00c3\u00ab jap\u00c3\u00ab nj\u00c3\u00ab mendim sepse ka filluar t\u00c3\u00ab mendoj\u00c3\u00ab se t\u00c3\u00ab gjith\u00c3\u00ab jan\u00c3\u00ab t\u00c3\u00ab rrezikuar e n\u00c3\u00ab k\u00c3\u00abt\u00c3\u00ab m\u00c3\u00abnyr\u00c3\u00ab mund t\u00c3\u00ab dal\u00c3\u00ab edhe Sori q\u00c3\u00ab Adela me siguri mendon se nuk del.","breadcrumb":{"@id":"https:\/\/www.visit-ulcinj.com\/blog\/2009\/04\/25\/bjordi-dhe-adela-arin-shyqyr-qe-e-kemi\/#breadcrumb"},"inLanguage":"en-US","potentialAction":[{"@type":"ReadAction","target":["https:\/\/www.visit-ulcinj.com\/blog\/2009\/04\/25\/bjordi-dhe-adela-arin-shyqyr-qe-e-kemi\/"]}]},{"@type":"BreadcrumbList","@id":"https:\/\/www.visit-ulcinj.com\/blog\/2009\/04\/25\/bjordi-dhe-adela-arin-shyqyr-qe-e-kemi\/#breadcrumb","itemListElement":[{"@type":"ListItem","position":1,"name":"Bjordi dhe Adela : Arin shyqyr q\u00eb e kemi"}]},{"@type":"Person","@id":"https:\/\/www.visit-ulcinj.com\/blog\/#\/schema\/person\/dcab619c614d3038751c63bc2aadc06d","name":"ulqini","sameAs":["http:\/\/www.visit-ulcinj.com"],"url":"https:\/\/www.visit-ulcinj.com\/blog\/author\/admin\/"}]}},"jetpack_featured_media_url":"","jetpack_sharing_enabled":true,"jetpack_shortlink":"https:\/\/wp.me\/pe6lTn-4Xr","_links":{"self":[{"href":"https:\/\/www.visit-ulcinj.com\/blog\/wp-json\/wp\/v2\/posts\/19061"}],"collection":[{"href":"https:\/\/www.visit-ulcinj.com\/blog\/wp-json\/wp\/v2\/posts"}],"about":[{"href":"https:\/\/www.visit-ulcinj.com\/blog\/wp-json\/wp\/v2\/types\/post"}],"author":[{"embeddable":true,"href":"https:\/\/www.visit-ulcinj.com\/blog\/wp-json\/wp\/v2\/users\/1"}],"replies":[{"embeddable":true,"href":"https:\/\/www.visit-ulcinj.com\/blog\/wp-json\/wp\/v2\/comments?post=19061"}],"version-history":[{"count":0,"href":"https:\/\/www.visit-ulcinj.com\/blog\/wp-json\/wp\/v2\/posts\/19061\/revisions"}],"wp:attachment":[{"href":"https:\/\/www.visit-ulcinj.com\/blog\/wp-json\/wp\/v2\/media?parent=19061"}],"wp:term":[{"taxonomy":"category","embeddable":true,"href":"https:\/\/www.visit-ulcinj.com\/blog\/wp-json\/wp\/v2\/categories?post=19061"},{"taxonomy":"post_tag","embeddable":true,"href":"https:\/\/www.visit-ulcinj.com\/blog\/wp-json\/wp\/v2\/tags?post=19061"}],"curies":[{"name":"wp","href":"https:\/\/api.w.org\/{rel}","templated":true}]}}