{"id":19065,"date":"2009-04-25T09:22:30","date_gmt":"2009-04-25T07:22:30","guid":{"rendered":"http:\/\/www.visit-ulcinj.com\/blog\/?p=19065"},"modified":"2009-04-26T03:11:29","modified_gmt":"2009-04-26T01:11:29","slug":"adi-dhe-bjordi-mos-harro-veten","status":"publish","type":"post","link":"https:\/\/www.visit-ulcinj.com\/blog\/2009\/04\/25\/adi-dhe-bjordi-mos-harro-veten\/","title":{"rendered":"Adi dhe Bjordi : Mos harro veten"},"content":{"rendered":"<p><em><span class=\"newsdate\"><a href=\"http:\/\/www.visit-ulcinj.com\/blog\/wp-content\/uploads\/2009\/04\/adibjordikeshilla-24.jpg\"><img loading=\"lazy\" class=\"alignleft size-full wp-image-19066\" title=\"adibjordikeshilla-24-big-brother-albania-2\" src=\"http:\/\/www.visit-ulcinj.com\/blog\/wp-content\/uploads\/2009\/04\/adibjordikeshilla-24.jpg\" alt=\"adibjordikeshilla-24-big-brother-albania-2\" width=\"300\" height=\"205\" \/><\/a>24\/04\/09 16:04<\/span><\/em><\/p>\n<p>Adi i jep disa k\u00ebshilla Bjordit p\u00ebr m\u00ebnyr\u00ebn si po vepron n\u00eb sht\u00ebpi. Ai i thot\u00eb se historia e tij \u00ebsht\u00eb shum\u00eb e bukur dhe duhet ta vazhdoj\u00eb me k\u00ebt\u00eb pasion q\u00eb ka, por pa harruar n\u00eb k\u00ebt\u00eb mes edhe veten. Sipas tij, njer\u00ebzit kan\u00eb nevoj\u00eb t\u00eb d\u00ebgjojn\u00eb se cfar\u00eb ai ka p\u00ebr t\u00eb th\u00ebn\u00eb. \u201cKe koh\u00eb p\u00ebr t\u2019i b\u00ebr\u00eb t\u00eb gjitha\u201d- p\u00ebrfundon k\u00ebshill\u00ebn Adi.<\/p>\n","protected":false},"excerpt":{"rendered":"<p>24\/04\/09 16:04 Adi i jep disa k\u00ebshilla Bjordit p\u00ebr m\u00ebnyr\u00ebn si po vepron n\u00eb sht\u00ebpi. Ai i thot\u00eb se historia e tij \u00ebsht\u00eb shum\u00eb e bukur dhe duhet ta vazhdoj\u00eb me k\u00ebt\u00eb pasion q\u00eb ka, por pa harruar n\u00eb k\u00ebt\u00eb mes edhe veten. Sipas tij, njer\u00ebzit kan\u00eb nevoj\u00eb t\u00eb d\u00ebgjojn\u00eb se cfar\u00eb ai ka p\u00ebr [&hellip;]<\/p>\n","protected":false},"author":1,"featured_media":0,"comment_status":"open","ping_status":"closed","sticky":false,"template":"","format":"standard","meta":{"spay_email":"","jetpack_publicize_message":"","jetpack_is_tweetstorm":false,"jetpack_publicize_feature_enabled":true},"categories":[6502],"tags":[6529,1414,5057,6506,6516,6712,7129,6522,6891,6693,6887],"jetpack_publicize_connections":[],"yoast_head":"<!-- This site is optimized with the Yoast SEO plugin v19.1 - https:\/\/yoast.com\/wordpress\/plugins\/seo\/ -->\n<title>Adi dhe Bjordi : Mos harro veten | Big Brother Albania 2<\/title>\n<meta name=\"description\" content=\"Big Brother Albania 2 - Adi i jep disa k\u00c3\u00abshilla Bjordit p\u00c3\u00abr m\u00c3\u00abnyr\u00c3\u00abn si po vepron n\u00c3\u00ab sht\u00c3\u00abpi. Ai i thot\u00c3\u00ab se historia e tij \u00c3\u00absht\u00c3\u00ab shum\u00c3\u00ab e bukur dhe duhet ta vazhdoj\u00c3\u00ab me k\u00c3\u00abt\u00c3\u00ab pasion q\u00c3\u00ab ka, por pa harruar n\u00c3\u00ab k\u00c3\u00abt\u00c3\u00ab mes edhe veten. Sipas tij, njer\u00c3\u00abzit kan\u00c3\u00ab nevoj\u00c3\u00ab t\u00c3\u00ab d\u00c3\u00abgjojn\u00c3\u00ab se cfar\u00c3\u00ab ai ka p\u00c3\u00abr t\u00c3\u00ab th\u00c3\u00abn\u00c3\u00ab. \u00e2\u20ac\u0153Ke koh\u00c3\u00ab p\u00c3\u00abr t\u00e2\u20ac\u2122i b\u00c3\u00abr\u00c3\u00ab t\u00c3\u00ab gjitha\u00e2\u20ac\u009d- p\u00c3\u00abrfundon k\u00c3\u00abshill\u00c3\u00abn Adi.\" \/>\n<meta name=\"robots\" content=\"index, follow, max-snippet:-1, max-image-preview:large, max-video-preview:-1\" \/>\n<link rel=\"canonical\" href=\"https:\/\/www.visit-ulcinj.com\/blog\/2009\/04\/25\/adi-dhe-bjordi-mos-harro-veten\/\" \/>\n<meta property=\"og:locale\" content=\"en_US\" \/>\n<meta property=\"og:type\" content=\"article\" \/>\n<meta property=\"og:title\" content=\"Adi dhe Bjordi : Mos harro veten | Big Brother Albania 2\" \/>\n<meta property=\"og:description\" content=\"Big Brother Albania 2 - Adi i jep disa k\u00c3\u00abshilla Bjordit p\u00c3\u00abr m\u00c3\u00abnyr\u00c3\u00abn si po vepron n\u00c3\u00ab sht\u00c3\u00abpi. Ai i thot\u00c3\u00ab se historia e tij \u00c3\u00absht\u00c3\u00ab shum\u00c3\u00ab e bukur dhe duhet ta vazhdoj\u00c3\u00ab me k\u00c3\u00abt\u00c3\u00ab pasion q\u00c3\u00ab ka, por pa harruar n\u00c3\u00ab k\u00c3\u00abt\u00c3\u00ab mes edhe veten. Sipas tij, njer\u00c3\u00abzit kan\u00c3\u00ab nevoj\u00c3\u00ab t\u00c3\u00ab d\u00c3\u00abgjojn\u00c3\u00ab se cfar\u00c3\u00ab ai ka p\u00c3\u00abr t\u00c3\u00ab th\u00c3\u00abn\u00c3\u00ab. \u00e2\u20ac\u0153Ke koh\u00c3\u00ab p\u00c3\u00abr t\u00e2\u20ac\u2122i b\u00c3\u00abr\u00c3\u00ab t\u00c3\u00ab gjitha\u00e2\u20ac\u009d- p\u00c3\u00abrfundon k\u00c3\u00abshill\u00c3\u00abn Adi.\" \/>\n<meta property=\"og:url\" content=\"https:\/\/www.visit-ulcinj.com\/blog\/2009\/04\/25\/adi-dhe-bjordi-mos-harro-veten\/\" \/>\n<meta property=\"og:site_name\" content=\"Lajme nga Ulqini\" \/>\n<meta property=\"article:published_time\" content=\"2009-04-25T07:22:30+00:00\" \/>\n<meta property=\"article:modified_time\" content=\"2009-04-26T01:11:29+00:00\" \/>\n<meta property=\"og:image\" content=\"http:\/\/www.visit-ulcinj.com\/blog\/wp-content\/uploads\/2009\/04\/adibjordikeshilla-24.jpg\" \/>\n<meta name=\"twitter:label1\" content=\"Written by\" \/>\n\t<meta name=\"twitter:data1\" content=\"ulqini\" \/>\n<script type=\"application\/ld+json\" class=\"yoast-schema-graph\">{\"@context\":\"https:\/\/schema.org\",\"@graph\":[{\"@type\":\"WebSite\",\"@id\":\"https:\/\/www.visit-ulcinj.com\/blog\/#website\",\"url\":\"https:\/\/www.visit-ulcinj.com\/blog\/\",\"name\":\"Lajme nga Ulqini\",\"description\":\"Lajme,Vijesti,Ulqini,Ulqin,Crna Gora,Mali i Zi\",\"potentialAction\":[{\"@type\":\"SearchAction\",\"target\":{\"@type\":\"EntryPoint\",\"urlTemplate\":\"https:\/\/www.visit-ulcinj.com\/blog\/?s={search_term_string}\"},\"query-input\":\"required name=search_term_string\"}],\"inLanguage\":\"en-US\"},{\"@type\":\"ImageObject\",\"inLanguage\":\"en-US\",\"@id\":\"https:\/\/www.visit-ulcinj.com\/blog\/2009\/04\/25\/adi-dhe-bjordi-mos-harro-veten\/#primaryimage\",\"url\":\"http:\/\/www.visit-ulcinj.com\/blog\/wp-content\/uploads\/2009\/04\/adibjordikeshilla-24.jpg\",\"contentUrl\":\"http:\/\/www.visit-ulcinj.com\/blog\/wp-content\/uploads\/2009\/04\/adibjordikeshilla-24.jpg\"},{\"@type\":\"WebPage\",\"@id\":\"https:\/\/www.visit-ulcinj.com\/blog\/2009\/04\/25\/adi-dhe-bjordi-mos-harro-veten\/#webpage\",\"url\":\"https:\/\/www.visit-ulcinj.com\/blog\/2009\/04\/25\/adi-dhe-bjordi-mos-harro-veten\/\",\"name\":\"Adi dhe Bjordi : Mos harro veten | Big Brother Albania 2\",\"isPartOf\":{\"@id\":\"https:\/\/www.visit-ulcinj.com\/blog\/#website\"},\"primaryImageOfPage\":{\"@id\":\"https:\/\/www.visit-ulcinj.com\/blog\/2009\/04\/25\/adi-dhe-bjordi-mos-harro-veten\/#primaryimage\"},\"datePublished\":\"2009-04-25T07:22:30+00:00\",\"dateModified\":\"2009-04-26T01:11:29+00:00\",\"author\":{\"@id\":\"https:\/\/www.visit-ulcinj.com\/blog\/#\/schema\/person\/dcab619c614d3038751c63bc2aadc06d\"},\"description\":\"Big Brother Albania 2 - Adi i jep disa k\u00c3\u00abshilla Bjordit p\u00c3\u00abr m\u00c3\u00abnyr\u00c3\u00abn si po vepron n\u00c3\u00ab sht\u00c3\u00abpi. Ai i thot\u00c3\u00ab se historia e tij \u00c3\u00absht\u00c3\u00ab shum\u00c3\u00ab e bukur dhe duhet ta vazhdoj\u00c3\u00ab me k\u00c3\u00abt\u00c3\u00ab pasion q\u00c3\u00ab ka, por pa harruar n\u00c3\u00ab k\u00c3\u00abt\u00c3\u00ab mes edhe veten. Sipas tij, njer\u00c3\u00abzit kan\u00c3\u00ab nevoj\u00c3\u00ab t\u00c3\u00ab d\u00c3\u00abgjojn\u00c3\u00ab se cfar\u00c3\u00ab ai ka p\u00c3\u00abr t\u00c3\u00ab th\u00c3\u00abn\u00c3\u00ab. \u00e2\u20ac\u0153Ke koh\u00c3\u00ab p\u00c3\u00abr t\u00e2\u20ac\u2122i b\u00c3\u00abr\u00c3\u00ab t\u00c3\u00ab gjitha\u00e2\u20ac\u009d- p\u00c3\u00abrfundon k\u00c3\u00abshill\u00c3\u00abn Adi.\",\"breadcrumb\":{\"@id\":\"https:\/\/www.visit-ulcinj.com\/blog\/2009\/04\/25\/adi-dhe-bjordi-mos-harro-veten\/#breadcrumb\"},\"inLanguage\":\"en-US\",\"potentialAction\":[{\"@type\":\"ReadAction\",\"target\":[\"https:\/\/www.visit-ulcinj.com\/blog\/2009\/04\/25\/adi-dhe-bjordi-mos-harro-veten\/\"]}]},{\"@type\":\"BreadcrumbList\",\"@id\":\"https:\/\/www.visit-ulcinj.com\/blog\/2009\/04\/25\/adi-dhe-bjordi-mos-harro-veten\/#breadcrumb\",\"itemListElement\":[{\"@type\":\"ListItem\",\"position\":1,\"name\":\"Adi dhe Bjordi : Mos harro veten\"}]},{\"@type\":\"Person\",\"@id\":\"https:\/\/www.visit-ulcinj.com\/blog\/#\/schema\/person\/dcab619c614d3038751c63bc2aadc06d\",\"name\":\"ulqini\",\"sameAs\":[\"http:\/\/www.visit-ulcinj.com\"],\"url\":\"https:\/\/www.visit-ulcinj.com\/blog\/author\/admin\/\"}]}<\/script>\n<!-- \/ Yoast SEO plugin. -->","yoast_head_json":{"title":"Adi dhe Bjordi : Mos harro veten | Big Brother Albania 2","description":"Big Brother Albania 2 - Adi i jep disa k\u00c3\u00abshilla Bjordit p\u00c3\u00abr m\u00c3\u00abnyr\u00c3\u00abn si po vepron n\u00c3\u00ab sht\u00c3\u00abpi. Ai i thot\u00c3\u00ab se historia e tij \u00c3\u00absht\u00c3\u00ab shum\u00c3\u00ab e bukur dhe duhet ta vazhdoj\u00c3\u00ab me k\u00c3\u00abt\u00c3\u00ab pasion q\u00c3\u00ab ka, por pa harruar n\u00c3\u00ab k\u00c3\u00abt\u00c3\u00ab mes edhe veten. Sipas tij, njer\u00c3\u00abzit kan\u00c3\u00ab nevoj\u00c3\u00ab t\u00c3\u00ab d\u00c3\u00abgjojn\u00c3\u00ab se cfar\u00c3\u00ab ai ka p\u00c3\u00abr t\u00c3\u00ab th\u00c3\u00abn\u00c3\u00ab. \u00e2\u20ac\u0153Ke koh\u00c3\u00ab p\u00c3\u00abr t\u00e2\u20ac\u2122i b\u00c3\u00abr\u00c3\u00ab t\u00c3\u00ab gjitha\u00e2\u20ac\u009d- p\u00c3\u00abrfundon k\u00c3\u00abshill\u00c3\u00abn Adi.","robots":{"index":"index","follow":"follow","max-snippet":"max-snippet:-1","max-image-preview":"max-image-preview:large","max-video-preview":"max-video-preview:-1"},"canonical":"https:\/\/www.visit-ulcinj.com\/blog\/2009\/04\/25\/adi-dhe-bjordi-mos-harro-veten\/","og_locale":"en_US","og_type":"article","og_title":"Adi dhe Bjordi : Mos harro veten | Big Brother Albania 2","og_description":"Big Brother Albania 2 - Adi i jep disa k\u00c3\u00abshilla Bjordit p\u00c3\u00abr m\u00c3\u00abnyr\u00c3\u00abn si po vepron n\u00c3\u00ab sht\u00c3\u00abpi. Ai i thot\u00c3\u00ab se historia e tij \u00c3\u00absht\u00c3\u00ab shum\u00c3\u00ab e bukur dhe duhet ta vazhdoj\u00c3\u00ab me k\u00c3\u00abt\u00c3\u00ab pasion q\u00c3\u00ab ka, por pa harruar n\u00c3\u00ab k\u00c3\u00abt\u00c3\u00ab mes edhe veten. Sipas tij, njer\u00c3\u00abzit kan\u00c3\u00ab nevoj\u00c3\u00ab t\u00c3\u00ab d\u00c3\u00abgjojn\u00c3\u00ab se cfar\u00c3\u00ab ai ka p\u00c3\u00abr t\u00c3\u00ab th\u00c3\u00abn\u00c3\u00ab. \u00e2\u20ac\u0153Ke koh\u00c3\u00ab p\u00c3\u00abr t\u00e2\u20ac\u2122i b\u00c3\u00abr\u00c3\u00ab t\u00c3\u00ab gjitha\u00e2\u20ac\u009d- p\u00c3\u00abrfundon k\u00c3\u00abshill\u00c3\u00abn Adi.","og_url":"https:\/\/www.visit-ulcinj.com\/blog\/2009\/04\/25\/adi-dhe-bjordi-mos-harro-veten\/","og_site_name":"Lajme nga Ulqini","article_published_time":"2009-04-25T07:22:30+00:00","article_modified_time":"2009-04-26T01:11:29+00:00","og_image":[{"url":"http:\/\/www.visit-ulcinj.com\/blog\/wp-content\/uploads\/2009\/04\/adibjordikeshilla-24.jpg"}],"twitter_misc":{"Written by":"ulqini"},"schema":{"@context":"https:\/\/schema.org","@graph":[{"@type":"WebSite","@id":"https:\/\/www.visit-ulcinj.com\/blog\/#website","url":"https:\/\/www.visit-ulcinj.com\/blog\/","name":"Lajme nga Ulqini","description":"Lajme,Vijesti,Ulqini,Ulqin,Crna Gora,Mali i Zi","potentialAction":[{"@type":"SearchAction","target":{"@type":"EntryPoint","urlTemplate":"https:\/\/www.visit-ulcinj.com\/blog\/?s={search_term_string}"},"query-input":"required name=search_term_string"}],"inLanguage":"en-US"},{"@type":"ImageObject","inLanguage":"en-US","@id":"https:\/\/www.visit-ulcinj.com\/blog\/2009\/04\/25\/adi-dhe-bjordi-mos-harro-veten\/#primaryimage","url":"http:\/\/www.visit-ulcinj.com\/blog\/wp-content\/uploads\/2009\/04\/adibjordikeshilla-24.jpg","contentUrl":"http:\/\/www.visit-ulcinj.com\/blog\/wp-content\/uploads\/2009\/04\/adibjordikeshilla-24.jpg"},{"@type":"WebPage","@id":"https:\/\/www.visit-ulcinj.com\/blog\/2009\/04\/25\/adi-dhe-bjordi-mos-harro-veten\/#webpage","url":"https:\/\/www.visit-ulcinj.com\/blog\/2009\/04\/25\/adi-dhe-bjordi-mos-harro-veten\/","name":"Adi dhe Bjordi : Mos harro veten | Big Brother Albania 2","isPartOf":{"@id":"https:\/\/www.visit-ulcinj.com\/blog\/#website"},"primaryImageOfPage":{"@id":"https:\/\/www.visit-ulcinj.com\/blog\/2009\/04\/25\/adi-dhe-bjordi-mos-harro-veten\/#primaryimage"},"datePublished":"2009-04-25T07:22:30+00:00","dateModified":"2009-04-26T01:11:29+00:00","author":{"@id":"https:\/\/www.visit-ulcinj.com\/blog\/#\/schema\/person\/dcab619c614d3038751c63bc2aadc06d"},"description":"Big Brother Albania 2 - Adi i jep disa k\u00c3\u00abshilla Bjordit p\u00c3\u00abr m\u00c3\u00abnyr\u00c3\u00abn si po vepron n\u00c3\u00ab sht\u00c3\u00abpi. Ai i thot\u00c3\u00ab se historia e tij \u00c3\u00absht\u00c3\u00ab shum\u00c3\u00ab e bukur dhe duhet ta vazhdoj\u00c3\u00ab me k\u00c3\u00abt\u00c3\u00ab pasion q\u00c3\u00ab ka, por pa harruar n\u00c3\u00ab k\u00c3\u00abt\u00c3\u00ab mes edhe veten. Sipas tij, njer\u00c3\u00abzit kan\u00c3\u00ab nevoj\u00c3\u00ab t\u00c3\u00ab d\u00c3\u00abgjojn\u00c3\u00ab se cfar\u00c3\u00ab ai ka p\u00c3\u00abr t\u00c3\u00ab th\u00c3\u00abn\u00c3\u00ab. \u00e2\u20ac\u0153Ke koh\u00c3\u00ab p\u00c3\u00abr t\u00e2\u20ac\u2122i b\u00c3\u00abr\u00c3\u00ab t\u00c3\u00ab gjitha\u00e2\u20ac\u009d- p\u00c3\u00abrfundon k\u00c3\u00abshill\u00c3\u00abn Adi.","breadcrumb":{"@id":"https:\/\/www.visit-ulcinj.com\/blog\/2009\/04\/25\/adi-dhe-bjordi-mos-harro-veten\/#breadcrumb"},"inLanguage":"en-US","potentialAction":[{"@type":"ReadAction","target":["https:\/\/www.visit-ulcinj.com\/blog\/2009\/04\/25\/adi-dhe-bjordi-mos-harro-veten\/"]}]},{"@type":"BreadcrumbList","@id":"https:\/\/www.visit-ulcinj.com\/blog\/2009\/04\/25\/adi-dhe-bjordi-mos-harro-veten\/#breadcrumb","itemListElement":[{"@type":"ListItem","position":1,"name":"Adi dhe Bjordi : Mos harro veten"}]},{"@type":"Person","@id":"https:\/\/www.visit-ulcinj.com\/blog\/#\/schema\/person\/dcab619c614d3038751c63bc2aadc06d","name":"ulqini","sameAs":["http:\/\/www.visit-ulcinj.com"],"url":"https:\/\/www.visit-ulcinj.com\/blog\/author\/admin\/"}]}},"jetpack_featured_media_url":"","jetpack_sharing_enabled":true,"jetpack_shortlink":"https:\/\/wp.me\/pe6lTn-4Xv","_links":{"self":[{"href":"https:\/\/www.visit-ulcinj.com\/blog\/wp-json\/wp\/v2\/posts\/19065"}],"collection":[{"href":"https:\/\/www.visit-ulcinj.com\/blog\/wp-json\/wp\/v2\/posts"}],"about":[{"href":"https:\/\/www.visit-ulcinj.com\/blog\/wp-json\/wp\/v2\/types\/post"}],"author":[{"embeddable":true,"href":"https:\/\/www.visit-ulcinj.com\/blog\/wp-json\/wp\/v2\/users\/1"}],"replies":[{"embeddable":true,"href":"https:\/\/www.visit-ulcinj.com\/blog\/wp-json\/wp\/v2\/comments?post=19065"}],"version-history":[{"count":0,"href":"https:\/\/www.visit-ulcinj.com\/blog\/wp-json\/wp\/v2\/posts\/19065\/revisions"}],"wp:attachment":[{"href":"https:\/\/www.visit-ulcinj.com\/blog\/wp-json\/wp\/v2\/media?parent=19065"}],"wp:term":[{"taxonomy":"category","embeddable":true,"href":"https:\/\/www.visit-ulcinj.com\/blog\/wp-json\/wp\/v2\/categories?post=19065"},{"taxonomy":"post_tag","embeddable":true,"href":"https:\/\/www.visit-ulcinj.com\/blog\/wp-json\/wp\/v2\/tags?post=19065"}],"curies":[{"name":"wp","href":"https:\/\/api.w.org\/{rel}","templated":true}]}}